{"id":100934,"date":"2022-02-02T08:09:46","date_gmt":"2022-02-02T15:09:46","guid":{"rendered":"https:\/\/nbcs.mx\/?p=100934"},"modified":"2022-02-02T08:09:46","modified_gmt":"2022-02-02T15:09:46","slug":"micropolis-por-bertoldo-velasco-silva-9","status":"publish","type":"post","link":"https:\/\/nbcs.mx\/?p=100934","title":{"rendered":"MICR\u00d3POLIS \/ Por Bertoldo Velasco Silva"},"content":{"rendered":"<p style=\"text-align: justify;\"><strong><em><img loading=\"lazy\" decoding=\"async\" class=\" wp-image-95672 alignleft\" src=\"https:\/\/nbcs.mx\/wp-content\/uploads\/2021\/10\/01-Los-Cabos-se-posiciona-en-el-1er-lugar-de-Mexico-en-percepcion-de-Seguridad-2-755x425.jpeg\" alt=\"\" width=\"391\" height=\"220\" \/>BCS, la segunda entidad m\u00e1s segura del pa\u00eds. Los Cabos y La Paz, con la mejor percepci\u00f3n de seguridad manifestada por la poblaci\u00f3n. V\u00edctor Castro Cos\u00edo, el gobernador, reconoce el esfuerzo y el respaldo de las fuerzas armadas en la lucha por reducir los \u00edndices delictivos.<\/em><\/strong><\/p>\n<p style=\"text-align: justify;\">Anteayer lo dijo el gobernador V\u00edctor Castro Cos\u00edo, sin el respaldo de la Marina Armada de M\u00e9xico, del Ej\u00e9rcito Mexicano, as\u00ed como de las corporaciones polic\u00edacas estatales y las cinco municipales, en un trabajo coordinado para combatir a la delincuencia, disminuir el \u00edndice delictivo y mantener la paz y la tranquilidad de la poblaci\u00f3n, Baja California Sur no hubiera podido ser considerada como la segunda entidad m\u00e1s segura del pa\u00eds tanto por el Instituto Nacional de Estad\u00edstica y Geograf\u00eda INEGI como por el Secretariado de Seguridad P\u00fablica del gobierno federal.<\/p>\n<p style=\"text-align: justify;\">De a acuerdo a resultados que arrojaron estudios demosc\u00f3picos del INEGI, en el \u00faltimo trimestre del 2021, tras entrevistar en La Paz a 213 mil 560 personas, el resultado fue que el 68 % es decir 145 mil 258 personas, dijeron sentirse seguros y el 32 %, 68 mil 302 personas, afirmaron sentirse inseguros. Del total de entrevistados por personal de dicho instituto, del sector varonil, o sea 112 mil 355 ciudadanos (el 53 %), el 71 por ciento, 79 mil 693 hombres, dijeron sentirse seguros y 32 mil 662, o sea el 29 %, inseguro. Con respecto al sector femenil, de un total de 101 mil 205, un 47 % de 213 mil 560 personas encuestadas, unas 79 mil 693 o sea un 71 % dijo sentirse seguras y el resto, 32 mil 662 personas, un 29 % dijo sentirse insegura.<\/p>\n<p style=\"text-align: justify;\">Regularmente, las matem\u00e1ticas para quien no les gusta, son aburridas. Sin embargo, nos dicen una realidad, porque no hay motivo alguno para decir lo contrario. Como dice el dicho, los n\u00fameros nunca mienten, y para el caso del municipio de los Cabos, donde tambi\u00e9n el INEGI realiz\u00f3 entrevistas, estas fueron a 129 mil 559; para no repetir lo que se dijo en el p\u00e1rrafo anterior, vamos a decir los n\u00fameros por g\u00e9nero. De esta cantidad, el varonil, que sigue superando en cantidad a las mujeres, con 64 mil 984 personas para un 51 %, 53 mil 442, o sea el 82 % dijo sentirse segura mientras que unos 11 mil 108, dijeron que estaban inseguros. Y con respecto a las damas, de 64 mil 575, o sea el 49 %; de ese total, 49 mil 529 mujeres, es decir, el 77 %, dijeron sentirse seguras; y, 15 mil 046, el 23 %, inseguras.<\/p>\n<p style=\"text-align: justify;\">Estos n\u00fameros, son para los esc\u00e9pticos, que siempre los hay, porque critican sin fundamento, se\u00f1alan sin cerciorarse y de conocer, qui\u00e9n, como en este caso, da esos resultados, no solo de la percepci\u00f3n ciudadana, sino tambi\u00e9n por la reducci\u00f3n en los \u00edndices delictivos que van desde el homicidio doloso, asalto a mano armada, abuso sexual, feminicidios, robos a casa habitaci\u00f3n, de veh\u00edculo, a transe\u00fante, a negocios; secuestro, extorsi\u00f3n, violaci\u00f3n, se redujeron considerablemente, pues en BCS, los registros del Secretariado Ejecutivo de Seguridad P\u00fablica del gobierno federal, dijo que estos bajaron un 19 por ciento en el 2021 y en enero de este a\u00f1o, volvieron a bajar un 11 %, seg\u00fan explicaciones del Procurador General de Justicia del Estado, Daniel de la Rosa Anaya. Y todo eso se logr\u00f3, gracias coordinado entre las instancias de Seguridad P\u00fablica de los tres \u00f3rdenes de gobierno en la entidad, quienes combaten la impunidad de manera frontal.<\/p>\n<p style=\"text-align: justify;\">Estos resultados tangibles, ubican a BCS en el contexto nacional, como la segunda entidad m\u00e1s segura del pa\u00eds, avalada por el INEGI como del Secretariado Ejecutivo de Seguridad P\u00fablica del Gobierno Federal; no lo dice el gobernador V\u00edctor Castro ni el Procurador General de Justicia Daniel de la Rosa, quienes solo lo informaron durante la mesa de seguridad de este lunes, ante la presencia de todos los integrantes de las fuerzas armadas, Marina, Ej\u00e9rcito, Guardia Nacional, y polic\u00eda estatal como municipales, y confirmaron esta noticia por los trabajos de combate a la delincuencia en general, la cual est\u00e1 arrojando resultados, y eso transmite tranquilidad y paz social.<\/p>\n<p style=\"text-align: justify;\">Por eso el gobernador V\u00edctor Castro no tuvo empacho alguno en afirmar que \u201ctodo esto es un esfuerzo coordinado con las Fuerzas Armadas, como la Marina y el Ej\u00e9rcito Mexicano, la guardia nacional, que han sido pilares fundamentales para que se dieran estos resultados y esta percepci\u00f3n que la ciudadan\u00eda tiene sobre la seguridad con los datos que ofrece el gobierno en base a informaci\u00f3n aportada por el INEGI. Es a esta extraordinaria coordinaci\u00f3n de las instituciones municipales, estatales y federales, que se lograron esos resultados\u201d.<\/p>\n<p style=\"text-align: justify;\">Tambi\u00e9n dijo que la ciudadan\u00eda aprecia el que se sienta segura en su vida como en sus bienes.<\/p>\n<p style=\"text-align: justify;\">Escuchamos a un V\u00edctor Castro sin ego\u00edsmos pol\u00edticos cuando dijo que \u201cel segundo lugar en la percepci\u00f3n de seguridad nacional, se debe al esfuerzo en los \u00faltimos a\u00f1os que se ha venido manteniendo este esfuerzo\u201d y resalt\u00f3 en este sentido, la coordinaci\u00f3n de todas las dependencias federales bajo la responsabilidad de Diphna Yanns\u00e9n Weichselbaum Calder\u00f3n, actual delegada de la Secretar\u00eda de Bienestar en Baja California Sur, pues en ella recae, la aplicaci\u00f3n de los programas federales.<\/p>\n<p style=\"text-align: justify;\">Es de reconocerse esa coordinaci\u00f3n tambi\u00e9n, pues en materia de seguridad, dijo el Ejecutivo, se trabaja en todos los sectores, como se viene haciendo a trav\u00e9s de las audiencias p\u00fablicas, con pescadores, maestros, transportistas, ciudadan\u00eda en general, para combatir de manera diaria todos los delitos.<\/p>\n<p style=\"text-align: justify;\">Algo muy importante dijo el ejecutivo la ma\u00f1ana de este lunes luego de encabezar la mesa de seguridad en la residencia El Caimancito, \u201cno somos omisos ante las denuncias, porque trabajamos de manera responsable, dando resultados a la comunidad. No queremos hacer caravana con sombrero ajeno, se ha logrado la participaci\u00f3n de todos, y BCS es uno de los destinos tur\u00edsticos m\u00e1s importantes, porque todos se sienten seguros y la ciudadan\u00eda local, porque tanto el comentario es importante del pescador, como al m\u00e1s encumbrado personaje\u201d.<\/p>\n<p style=\"text-align: justify;\">Algo que debe quedar claro con lo que dijo el mandatario sudcaliforniano, es que en esta acci\u00f3n de combate a la delincuencia, es una acci\u00f3n donde est\u00e1n trabajando los tres niveles de gobierno sin excepci\u00f3n, trabajando por igual en los cinco municipios sin distingo de partidos o colores y con el apoyo de las cuatro alcaldesas como del alcalde, \u201cya que la seguridad, no es un asunto de colores pol\u00edticos\u201d.<\/p>\n<p style=\"text-align: justify;\">Las cifras que damos a conocer aqu\u00ed, son el fiel reflejo de ese trabajo coordinado desde el palacio de cantera, dif\u00edcil ver en otras entidades del pa\u00eds, donde los resultados no son favorables. En cambio, en BCS, aparte de que la gente aprecia este trabajo y sus resultados, tambi\u00e9n se agradece porque se env\u00eda un mensaje claro y contundente de que en Baja California Sur, es la entidad m\u00e1s segura del pa\u00eds, y eso, trae beneficios, como la atracci\u00f3n de capitales nacionales como extranjeros y el aumento en la afluencia de turistas procedentes tanto del interior del pa\u00eds como del extranjero, lo que viene a mejorar la econom\u00eda del industria del turismo.<\/p>\n<p style=\"text-align: justify;\">Con respecto a lo que dijo el gobernador, nos quedamos con algo de su mensaje, que refleja lo que su gobierno viene haciendo en materia de seguridad: \u201cnosotros, como autoridad, estamos trabajando a diario por la seguridad, pero hay un elemento importante para nosotros y son los resultados que se obtuvieron, aunque puedan decir que son meros n\u00fameros, no hemos tenido los cientos de homicidios dolosos que se registraron en el pasado, y no quiero que aparentemos lo que no somos. Esta es la realidad y la estamos trabajando entre todos\u201d.<\/p>\n<p style=\"text-align: justify;\">Finalmente, dejo aqu\u00ed, algunos resultados, que sumados a los anteriores, nos dan un fiel reflejo de esa paz y esa tranquilidad que se vive en la entidad, pues de acuerdo con el INEGI, Baja California Sur pas\u00f3 de ocupar el lugar 12, a ser segundo lugar en el pa\u00eds como el m\u00e1s seguro, en donde sus habitantes se sienten m\u00e1s seguros y en ese tenor, tan solo en La Paz se ha incrementado hasta 66% la percepci\u00f3n de seguridad y en Los Cabos el 71%.<\/p>\n<p style=\"text-align: justify;\">Respecto a la judicializaci\u00f3n de Carpetas de Investigaci\u00f3n, suman 3 mil 552 en total, de las 2 mil 755 registradas en 2020. En el 2021 se registraron 798 denuncias por delitos contra la libertad sexual y la familia, de las cuales han sido resueltas el 70 por ciento. Mediante los Mecanismos Alternos de Soluci\u00f3n de Controversias en el 2021 se recuperaron 142 millones 054 mil 936 pesos como reparaci\u00f3n del da\u00f1o para v\u00edctimas u ofendidos por alg\u00fan delito.<\/p>\n<p style=\"text-align: justify;\">\n","protected":false},"excerpt":{"rendered":"<p>BCS, la segunda entidad m\u00e1s segura del pa\u00eds. Los Cabos y La Paz, con la mejor percepci\u00f3n de seguridad manifestada<\/p>\n","protected":false},"author":1,"featured_media":0,"comment_status":"open","ping_status":"closed","sticky":false,"template":"","format":"standard","meta":{"colormag_page_container_layout":"default_layout","colormag_page_sidebar_layout":"default_layout","_jetpack_memberships_contains_paid_content":false,"footnotes":"","jetpack_publicize_message":"","jetpack_publicize_feature_enabled":true,"jetpack_social_post_already_shared":true,"jetpack_social_options":{"image_generator_settings":{"template":"highway","default_image_id":0,"font":"","enabled":false},"version":2}},"categories":[41],"tags":[],"class_list":["post-100934","post","type-post","status-publish","format-standard","hentry","category-las-columnas"],"yoast_head":"<!-- This site is optimized with the Yoast SEO plugin v27.5 - https:\/\/yoast.com\/product\/yoast-seo-wordpress\/ -->\n<title>MICR\u00d3POLIS \/ Por Bertoldo Velasco Silva - NBCS Noticias<\/title>\n<meta name=\"robots\" content=\"index, follow, max-snippet:-1, max-image-preview:large, max-video-preview:-1\" \/>\n<link rel=\"canonical\" href=\"https:\/\/nbcs.mx\/?p=100934\" \/>\n<meta property=\"og:locale\" content=\"es_ES\" \/>\n<meta property=\"og:type\" content=\"article\" \/>\n<meta property=\"og:title\" content=\"MICR\u00d3POLIS \/ Por Bertoldo Velasco Silva - NBCS Noticias\" \/>\n<meta property=\"og:description\" content=\"BCS, la segunda entidad m\u00e1s segura del pa\u00eds. Los Cabos y La Paz, con la mejor percepci\u00f3n de seguridad manifestada\" \/>\n<meta property=\"og:url\" content=\"https:\/\/nbcs.mx\/?p=100934\" \/>\n<meta property=\"og:site_name\" content=\"NBCS Noticias\" \/>\n<meta property=\"article:publisher\" content=\"https:\/\/www.facebook.com\/NBCSnoticias\" \/>\n<meta property=\"article:author\" content=\"https:\/\/www.facebook.com\/NBCSnoticias\" \/>\n<meta property=\"article:published_time\" content=\"2022-02-02T15:09:46+00:00\" \/>\n<meta property=\"og:image\" content=\"https:\/\/nbcs.mx\/wp-content\/uploads\/2021\/10\/01-Los-Cabos-se-posiciona-en-el-1er-lugar-de-Mexico-en-percepcion-de-Seguridad-2-755x425.jpeg\" \/>\n<meta name=\"author\" content=\"NBCS Noticias\" \/>\n<meta name=\"twitter:card\" content=\"summary_large_image\" \/>\n<meta name=\"twitter:creator\" content=\"@https:\/\/twitter.com\/NBCSnoticias\" \/>\n<meta name=\"twitter:site\" content=\"@NBCSnoticias\" \/>\n<meta name=\"twitter:label1\" content=\"Escrito por\" \/>\n\t<meta name=\"twitter:data1\" content=\"NBCS Noticias\" \/>\n\t<meta name=\"twitter:label2\" content=\"Tiempo de lectura\" \/>\n\t<meta name=\"twitter:data2\" content=\"7 minutos\" \/>\n<script type=\"application\/ld+json\" class=\"yoast-schema-graph\">{\"@context\":\"https:\\\/\\\/schema.org\",\"@graph\":[{\"@type\":\"Article\",\"@id\":\"https:\\\/\\\/nbcs.mx\\\/?p=100934#article\",\"isPartOf\":{\"@id\":\"https:\\\/\\\/nbcs.mx\\\/?p=100934\"},\"author\":{\"name\":\"NBCS Noticias\",\"@id\":\"https:\\\/\\\/nbcs.mx\\\/#\\\/schema\\\/person\\\/ece58bab9a7c1e87a4d28ec9ecd79ff4\"},\"headline\":\"MICR\u00d3POLIS \\\/ Por Bertoldo Velasco Silva\",\"datePublished\":\"2022-02-02T15:09:46+00:00\",\"mainEntityOfPage\":{\"@id\":\"https:\\\/\\\/nbcs.mx\\\/?p=100934\"},\"wordCount\":1464,\"commentCount\":0,\"publisher\":{\"@id\":\"https:\\\/\\\/nbcs.mx\\\/#organization\"},\"image\":{\"@id\":\"https:\\\/\\\/nbcs.mx\\\/?p=100934#primaryimage\"},\"thumbnailUrl\":\"https:\\\/\\\/nbcs.mx\\\/wp-content\\\/uploads\\\/2021\\\/10\\\/01-Los-Cabos-se-posiciona-en-el-1er-lugar-de-Mexico-en-percepcion-de-Seguridad-2-755x425.jpeg\",\"articleSection\":[\"Las Columnas\"],\"inLanguage\":\"es\",\"potentialAction\":[{\"@type\":\"CommentAction\",\"name\":\"Comment\",\"target\":[\"https:\\\/\\\/nbcs.mx\\\/?p=100934#respond\"]}]},{\"@type\":\"WebPage\",\"@id\":\"https:\\\/\\\/nbcs.mx\\\/?p=100934\",\"url\":\"https:\\\/\\\/nbcs.mx\\\/?p=100934\",\"name\":\"MICR\u00d3POLIS \\\/ Por Bertoldo Velasco Silva - NBCS Noticias\",\"isPartOf\":{\"@id\":\"https:\\\/\\\/nbcs.mx\\\/#website\"},\"primaryImageOfPage\":{\"@id\":\"https:\\\/\\\/nbcs.mx\\\/?p=100934#primaryimage\"},\"image\":{\"@id\":\"https:\\\/\\\/nbcs.mx\\\/?p=100934#primaryimage\"},\"thumbnailUrl\":\"https:\\\/\\\/nbcs.mx\\\/wp-content\\\/uploads\\\/2021\\\/10\\\/01-Los-Cabos-se-posiciona-en-el-1er-lugar-de-Mexico-en-percepcion-de-Seguridad-2-755x425.jpeg\",\"datePublished\":\"2022-02-02T15:09:46+00:00\",\"breadcrumb\":{\"@id\":\"https:\\\/\\\/nbcs.mx\\\/?p=100934#breadcrumb\"},\"inLanguage\":\"es\",\"potentialAction\":[{\"@type\":\"ReadAction\",\"target\":[\"https:\\\/\\\/nbcs.mx\\\/?p=100934\"]}]},{\"@type\":\"ImageObject\",\"inLanguage\":\"es\",\"@id\":\"https:\\\/\\\/nbcs.mx\\\/?p=100934#primaryimage\",\"url\":\"https:\\\/\\\/nbcs.mx\\\/wp-content\\\/uploads\\\/2021\\\/10\\\/01-Los-Cabos-se-posiciona-en-el-1er-lugar-de-Mexico-en-percepcion-de-Seguridad-2-755x425.jpeg\",\"contentUrl\":\"https:\\\/\\\/nbcs.mx\\\/wp-content\\\/uploads\\\/2021\\\/10\\\/01-Los-Cabos-se-posiciona-en-el-1er-lugar-de-Mexico-en-percepcion-de-Seguridad-2-755x425.jpeg\"},{\"@type\":\"BreadcrumbList\",\"@id\":\"https:\\\/\\\/nbcs.mx\\\/?p=100934#breadcrumb\",\"itemListElement\":[{\"@type\":\"ListItem\",\"position\":1,\"name\":\"Portada\",\"item\":\"https:\\\/\\\/nbcs.mx\\\/\"},{\"@type\":\"ListItem\",\"position\":2,\"name\":\"MICR\u00d3POLIS \\\/ Por Bertoldo Velasco Silva\"}]},{\"@type\":\"WebSite\",\"@id\":\"https:\\\/\\\/nbcs.mx\\\/#website\",\"url\":\"https:\\\/\\\/nbcs.mx\\\/\",\"name\":\"NBCS Noticias\",\"description\":\"Sitio web de noticias en Baja California Sur\",\"publisher\":{\"@id\":\"https:\\\/\\\/nbcs.mx\\\/#organization\"},\"potentialAction\":[{\"@type\":\"SearchAction\",\"target\":{\"@type\":\"EntryPoint\",\"urlTemplate\":\"https:\\\/\\\/nbcs.mx\\\/?s={search_term_string}\"},\"query-input\":{\"@type\":\"PropertyValueSpecification\",\"valueRequired\":true,\"valueName\":\"search_term_string\"}}],\"inLanguage\":\"es\"},{\"@type\":\"Organization\",\"@id\":\"https:\\\/\\\/nbcs.mx\\\/#organization\",\"name\":\"NBCS Noticias\",\"url\":\"https:\\\/\\\/nbcs.mx\\\/\",\"logo\":{\"@type\":\"ImageObject\",\"inLanguage\":\"es\",\"@id\":\"https:\\\/\\\/nbcs.mx\\\/#\\\/schema\\\/logo\\\/image\\\/\",\"url\":\"https:\\\/\\\/nbcs.mx\\\/wp-content\\\/uploads\\\/2018\\\/09\\\/057b69485e93575a5c2b1c1dde2dd297.jpeg\",\"contentUrl\":\"https:\\\/\\\/nbcs.mx\\\/wp-content\\\/uploads\\\/2018\\\/09\\\/057b69485e93575a5c2b1c1dde2dd297.jpeg\",\"width\":64,\"height\":64,\"caption\":\"NBCS Noticias\"},\"image\":{\"@id\":\"https:\\\/\\\/nbcs.mx\\\/#\\\/schema\\\/logo\\\/image\\\/\"},\"sameAs\":[\"https:\\\/\\\/www.facebook.com\\\/NBCSnoticias\",\"https:\\\/\\\/x.com\\\/NBCSnoticias\"]},{\"@type\":\"Person\",\"@id\":\"https:\\\/\\\/nbcs.mx\\\/#\\\/schema\\\/person\\\/ece58bab9a7c1e87a4d28ec9ecd79ff4\",\"name\":\"NBCS Noticias\",\"image\":{\"@type\":\"ImageObject\",\"inLanguage\":\"es\",\"@id\":\"https:\\\/\\\/secure.gravatar.com\\\/avatar\\\/4e52110cad1c4054b43271a0d14bbe9e2ea76aecd0e1097edfc670798d9ca1d4?s=96&d=blank&r=g\",\"url\":\"https:\\\/\\\/secure.gravatar.com\\\/avatar\\\/4e52110cad1c4054b43271a0d14bbe9e2ea76aecd0e1097edfc670798d9ca1d4?s=96&d=blank&r=g\",\"contentUrl\":\"https:\\\/\\\/secure.gravatar.com\\\/avatar\\\/4e52110cad1c4054b43271a0d14bbe9e2ea76aecd0e1097edfc670798d9ca1d4?s=96&d=blank&r=g\",\"caption\":\"NBCS Noticias\"},\"description\":\"\u00bfTienes fotos o video de alg\u00fan acto de posible negligencia, corrupci\u00f3n y abuso de autoridad? M\u00e1ndalo al WhatsApp de NBCS Noticias: 612 141 98 08\",\"sameAs\":[\"https:\\\/\\\/www.nbcs.mx\",\"https:\\\/\\\/www.facebook.com\\\/NBCSnoticias\",\"https:\\\/\\\/www.instagram.com\\\/nbcsnoticias\\\/\",\"https:\\\/\\\/x.com\\\/https:\\\/\\\/twitter.com\\\/NBCSnoticias\"]}]}<\/script>\n<!-- \/ Yoast SEO plugin. -->","yoast_head_json":{"title":"MICR\u00d3POLIS \/ Por Bertoldo Velasco Silva - NBCS Noticias","robots":{"index":"index","follow":"follow","max-snippet":"max-snippet:-1","max-image-preview":"max-image-preview:large","max-video-preview":"max-video-preview:-1"},"canonical":"https:\/\/nbcs.mx\/?p=100934","og_locale":"es_ES","og_type":"article","og_title":"MICR\u00d3POLIS \/ Por Bertoldo Velasco Silva - NBCS Noticias","og_description":"BCS, la segunda entidad m\u00e1s segura del pa\u00eds. Los Cabos y La Paz, con la mejor percepci\u00f3n de seguridad manifestada","og_url":"https:\/\/nbcs.mx\/?p=100934","og_site_name":"NBCS Noticias","article_publisher":"https:\/\/www.facebook.com\/NBCSnoticias","article_author":"https:\/\/www.facebook.com\/NBCSnoticias","article_published_time":"2022-02-02T15:09:46+00:00","og_image":[{"url":"https:\/\/nbcs.mx\/wp-content\/uploads\/2021\/10\/01-Los-Cabos-se-posiciona-en-el-1er-lugar-de-Mexico-en-percepcion-de-Seguridad-2-755x425.jpeg","type":"","width":"","height":""}],"author":"NBCS Noticias","twitter_card":"summary_large_image","twitter_creator":"@https:\/\/twitter.com\/NBCSnoticias","twitter_site":"@NBCSnoticias","twitter_misc":{"Escrito por":"NBCS Noticias","Tiempo de lectura":"7 minutos"},"schema":{"@context":"https:\/\/schema.org","@graph":[{"@type":"Article","@id":"https:\/\/nbcs.mx\/?p=100934#article","isPartOf":{"@id":"https:\/\/nbcs.mx\/?p=100934"},"author":{"name":"NBCS Noticias","@id":"https:\/\/nbcs.mx\/#\/schema\/person\/ece58bab9a7c1e87a4d28ec9ecd79ff4"},"headline":"MICR\u00d3POLIS \/ Por Bertoldo Velasco Silva","datePublished":"2022-02-02T15:09:46+00:00","mainEntityOfPage":{"@id":"https:\/\/nbcs.mx\/?p=100934"},"wordCount":1464,"commentCount":0,"publisher":{"@id":"https:\/\/nbcs.mx\/#organization"},"image":{"@id":"https:\/\/nbcs.mx\/?p=100934#primaryimage"},"thumbnailUrl":"https:\/\/nbcs.mx\/wp-content\/uploads\/2021\/10\/01-Los-Cabos-se-posiciona-en-el-1er-lugar-de-Mexico-en-percepcion-de-Seguridad-2-755x425.jpeg","articleSection":["Las Columnas"],"inLanguage":"es","potentialAction":[{"@type":"CommentAction","name":"Comment","target":["https:\/\/nbcs.mx\/?p=100934#respond"]}]},{"@type":"WebPage","@id":"https:\/\/nbcs.mx\/?p=100934","url":"https:\/\/nbcs.mx\/?p=100934","name":"MICR\u00d3POLIS \/ Por Bertoldo Velasco Silva - NBCS Noticias","isPartOf":{"@id":"https:\/\/nbcs.mx\/#website"},"primaryImageOfPage":{"@id":"https:\/\/nbcs.mx\/?p=100934#primaryimage"},"image":{"@id":"https:\/\/nbcs.mx\/?p=100934#primaryimage"},"thumbnailUrl":"https:\/\/nbcs.mx\/wp-content\/uploads\/2021\/10\/01-Los-Cabos-se-posiciona-en-el-1er-lugar-de-Mexico-en-percepcion-de-Seguridad-2-755x425.jpeg","datePublished":"2022-02-02T15:09:46+00:00","breadcrumb":{"@id":"https:\/\/nbcs.mx\/?p=100934#breadcrumb"},"inLanguage":"es","potentialAction":[{"@type":"ReadAction","target":["https:\/\/nbcs.mx\/?p=100934"]}]},{"@type":"ImageObject","inLanguage":"es","@id":"https:\/\/nbcs.mx\/?p=100934#primaryimage","url":"https:\/\/nbcs.mx\/wp-content\/uploads\/2021\/10\/01-Los-Cabos-se-posiciona-en-el-1er-lugar-de-Mexico-en-percepcion-de-Seguridad-2-755x425.jpeg","contentUrl":"https:\/\/nbcs.mx\/wp-content\/uploads\/2021\/10\/01-Los-Cabos-se-posiciona-en-el-1er-lugar-de-Mexico-en-percepcion-de-Seguridad-2-755x425.jpeg"},{"@type":"BreadcrumbList","@id":"https:\/\/nbcs.mx\/?p=100934#breadcrumb","itemListElement":[{"@type":"ListItem","position":1,"name":"Portada","item":"https:\/\/nbcs.mx\/"},{"@type":"ListItem","position":2,"name":"MICR\u00d3POLIS \/ Por Bertoldo Velasco Silva"}]},{"@type":"WebSite","@id":"https:\/\/nbcs.mx\/#website","url":"https:\/\/nbcs.mx\/","name":"NBCS Noticias","description":"Sitio web de noticias en Baja California Sur","publisher":{"@id":"https:\/\/nbcs.mx\/#organization"},"potentialAction":[{"@type":"SearchAction","target":{"@type":"EntryPoint","urlTemplate":"https:\/\/nbcs.mx\/?s={search_term_string}"},"query-input":{"@type":"PropertyValueSpecification","valueRequired":true,"valueName":"search_term_string"}}],"inLanguage":"es"},{"@type":"Organization","@id":"https:\/\/nbcs.mx\/#organization","name":"NBCS Noticias","url":"https:\/\/nbcs.mx\/","logo":{"@type":"ImageObject","inLanguage":"es","@id":"https:\/\/nbcs.mx\/#\/schema\/logo\/image\/","url":"https:\/\/nbcs.mx\/wp-content\/uploads\/2018\/09\/057b69485e93575a5c2b1c1dde2dd297.jpeg","contentUrl":"https:\/\/nbcs.mx\/wp-content\/uploads\/2018\/09\/057b69485e93575a5c2b1c1dde2dd297.jpeg","width":64,"height":64,"caption":"NBCS Noticias"},"image":{"@id":"https:\/\/nbcs.mx\/#\/schema\/logo\/image\/"},"sameAs":["https:\/\/www.facebook.com\/NBCSnoticias","https:\/\/x.com\/NBCSnoticias"]},{"@type":"Person","@id":"https:\/\/nbcs.mx\/#\/schema\/person\/ece58bab9a7c1e87a4d28ec9ecd79ff4","name":"NBCS Noticias","image":{"@type":"ImageObject","inLanguage":"es","@id":"https:\/\/secure.gravatar.com\/avatar\/4e52110cad1c4054b43271a0d14bbe9e2ea76aecd0e1097edfc670798d9ca1d4?s=96&d=blank&r=g","url":"https:\/\/secure.gravatar.com\/avatar\/4e52110cad1c4054b43271a0d14bbe9e2ea76aecd0e1097edfc670798d9ca1d4?s=96&d=blank&r=g","contentUrl":"https:\/\/secure.gravatar.com\/avatar\/4e52110cad1c4054b43271a0d14bbe9e2ea76aecd0e1097edfc670798d9ca1d4?s=96&d=blank&r=g","caption":"NBCS Noticias"},"description":"\u00bfTienes fotos o video de alg\u00fan acto de posible negligencia, corrupci\u00f3n y abuso de autoridad? M\u00e1ndalo al WhatsApp de NBCS Noticias: 612 141 98 08","sameAs":["https:\/\/www.nbcs.mx","https:\/\/www.facebook.com\/NBCSnoticias","https:\/\/www.instagram.com\/nbcsnoticias\/","https:\/\/x.com\/https:\/\/twitter.com\/NBCSnoticias"]}]}},"jetpack_publicize_connections":[],"jetpack_featured_media_url":"","jetpack_sharing_enabled":true,"_links":{"self":[{"href":"https:\/\/nbcs.mx\/index.php?rest_route=\/wp\/v2\/posts\/100934","targetHints":{"allow":["GET"]}}],"collection":[{"href":"https:\/\/nbcs.mx\/index.php?rest_route=\/wp\/v2\/posts"}],"about":[{"href":"https:\/\/nbcs.mx\/index.php?rest_route=\/wp\/v2\/types\/post"}],"author":[{"embeddable":true,"href":"https:\/\/nbcs.mx\/index.php?rest_route=\/wp\/v2\/users\/1"}],"replies":[{"embeddable":true,"href":"https:\/\/nbcs.mx\/index.php?rest_route=%2Fwp%2Fv2%2Fcomments&post=100934"}],"version-history":[{"count":1,"href":"https:\/\/nbcs.mx\/index.php?rest_route=\/wp\/v2\/posts\/100934\/revisions"}],"predecessor-version":[{"id":100935,"href":"https:\/\/nbcs.mx\/index.php?rest_route=\/wp\/v2\/posts\/100934\/revisions\/100935"}],"wp:attachment":[{"href":"https:\/\/nbcs.mx\/index.php?rest_route=%2Fwp%2Fv2%2Fmedia&parent=100934"}],"wp:term":[{"taxonomy":"category","embeddable":true,"href":"https:\/\/nbcs.mx\/index.php?rest_route=%2Fwp%2Fv2%2Fcategories&post=100934"},{"taxonomy":"post_tag","embeddable":true,"href":"https:\/\/nbcs.mx\/index.php?rest_route=%2Fwp%2Fv2%2Ftags&post=100934"}],"curies":[{"name":"wp","href":"https:\/\/api.w.org\/{rel}","templated":true}]}}