{"id":101021,"date":"2022-02-03T14:51:14","date_gmt":"2022-02-03T21:51:14","guid":{"rendered":"https:\/\/nbcs.mx\/?p=101021"},"modified":"2022-02-03T14:51:14","modified_gmt":"2022-02-03T21:51:14","slug":"invita-gobierno-de-los-cabos-a-propietarios-de-concesiones-en-la-zona-federal-a-regularizar-sus-pagos","status":"publish","type":"post","link":"https:\/\/nbcs.mx\/?p=101021","title":{"rendered":"Invita Gobierno de Los Cabos a propietarios de concesiones en la Zona Federal a regularizar sus pagos"},"content":{"rendered":"<p style=\"text-align: justify;\"><img loading=\"lazy\" decoding=\"async\" class=\" wp-image-101022 alignleft\" src=\"https:\/\/nbcs.mx\/wp-content\/uploads\/2022\/02\/07-Gobierno-de-Los-Cabos-invita-a-propietarios-de-concesiones-en-la-Zona-Federal-a-regularizar-sus-pagos-3-656x492.jpg\" alt=\"\" width=\"379\" height=\"284\" \/>Los Cabos, Baja California Sur.- Con el objetivo de solicitar el pago de concesiones en la zona federal mar\u00edtimo terrestre, -otorgadas por la Secretar\u00eda de Medio Ambiente y Recursos Naturales (SEMARNAT)-, el jefe del Departamento de Ejecuci\u00f3n Fiscal del XIV Ayuntamiento de Los Cabos, Rub\u00e9n Amador, hace un llamado a todas las personas f\u00edsicas, morales y de origen extranjero, que presenten morosidad en sus retribuciones a regularizar sus cuentas para evitar la revocaci\u00f3n de concesiones.<\/p>\n<p style=\"text-align: justify;\">De acuerdo con la informaci\u00f3n proporcionada por el jefe de Ejecuci\u00f3n Fiscal, Rub\u00e9n Amador, -desde el mes de noviembre del 2021-, los ejecutores fiscales del Gobierno municipal han tenido el acercamiento con los propietarios de las concesiones para la requisici\u00f3n del pago, sin embargo, son muy pocos los que se han acercado a poner al d\u00eda su estado fiscal.<\/p>\n<p style=\"text-align: justify;\">Cabe destacar que el Gobierno de Los Cabos, est\u00e1 trabajando en coordinaci\u00f3n con la SEMARNAT para proporcionar el reporte del padr\u00f3n de concesiones que presenten mas de dos bimestres con adeudo, para que autoridades Federales procedan a la cancelaci\u00f3n de las mismas, posterior al embargo correspondiente al Departamento de Ejecuci\u00f3n Fiscal.<\/p>\n<p style=\"text-align: justify;\">Para finalizar, se informa que los servidores p\u00fablicos involucrados en el proceso de requerimiento de pago, -ejecutores-, as\u00ed como personal del \u00e1rea jur\u00eddica, se encuentran en constante capacitaci\u00f3n para mantener los conocimientos adecuados y lograr con \u00e9xito el acercamiento con los propietarios de concesiones de superficie de playa en la zona federal mar\u00edtimo terrestre, as\u00ed como terrenos ganados al mar o a cualquier otro dep\u00f3sito formado con aguas mar\u00edtimas.<\/p>\n<p style=\"text-align: justify;\">\n<p style=\"text-align: justify;\">\n<p style=\"text-align: justify;\">\n","protected":false},"excerpt":{"rendered":"<p>Los Cabos, Baja California Sur.- Con el objetivo de solicitar el pago de concesiones en la zona federal mar\u00edtimo terrestre,<\/p>\n","protected":false},"author":1,"featured_media":0,"comment_status":"open","ping_status":"closed","sticky":false,"template":"","format":"standard","meta":{"colormag_page_container_layout":"default_layout","colormag_page_sidebar_layout":"default_layout","_jetpack_newsletter_access":"","_jetpack_dont_email_post_to_subs":false,"_jetpack_newsletter_tier_id":0,"_jetpack_memberships_contains_paywalled_content":false,"_jetpack_feature_clip_id":0,"_jetpack_memberships_contains_paid_content":false,"footnotes":"","jetpack_publicize_message":"","jetpack_publicize_feature_enabled":true,"jetpack_social_post_already_shared":true,"jetpack_social_options":{"image_generator_settings":{"template":"highway","default_image_id":0,"font":"","enabled":false},"version":2},"jetpack_post_was_ever_published":false},"categories":[40],"tags":[],"class_list":["post-101021","post","type-post","status-publish","format-standard","hentry","category-municipios"],"yoast_head":"<!-- This site is optimized with the Yoast SEO plugin v28.3 - https:\/\/yoast.com\/product\/yoast-seo-wordpress\/ -->\n<title>Invita Gobierno de Los Cabos a propietarios de concesiones en la Zona Federal a regularizar sus pagos - NBCS Noticias<\/title>\n<meta name=\"robots\" content=\"index, follow, max-snippet:-1, max-image-preview:large, max-video-preview:-1\" \/>\n<link rel=\"canonical\" href=\"https:\/\/nbcs.mx\/?p=101021\" \/>\n<meta property=\"og:locale\" content=\"es_ES\" \/>\n<meta property=\"og:type\" content=\"article\" \/>\n<meta property=\"og:title\" content=\"Invita Gobierno de Los Cabos a propietarios de concesiones en la Zona Federal a regularizar sus pagos - NBCS Noticias\" \/>\n<meta property=\"og:description\" content=\"Los Cabos, Baja California Sur.- Con el objetivo de solicitar el pago de concesiones en la zona federal mar\u00edtimo terrestre,\" \/>\n<meta property=\"og:url\" content=\"https:\/\/nbcs.mx\/?p=101021\" \/>\n<meta property=\"og:site_name\" content=\"NBCS Noticias\" \/>\n<meta property=\"article:publisher\" content=\"https:\/\/www.facebook.com\/NBCSnoticias\" \/>\n<meta property=\"article:author\" content=\"https:\/\/www.facebook.com\/NBCSnoticias\" \/>\n<meta property=\"article:published_time\" content=\"2022-02-03T21:51:14+00:00\" \/>\n<meta property=\"og:image\" content=\"https:\/\/nbcs.mx\/wp-content\/uploads\/2022\/02\/07-Gobierno-de-Los-Cabos-invita-a-propietarios-de-concesiones-en-la-Zona-Federal-a-regularizar-sus-pagos-3.jpg\" \/>\n\t<meta property=\"og:image:width\" content=\"1600\" \/>\n\t<meta property=\"og:image:height\" content=\"1200\" \/>\n\t<meta property=\"og:image:type\" content=\"image\/jpeg\" \/>\n<meta name=\"author\" content=\"NBCS Noticias\" \/>\n<meta name=\"twitter:card\" content=\"summary_large_image\" \/>\n<meta name=\"twitter:creator\" content=\"@https:\/\/twitter.com\/NBCSnoticias\" \/>\n<meta name=\"twitter:site\" content=\"@NBCSnoticias\" \/>\n<meta name=\"twitter:label1\" content=\"Escrito por\" \/>\n\t<meta name=\"twitter:data1\" content=\"NBCS Noticias\" \/>\n\t<meta name=\"twitter:label2\" content=\"Tiempo de lectura\" \/>\n\t<meta name=\"twitter:data2\" content=\"1 minuto\" \/>\n<script type=\"application\/ld+json\" class=\"yoast-schema-graph\">{\"@context\":\"https:\\\/\\\/schema.org\",\"@graph\":[{\"@type\":\"Article\",\"@id\":\"https:\\\/\\\/nbcs.mx\\\/?p=101021#article\",\"isPartOf\":{\"@id\":\"https:\\\/\\\/nbcs.mx\\\/?p=101021\"},\"author\":{\"name\":\"NBCS Noticias\",\"@id\":\"https:\\\/\\\/nbcs.mx\\\/#\\\/schema\\\/person\\\/ece58bab9a7c1e87a4d28ec9ecd79ff4\"},\"headline\":\"Invita Gobierno de Los Cabos a propietarios de concesiones en la Zona Federal a regularizar sus pagos\",\"datePublished\":\"2022-02-03T21:51:14+00:00\",\"mainEntityOfPage\":{\"@id\":\"https:\\\/\\\/nbcs.mx\\\/?p=101021\"},\"wordCount\":294,\"commentCount\":0,\"publisher\":{\"@id\":\"https:\\\/\\\/nbcs.mx\\\/#organization\"},\"image\":{\"@id\":\"https:\\\/\\\/nbcs.mx\\\/?p=101021#primaryimage\"},\"thumbnailUrl\":\"https:\\\/\\\/nbcs.mx\\\/wp-content\\\/uploads\\\/2022\\\/02\\\/07-Gobierno-de-Los-Cabos-invita-a-propietarios-de-concesiones-en-la-Zona-Federal-a-regularizar-sus-pagos-3-656x492.jpg\",\"articleSection\":[\"Municipios\"],\"inLanguage\":\"es\",\"potentialAction\":[{\"@type\":\"CommentAction\",\"name\":\"Comment\",\"target\":[\"https:\\\/\\\/nbcs.mx\\\/?p=101021#respond\"]}]},{\"@type\":\"WebPage\",\"@id\":\"https:\\\/\\\/nbcs.mx\\\/?p=101021\",\"url\":\"https:\\\/\\\/nbcs.mx\\\/?p=101021\",\"name\":\"Invita Gobierno de Los Cabos a propietarios de concesiones en la Zona Federal a regularizar sus pagos - NBCS Noticias\",\"isPartOf\":{\"@id\":\"https:\\\/\\\/nbcs.mx\\\/#website\"},\"primaryImageOfPage\":{\"@id\":\"https:\\\/\\\/nbcs.mx\\\/?p=101021#primaryimage\"},\"image\":{\"@id\":\"https:\\\/\\\/nbcs.mx\\\/?p=101021#primaryimage\"},\"thumbnailUrl\":\"https:\\\/\\\/nbcs.mx\\\/wp-content\\\/uploads\\\/2022\\\/02\\\/07-Gobierno-de-Los-Cabos-invita-a-propietarios-de-concesiones-en-la-Zona-Federal-a-regularizar-sus-pagos-3-656x492.jpg\",\"datePublished\":\"2022-02-03T21:51:14+00:00\",\"breadcrumb\":{\"@id\":\"https:\\\/\\\/nbcs.mx\\\/?p=101021#breadcrumb\"},\"inLanguage\":\"es\",\"potentialAction\":[{\"@type\":\"ReadAction\",\"target\":[\"https:\\\/\\\/nbcs.mx\\\/?p=101021\"]}]},{\"@type\":\"ImageObject\",\"inLanguage\":\"es\",\"@id\":\"https:\\\/\\\/nbcs.mx\\\/?p=101021#primaryimage\",\"url\":\"https:\\\/\\\/nbcs.mx\\\/wp-content\\\/uploads\\\/2022\\\/02\\\/07-Gobierno-de-Los-Cabos-invita-a-propietarios-de-concesiones-en-la-Zona-Federal-a-regularizar-sus-pagos-3-656x492.jpg\",\"contentUrl\":\"https:\\\/\\\/nbcs.mx\\\/wp-content\\\/uploads\\\/2022\\\/02\\\/07-Gobierno-de-Los-Cabos-invita-a-propietarios-de-concesiones-en-la-Zona-Federal-a-regularizar-sus-pagos-3-656x492.jpg\"},{\"@type\":\"BreadcrumbList\",\"@id\":\"https:\\\/\\\/nbcs.mx\\\/?p=101021#breadcrumb\",\"itemListElement\":[{\"@type\":\"ListItem\",\"position\":1,\"name\":\"Portada\",\"item\":\"https:\\\/\\\/nbcs.mx\\\/\"},{\"@type\":\"ListItem\",\"position\":2,\"name\":\"Invita Gobierno de Los Cabos a propietarios de concesiones en la Zona Federal a regularizar sus pagos\"}]},{\"@type\":\"WebSite\",\"@id\":\"https:\\\/\\\/nbcs.mx\\\/#website\",\"url\":\"https:\\\/\\\/nbcs.mx\\\/\",\"name\":\"NBCS Noticias\",\"description\":\"Sitio web de noticias en Baja California Sur\",\"publisher\":{\"@id\":\"https:\\\/\\\/nbcs.mx\\\/#organization\"},\"potentialAction\":[{\"@type\":\"SearchAction\",\"target\":{\"@type\":\"EntryPoint\",\"urlTemplate\":\"https:\\\/\\\/nbcs.mx\\\/?s={search_term_string}\"},\"query-input\":{\"@type\":\"PropertyValueSpecification\",\"valueRequired\":true,\"valueName\":\"search_term_string\"}}],\"inLanguage\":\"es\"},{\"@type\":\"Organization\",\"@id\":\"https:\\\/\\\/nbcs.mx\\\/#organization\",\"name\":\"NBCS Noticias\",\"url\":\"https:\\\/\\\/nbcs.mx\\\/\",\"logo\":{\"@type\":\"ImageObject\",\"inLanguage\":\"es\",\"@id\":\"https:\\\/\\\/nbcs.mx\\\/#\\\/schema\\\/logo\\\/image\\\/\",\"url\":\"https:\\\/\\\/nbcs.mx\\\/wp-content\\\/uploads\\\/2018\\\/09\\\/057b69485e93575a5c2b1c1dde2dd297.jpeg\",\"contentUrl\":\"https:\\\/\\\/nbcs.mx\\\/wp-content\\\/uploads\\\/2018\\\/09\\\/057b69485e93575a5c2b1c1dde2dd297.jpeg\",\"width\":64,\"height\":64,\"caption\":\"NBCS Noticias\"},\"image\":{\"@id\":\"https:\\\/\\\/nbcs.mx\\\/#\\\/schema\\\/logo\\\/image\\\/\"},\"sameAs\":[\"https:\\\/\\\/www.facebook.com\\\/NBCSnoticias\",\"https:\\\/\\\/x.com\\\/NBCSnoticias\"]},{\"@type\":\"Person\",\"@id\":\"https:\\\/\\\/nbcs.mx\\\/#\\\/schema\\\/person\\\/ece58bab9a7c1e87a4d28ec9ecd79ff4\",\"name\":\"NBCS Noticias\",\"image\":{\"@type\":\"ImageObject\",\"inLanguage\":\"es\",\"@id\":\"https:\\\/\\\/secure.gravatar.com\\\/avatar\\\/4e52110cad1c4054b43271a0d14bbe9e2ea76aecd0e1097edfc670798d9ca1d4?s=96&d=blank&r=g\",\"url\":\"https:\\\/\\\/secure.gravatar.com\\\/avatar\\\/4e52110cad1c4054b43271a0d14bbe9e2ea76aecd0e1097edfc670798d9ca1d4?s=96&d=blank&r=g\",\"contentUrl\":\"https:\\\/\\\/secure.gravatar.com\\\/avatar\\\/4e52110cad1c4054b43271a0d14bbe9e2ea76aecd0e1097edfc670798d9ca1d4?s=96&d=blank&r=g\",\"caption\":\"NBCS Noticias\"},\"description\":\"\u00bfTienes fotos o video de alg\u00fan acto de posible negligencia, corrupci\u00f3n y abuso de autoridad? M\u00e1ndalo al WhatsApp de NBCS Noticias: 612 141 98 08\",\"sameAs\":[\"https:\\\/\\\/www.nbcs.mx\",\"https:\\\/\\\/www.facebook.com\\\/NBCSnoticias\",\"https:\\\/\\\/www.instagram.com\\\/nbcsnoticias\\\/\",\"https:\\\/\\\/x.com\\\/https:\\\/\\\/twitter.com\\\/NBCSnoticias\"]}]}<\/script>\n<!-- \/ Yoast SEO plugin. -->","yoast_head_json":{"title":"Invita Gobierno de Los Cabos a propietarios de concesiones en la Zona Federal a regularizar sus pagos - NBCS Noticias","robots":{"index":"index","follow":"follow","max-snippet":"max-snippet:-1","max-image-preview":"max-image-preview:large","max-video-preview":"max-video-preview:-1"},"canonical":"https:\/\/nbcs.mx\/?p=101021","og_locale":"es_ES","og_type":"article","og_title":"Invita Gobierno de Los Cabos a propietarios de concesiones en la Zona Federal a regularizar sus pagos - NBCS Noticias","og_description":"Los Cabos, Baja California Sur.- Con el objetivo de solicitar el pago de concesiones en la zona federal mar\u00edtimo terrestre,","og_url":"https:\/\/nbcs.mx\/?p=101021","og_site_name":"NBCS Noticias","article_publisher":"https:\/\/www.facebook.com\/NBCSnoticias","article_author":"https:\/\/www.facebook.com\/NBCSnoticias","article_published_time":"2022-02-03T21:51:14+00:00","og_image":[{"width":1600,"height":1200,"url":"https:\/\/nbcs.mx\/wp-content\/uploads\/2022\/02\/07-Gobierno-de-Los-Cabos-invita-a-propietarios-de-concesiones-en-la-Zona-Federal-a-regularizar-sus-pagos-3.jpg","type":"image\/jpeg"}],"author":"NBCS Noticias","twitter_card":"summary_large_image","twitter_creator":"@https:\/\/twitter.com\/NBCSnoticias","twitter_site":"@NBCSnoticias","twitter_misc":{"Escrito por":"NBCS Noticias","Tiempo de lectura":"1 minuto"},"schema":{"@context":"https:\/\/schema.org","@graph":[{"@type":"Article","@id":"https:\/\/nbcs.mx\/?p=101021#article","isPartOf":{"@id":"https:\/\/nbcs.mx\/?p=101021"},"author":{"name":"NBCS Noticias","@id":"https:\/\/nbcs.mx\/#\/schema\/person\/ece58bab9a7c1e87a4d28ec9ecd79ff4"},"headline":"Invita Gobierno de Los Cabos a propietarios de concesiones en la Zona Federal a regularizar sus pagos","datePublished":"2022-02-03T21:51:14+00:00","mainEntityOfPage":{"@id":"https:\/\/nbcs.mx\/?p=101021"},"wordCount":294,"commentCount":0,"publisher":{"@id":"https:\/\/nbcs.mx\/#organization"},"image":{"@id":"https:\/\/nbcs.mx\/?p=101021#primaryimage"},"thumbnailUrl":"https:\/\/nbcs.mx\/wp-content\/uploads\/2022\/02\/07-Gobierno-de-Los-Cabos-invita-a-propietarios-de-concesiones-en-la-Zona-Federal-a-regularizar-sus-pagos-3-656x492.jpg","articleSection":["Municipios"],"inLanguage":"es","potentialAction":[{"@type":"CommentAction","name":"Comment","target":["https:\/\/nbcs.mx\/?p=101021#respond"]}]},{"@type":"WebPage","@id":"https:\/\/nbcs.mx\/?p=101021","url":"https:\/\/nbcs.mx\/?p=101021","name":"Invita Gobierno de Los Cabos a propietarios de concesiones en la Zona Federal a regularizar sus pagos - NBCS Noticias","isPartOf":{"@id":"https:\/\/nbcs.mx\/#website"},"primaryImageOfPage":{"@id":"https:\/\/nbcs.mx\/?p=101021#primaryimage"},"image":{"@id":"https:\/\/nbcs.mx\/?p=101021#primaryimage"},"thumbnailUrl":"https:\/\/nbcs.mx\/wp-content\/uploads\/2022\/02\/07-Gobierno-de-Los-Cabos-invita-a-propietarios-de-concesiones-en-la-Zona-Federal-a-regularizar-sus-pagos-3-656x492.jpg","datePublished":"2022-02-03T21:51:14+00:00","breadcrumb":{"@id":"https:\/\/nbcs.mx\/?p=101021#breadcrumb"},"inLanguage":"es","potentialAction":[{"@type":"ReadAction","target":["https:\/\/nbcs.mx\/?p=101021"]}]},{"@type":"ImageObject","inLanguage":"es","@id":"https:\/\/nbcs.mx\/?p=101021#primaryimage","url":"https:\/\/nbcs.mx\/wp-content\/uploads\/2022\/02\/07-Gobierno-de-Los-Cabos-invita-a-propietarios-de-concesiones-en-la-Zona-Federal-a-regularizar-sus-pagos-3-656x492.jpg","contentUrl":"https:\/\/nbcs.mx\/wp-content\/uploads\/2022\/02\/07-Gobierno-de-Los-Cabos-invita-a-propietarios-de-concesiones-en-la-Zona-Federal-a-regularizar-sus-pagos-3-656x492.jpg"},{"@type":"BreadcrumbList","@id":"https:\/\/nbcs.mx\/?p=101021#breadcrumb","itemListElement":[{"@type":"ListItem","position":1,"name":"Portada","item":"https:\/\/nbcs.mx\/"},{"@type":"ListItem","position":2,"name":"Invita Gobierno de Los Cabos a propietarios de concesiones en la Zona Federal a regularizar sus pagos"}]},{"@type":"WebSite","@id":"https:\/\/nbcs.mx\/#website","url":"https:\/\/nbcs.mx\/","name":"NBCS Noticias","description":"Sitio web de noticias en Baja California Sur","publisher":{"@id":"https:\/\/nbcs.mx\/#organization"},"potentialAction":[{"@type":"SearchAction","target":{"@type":"EntryPoint","urlTemplate":"https:\/\/nbcs.mx\/?s={search_term_string}"},"query-input":{"@type":"PropertyValueSpecification","valueRequired":true,"valueName":"search_term_string"}}],"inLanguage":"es"},{"@type":"Organization","@id":"https:\/\/nbcs.mx\/#organization","name":"NBCS Noticias","url":"https:\/\/nbcs.mx\/","logo":{"@type":"ImageObject","inLanguage":"es","@id":"https:\/\/nbcs.mx\/#\/schema\/logo\/image\/","url":"https:\/\/nbcs.mx\/wp-content\/uploads\/2018\/09\/057b69485e93575a5c2b1c1dde2dd297.jpeg","contentUrl":"https:\/\/nbcs.mx\/wp-content\/uploads\/2018\/09\/057b69485e93575a5c2b1c1dde2dd297.jpeg","width":64,"height":64,"caption":"NBCS Noticias"},"image":{"@id":"https:\/\/nbcs.mx\/#\/schema\/logo\/image\/"},"sameAs":["https:\/\/www.facebook.com\/NBCSnoticias","https:\/\/x.com\/NBCSnoticias"]},{"@type":"Person","@id":"https:\/\/nbcs.mx\/#\/schema\/person\/ece58bab9a7c1e87a4d28ec9ecd79ff4","name":"NBCS Noticias","image":{"@type":"ImageObject","inLanguage":"es","@id":"https:\/\/secure.gravatar.com\/avatar\/4e52110cad1c4054b43271a0d14bbe9e2ea76aecd0e1097edfc670798d9ca1d4?s=96&d=blank&r=g","url":"https:\/\/secure.gravatar.com\/avatar\/4e52110cad1c4054b43271a0d14bbe9e2ea76aecd0e1097edfc670798d9ca1d4?s=96&d=blank&r=g","contentUrl":"https:\/\/secure.gravatar.com\/avatar\/4e52110cad1c4054b43271a0d14bbe9e2ea76aecd0e1097edfc670798d9ca1d4?s=96&d=blank&r=g","caption":"NBCS Noticias"},"description":"\u00bfTienes fotos o video de alg\u00fan acto de posible negligencia, corrupci\u00f3n y abuso de autoridad? M\u00e1ndalo al WhatsApp de NBCS Noticias: 612 141 98 08","sameAs":["https:\/\/www.nbcs.mx","https:\/\/www.facebook.com\/NBCSnoticias","https:\/\/www.instagram.com\/nbcsnoticias\/","https:\/\/x.com\/https:\/\/twitter.com\/NBCSnoticias"]}]}},"jetpack_publicize_connections":[],"jetpack_sharing_enabled":true,"jetpack_featured_media_url":"","_links":{"self":[{"href":"https:\/\/nbcs.mx\/index.php?rest_route=\/wp\/v2\/posts\/101021","targetHints":{"allow":["GET"]}}],"collection":[{"href":"https:\/\/nbcs.mx\/index.php?rest_route=\/wp\/v2\/posts"}],"about":[{"href":"https:\/\/nbcs.mx\/index.php?rest_route=\/wp\/v2\/types\/post"}],"author":[{"embeddable":true,"href":"https:\/\/nbcs.mx\/index.php?rest_route=\/wp\/v2\/users\/1"}],"replies":[{"embeddable":true,"href":"https:\/\/nbcs.mx\/index.php?rest_route=%2Fwp%2Fv2%2Fcomments&post=101021"}],"version-history":[{"count":1,"href":"https:\/\/nbcs.mx\/index.php?rest_route=\/wp\/v2\/posts\/101021\/revisions"}],"predecessor-version":[{"id":101023,"href":"https:\/\/nbcs.mx\/index.php?rest_route=\/wp\/v2\/posts\/101021\/revisions\/101023"}],"wp:attachment":[{"href":"https:\/\/nbcs.mx\/index.php?rest_route=%2Fwp%2Fv2%2Fmedia&parent=101021"}],"wp:term":[{"taxonomy":"category","embeddable":true,"href":"https:\/\/nbcs.mx\/index.php?rest_route=%2Fwp%2Fv2%2Fcategories&post=101021"},{"taxonomy":"post_tag","embeddable":true,"href":"https:\/\/nbcs.mx\/index.php?rest_route=%2Fwp%2Fv2%2Ftags&post=101021"}],"curies":[{"name":"wp","href":"https:\/\/api.w.org\/{rel}","templated":true}]}}