{"id":102054,"date":"2022-02-26T16:53:37","date_gmt":"2022-02-26T23:53:37","guid":{"rendered":"https:\/\/nbcs.mx\/?p=102054"},"modified":"2022-02-26T16:54:32","modified_gmt":"2022-02-26T23:54:32","slug":"se-reunen-gobernadores-y-secretario-de-gobernacion-en-bcs","status":"publish","type":"post","link":"https:\/\/nbcs.mx\/?p=102054","title":{"rendered":"Se re\u00fanen gobernadores y secretario de gobernaci\u00f3n en BCS"},"content":{"rendered":"<p style=\"text-align: justify;\"><img loading=\"lazy\" decoding=\"async\" class=\" wp-image-102057 alignleft\" src=\"https:\/\/nbcs.mx\/wp-content\/uploads\/2022\/02\/FOTO8-BOLETIN-213_REUNION-MESA-DEL-PACIFICO-738x492.jpg\" alt=\"\" width=\"386\" height=\"257\" \/>La Paz, Baja California Sur.- Los gobernadores de Baja California, Baja California Sur, Sonora y representante de Sinaloa, se reunieron en la ciudad de La Paz para compartir experiencias y revisar avances de mesas de trabajo en materia de seguridad, turismo, agricultura, ganader\u00eda, acuacultura, as\u00ed como infraestructura y energ\u00eda.<\/p>\n<p style=\"text-align: justify;\">El Gobernador de Baja California Sur y anfitri\u00f3n, dio la bienvenida a sus hom\u00f3logos y representantes, al tiempo que habl\u00f3 de la importancia de estar unidos en busca de un desarrollo econ\u00f3mico y social, a trav\u00e9s de estrategias y decisiones colegiadas que mejoren la calidad de vida de los pobladores.<\/p>\n<p style=\"text-align: justify;\">En el mismo sentido, los convoc\u00f3 a continuar trabajando en la consolidaci\u00f3n de una agenda para el desarrollo sostenible de los Estados, teniendo como prioridad la generaci\u00f3n de mejores oportunidades en los distintos sectores como lo son el turismo, agua, pesca, agricultura, seguridad y salud.<\/p>\n<p style=\"text-align: justify;\"><img loading=\"lazy\" decoding=\"async\" class=\" wp-image-102055 aligncenter\" src=\"https:\/\/nbcs.mx\/wp-content\/uploads\/2022\/02\/FOTO3-BOLETIN-213_REUNION-MESA-DEL-PACIFICO-738x492.jpg\" alt=\"\" width=\"629\" height=\"419\" \/><\/p>\n<p style=\"text-align: justify;\">Asistiendo como invitado especial junto con la jefa de gobierno de la CDMX, el Secretario de Gobernaci\u00f3n, agradeci\u00f3 a oportunidad de ser testigo del inicio de los trabajo de esta mesa que promueve una nueva etapa en la integraci\u00f3n y el desarrollo regional del pa\u00eds. Destac\u00f3 que las y los gobernadores del Pac\u00edfico tienen plena identificaci\u00f3n con el proyecto nacional de transformaci\u00f3n que vive el pa\u00eds.<\/p>\n<p style=\"text-align: justify;\">Reconoci\u00f3 la iniciativa de invitar a la jefa de Gobierno de la Ciudad de M\u00e9xico para conocer la experiencia de combate a la inseguridad que se libra en la capital mexicana y su disposici\u00f3n de compartir estrategias con sus compa\u00f1eras y compa\u00f1eros gobernadores de la regi\u00f3n.<\/p>\n<p style=\"text-align: justify;\"><img loading=\"lazy\" decoding=\"async\" class=\" wp-image-102056 aligncenter\" src=\"https:\/\/nbcs.mx\/wp-content\/uploads\/2022\/02\/FOTO4-BOLETIN-213_REUNION-MESA-DEL-PACIFICO-738x492.jpg\" alt=\"\" width=\"597\" height=\"398\" \/><\/p>\n<p style=\"text-align: justify;\">A la reuni\u00f3n asistieron tambi\u00e9n, la gobernadora de Baja California, el mandatario de Sonora y un representante del Gobernador de Sinaloa; sobre el gobernante de Nayarit se present\u00f3 su disculpa, pues tiene la visita del Presidente de la Rep\u00fablica en su entidad.<\/p>\n<p style=\"text-align: justify;\">En rueda de prensa ofrecida desde la sede del encuentro, el gobernador\u00a0de Sonora, anunci\u00f3 que se buscan mecanismos adecuados para aprovechar el potencial tur\u00edstico de manera sustentable.<\/p>\n<p style=\"text-align: justify;\">Adem\u00e1s, precis\u00f3 que en temas de agricultura y acuacultura se privilegian las alternativas de crecimiento de dicho sector, por ejemplo, el impulso a la exportaci\u00f3n de sus productos.<\/p>\n<p style=\"text-align: justify;\">Por otra parte, la Gobernadora de Baja California, se manifest\u00f3 en el mismo sentido, manteniendo la uni\u00f3n y el trabajo en equipo entre los estados hermanos, a fin de continuar impulsando social y tur\u00edsticamente la regi\u00f3n del Golfo y Pac\u00edfico del pa\u00eds.<\/p>\n<p style=\"text-align: justify;\">El Gobernador de Sudcalifornia, agradeci\u00f3 la presencia de todos los mandatarios, de la misma manera dando apertura a los medios de comunicaci\u00f3n, misma que dar\u00e1 certeza a la ciudadan\u00eda para que est\u00e9 informada de lo importante de las mesas de trabajo del Pac\u00edfico.<\/p>\n<p style=\"text-align: justify;\">\n","protected":false},"excerpt":{"rendered":"<p>La Paz, Baja California Sur.- Los gobernadores de Baja California, Baja California Sur, Sonora y representante de Sinaloa, se reunieron<\/p>\n","protected":false},"author":1,"featured_media":0,"comment_status":"open","ping_status":"closed","sticky":false,"template":"","format":"standard","meta":{"colormag_page_container_layout":"default_layout","colormag_page_sidebar_layout":"default_layout","_jetpack_newsletter_access":"","_jetpack_dont_email_post_to_subs":false,"_jetpack_newsletter_tier_id":0,"_jetpack_memberships_contains_paywalled_content":false,"_jetpack_feature_clip_id":0,"_jetpack_memberships_contains_paid_content":false,"footnotes":"","jetpack_publicize_message":"","jetpack_publicize_feature_enabled":true,"jetpack_social_post_already_shared":true,"jetpack_social_options":{"image_generator_settings":{"template":"highway","default_image_id":0,"font":"","enabled":false},"version":2},"jetpack_post_was_ever_published":false},"categories":[1],"tags":[],"class_list":["post-102054","post","type-post","status-publish","format-standard","hentry","category-noticias"],"yoast_head":"<!-- This site is optimized with the Yoast SEO plugin v28.3 - https:\/\/yoast.com\/product\/yoast-seo-wordpress\/ -->\n<title>Se re\u00fanen gobernadores y secretario de gobernaci\u00f3n en BCS - NBCS Noticias<\/title>\n<meta name=\"robots\" content=\"index, follow, max-snippet:-1, max-image-preview:large, max-video-preview:-1\" \/>\n<link rel=\"canonical\" href=\"https:\/\/nbcs.mx\/?p=102054\" \/>\n<meta property=\"og:locale\" content=\"es_ES\" \/>\n<meta property=\"og:type\" content=\"article\" \/>\n<meta property=\"og:title\" content=\"Se re\u00fanen gobernadores y secretario de gobernaci\u00f3n en BCS - NBCS Noticias\" \/>\n<meta property=\"og:description\" content=\"La Paz, Baja California Sur.- Los gobernadores de Baja California, Baja California Sur, Sonora y representante de Sinaloa, se reunieron\" \/>\n<meta property=\"og:url\" content=\"https:\/\/nbcs.mx\/?p=102054\" \/>\n<meta property=\"og:site_name\" content=\"NBCS Noticias\" \/>\n<meta property=\"article:publisher\" content=\"https:\/\/www.facebook.com\/NBCSnoticias\" \/>\n<meta property=\"article:author\" content=\"https:\/\/www.facebook.com\/NBCSnoticias\" \/>\n<meta property=\"article:published_time\" content=\"2022-02-26T23:53:37+00:00\" \/>\n<meta property=\"article:modified_time\" content=\"2022-02-26T23:54:32+00:00\" \/>\n<meta property=\"og:image\" content=\"https:\/\/nbcs.mx\/wp-content\/uploads\/2022\/02\/FOTO3-BOLETIN-213_REUNION-MESA-DEL-PACIFICO.jpg\" \/>\n\t<meta property=\"og:image:width\" content=\"1024\" \/>\n\t<meta property=\"og:image:height\" content=\"683\" \/>\n\t<meta property=\"og:image:type\" content=\"image\/jpeg\" \/>\n<meta name=\"author\" content=\"NBCS Noticias\" \/>\n<meta name=\"twitter:card\" content=\"summary_large_image\" \/>\n<meta name=\"twitter:creator\" content=\"@https:\/\/twitter.com\/NBCSnoticias\" \/>\n<meta name=\"twitter:site\" content=\"@NBCSnoticias\" \/>\n<meta name=\"twitter:label1\" content=\"Escrito por\" \/>\n\t<meta name=\"twitter:data1\" content=\"NBCS Noticias\" \/>\n\t<meta name=\"twitter:label2\" content=\"Tiempo de lectura\" \/>\n\t<meta name=\"twitter:data2\" content=\"2 minutos\" \/>\n<script type=\"application\/ld+json\" class=\"yoast-schema-graph\">{\"@context\":\"https:\\\/\\\/schema.org\",\"@graph\":[{\"@type\":\"Article\",\"@id\":\"https:\\\/\\\/nbcs.mx\\\/?p=102054#article\",\"isPartOf\":{\"@id\":\"https:\\\/\\\/nbcs.mx\\\/?p=102054\"},\"author\":{\"name\":\"NBCS Noticias\",\"@id\":\"https:\\\/\\\/nbcs.mx\\\/#\\\/schema\\\/person\\\/ece58bab9a7c1e87a4d28ec9ecd79ff4\"},\"headline\":\"Se re\u00fanen gobernadores y secretario de gobernaci\u00f3n en BCS\",\"datePublished\":\"2022-02-26T23:53:37+00:00\",\"dateModified\":\"2022-02-26T23:54:32+00:00\",\"mainEntityOfPage\":{\"@id\":\"https:\\\/\\\/nbcs.mx\\\/?p=102054\"},\"wordCount\":485,\"commentCount\":0,\"publisher\":{\"@id\":\"https:\\\/\\\/nbcs.mx\\\/#organization\"},\"image\":{\"@id\":\"https:\\\/\\\/nbcs.mx\\\/?p=102054#primaryimage\"},\"thumbnailUrl\":\"https:\\\/\\\/nbcs.mx\\\/wp-content\\\/uploads\\\/2022\\\/02\\\/FOTO8-BOLETIN-213_REUNION-MESA-DEL-PACIFICO-738x492.jpg\",\"articleSection\":[\"Noticias\"],\"inLanguage\":\"es\",\"potentialAction\":[{\"@type\":\"CommentAction\",\"name\":\"Comment\",\"target\":[\"https:\\\/\\\/nbcs.mx\\\/?p=102054#respond\"]}]},{\"@type\":\"WebPage\",\"@id\":\"https:\\\/\\\/nbcs.mx\\\/?p=102054\",\"url\":\"https:\\\/\\\/nbcs.mx\\\/?p=102054\",\"name\":\"Se re\u00fanen gobernadores y secretario de gobernaci\u00f3n en BCS - NBCS Noticias\",\"isPartOf\":{\"@id\":\"https:\\\/\\\/nbcs.mx\\\/#website\"},\"primaryImageOfPage\":{\"@id\":\"https:\\\/\\\/nbcs.mx\\\/?p=102054#primaryimage\"},\"image\":{\"@id\":\"https:\\\/\\\/nbcs.mx\\\/?p=102054#primaryimage\"},\"thumbnailUrl\":\"https:\\\/\\\/nbcs.mx\\\/wp-content\\\/uploads\\\/2022\\\/02\\\/FOTO8-BOLETIN-213_REUNION-MESA-DEL-PACIFICO-738x492.jpg\",\"datePublished\":\"2022-02-26T23:53:37+00:00\",\"dateModified\":\"2022-02-26T23:54:32+00:00\",\"breadcrumb\":{\"@id\":\"https:\\\/\\\/nbcs.mx\\\/?p=102054#breadcrumb\"},\"inLanguage\":\"es\",\"potentialAction\":[{\"@type\":\"ReadAction\",\"target\":[\"https:\\\/\\\/nbcs.mx\\\/?p=102054\"]}]},{\"@type\":\"ImageObject\",\"inLanguage\":\"es\",\"@id\":\"https:\\\/\\\/nbcs.mx\\\/?p=102054#primaryimage\",\"url\":\"https:\\\/\\\/nbcs.mx\\\/wp-content\\\/uploads\\\/2022\\\/02\\\/FOTO8-BOLETIN-213_REUNION-MESA-DEL-PACIFICO-738x492.jpg\",\"contentUrl\":\"https:\\\/\\\/nbcs.mx\\\/wp-content\\\/uploads\\\/2022\\\/02\\\/FOTO8-BOLETIN-213_REUNION-MESA-DEL-PACIFICO-738x492.jpg\"},{\"@type\":\"BreadcrumbList\",\"@id\":\"https:\\\/\\\/nbcs.mx\\\/?p=102054#breadcrumb\",\"itemListElement\":[{\"@type\":\"ListItem\",\"position\":1,\"name\":\"Portada\",\"item\":\"https:\\\/\\\/nbcs.mx\\\/\"},{\"@type\":\"ListItem\",\"position\":2,\"name\":\"Se re\u00fanen gobernadores y secretario de gobernaci\u00f3n en BCS\"}]},{\"@type\":\"WebSite\",\"@id\":\"https:\\\/\\\/nbcs.mx\\\/#website\",\"url\":\"https:\\\/\\\/nbcs.mx\\\/\",\"name\":\"NBCS Noticias\",\"description\":\"Sitio web de noticias en Baja California Sur\",\"publisher\":{\"@id\":\"https:\\\/\\\/nbcs.mx\\\/#organization\"},\"potentialAction\":[{\"@type\":\"SearchAction\",\"target\":{\"@type\":\"EntryPoint\",\"urlTemplate\":\"https:\\\/\\\/nbcs.mx\\\/?s={search_term_string}\"},\"query-input\":{\"@type\":\"PropertyValueSpecification\",\"valueRequired\":true,\"valueName\":\"search_term_string\"}}],\"inLanguage\":\"es\"},{\"@type\":\"Organization\",\"@id\":\"https:\\\/\\\/nbcs.mx\\\/#organization\",\"name\":\"NBCS Noticias\",\"url\":\"https:\\\/\\\/nbcs.mx\\\/\",\"logo\":{\"@type\":\"ImageObject\",\"inLanguage\":\"es\",\"@id\":\"https:\\\/\\\/nbcs.mx\\\/#\\\/schema\\\/logo\\\/image\\\/\",\"url\":\"https:\\\/\\\/nbcs.mx\\\/wp-content\\\/uploads\\\/2018\\\/09\\\/057b69485e93575a5c2b1c1dde2dd297.jpeg\",\"contentUrl\":\"https:\\\/\\\/nbcs.mx\\\/wp-content\\\/uploads\\\/2018\\\/09\\\/057b69485e93575a5c2b1c1dde2dd297.jpeg\",\"width\":64,\"height\":64,\"caption\":\"NBCS Noticias\"},\"image\":{\"@id\":\"https:\\\/\\\/nbcs.mx\\\/#\\\/schema\\\/logo\\\/image\\\/\"},\"sameAs\":[\"https:\\\/\\\/www.facebook.com\\\/NBCSnoticias\",\"https:\\\/\\\/x.com\\\/NBCSnoticias\"]},{\"@type\":\"Person\",\"@id\":\"https:\\\/\\\/nbcs.mx\\\/#\\\/schema\\\/person\\\/ece58bab9a7c1e87a4d28ec9ecd79ff4\",\"name\":\"NBCS Noticias\",\"image\":{\"@type\":\"ImageObject\",\"inLanguage\":\"es\",\"@id\":\"https:\\\/\\\/secure.gravatar.com\\\/avatar\\\/4e52110cad1c4054b43271a0d14bbe9e2ea76aecd0e1097edfc670798d9ca1d4?s=96&d=blank&r=g\",\"url\":\"https:\\\/\\\/secure.gravatar.com\\\/avatar\\\/4e52110cad1c4054b43271a0d14bbe9e2ea76aecd0e1097edfc670798d9ca1d4?s=96&d=blank&r=g\",\"contentUrl\":\"https:\\\/\\\/secure.gravatar.com\\\/avatar\\\/4e52110cad1c4054b43271a0d14bbe9e2ea76aecd0e1097edfc670798d9ca1d4?s=96&d=blank&r=g\",\"caption\":\"NBCS Noticias\"},\"description\":\"\u00bfTienes fotos o video de alg\u00fan acto de posible negligencia, corrupci\u00f3n y abuso de autoridad? M\u00e1ndalo al WhatsApp de NBCS Noticias: 612 141 98 08\",\"sameAs\":[\"https:\\\/\\\/www.nbcs.mx\",\"https:\\\/\\\/www.facebook.com\\\/NBCSnoticias\",\"https:\\\/\\\/www.instagram.com\\\/nbcsnoticias\\\/\",\"https:\\\/\\\/x.com\\\/https:\\\/\\\/twitter.com\\\/NBCSnoticias\"]}]}<\/script>\n<!-- \/ Yoast SEO plugin. -->","yoast_head_json":{"title":"Se re\u00fanen gobernadores y secretario de gobernaci\u00f3n en BCS - NBCS Noticias","robots":{"index":"index","follow":"follow","max-snippet":"max-snippet:-1","max-image-preview":"max-image-preview:large","max-video-preview":"max-video-preview:-1"},"canonical":"https:\/\/nbcs.mx\/?p=102054","og_locale":"es_ES","og_type":"article","og_title":"Se re\u00fanen gobernadores y secretario de gobernaci\u00f3n en BCS - NBCS Noticias","og_description":"La Paz, Baja California Sur.- Los gobernadores de Baja California, Baja California Sur, Sonora y representante de Sinaloa, se reunieron","og_url":"https:\/\/nbcs.mx\/?p=102054","og_site_name":"NBCS Noticias","article_publisher":"https:\/\/www.facebook.com\/NBCSnoticias","article_author":"https:\/\/www.facebook.com\/NBCSnoticias","article_published_time":"2022-02-26T23:53:37+00:00","article_modified_time":"2022-02-26T23:54:32+00:00","og_image":[{"width":1024,"height":683,"url":"https:\/\/nbcs.mx\/wp-content\/uploads\/2022\/02\/FOTO3-BOLETIN-213_REUNION-MESA-DEL-PACIFICO.jpg","type":"image\/jpeg"}],"author":"NBCS Noticias","twitter_card":"summary_large_image","twitter_creator":"@https:\/\/twitter.com\/NBCSnoticias","twitter_site":"@NBCSnoticias","twitter_misc":{"Escrito por":"NBCS Noticias","Tiempo de lectura":"2 minutos"},"schema":{"@context":"https:\/\/schema.org","@graph":[{"@type":"Article","@id":"https:\/\/nbcs.mx\/?p=102054#article","isPartOf":{"@id":"https:\/\/nbcs.mx\/?p=102054"},"author":{"name":"NBCS Noticias","@id":"https:\/\/nbcs.mx\/#\/schema\/person\/ece58bab9a7c1e87a4d28ec9ecd79ff4"},"headline":"Se re\u00fanen gobernadores y secretario de gobernaci\u00f3n en BCS","datePublished":"2022-02-26T23:53:37+00:00","dateModified":"2022-02-26T23:54:32+00:00","mainEntityOfPage":{"@id":"https:\/\/nbcs.mx\/?p=102054"},"wordCount":485,"commentCount":0,"publisher":{"@id":"https:\/\/nbcs.mx\/#organization"},"image":{"@id":"https:\/\/nbcs.mx\/?p=102054#primaryimage"},"thumbnailUrl":"https:\/\/nbcs.mx\/wp-content\/uploads\/2022\/02\/FOTO8-BOLETIN-213_REUNION-MESA-DEL-PACIFICO-738x492.jpg","articleSection":["Noticias"],"inLanguage":"es","potentialAction":[{"@type":"CommentAction","name":"Comment","target":["https:\/\/nbcs.mx\/?p=102054#respond"]}]},{"@type":"WebPage","@id":"https:\/\/nbcs.mx\/?p=102054","url":"https:\/\/nbcs.mx\/?p=102054","name":"Se re\u00fanen gobernadores y secretario de gobernaci\u00f3n en BCS - NBCS Noticias","isPartOf":{"@id":"https:\/\/nbcs.mx\/#website"},"primaryImageOfPage":{"@id":"https:\/\/nbcs.mx\/?p=102054#primaryimage"},"image":{"@id":"https:\/\/nbcs.mx\/?p=102054#primaryimage"},"thumbnailUrl":"https:\/\/nbcs.mx\/wp-content\/uploads\/2022\/02\/FOTO8-BOLETIN-213_REUNION-MESA-DEL-PACIFICO-738x492.jpg","datePublished":"2022-02-26T23:53:37+00:00","dateModified":"2022-02-26T23:54:32+00:00","breadcrumb":{"@id":"https:\/\/nbcs.mx\/?p=102054#breadcrumb"},"inLanguage":"es","potentialAction":[{"@type":"ReadAction","target":["https:\/\/nbcs.mx\/?p=102054"]}]},{"@type":"ImageObject","inLanguage":"es","@id":"https:\/\/nbcs.mx\/?p=102054#primaryimage","url":"https:\/\/nbcs.mx\/wp-content\/uploads\/2022\/02\/FOTO8-BOLETIN-213_REUNION-MESA-DEL-PACIFICO-738x492.jpg","contentUrl":"https:\/\/nbcs.mx\/wp-content\/uploads\/2022\/02\/FOTO8-BOLETIN-213_REUNION-MESA-DEL-PACIFICO-738x492.jpg"},{"@type":"BreadcrumbList","@id":"https:\/\/nbcs.mx\/?p=102054#breadcrumb","itemListElement":[{"@type":"ListItem","position":1,"name":"Portada","item":"https:\/\/nbcs.mx\/"},{"@type":"ListItem","position":2,"name":"Se re\u00fanen gobernadores y secretario de gobernaci\u00f3n en BCS"}]},{"@type":"WebSite","@id":"https:\/\/nbcs.mx\/#website","url":"https:\/\/nbcs.mx\/","name":"NBCS Noticias","description":"Sitio web de noticias en Baja California Sur","publisher":{"@id":"https:\/\/nbcs.mx\/#organization"},"potentialAction":[{"@type":"SearchAction","target":{"@type":"EntryPoint","urlTemplate":"https:\/\/nbcs.mx\/?s={search_term_string}"},"query-input":{"@type":"PropertyValueSpecification","valueRequired":true,"valueName":"search_term_string"}}],"inLanguage":"es"},{"@type":"Organization","@id":"https:\/\/nbcs.mx\/#organization","name":"NBCS Noticias","url":"https:\/\/nbcs.mx\/","logo":{"@type":"ImageObject","inLanguage":"es","@id":"https:\/\/nbcs.mx\/#\/schema\/logo\/image\/","url":"https:\/\/nbcs.mx\/wp-content\/uploads\/2018\/09\/057b69485e93575a5c2b1c1dde2dd297.jpeg","contentUrl":"https:\/\/nbcs.mx\/wp-content\/uploads\/2018\/09\/057b69485e93575a5c2b1c1dde2dd297.jpeg","width":64,"height":64,"caption":"NBCS Noticias"},"image":{"@id":"https:\/\/nbcs.mx\/#\/schema\/logo\/image\/"},"sameAs":["https:\/\/www.facebook.com\/NBCSnoticias","https:\/\/x.com\/NBCSnoticias"]},{"@type":"Person","@id":"https:\/\/nbcs.mx\/#\/schema\/person\/ece58bab9a7c1e87a4d28ec9ecd79ff4","name":"NBCS Noticias","image":{"@type":"ImageObject","inLanguage":"es","@id":"https:\/\/secure.gravatar.com\/avatar\/4e52110cad1c4054b43271a0d14bbe9e2ea76aecd0e1097edfc670798d9ca1d4?s=96&d=blank&r=g","url":"https:\/\/secure.gravatar.com\/avatar\/4e52110cad1c4054b43271a0d14bbe9e2ea76aecd0e1097edfc670798d9ca1d4?s=96&d=blank&r=g","contentUrl":"https:\/\/secure.gravatar.com\/avatar\/4e52110cad1c4054b43271a0d14bbe9e2ea76aecd0e1097edfc670798d9ca1d4?s=96&d=blank&r=g","caption":"NBCS Noticias"},"description":"\u00bfTienes fotos o video de alg\u00fan acto de posible negligencia, corrupci\u00f3n y abuso de autoridad? M\u00e1ndalo al WhatsApp de NBCS Noticias: 612 141 98 08","sameAs":["https:\/\/www.nbcs.mx","https:\/\/www.facebook.com\/NBCSnoticias","https:\/\/www.instagram.com\/nbcsnoticias\/","https:\/\/x.com\/https:\/\/twitter.com\/NBCSnoticias"]}]}},"jetpack_publicize_connections":[],"jetpack_sharing_enabled":true,"jetpack_featured_media_url":"","_links":{"self":[{"href":"https:\/\/nbcs.mx\/index.php?rest_route=\/wp\/v2\/posts\/102054","targetHints":{"allow":["GET"]}}],"collection":[{"href":"https:\/\/nbcs.mx\/index.php?rest_route=\/wp\/v2\/posts"}],"about":[{"href":"https:\/\/nbcs.mx\/index.php?rest_route=\/wp\/v2\/types\/post"}],"author":[{"embeddable":true,"href":"https:\/\/nbcs.mx\/index.php?rest_route=\/wp\/v2\/users\/1"}],"replies":[{"embeddable":true,"href":"https:\/\/nbcs.mx\/index.php?rest_route=%2Fwp%2Fv2%2Fcomments&post=102054"}],"version-history":[{"count":2,"href":"https:\/\/nbcs.mx\/index.php?rest_route=\/wp\/v2\/posts\/102054\/revisions"}],"predecessor-version":[{"id":102059,"href":"https:\/\/nbcs.mx\/index.php?rest_route=\/wp\/v2\/posts\/102054\/revisions\/102059"}],"wp:attachment":[{"href":"https:\/\/nbcs.mx\/index.php?rest_route=%2Fwp%2Fv2%2Fmedia&parent=102054"}],"wp:term":[{"taxonomy":"category","embeddable":true,"href":"https:\/\/nbcs.mx\/index.php?rest_route=%2Fwp%2Fv2%2Fcategories&post=102054"},{"taxonomy":"post_tag","embeddable":true,"href":"https:\/\/nbcs.mx\/index.php?rest_route=%2Fwp%2Fv2%2Ftags&post=102054"}],"curies":[{"name":"wp","href":"https:\/\/api.w.org\/{rel}","templated":true}]}}