{"id":102073,"date":"2022-02-27T14:12:41","date_gmt":"2022-02-27T21:12:41","guid":{"rendered":"https:\/\/nbcs.mx\/?p=102073"},"modified":"2022-02-27T14:12:41","modified_gmt":"2022-02-27T21:12:41","slug":"egresan-290-estudiantes-de-los-campus-la-paz-y-los-cabos-de-la-uabcs","status":"publish","type":"post","link":"https:\/\/nbcs.mx\/?p=102073","title":{"rendered":"Egresan 290 estudiantes de los campus La Paz y Los Cabos de la UABCS"},"content":{"rendered":"<p style=\"font-weight: 400; text-align: justify;\"><img loading=\"lazy\" decoding=\"async\" class=\" wp-image-102074 alignleft\" src=\"https:\/\/nbcs.mx\/wp-content\/uploads\/2022\/02\/Graduacion-UABCS-2022-1-2-738x492.jpg\" alt=\"\" width=\"398\" height=\"265\" \/>La Paz, Baja California Sur.- \u201cDespu\u00e9s de a\u00f1os de estudio, una generaci\u00f3n m\u00e1s cierra un ciclo trascendente a nivel personal y social, representando un punto de inflexi\u00f3n en sus vidas y en la de quienes los acompa\u00f1aron en esta empresa\u201d, sostuvo el rector de la Universidad Aut\u00f3noma de Baja California Sur, Dr. Dante Salgado Gonz\u00e1lez, al presidir el ciclo de ceremonias de graduaci\u00f3n del Campus La Paz y Los Cabos, evento virtual que cont\u00f3 con la distinguida participaci\u00f3n del gobernador V\u00edctor Manuel Castro Cos\u00edo.<\/p>\n<p style=\"font-weight: 400; text-align: justify;\">En el acto protocolario, egresaron 290 estudiantes de las carreras de Biolog\u00eda Marina, Acuacultura, Fuentes de Energ\u00eda Renovables, Pesquer\u00edas, Prevenci\u00f3n de Desastres y Protecci\u00f3n Civil, Agronom\u00eda, Desarrollo de Software, Tecnolog\u00eda Computacional, Administraci\u00f3n de Tecnolog\u00edas de la Informaci\u00f3n y Derecho, pertenecientes a la generaci\u00f3n 2017-2021.<\/p>\n<p style=\"font-weight: 400; text-align: justify;\">En su mensaje, el rector asegur\u00f3 que este nuevo grupo, pasa a formar parte de un conjunto de mexicanas y mexicanos que han podido, con esfuerzo, disciplina y tenacidad, cumplir una meta que les permitir\u00e1 forjarse oportunidades y servir a la comunidad que les otorga plena confianza.<\/p>\n<p style=\"font-weight: 400; text-align: justify;\">\u201cSon un ejemplo para las siguientes generaciones, pues tendr\u00e1n la oportunidad de consolidar los altos valores que entra\u00f1a la condici\u00f3n de universitarias y universitarios que es conducirse con los m\u00e1s altos est\u00e1ndares \u00e9ticos mirando siempre por los que menos tienen. \u00c9sa es la verdadera misi\u00f3n que la sociedad les confiere a trav\u00e9s de la universidad\u201d, detall\u00f3.<\/p>\n<p style=\"font-weight: 400; text-align: justify;\">Asimismo, de acuerdo con el rector, esta generaci\u00f3n tuvo que adaptarse, a toda velocidad, a circunstancias in\u00e9ditas, experiencia que m\u00e1s all\u00e1 de lo dif\u00edcil que ha resultado, debe servir para hacerlos mejores seres humanos y a enfrentar los retos con esperanza y disciplina, pues tienen un largo y luminoso futuro.<\/p>\n<p style=\"font-weight: 400; text-align: justify;\">Teniendo como base este contexto, el Dr. Dante Salgado les reconoci\u00f3 su gran contribuci\u00f3n, al igual que de sus familias y el resto de la comunidad universitaria, para que se mantuvieran en todo momento las actividades, adapt\u00e1ndose, no sin dificultades, a las condiciones para concluir sus estudios.<\/p>\n<p style=\"font-weight: 400; text-align: justify;\">Posteriormente, el gobernador constitucional de Baja California Sur, Profesor V\u00edctor Manuel Castro Cos\u00edo, hizo uso de la voz para celebrar este hecho, que resume el esfuerzo de muchas personas y debe servir de base para que este grupo se siga superando.<\/p>\n<p style=\"font-weight: 400; text-align: justify;\">En este sentido, los llam\u00f3 a trabajar por M\u00e9xico, su estado y su universidad, aprovechando todas las herramientas que les fueron transmitidas durante su estad\u00eda en la casa de estudios sudcaliforniana.<\/p>\n<p style=\"font-weight: 400; text-align: justify;\">A nombre de sus compa\u00f1eros de generaci\u00f3n, Rebeca Isabel Olague Ag\u00fandez, egresada de Ingenier\u00eda en Pesquer\u00edas, reflexion\u00f3 en su discurso sobre los momentos que compartieron durante esta etapa, agradeciendo a docentes, familia, amigos y colegas de carrera.<\/p>\n<p style=\"font-weight: 400; text-align: justify;\">Mencion\u00f3 que todas estas personas, con peque\u00f1as o grandes acciones, y tal vez sin saberlo, les impulsaron a no rendirse; a seguirnos esforzando d\u00eda con d\u00eda para lograr cumplir lo que alguna vez un sue\u00f1o y finalmente se vuelve realidad.<\/p>\n<p style=\"font-weight: 400; text-align: justify;\">Pero sobre todo, reconoci\u00f3 el esfuerzo de sus compa\u00f1eros de generaci\u00f3n, qui\u00e9nes a pesar de la modalidad virtual a la que tuvieron que adaptarse ante la pandemia, lograron concluir con \u00e9xito su formaci\u00f3n universitaria.<\/p>\n<p style=\"font-weight: 400; text-align: justify;\">\u201cSoy consciente de que est\u00e9 logr\u00f3 es solamente el primer paso de un largo camino que nos queda por recorrer, pero conf\u00edo plenamente en que tenemos las herramientas necesarias para hacer frente a todo lo que est\u00e1 por venir, y sea cual sea el camino que tomemos, nos esforzaremos al m\u00e1ximo para cumplir nuestros prop\u00f3sitos, pues la universidad nos hizo madurar y cambio nuestra forma de ver el mundo, formando personas con ganas de hacer aportaciones que hagan mejorar la sociedad\u201d.<\/p>\n","protected":false},"excerpt":{"rendered":"<p>La Paz, Baja California Sur.- \u201cDespu\u00e9s de a\u00f1os de estudio, una generaci\u00f3n m\u00e1s cierra un ciclo trascendente a nivel personal<\/p>\n","protected":false},"author":1,"featured_media":0,"comment_status":"open","ping_status":"closed","sticky":false,"template":"","format":"standard","meta":{"colormag_page_container_layout":"default_layout","colormag_page_sidebar_layout":"default_layout","_jetpack_memberships_contains_paid_content":false,"footnotes":"","jetpack_publicize_message":"","jetpack_publicize_feature_enabled":true,"jetpack_social_post_already_shared":true,"jetpack_social_options":{"image_generator_settings":{"template":"highway","default_image_id":0,"font":"","enabled":false},"version":2}},"categories":[1],"tags":[],"class_list":["post-102073","post","type-post","status-publish","format-standard","hentry","category-noticias"],"yoast_head":"<!-- This site is optimized with the Yoast SEO plugin v27.5 - https:\/\/yoast.com\/product\/yoast-seo-wordpress\/ -->\n<title>Egresan 290 estudiantes de los campus La Paz y Los Cabos de la UABCS - NBCS Noticias<\/title>\n<meta name=\"robots\" content=\"index, follow, max-snippet:-1, max-image-preview:large, max-video-preview:-1\" \/>\n<link rel=\"canonical\" href=\"https:\/\/nbcs.mx\/?p=102073\" \/>\n<meta property=\"og:locale\" content=\"es_ES\" \/>\n<meta property=\"og:type\" content=\"article\" \/>\n<meta property=\"og:title\" content=\"Egresan 290 estudiantes de los campus La Paz y Los Cabos de la UABCS - NBCS Noticias\" \/>\n<meta property=\"og:description\" content=\"La Paz, Baja California Sur.- \u201cDespu\u00e9s de a\u00f1os de estudio, una generaci\u00f3n m\u00e1s cierra un ciclo trascendente a nivel personal\" \/>\n<meta property=\"og:url\" content=\"https:\/\/nbcs.mx\/?p=102073\" \/>\n<meta property=\"og:site_name\" content=\"NBCS Noticias\" \/>\n<meta property=\"article:publisher\" content=\"https:\/\/www.facebook.com\/NBCSnoticias\" \/>\n<meta property=\"article:author\" content=\"https:\/\/www.facebook.com\/NBCSnoticias\" \/>\n<meta property=\"article:published_time\" content=\"2022-02-27T21:12:41+00:00\" \/>\n<meta property=\"og:image\" content=\"https:\/\/nbcs.mx\/wp-content\/uploads\/2022\/02\/Graduacion-UABCS-2022-1-2.jpg\" \/>\n\t<meta property=\"og:image:width\" content=\"1024\" \/>\n\t<meta property=\"og:image:height\" content=\"683\" \/>\n\t<meta property=\"og:image:type\" content=\"image\/jpeg\" \/>\n<meta name=\"author\" content=\"NBCS Noticias\" \/>\n<meta name=\"twitter:card\" content=\"summary_large_image\" \/>\n<meta name=\"twitter:creator\" content=\"@https:\/\/twitter.com\/NBCSnoticias\" \/>\n<meta name=\"twitter:site\" content=\"@NBCSnoticias\" \/>\n<meta name=\"twitter:label1\" content=\"Escrito por\" \/>\n\t<meta name=\"twitter:data1\" content=\"NBCS Noticias\" \/>\n\t<meta name=\"twitter:label2\" content=\"Tiempo de lectura\" \/>\n\t<meta name=\"twitter:data2\" content=\"3 minutos\" \/>\n<script type=\"application\/ld+json\" class=\"yoast-schema-graph\">{\"@context\":\"https:\\\/\\\/schema.org\",\"@graph\":[{\"@type\":\"Article\",\"@id\":\"https:\\\/\\\/nbcs.mx\\\/?p=102073#article\",\"isPartOf\":{\"@id\":\"https:\\\/\\\/nbcs.mx\\\/?p=102073\"},\"author\":{\"name\":\"NBCS Noticias\",\"@id\":\"https:\\\/\\\/nbcs.mx\\\/#\\\/schema\\\/person\\\/ece58bab9a7c1e87a4d28ec9ecd79ff4\"},\"headline\":\"Egresan 290 estudiantes de los campus La Paz y Los Cabos de la UABCS\",\"datePublished\":\"2022-02-27T21:12:41+00:00\",\"mainEntityOfPage\":{\"@id\":\"https:\\\/\\\/nbcs.mx\\\/?p=102073\"},\"wordCount\":661,\"commentCount\":0,\"publisher\":{\"@id\":\"https:\\\/\\\/nbcs.mx\\\/#organization\"},\"image\":{\"@id\":\"https:\\\/\\\/nbcs.mx\\\/?p=102073#primaryimage\"},\"thumbnailUrl\":\"https:\\\/\\\/nbcs.mx\\\/wp-content\\\/uploads\\\/2022\\\/02\\\/Graduacion-UABCS-2022-1-2-738x492.jpg\",\"articleSection\":[\"Noticias\"],\"inLanguage\":\"es\",\"potentialAction\":[{\"@type\":\"CommentAction\",\"name\":\"Comment\",\"target\":[\"https:\\\/\\\/nbcs.mx\\\/?p=102073#respond\"]}]},{\"@type\":\"WebPage\",\"@id\":\"https:\\\/\\\/nbcs.mx\\\/?p=102073\",\"url\":\"https:\\\/\\\/nbcs.mx\\\/?p=102073\",\"name\":\"Egresan 290 estudiantes de los campus La Paz y Los Cabos de la UABCS - NBCS Noticias\",\"isPartOf\":{\"@id\":\"https:\\\/\\\/nbcs.mx\\\/#website\"},\"primaryImageOfPage\":{\"@id\":\"https:\\\/\\\/nbcs.mx\\\/?p=102073#primaryimage\"},\"image\":{\"@id\":\"https:\\\/\\\/nbcs.mx\\\/?p=102073#primaryimage\"},\"thumbnailUrl\":\"https:\\\/\\\/nbcs.mx\\\/wp-content\\\/uploads\\\/2022\\\/02\\\/Graduacion-UABCS-2022-1-2-738x492.jpg\",\"datePublished\":\"2022-02-27T21:12:41+00:00\",\"breadcrumb\":{\"@id\":\"https:\\\/\\\/nbcs.mx\\\/?p=102073#breadcrumb\"},\"inLanguage\":\"es\",\"potentialAction\":[{\"@type\":\"ReadAction\",\"target\":[\"https:\\\/\\\/nbcs.mx\\\/?p=102073\"]}]},{\"@type\":\"ImageObject\",\"inLanguage\":\"es\",\"@id\":\"https:\\\/\\\/nbcs.mx\\\/?p=102073#primaryimage\",\"url\":\"https:\\\/\\\/nbcs.mx\\\/wp-content\\\/uploads\\\/2022\\\/02\\\/Graduacion-UABCS-2022-1-2-738x492.jpg\",\"contentUrl\":\"https:\\\/\\\/nbcs.mx\\\/wp-content\\\/uploads\\\/2022\\\/02\\\/Graduacion-UABCS-2022-1-2-738x492.jpg\"},{\"@type\":\"BreadcrumbList\",\"@id\":\"https:\\\/\\\/nbcs.mx\\\/?p=102073#breadcrumb\",\"itemListElement\":[{\"@type\":\"ListItem\",\"position\":1,\"name\":\"Portada\",\"item\":\"https:\\\/\\\/nbcs.mx\\\/\"},{\"@type\":\"ListItem\",\"position\":2,\"name\":\"Egresan 290 estudiantes de los campus La Paz y Los Cabos de la UABCS\"}]},{\"@type\":\"WebSite\",\"@id\":\"https:\\\/\\\/nbcs.mx\\\/#website\",\"url\":\"https:\\\/\\\/nbcs.mx\\\/\",\"name\":\"NBCS Noticias\",\"description\":\"Sitio web de noticias en Baja California Sur\",\"publisher\":{\"@id\":\"https:\\\/\\\/nbcs.mx\\\/#organization\"},\"potentialAction\":[{\"@type\":\"SearchAction\",\"target\":{\"@type\":\"EntryPoint\",\"urlTemplate\":\"https:\\\/\\\/nbcs.mx\\\/?s={search_term_string}\"},\"query-input\":{\"@type\":\"PropertyValueSpecification\",\"valueRequired\":true,\"valueName\":\"search_term_string\"}}],\"inLanguage\":\"es\"},{\"@type\":\"Organization\",\"@id\":\"https:\\\/\\\/nbcs.mx\\\/#organization\",\"name\":\"NBCS Noticias\",\"url\":\"https:\\\/\\\/nbcs.mx\\\/\",\"logo\":{\"@type\":\"ImageObject\",\"inLanguage\":\"es\",\"@id\":\"https:\\\/\\\/nbcs.mx\\\/#\\\/schema\\\/logo\\\/image\\\/\",\"url\":\"https:\\\/\\\/nbcs.mx\\\/wp-content\\\/uploads\\\/2018\\\/09\\\/057b69485e93575a5c2b1c1dde2dd297.jpeg\",\"contentUrl\":\"https:\\\/\\\/nbcs.mx\\\/wp-content\\\/uploads\\\/2018\\\/09\\\/057b69485e93575a5c2b1c1dde2dd297.jpeg\",\"width\":64,\"height\":64,\"caption\":\"NBCS Noticias\"},\"image\":{\"@id\":\"https:\\\/\\\/nbcs.mx\\\/#\\\/schema\\\/logo\\\/image\\\/\"},\"sameAs\":[\"https:\\\/\\\/www.facebook.com\\\/NBCSnoticias\",\"https:\\\/\\\/x.com\\\/NBCSnoticias\"]},{\"@type\":\"Person\",\"@id\":\"https:\\\/\\\/nbcs.mx\\\/#\\\/schema\\\/person\\\/ece58bab9a7c1e87a4d28ec9ecd79ff4\",\"name\":\"NBCS Noticias\",\"image\":{\"@type\":\"ImageObject\",\"inLanguage\":\"es\",\"@id\":\"https:\\\/\\\/secure.gravatar.com\\\/avatar\\\/4e52110cad1c4054b43271a0d14bbe9e2ea76aecd0e1097edfc670798d9ca1d4?s=96&d=blank&r=g\",\"url\":\"https:\\\/\\\/secure.gravatar.com\\\/avatar\\\/4e52110cad1c4054b43271a0d14bbe9e2ea76aecd0e1097edfc670798d9ca1d4?s=96&d=blank&r=g\",\"contentUrl\":\"https:\\\/\\\/secure.gravatar.com\\\/avatar\\\/4e52110cad1c4054b43271a0d14bbe9e2ea76aecd0e1097edfc670798d9ca1d4?s=96&d=blank&r=g\",\"caption\":\"NBCS Noticias\"},\"description\":\"\u00bfTienes fotos o video de alg\u00fan acto de posible negligencia, corrupci\u00f3n y abuso de autoridad? M\u00e1ndalo al WhatsApp de NBCS Noticias: 612 141 98 08\",\"sameAs\":[\"https:\\\/\\\/www.nbcs.mx\",\"https:\\\/\\\/www.facebook.com\\\/NBCSnoticias\",\"https:\\\/\\\/www.instagram.com\\\/nbcsnoticias\\\/\",\"https:\\\/\\\/x.com\\\/https:\\\/\\\/twitter.com\\\/NBCSnoticias\"]}]}<\/script>\n<!-- \/ Yoast SEO plugin. -->","yoast_head_json":{"title":"Egresan 290 estudiantes de los campus La Paz y Los Cabos de la UABCS - NBCS Noticias","robots":{"index":"index","follow":"follow","max-snippet":"max-snippet:-1","max-image-preview":"max-image-preview:large","max-video-preview":"max-video-preview:-1"},"canonical":"https:\/\/nbcs.mx\/?p=102073","og_locale":"es_ES","og_type":"article","og_title":"Egresan 290 estudiantes de los campus La Paz y Los Cabos de la UABCS - NBCS Noticias","og_description":"La Paz, Baja California Sur.- \u201cDespu\u00e9s de a\u00f1os de estudio, una generaci\u00f3n m\u00e1s cierra un ciclo trascendente a nivel personal","og_url":"https:\/\/nbcs.mx\/?p=102073","og_site_name":"NBCS Noticias","article_publisher":"https:\/\/www.facebook.com\/NBCSnoticias","article_author":"https:\/\/www.facebook.com\/NBCSnoticias","article_published_time":"2022-02-27T21:12:41+00:00","og_image":[{"width":1024,"height":683,"url":"https:\/\/nbcs.mx\/wp-content\/uploads\/2022\/02\/Graduacion-UABCS-2022-1-2.jpg","type":"image\/jpeg"}],"author":"NBCS Noticias","twitter_card":"summary_large_image","twitter_creator":"@https:\/\/twitter.com\/NBCSnoticias","twitter_site":"@NBCSnoticias","twitter_misc":{"Escrito por":"NBCS Noticias","Tiempo de lectura":"3 minutos"},"schema":{"@context":"https:\/\/schema.org","@graph":[{"@type":"Article","@id":"https:\/\/nbcs.mx\/?p=102073#article","isPartOf":{"@id":"https:\/\/nbcs.mx\/?p=102073"},"author":{"name":"NBCS Noticias","@id":"https:\/\/nbcs.mx\/#\/schema\/person\/ece58bab9a7c1e87a4d28ec9ecd79ff4"},"headline":"Egresan 290 estudiantes de los campus La Paz y Los Cabos de la UABCS","datePublished":"2022-02-27T21:12:41+00:00","mainEntityOfPage":{"@id":"https:\/\/nbcs.mx\/?p=102073"},"wordCount":661,"commentCount":0,"publisher":{"@id":"https:\/\/nbcs.mx\/#organization"},"image":{"@id":"https:\/\/nbcs.mx\/?p=102073#primaryimage"},"thumbnailUrl":"https:\/\/nbcs.mx\/wp-content\/uploads\/2022\/02\/Graduacion-UABCS-2022-1-2-738x492.jpg","articleSection":["Noticias"],"inLanguage":"es","potentialAction":[{"@type":"CommentAction","name":"Comment","target":["https:\/\/nbcs.mx\/?p=102073#respond"]}]},{"@type":"WebPage","@id":"https:\/\/nbcs.mx\/?p=102073","url":"https:\/\/nbcs.mx\/?p=102073","name":"Egresan 290 estudiantes de los campus La Paz y Los Cabos de la UABCS - NBCS Noticias","isPartOf":{"@id":"https:\/\/nbcs.mx\/#website"},"primaryImageOfPage":{"@id":"https:\/\/nbcs.mx\/?p=102073#primaryimage"},"image":{"@id":"https:\/\/nbcs.mx\/?p=102073#primaryimage"},"thumbnailUrl":"https:\/\/nbcs.mx\/wp-content\/uploads\/2022\/02\/Graduacion-UABCS-2022-1-2-738x492.jpg","datePublished":"2022-02-27T21:12:41+00:00","breadcrumb":{"@id":"https:\/\/nbcs.mx\/?p=102073#breadcrumb"},"inLanguage":"es","potentialAction":[{"@type":"ReadAction","target":["https:\/\/nbcs.mx\/?p=102073"]}]},{"@type":"ImageObject","inLanguage":"es","@id":"https:\/\/nbcs.mx\/?p=102073#primaryimage","url":"https:\/\/nbcs.mx\/wp-content\/uploads\/2022\/02\/Graduacion-UABCS-2022-1-2-738x492.jpg","contentUrl":"https:\/\/nbcs.mx\/wp-content\/uploads\/2022\/02\/Graduacion-UABCS-2022-1-2-738x492.jpg"},{"@type":"BreadcrumbList","@id":"https:\/\/nbcs.mx\/?p=102073#breadcrumb","itemListElement":[{"@type":"ListItem","position":1,"name":"Portada","item":"https:\/\/nbcs.mx\/"},{"@type":"ListItem","position":2,"name":"Egresan 290 estudiantes de los campus La Paz y Los Cabos de la UABCS"}]},{"@type":"WebSite","@id":"https:\/\/nbcs.mx\/#website","url":"https:\/\/nbcs.mx\/","name":"NBCS Noticias","description":"Sitio web de noticias en Baja California Sur","publisher":{"@id":"https:\/\/nbcs.mx\/#organization"},"potentialAction":[{"@type":"SearchAction","target":{"@type":"EntryPoint","urlTemplate":"https:\/\/nbcs.mx\/?s={search_term_string}"},"query-input":{"@type":"PropertyValueSpecification","valueRequired":true,"valueName":"search_term_string"}}],"inLanguage":"es"},{"@type":"Organization","@id":"https:\/\/nbcs.mx\/#organization","name":"NBCS Noticias","url":"https:\/\/nbcs.mx\/","logo":{"@type":"ImageObject","inLanguage":"es","@id":"https:\/\/nbcs.mx\/#\/schema\/logo\/image\/","url":"https:\/\/nbcs.mx\/wp-content\/uploads\/2018\/09\/057b69485e93575a5c2b1c1dde2dd297.jpeg","contentUrl":"https:\/\/nbcs.mx\/wp-content\/uploads\/2018\/09\/057b69485e93575a5c2b1c1dde2dd297.jpeg","width":64,"height":64,"caption":"NBCS Noticias"},"image":{"@id":"https:\/\/nbcs.mx\/#\/schema\/logo\/image\/"},"sameAs":["https:\/\/www.facebook.com\/NBCSnoticias","https:\/\/x.com\/NBCSnoticias"]},{"@type":"Person","@id":"https:\/\/nbcs.mx\/#\/schema\/person\/ece58bab9a7c1e87a4d28ec9ecd79ff4","name":"NBCS Noticias","image":{"@type":"ImageObject","inLanguage":"es","@id":"https:\/\/secure.gravatar.com\/avatar\/4e52110cad1c4054b43271a0d14bbe9e2ea76aecd0e1097edfc670798d9ca1d4?s=96&d=blank&r=g","url":"https:\/\/secure.gravatar.com\/avatar\/4e52110cad1c4054b43271a0d14bbe9e2ea76aecd0e1097edfc670798d9ca1d4?s=96&d=blank&r=g","contentUrl":"https:\/\/secure.gravatar.com\/avatar\/4e52110cad1c4054b43271a0d14bbe9e2ea76aecd0e1097edfc670798d9ca1d4?s=96&d=blank&r=g","caption":"NBCS Noticias"},"description":"\u00bfTienes fotos o video de alg\u00fan acto de posible negligencia, corrupci\u00f3n y abuso de autoridad? M\u00e1ndalo al WhatsApp de NBCS Noticias: 612 141 98 08","sameAs":["https:\/\/www.nbcs.mx","https:\/\/www.facebook.com\/NBCSnoticias","https:\/\/www.instagram.com\/nbcsnoticias\/","https:\/\/x.com\/https:\/\/twitter.com\/NBCSnoticias"]}]}},"jetpack_publicize_connections":[],"jetpack_featured_media_url":"","jetpack_sharing_enabled":true,"_links":{"self":[{"href":"https:\/\/nbcs.mx\/index.php?rest_route=\/wp\/v2\/posts\/102073","targetHints":{"allow":["GET"]}}],"collection":[{"href":"https:\/\/nbcs.mx\/index.php?rest_route=\/wp\/v2\/posts"}],"about":[{"href":"https:\/\/nbcs.mx\/index.php?rest_route=\/wp\/v2\/types\/post"}],"author":[{"embeddable":true,"href":"https:\/\/nbcs.mx\/index.php?rest_route=\/wp\/v2\/users\/1"}],"replies":[{"embeddable":true,"href":"https:\/\/nbcs.mx\/index.php?rest_route=%2Fwp%2Fv2%2Fcomments&post=102073"}],"version-history":[{"count":1,"href":"https:\/\/nbcs.mx\/index.php?rest_route=\/wp\/v2\/posts\/102073\/revisions"}],"predecessor-version":[{"id":102075,"href":"https:\/\/nbcs.mx\/index.php?rest_route=\/wp\/v2\/posts\/102073\/revisions\/102075"}],"wp:attachment":[{"href":"https:\/\/nbcs.mx\/index.php?rest_route=%2Fwp%2Fv2%2Fmedia&parent=102073"}],"wp:term":[{"taxonomy":"category","embeddable":true,"href":"https:\/\/nbcs.mx\/index.php?rest_route=%2Fwp%2Fv2%2Fcategories&post=102073"},{"taxonomy":"post_tag","embeddable":true,"href":"https:\/\/nbcs.mx\/index.php?rest_route=%2Fwp%2Fv2%2Ftags&post=102073"}],"curies":[{"name":"wp","href":"https:\/\/api.w.org\/{rel}","templated":true}]}}