{"id":103338,"date":"2022-03-24T21:40:25","date_gmt":"2022-03-25T04:40:25","guid":{"rendered":"https:\/\/nbcs.mx\/?p=103338"},"modified":"2022-03-24T21:40:25","modified_gmt":"2022-03-25T04:40:25","slug":"54-ciclistas-de-bcs-buscaran-su-clasificacion-a-los-nacionales-conade","status":"publish","type":"post","link":"https:\/\/nbcs.mx\/?p=103338","title":{"rendered":"54 ciclistas de BCS buscaran su clasificaci\u00f3n a los Nacionales CONADE"},"content":{"rendered":"<p style=\"text-align: justify;\"><img loading=\"lazy\" decoding=\"async\" class=\"size-medium wp-image-103339 aligncenter\" src=\"https:\/\/nbcs.mx\/wp-content\/uploads\/2022\/03\/54-CICLISTAS-DE-BCS-VAN-AL-MACRO-REGIONA-739x492.jpg\" alt=\"\" width=\"739\" height=\"492\" \/><\/p>\n<p style=\"text-align: justify;\">Es el turno para los seleccionados de ciclismo de Baja California Sur, prepararse para emprender su viaje la siguiente semana al estado de Aguascalientes, donde ser\u00e1 la sede del macro-regional que repartir\u00e1 las plazas para la etapa final de los Juegos Nacionales CONADE 2022.<\/p>\n<p style=\"text-align: justify;\">\n<p style=\"text-align: justify;\">Despu\u00e9s de celebrarse el proceso clasificatorio estatal en las diferentes pruebas, son 54 atletas, que se mantienen en preparaci\u00f3n, antes de su intervenci\u00f3n en el macro-regional, por lo cual deber\u00e1n de viajar el 31 de marzo con la misi\u00f3n de asegurar su lugar en la justa nacional.<\/p>\n<p style=\"text-align: justify;\">\n<p style=\"text-align: justify;\">En la lista figuran competidores de amplia experiencia como es el caso de: Ricardo Pe\u00f1a Salas, Jorge Adri\u00e1n Peyrot Balvanera, Kevin Velarde Navarro, Jossio Ian M\u00e1rquez, Juan Carlos Ruiz Ter\u00e1n, Paul Danilo Sandez Vidales, Alexa L\u00f3pez Ram\u00edrez, Lidia Dom\u00ednguez Alvarado, Daniela Guti\u00e9rrez Berton y Andrea Villegas Carballo en la categor\u00eda Sub-23.<\/p>\n<p style=\"text-align: justify;\">\n<p style=\"text-align: justify;\">En la categor\u00eda Juvenil C, se encuentran: Eduardo Robles F\u00e9lix, Michael Zarate Animas, Sebasti\u00e1n Ruiz Ter\u00e1n, Andr\u00e9s Castro D\u00edaz, Eblis Lea\u00f1o Granado, Gadiel Donaciano Antonio Hern\u00e1ndez, Luis Tadeo Camacho Ledezma, Alexander Osuna Alvarado, Jos\u00e9 Pablo Sandoval Sandez, Juan Manuel Gonz\u00e1lez Salazar, Mar\u00eda Jos\u00e9 Cota Salgado, Giovanna Mariana L\u00f3pez Garc\u00eda, Andrea Loza Fiol, Luna Iratzy Garc\u00eda Bare\u00f1o Dom\u00ednguez, Ingrid Mariel L\u00f3pez Gonz\u00e1lez y Romina Moreno Boj\u00f3rquez.<\/p>\n<p style=\"text-align: justify;\">\n<p style=\"text-align: justify;\">Dentro de la categor\u00eda Juvenil B, figuran en la lista: Arath S\u00e1nchez Beltr\u00e1n, Alberto Peyrot Balvanera, Gael Santiago Gonz\u00e1lez Aguirre, Leonardo Le\u00f3n Parra, Emiliano Veliz Olachea, C\u00e9sar Enrique Estrada L\u00f3pez, Axel Alejandro Cese\u00f1a Arenas, Juan Zaid Gonz\u00e1lez Casta\u00f1a, Oliver Ariel Ibarra \u00c1vila, Brandon Axel Davis Murillo, Martin Israel Camacho Orantes, Carla Dosamante S\u00e1nchez, Arlene N\u00fa\u00f1ez Avil\u00e9s, Fernanda Elena Rieke Garc\u00eda, Valentina Santiago Liz\u00e1rraga, Andrea Robles F\u00e9lix, Carla Fernanda Mora Ibarra y Mar\u00eda Fernanda Ar\u00e9valo Romero.<\/p>\n<p style=\"text-align: justify;\">\n<p style=\"text-align: justify;\">Finalmente, en la categor\u00eda Juvenil A: Christopher Toledo Chamarro, Leonardo Albores Soldatini, Emiliano Silva Veliz, Alexander Garc\u00eda Vega, Nabyenka Garc\u00eda Bare\u00f1o Dom\u00ednguez, Katia Valeria Guevara Hern\u00e1ndez, Valeria Carolina Valdez Garciglia y Maylin Chong Cozar.<\/p>\n<p style=\"text-align: justify;\">\n<p style=\"text-align: justify;\">Como entrenadores figuran en la lista Mija\u00edl Santos Romero, Maximiliano Vizca\u00edno Araiza, Aar\u00f3n Raziel Tapia Vargas, Carlos Dosamante Castillo, Pedro Palmer Rodr\u00edguez, Carlos Marcos Samaniego Rocha, Cristian Alejandro Medina Bastida, siendo el delegado Enrique Caraballo Vald\u00e9s.<\/p>\n<p style=\"text-align: justify;\">\n","protected":false},"excerpt":{"rendered":"<p>Es el turno para los seleccionados de ciclismo de Baja California Sur, prepararse para emprender su viaje la siguiente semana<\/p>\n","protected":false},"author":1,"featured_media":0,"comment_status":"open","ping_status":"closed","sticky":false,"template":"","format":"standard","meta":{"colormag_page_container_layout":"default_layout","colormag_page_sidebar_layout":"default_layout","_jetpack_newsletter_access":"","_jetpack_dont_email_post_to_subs":false,"_jetpack_newsletter_tier_id":0,"_jetpack_memberships_contains_paywalled_content":false,"_jetpack_feature_clip_id":0,"_jetpack_memberships_contains_paid_content":false,"footnotes":"","jetpack_publicize_message":"","jetpack_publicize_feature_enabled":true,"jetpack_social_post_already_shared":true,"jetpack_social_options":{"image_generator_settings":{"template":"highway","default_image_id":0,"font":"","enabled":false},"version":2},"jetpack_post_was_ever_published":false},"categories":[23],"tags":[],"class_list":["post-103338","post","type-post","status-publish","format-standard","hentry","category-deportes"],"yoast_head":"<!-- This site is optimized with the Yoast SEO plugin v28.4 - https:\/\/yoast.com\/product\/yoast-seo-wordpress\/ -->\n<title>54 ciclistas de BCS buscaran su clasificaci\u00f3n a los Nacionales CONADE - NBCS Noticias<\/title>\n<meta name=\"robots\" content=\"index, follow, max-snippet:-1, max-image-preview:large, max-video-preview:-1\" \/>\n<link rel=\"canonical\" href=\"https:\/\/nbcs.mx\/?p=103338\" \/>\n<meta property=\"og:locale\" content=\"es_ES\" \/>\n<meta property=\"og:type\" content=\"article\" \/>\n<meta property=\"og:title\" content=\"54 ciclistas de BCS buscaran su clasificaci\u00f3n a los Nacionales CONADE - NBCS Noticias\" \/>\n<meta property=\"og:description\" content=\"Es el turno para los seleccionados de ciclismo de Baja California Sur, prepararse para emprender su viaje la siguiente semana\" \/>\n<meta property=\"og:url\" content=\"https:\/\/nbcs.mx\/?p=103338\" \/>\n<meta property=\"og:site_name\" content=\"NBCS Noticias\" \/>\n<meta property=\"article:publisher\" content=\"https:\/\/www.facebook.com\/NBCSnoticias\" \/>\n<meta property=\"article:author\" content=\"https:\/\/www.facebook.com\/NBCSnoticias\" \/>\n<meta property=\"article:published_time\" content=\"2022-03-25T04:40:25+00:00\" \/>\n<meta property=\"og:image\" content=\"https:\/\/nbcs.mx\/wp-content\/uploads\/2022\/03\/54-CICLISTAS-DE-BCS-VAN-AL-MACRO-REGIONA.jpg\" \/>\n\t<meta property=\"og:image:width\" content=\"1024\" \/>\n\t<meta property=\"og:image:height\" content=\"682\" \/>\n\t<meta property=\"og:image:type\" content=\"image\/jpeg\" \/>\n<meta name=\"author\" content=\"NBCS Noticias\" \/>\n<meta name=\"twitter:card\" content=\"summary_large_image\" \/>\n<meta name=\"twitter:creator\" content=\"@https:\/\/twitter.com\/NBCSnoticias\" \/>\n<meta name=\"twitter:site\" content=\"@NBCSnoticias\" \/>\n<meta name=\"twitter:label1\" content=\"Escrito por\" \/>\n\t<meta name=\"twitter:data1\" content=\"NBCS Noticias\" \/>\n\t<meta name=\"twitter:label2\" content=\"Tiempo de lectura\" \/>\n\t<meta name=\"twitter:data2\" content=\"2 minutos\" \/>\n<script type=\"application\/ld+json\" class=\"yoast-schema-graph\">{\"@context\":\"https:\\\/\\\/schema.org\",\"@graph\":[{\"@type\":\"Article\",\"@id\":\"https:\\\/\\\/nbcs.mx\\\/?p=103338#article\",\"isPartOf\":{\"@id\":\"https:\\\/\\\/nbcs.mx\\\/?p=103338\"},\"author\":{\"name\":\"NBCS Noticias\",\"@id\":\"https:\\\/\\\/nbcs.mx\\\/#\\\/schema\\\/person\\\/ece58bab9a7c1e87a4d28ec9ecd79ff4\"},\"headline\":\"54 ciclistas de BCS buscaran su clasificaci\u00f3n a los Nacionales CONADE\",\"datePublished\":\"2022-03-25T04:40:25+00:00\",\"mainEntityOfPage\":{\"@id\":\"https:\\\/\\\/nbcs.mx\\\/?p=103338\"},\"wordCount\":421,\"commentCount\":0,\"publisher\":{\"@id\":\"https:\\\/\\\/nbcs.mx\\\/#organization\"},\"image\":{\"@id\":\"https:\\\/\\\/nbcs.mx\\\/?p=103338#primaryimage\"},\"thumbnailUrl\":\"https:\\\/\\\/nbcs.mx\\\/wp-content\\\/uploads\\\/2022\\\/03\\\/54-CICLISTAS-DE-BCS-VAN-AL-MACRO-REGIONA-739x492.jpg\",\"articleSection\":[\"Deportes\"],\"inLanguage\":\"es\",\"potentialAction\":[{\"@type\":\"CommentAction\",\"name\":\"Comment\",\"target\":[\"https:\\\/\\\/nbcs.mx\\\/?p=103338#respond\"]}]},{\"@type\":\"WebPage\",\"@id\":\"https:\\\/\\\/nbcs.mx\\\/?p=103338\",\"url\":\"https:\\\/\\\/nbcs.mx\\\/?p=103338\",\"name\":\"54 ciclistas de BCS buscaran su clasificaci\u00f3n a los Nacionales CONADE - NBCS Noticias\",\"isPartOf\":{\"@id\":\"https:\\\/\\\/nbcs.mx\\\/#website\"},\"primaryImageOfPage\":{\"@id\":\"https:\\\/\\\/nbcs.mx\\\/?p=103338#primaryimage\"},\"image\":{\"@id\":\"https:\\\/\\\/nbcs.mx\\\/?p=103338#primaryimage\"},\"thumbnailUrl\":\"https:\\\/\\\/nbcs.mx\\\/wp-content\\\/uploads\\\/2022\\\/03\\\/54-CICLISTAS-DE-BCS-VAN-AL-MACRO-REGIONA-739x492.jpg\",\"datePublished\":\"2022-03-25T04:40:25+00:00\",\"breadcrumb\":{\"@id\":\"https:\\\/\\\/nbcs.mx\\\/?p=103338#breadcrumb\"},\"inLanguage\":\"es\",\"potentialAction\":[{\"@type\":\"ReadAction\",\"target\":[\"https:\\\/\\\/nbcs.mx\\\/?p=103338\"]}]},{\"@type\":\"ImageObject\",\"inLanguage\":\"es\",\"@id\":\"https:\\\/\\\/nbcs.mx\\\/?p=103338#primaryimage\",\"url\":\"https:\\\/\\\/nbcs.mx\\\/wp-content\\\/uploads\\\/2022\\\/03\\\/54-CICLISTAS-DE-BCS-VAN-AL-MACRO-REGIONA-739x492.jpg\",\"contentUrl\":\"https:\\\/\\\/nbcs.mx\\\/wp-content\\\/uploads\\\/2022\\\/03\\\/54-CICLISTAS-DE-BCS-VAN-AL-MACRO-REGIONA-739x492.jpg\"},{\"@type\":\"BreadcrumbList\",\"@id\":\"https:\\\/\\\/nbcs.mx\\\/?p=103338#breadcrumb\",\"itemListElement\":[{\"@type\":\"ListItem\",\"position\":1,\"name\":\"Portada\",\"item\":\"https:\\\/\\\/nbcs.mx\\\/\"},{\"@type\":\"ListItem\",\"position\":2,\"name\":\"54 ciclistas de BCS buscaran su clasificaci\u00f3n a los Nacionales CONADE\"}]},{\"@type\":\"WebSite\",\"@id\":\"https:\\\/\\\/nbcs.mx\\\/#website\",\"url\":\"https:\\\/\\\/nbcs.mx\\\/\",\"name\":\"NBCS Noticias\",\"description\":\"Sitio web de noticias en Baja California Sur\",\"publisher\":{\"@id\":\"https:\\\/\\\/nbcs.mx\\\/#organization\"},\"potentialAction\":[{\"@type\":\"SearchAction\",\"target\":{\"@type\":\"EntryPoint\",\"urlTemplate\":\"https:\\\/\\\/nbcs.mx\\\/?s={search_term_string}\"},\"query-input\":{\"@type\":\"PropertyValueSpecification\",\"valueRequired\":true,\"valueName\":\"search_term_string\"}}],\"inLanguage\":\"es\"},{\"@type\":\"Organization\",\"@id\":\"https:\\\/\\\/nbcs.mx\\\/#organization\",\"name\":\"NBCS Noticias\",\"url\":\"https:\\\/\\\/nbcs.mx\\\/\",\"logo\":{\"@type\":\"ImageObject\",\"inLanguage\":\"es\",\"@id\":\"https:\\\/\\\/nbcs.mx\\\/#\\\/schema\\\/logo\\\/image\\\/\",\"url\":\"https:\\\/\\\/nbcs.mx\\\/wp-content\\\/uploads\\\/2018\\\/09\\\/057b69485e93575a5c2b1c1dde2dd297.jpeg\",\"contentUrl\":\"https:\\\/\\\/nbcs.mx\\\/wp-content\\\/uploads\\\/2018\\\/09\\\/057b69485e93575a5c2b1c1dde2dd297.jpeg\",\"width\":64,\"height\":64,\"caption\":\"NBCS Noticias\"},\"image\":{\"@id\":\"https:\\\/\\\/nbcs.mx\\\/#\\\/schema\\\/logo\\\/image\\\/\"},\"sameAs\":[\"https:\\\/\\\/www.facebook.com\\\/NBCSnoticias\",\"https:\\\/\\\/x.com\\\/NBCSnoticias\"]},{\"@type\":\"Person\",\"@id\":\"https:\\\/\\\/nbcs.mx\\\/#\\\/schema\\\/person\\\/ece58bab9a7c1e87a4d28ec9ecd79ff4\",\"name\":\"NBCS Noticias\",\"image\":{\"@type\":\"ImageObject\",\"inLanguage\":\"es\",\"@id\":\"https:\\\/\\\/secure.gravatar.com\\\/avatar\\\/4e52110cad1c4054b43271a0d14bbe9e2ea76aecd0e1097edfc670798d9ca1d4?s=96&d=blank&r=g\",\"url\":\"https:\\\/\\\/secure.gravatar.com\\\/avatar\\\/4e52110cad1c4054b43271a0d14bbe9e2ea76aecd0e1097edfc670798d9ca1d4?s=96&d=blank&r=g\",\"contentUrl\":\"https:\\\/\\\/secure.gravatar.com\\\/avatar\\\/4e52110cad1c4054b43271a0d14bbe9e2ea76aecd0e1097edfc670798d9ca1d4?s=96&d=blank&r=g\",\"caption\":\"NBCS Noticias\"},\"description\":\"\u00bfTienes fotos o video de alg\u00fan acto de posible negligencia, corrupci\u00f3n y abuso de autoridad? M\u00e1ndalo al WhatsApp de NBCS Noticias: 612 141 98 08\",\"sameAs\":[\"https:\\\/\\\/www.nbcs.mx\",\"https:\\\/\\\/www.facebook.com\\\/NBCSnoticias\",\"https:\\\/\\\/www.instagram.com\\\/nbcsnoticias\\\/\",\"https:\\\/\\\/x.com\\\/https:\\\/\\\/twitter.com\\\/NBCSnoticias\"]}]}<\/script>\n<!-- \/ Yoast SEO plugin. -->","yoast_head_json":{"title":"54 ciclistas de BCS buscaran su clasificaci\u00f3n a los Nacionales CONADE - NBCS Noticias","robots":{"index":"index","follow":"follow","max-snippet":"max-snippet:-1","max-image-preview":"max-image-preview:large","max-video-preview":"max-video-preview:-1"},"canonical":"https:\/\/nbcs.mx\/?p=103338","og_locale":"es_ES","og_type":"article","og_title":"54 ciclistas de BCS buscaran su clasificaci\u00f3n a los Nacionales CONADE - NBCS Noticias","og_description":"Es el turno para los seleccionados de ciclismo de Baja California Sur, prepararse para emprender su viaje la siguiente semana","og_url":"https:\/\/nbcs.mx\/?p=103338","og_site_name":"NBCS Noticias","article_publisher":"https:\/\/www.facebook.com\/NBCSnoticias","article_author":"https:\/\/www.facebook.com\/NBCSnoticias","article_published_time":"2022-03-25T04:40:25+00:00","og_image":[{"width":1024,"height":682,"url":"https:\/\/nbcs.mx\/wp-content\/uploads\/2022\/03\/54-CICLISTAS-DE-BCS-VAN-AL-MACRO-REGIONA.jpg","type":"image\/jpeg"}],"author":"NBCS Noticias","twitter_card":"summary_large_image","twitter_creator":"@https:\/\/twitter.com\/NBCSnoticias","twitter_site":"@NBCSnoticias","twitter_misc":{"Escrito por":"NBCS Noticias","Tiempo de lectura":"2 minutos"},"schema":{"@context":"https:\/\/schema.org","@graph":[{"@type":"Article","@id":"https:\/\/nbcs.mx\/?p=103338#article","isPartOf":{"@id":"https:\/\/nbcs.mx\/?p=103338"},"author":{"name":"NBCS Noticias","@id":"https:\/\/nbcs.mx\/#\/schema\/person\/ece58bab9a7c1e87a4d28ec9ecd79ff4"},"headline":"54 ciclistas de BCS buscaran su clasificaci\u00f3n a los Nacionales CONADE","datePublished":"2022-03-25T04:40:25+00:00","mainEntityOfPage":{"@id":"https:\/\/nbcs.mx\/?p=103338"},"wordCount":421,"commentCount":0,"publisher":{"@id":"https:\/\/nbcs.mx\/#organization"},"image":{"@id":"https:\/\/nbcs.mx\/?p=103338#primaryimage"},"thumbnailUrl":"https:\/\/nbcs.mx\/wp-content\/uploads\/2022\/03\/54-CICLISTAS-DE-BCS-VAN-AL-MACRO-REGIONA-739x492.jpg","articleSection":["Deportes"],"inLanguage":"es","potentialAction":[{"@type":"CommentAction","name":"Comment","target":["https:\/\/nbcs.mx\/?p=103338#respond"]}]},{"@type":"WebPage","@id":"https:\/\/nbcs.mx\/?p=103338","url":"https:\/\/nbcs.mx\/?p=103338","name":"54 ciclistas de BCS buscaran su clasificaci\u00f3n a los Nacionales CONADE - NBCS Noticias","isPartOf":{"@id":"https:\/\/nbcs.mx\/#website"},"primaryImageOfPage":{"@id":"https:\/\/nbcs.mx\/?p=103338#primaryimage"},"image":{"@id":"https:\/\/nbcs.mx\/?p=103338#primaryimage"},"thumbnailUrl":"https:\/\/nbcs.mx\/wp-content\/uploads\/2022\/03\/54-CICLISTAS-DE-BCS-VAN-AL-MACRO-REGIONA-739x492.jpg","datePublished":"2022-03-25T04:40:25+00:00","breadcrumb":{"@id":"https:\/\/nbcs.mx\/?p=103338#breadcrumb"},"inLanguage":"es","potentialAction":[{"@type":"ReadAction","target":["https:\/\/nbcs.mx\/?p=103338"]}]},{"@type":"ImageObject","inLanguage":"es","@id":"https:\/\/nbcs.mx\/?p=103338#primaryimage","url":"https:\/\/nbcs.mx\/wp-content\/uploads\/2022\/03\/54-CICLISTAS-DE-BCS-VAN-AL-MACRO-REGIONA-739x492.jpg","contentUrl":"https:\/\/nbcs.mx\/wp-content\/uploads\/2022\/03\/54-CICLISTAS-DE-BCS-VAN-AL-MACRO-REGIONA-739x492.jpg"},{"@type":"BreadcrumbList","@id":"https:\/\/nbcs.mx\/?p=103338#breadcrumb","itemListElement":[{"@type":"ListItem","position":1,"name":"Portada","item":"https:\/\/nbcs.mx\/"},{"@type":"ListItem","position":2,"name":"54 ciclistas de BCS buscaran su clasificaci\u00f3n a los Nacionales CONADE"}]},{"@type":"WebSite","@id":"https:\/\/nbcs.mx\/#website","url":"https:\/\/nbcs.mx\/","name":"NBCS Noticias","description":"Sitio web de noticias en Baja California Sur","publisher":{"@id":"https:\/\/nbcs.mx\/#organization"},"potentialAction":[{"@type":"SearchAction","target":{"@type":"EntryPoint","urlTemplate":"https:\/\/nbcs.mx\/?s={search_term_string}"},"query-input":{"@type":"PropertyValueSpecification","valueRequired":true,"valueName":"search_term_string"}}],"inLanguage":"es"},{"@type":"Organization","@id":"https:\/\/nbcs.mx\/#organization","name":"NBCS Noticias","url":"https:\/\/nbcs.mx\/","logo":{"@type":"ImageObject","inLanguage":"es","@id":"https:\/\/nbcs.mx\/#\/schema\/logo\/image\/","url":"https:\/\/nbcs.mx\/wp-content\/uploads\/2018\/09\/057b69485e93575a5c2b1c1dde2dd297.jpeg","contentUrl":"https:\/\/nbcs.mx\/wp-content\/uploads\/2018\/09\/057b69485e93575a5c2b1c1dde2dd297.jpeg","width":64,"height":64,"caption":"NBCS Noticias"},"image":{"@id":"https:\/\/nbcs.mx\/#\/schema\/logo\/image\/"},"sameAs":["https:\/\/www.facebook.com\/NBCSnoticias","https:\/\/x.com\/NBCSnoticias"]},{"@type":"Person","@id":"https:\/\/nbcs.mx\/#\/schema\/person\/ece58bab9a7c1e87a4d28ec9ecd79ff4","name":"NBCS Noticias","image":{"@type":"ImageObject","inLanguage":"es","@id":"https:\/\/secure.gravatar.com\/avatar\/4e52110cad1c4054b43271a0d14bbe9e2ea76aecd0e1097edfc670798d9ca1d4?s=96&d=blank&r=g","url":"https:\/\/secure.gravatar.com\/avatar\/4e52110cad1c4054b43271a0d14bbe9e2ea76aecd0e1097edfc670798d9ca1d4?s=96&d=blank&r=g","contentUrl":"https:\/\/secure.gravatar.com\/avatar\/4e52110cad1c4054b43271a0d14bbe9e2ea76aecd0e1097edfc670798d9ca1d4?s=96&d=blank&r=g","caption":"NBCS Noticias"},"description":"\u00bfTienes fotos o video de alg\u00fan acto de posible negligencia, corrupci\u00f3n y abuso de autoridad? M\u00e1ndalo al WhatsApp de NBCS Noticias: 612 141 98 08","sameAs":["https:\/\/www.nbcs.mx","https:\/\/www.facebook.com\/NBCSnoticias","https:\/\/www.instagram.com\/nbcsnoticias\/","https:\/\/x.com\/https:\/\/twitter.com\/NBCSnoticias"]}]}},"jetpack_publicize_connections":[],"jetpack_sharing_enabled":true,"jetpack_featured_media_url":"","_links":{"self":[{"href":"https:\/\/nbcs.mx\/index.php?rest_route=\/wp\/v2\/posts\/103338","targetHints":{"allow":["GET"]}}],"collection":[{"href":"https:\/\/nbcs.mx\/index.php?rest_route=\/wp\/v2\/posts"}],"about":[{"href":"https:\/\/nbcs.mx\/index.php?rest_route=\/wp\/v2\/types\/post"}],"author":[{"embeddable":true,"href":"https:\/\/nbcs.mx\/index.php?rest_route=\/wp\/v2\/users\/1"}],"replies":[{"embeddable":true,"href":"https:\/\/nbcs.mx\/index.php?rest_route=%2Fwp%2Fv2%2Fcomments&post=103338"}],"version-history":[{"count":1,"href":"https:\/\/nbcs.mx\/index.php?rest_route=\/wp\/v2\/posts\/103338\/revisions"}],"predecessor-version":[{"id":103340,"href":"https:\/\/nbcs.mx\/index.php?rest_route=\/wp\/v2\/posts\/103338\/revisions\/103340"}],"wp:attachment":[{"href":"https:\/\/nbcs.mx\/index.php?rest_route=%2Fwp%2Fv2%2Fmedia&parent=103338"}],"wp:term":[{"taxonomy":"category","embeddable":true,"href":"https:\/\/nbcs.mx\/index.php?rest_route=%2Fwp%2Fv2%2Fcategories&post=103338"},{"taxonomy":"post_tag","embeddable":true,"href":"https:\/\/nbcs.mx\/index.php?rest_route=%2Fwp%2Fv2%2Ftags&post=103338"}],"curies":[{"name":"wp","href":"https:\/\/api.w.org\/{rel}","templated":true}]}}