{"id":103799,"date":"2022-04-03T17:29:08","date_gmt":"2022-04-03T23:29:08","guid":{"rendered":"https:\/\/nbcs.mx\/?p=103799"},"modified":"2022-04-03T17:29:08","modified_gmt":"2022-04-03T23:29:08","slug":"logran-31-ciclistas-de-bcs-clasificar-a-los-nacionales-conade","status":"publish","type":"post","link":"https:\/\/nbcs.mx\/?p=103799","title":{"rendered":"Logran 31 ciclistas de BCS clasificar a los Nacionales Conade"},"content":{"rendered":"<p style=\"text-align: justify;\"><img loading=\"lazy\" decoding=\"async\" class=\" wp-image-103800 alignleft\" src=\"https:\/\/nbcs.mx\/wp-content\/uploads\/2022\/04\/31-CICLISTAS-CLASIFICADOS-A-NACIONALES-CONADE-696x492.jpg\" alt=\"\" width=\"383\" height=\"271\" srcset=\"https:\/\/nbcs.mx\/wp-content\/uploads\/2022\/04\/31-CICLISTAS-CLASIFICADOS-A-NACIONALES-CONADE-696x492.jpg 696w, https:\/\/nbcs.mx\/wp-content\/uploads\/2022\/04\/31-CICLISTAS-CLASIFICADOS-A-NACIONALES-CONADE-150x106.jpg 150w, https:\/\/nbcs.mx\/wp-content\/uploads\/2022\/04\/31-CICLISTAS-CLASIFICADOS-A-NACIONALES-CONADE-768x543.jpg 768w, https:\/\/nbcs.mx\/wp-content\/uploads\/2022\/04\/31-CICLISTAS-CLASIFICADOS-A-NACIONALES-CONADE.jpg 1024w\" sizes=\"auto, (max-width: 383px) 100vw, 383px\" \/>En la jornada de ciclismo de este fin de semana en el Macro-Regional \u201cA\u201d que se desarrolla en Aguascalientes, atletas de Baja California Sur son contundentes en el p\u00f3dium logrando clasificaciones a los Juegos Nacionales CONADE 2022, llegando hasta el momento 31 ciclistas confirmados para la justa nacional.<\/p>\n<p style=\"text-align: justify;\">\n<p style=\"text-align: justify;\">En el cap\u00edtulo sabatino el pedaleo de los sudcalifornianos impuso sus condiciones y terminan con resultados positivos en la prueba de ruta. El circuito Las Flores, fue el escenario donde lograron su clasificaci\u00f3n en la categor\u00eda Juvenil \u201cA\u201d Femenil: Nabyenka Valentina Garc\u00eda Bare\u00f1o y Katia Guevara Hern\u00e1ndez.<\/p>\n<p style=\"text-align: justify;\">\n<p style=\"text-align: justify;\">Mientras en la categor\u00eda Juvenil \u201cB\u201d Femenil, consiguieron su pase Valentina Santiago Liz\u00e1rraga y en Juvenil \u201cC\u201d Varonil distancia de los 94 kil\u00f3metros: Michael Z\u00e1rate Animas y Eduardo Robles F\u00e9lix, hicieron el uno-dos, adem\u00e1s quien logra su boleto tambi\u00e9n es Sebasti\u00e1n Ruiz Ter\u00e1n al posicionarse dentro de los 12 mejores en la competencia.<\/p>\n<p style=\"text-align: justify;\">\n<p style=\"text-align: justify;\">Por su parte, en la distancia de los 72 kil\u00f3metros: Alberto Peyrot Balvanera, Gael Santiago Gonz\u00e1lez Aguirre, Brandon Axel Davis Murillo y Jos\u00e9 Leonardo Le\u00f3n Parra, lograron terminar dentro de los mejores 12 corredores de la competencia, registrando un tiempo de 02:01:44.<\/p>\n<p style=\"text-align: justify;\">\n<p style=\"text-align: justify;\">En lo que respecta a la segunda jornada de la prueba de ruta, este domingo, se sumaron a la lista de los clasificados en la categor\u00eda Juvenil \u201cA\u201d: Emiliano Silva Veliz y Leonardo Albores Soldatini; en la Sub-23 Femenil: Alexa L\u00f3pez Ram\u00edrez,\u00a0Andrea Villegas Carballo, Lidia Dom\u00ednguez Alvarado y Daniela Guti\u00e9rrez.<\/p>\n<p style=\"text-align: justify;\">\n<p style=\"text-align: justify;\">En la Sub-23 Varonil: Jorge Adri\u00e1n Peyrot Balvanera, Kevin Velarde Navarro y Ricardo Pe\u00f1a Salas; en la Juvenil \u201cC\u201d Femenil: Ingrid Mariel L\u00f3pez Gonz\u00e1lez, Andrea Loza Fiol, Luna Iratzy Garc\u00eda Bare\u00f1o Dom\u00ednguez y Alondra Moreno Villa.<\/p>\n<p style=\"text-align: justify;\">\n<p style=\"text-align: justify;\">\n<p style=\"text-align: justify;\">De esta manera Baja California Sur, suma hasta el momento 31 clasificados a la etapa nacional a desarrollarse en los pr\u00f3ximos meses en el estado de Baja California, Por lo pronto en el Macro-Regional de ciclismo quedan pruebas por realizarse.<\/p>\n","protected":false},"excerpt":{"rendered":"<p>En la jornada de ciclismo de este fin de semana en el Macro-Regional \u201cA\u201d que se desarrolla en Aguascalientes, atletas<\/p>\n","protected":false},"author":1,"featured_media":103800,"comment_status":"open","ping_status":"closed","sticky":false,"template":"","format":"standard","meta":{"colormag_page_container_layout":"default_layout","colormag_page_sidebar_layout":"default_layout","_jetpack_memberships_contains_paid_content":false,"footnotes":"","jetpack_publicize_message":"","jetpack_publicize_feature_enabled":true,"jetpack_social_post_already_shared":true,"jetpack_social_options":{"image_generator_settings":{"template":"highway","default_image_id":0,"font":"","enabled":false},"version":2}},"categories":[23],"tags":[],"class_list":["post-103799","post","type-post","status-publish","format-standard","has-post-thumbnail","hentry","category-deportes"],"yoast_head":"<!-- This site is optimized with the Yoast SEO plugin v27.5 - https:\/\/yoast.com\/product\/yoast-seo-wordpress\/ -->\n<title>Logran 31 ciclistas de BCS clasificar a los Nacionales Conade - NBCS Noticias<\/title>\n<meta name=\"robots\" content=\"index, follow, max-snippet:-1, max-image-preview:large, max-video-preview:-1\" \/>\n<link rel=\"canonical\" href=\"https:\/\/nbcs.mx\/?p=103799\" \/>\n<meta property=\"og:locale\" content=\"es_ES\" \/>\n<meta property=\"og:type\" content=\"article\" \/>\n<meta property=\"og:title\" content=\"Logran 31 ciclistas de BCS clasificar a los Nacionales Conade - NBCS Noticias\" \/>\n<meta property=\"og:description\" content=\"En la jornada de ciclismo de este fin de semana en el Macro-Regional \u201cA\u201d que se desarrolla en Aguascalientes, atletas\" \/>\n<meta property=\"og:url\" content=\"https:\/\/nbcs.mx\/?p=103799\" \/>\n<meta property=\"og:site_name\" content=\"NBCS Noticias\" \/>\n<meta property=\"article:publisher\" content=\"https:\/\/www.facebook.com\/NBCSnoticias\" \/>\n<meta property=\"article:author\" content=\"https:\/\/www.facebook.com\/NBCSnoticias\" \/>\n<meta property=\"article:published_time\" content=\"2022-04-03T23:29:08+00:00\" \/>\n<meta property=\"og:image\" content=\"https:\/\/nbcs.mx\/wp-content\/uploads\/2022\/04\/31-CICLISTAS-CLASIFICADOS-A-NACIONALES-CONADE.jpg\" \/>\n\t<meta property=\"og:image:width\" content=\"1024\" \/>\n\t<meta property=\"og:image:height\" content=\"724\" \/>\n\t<meta property=\"og:image:type\" content=\"image\/jpeg\" \/>\n<meta name=\"author\" content=\"NBCS Noticias\" \/>\n<meta name=\"twitter:card\" content=\"summary_large_image\" \/>\n<meta name=\"twitter:creator\" content=\"@https:\/\/twitter.com\/NBCSnoticias\" \/>\n<meta name=\"twitter:site\" content=\"@NBCSnoticias\" \/>\n<meta name=\"twitter:label1\" content=\"Escrito por\" \/>\n\t<meta name=\"twitter:data1\" content=\"NBCS Noticias\" \/>\n\t<meta name=\"twitter:label2\" content=\"Tiempo de lectura\" \/>\n\t<meta name=\"twitter:data2\" content=\"2 minutos\" \/>\n<script type=\"application\/ld+json\" class=\"yoast-schema-graph\">{\"@context\":\"https:\\\/\\\/schema.org\",\"@graph\":[{\"@type\":\"Article\",\"@id\":\"https:\\\/\\\/nbcs.mx\\\/?p=103799#article\",\"isPartOf\":{\"@id\":\"https:\\\/\\\/nbcs.mx\\\/?p=103799\"},\"author\":{\"name\":\"NBCS Noticias\",\"@id\":\"https:\\\/\\\/nbcs.mx\\\/#\\\/schema\\\/person\\\/ece58bab9a7c1e87a4d28ec9ecd79ff4\"},\"headline\":\"Logran 31 ciclistas de BCS clasificar a los Nacionales Conade\",\"datePublished\":\"2022-04-03T23:29:08+00:00\",\"mainEntityOfPage\":{\"@id\":\"https:\\\/\\\/nbcs.mx\\\/?p=103799\"},\"wordCount\":350,\"commentCount\":0,\"publisher\":{\"@id\":\"https:\\\/\\\/nbcs.mx\\\/#organization\"},\"image\":{\"@id\":\"https:\\\/\\\/nbcs.mx\\\/?p=103799#primaryimage\"},\"thumbnailUrl\":\"https:\\\/\\\/nbcs.mx\\\/wp-content\\\/uploads\\\/2022\\\/04\\\/31-CICLISTAS-CLASIFICADOS-A-NACIONALES-CONADE.jpg\",\"articleSection\":[\"Deportes\"],\"inLanguage\":\"es\",\"potentialAction\":[{\"@type\":\"CommentAction\",\"name\":\"Comment\",\"target\":[\"https:\\\/\\\/nbcs.mx\\\/?p=103799#respond\"]}]},{\"@type\":\"WebPage\",\"@id\":\"https:\\\/\\\/nbcs.mx\\\/?p=103799\",\"url\":\"https:\\\/\\\/nbcs.mx\\\/?p=103799\",\"name\":\"Logran 31 ciclistas de BCS clasificar a los Nacionales Conade - NBCS Noticias\",\"isPartOf\":{\"@id\":\"https:\\\/\\\/nbcs.mx\\\/#website\"},\"primaryImageOfPage\":{\"@id\":\"https:\\\/\\\/nbcs.mx\\\/?p=103799#primaryimage\"},\"image\":{\"@id\":\"https:\\\/\\\/nbcs.mx\\\/?p=103799#primaryimage\"},\"thumbnailUrl\":\"https:\\\/\\\/nbcs.mx\\\/wp-content\\\/uploads\\\/2022\\\/04\\\/31-CICLISTAS-CLASIFICADOS-A-NACIONALES-CONADE.jpg\",\"datePublished\":\"2022-04-03T23:29:08+00:00\",\"breadcrumb\":{\"@id\":\"https:\\\/\\\/nbcs.mx\\\/?p=103799#breadcrumb\"},\"inLanguage\":\"es\",\"potentialAction\":[{\"@type\":\"ReadAction\",\"target\":[\"https:\\\/\\\/nbcs.mx\\\/?p=103799\"]}]},{\"@type\":\"ImageObject\",\"inLanguage\":\"es\",\"@id\":\"https:\\\/\\\/nbcs.mx\\\/?p=103799#primaryimage\",\"url\":\"https:\\\/\\\/nbcs.mx\\\/wp-content\\\/uploads\\\/2022\\\/04\\\/31-CICLISTAS-CLASIFICADOS-A-NACIONALES-CONADE.jpg\",\"contentUrl\":\"https:\\\/\\\/nbcs.mx\\\/wp-content\\\/uploads\\\/2022\\\/04\\\/31-CICLISTAS-CLASIFICADOS-A-NACIONALES-CONADE.jpg\",\"width\":1024,\"height\":724},{\"@type\":\"BreadcrumbList\",\"@id\":\"https:\\\/\\\/nbcs.mx\\\/?p=103799#breadcrumb\",\"itemListElement\":[{\"@type\":\"ListItem\",\"position\":1,\"name\":\"Portada\",\"item\":\"https:\\\/\\\/nbcs.mx\\\/\"},{\"@type\":\"ListItem\",\"position\":2,\"name\":\"Logran 31 ciclistas de BCS clasificar a los Nacionales Conade\"}]},{\"@type\":\"WebSite\",\"@id\":\"https:\\\/\\\/nbcs.mx\\\/#website\",\"url\":\"https:\\\/\\\/nbcs.mx\\\/\",\"name\":\"NBCS Noticias\",\"description\":\"Sitio web de noticias en Baja California Sur\",\"publisher\":{\"@id\":\"https:\\\/\\\/nbcs.mx\\\/#organization\"},\"potentialAction\":[{\"@type\":\"SearchAction\",\"target\":{\"@type\":\"EntryPoint\",\"urlTemplate\":\"https:\\\/\\\/nbcs.mx\\\/?s={search_term_string}\"},\"query-input\":{\"@type\":\"PropertyValueSpecification\",\"valueRequired\":true,\"valueName\":\"search_term_string\"}}],\"inLanguage\":\"es\"},{\"@type\":\"Organization\",\"@id\":\"https:\\\/\\\/nbcs.mx\\\/#organization\",\"name\":\"NBCS Noticias\",\"url\":\"https:\\\/\\\/nbcs.mx\\\/\",\"logo\":{\"@type\":\"ImageObject\",\"inLanguage\":\"es\",\"@id\":\"https:\\\/\\\/nbcs.mx\\\/#\\\/schema\\\/logo\\\/image\\\/\",\"url\":\"https:\\\/\\\/nbcs.mx\\\/wp-content\\\/uploads\\\/2018\\\/09\\\/057b69485e93575a5c2b1c1dde2dd297.jpeg\",\"contentUrl\":\"https:\\\/\\\/nbcs.mx\\\/wp-content\\\/uploads\\\/2018\\\/09\\\/057b69485e93575a5c2b1c1dde2dd297.jpeg\",\"width\":64,\"height\":64,\"caption\":\"NBCS Noticias\"},\"image\":{\"@id\":\"https:\\\/\\\/nbcs.mx\\\/#\\\/schema\\\/logo\\\/image\\\/\"},\"sameAs\":[\"https:\\\/\\\/www.facebook.com\\\/NBCSnoticias\",\"https:\\\/\\\/x.com\\\/NBCSnoticias\"]},{\"@type\":\"Person\",\"@id\":\"https:\\\/\\\/nbcs.mx\\\/#\\\/schema\\\/person\\\/ece58bab9a7c1e87a4d28ec9ecd79ff4\",\"name\":\"NBCS Noticias\",\"image\":{\"@type\":\"ImageObject\",\"inLanguage\":\"es\",\"@id\":\"https:\\\/\\\/secure.gravatar.com\\\/avatar\\\/4e52110cad1c4054b43271a0d14bbe9e2ea76aecd0e1097edfc670798d9ca1d4?s=96&d=blank&r=g\",\"url\":\"https:\\\/\\\/secure.gravatar.com\\\/avatar\\\/4e52110cad1c4054b43271a0d14bbe9e2ea76aecd0e1097edfc670798d9ca1d4?s=96&d=blank&r=g\",\"contentUrl\":\"https:\\\/\\\/secure.gravatar.com\\\/avatar\\\/4e52110cad1c4054b43271a0d14bbe9e2ea76aecd0e1097edfc670798d9ca1d4?s=96&d=blank&r=g\",\"caption\":\"NBCS Noticias\"},\"description\":\"\u00bfTienes fotos o video de alg\u00fan acto de posible negligencia, corrupci\u00f3n y abuso de autoridad? M\u00e1ndalo al WhatsApp de NBCS Noticias: 612 141 98 08\",\"sameAs\":[\"https:\\\/\\\/www.nbcs.mx\",\"https:\\\/\\\/www.facebook.com\\\/NBCSnoticias\",\"https:\\\/\\\/www.instagram.com\\\/nbcsnoticias\\\/\",\"https:\\\/\\\/x.com\\\/https:\\\/\\\/twitter.com\\\/NBCSnoticias\"]}]}<\/script>\n<!-- \/ Yoast SEO plugin. -->","yoast_head_json":{"title":"Logran 31 ciclistas de BCS clasificar a los Nacionales Conade - NBCS Noticias","robots":{"index":"index","follow":"follow","max-snippet":"max-snippet:-1","max-image-preview":"max-image-preview:large","max-video-preview":"max-video-preview:-1"},"canonical":"https:\/\/nbcs.mx\/?p=103799","og_locale":"es_ES","og_type":"article","og_title":"Logran 31 ciclistas de BCS clasificar a los Nacionales Conade - NBCS Noticias","og_description":"En la jornada de ciclismo de este fin de semana en el Macro-Regional \u201cA\u201d que se desarrolla en Aguascalientes, atletas","og_url":"https:\/\/nbcs.mx\/?p=103799","og_site_name":"NBCS Noticias","article_publisher":"https:\/\/www.facebook.com\/NBCSnoticias","article_author":"https:\/\/www.facebook.com\/NBCSnoticias","article_published_time":"2022-04-03T23:29:08+00:00","og_image":[{"width":1024,"height":724,"url":"https:\/\/nbcs.mx\/wp-content\/uploads\/2022\/04\/31-CICLISTAS-CLASIFICADOS-A-NACIONALES-CONADE.jpg","type":"image\/jpeg"}],"author":"NBCS Noticias","twitter_card":"summary_large_image","twitter_creator":"@https:\/\/twitter.com\/NBCSnoticias","twitter_site":"@NBCSnoticias","twitter_misc":{"Escrito por":"NBCS Noticias","Tiempo de lectura":"2 minutos"},"schema":{"@context":"https:\/\/schema.org","@graph":[{"@type":"Article","@id":"https:\/\/nbcs.mx\/?p=103799#article","isPartOf":{"@id":"https:\/\/nbcs.mx\/?p=103799"},"author":{"name":"NBCS Noticias","@id":"https:\/\/nbcs.mx\/#\/schema\/person\/ece58bab9a7c1e87a4d28ec9ecd79ff4"},"headline":"Logran 31 ciclistas de BCS clasificar a los Nacionales Conade","datePublished":"2022-04-03T23:29:08+00:00","mainEntityOfPage":{"@id":"https:\/\/nbcs.mx\/?p=103799"},"wordCount":350,"commentCount":0,"publisher":{"@id":"https:\/\/nbcs.mx\/#organization"},"image":{"@id":"https:\/\/nbcs.mx\/?p=103799#primaryimage"},"thumbnailUrl":"https:\/\/nbcs.mx\/wp-content\/uploads\/2022\/04\/31-CICLISTAS-CLASIFICADOS-A-NACIONALES-CONADE.jpg","articleSection":["Deportes"],"inLanguage":"es","potentialAction":[{"@type":"CommentAction","name":"Comment","target":["https:\/\/nbcs.mx\/?p=103799#respond"]}]},{"@type":"WebPage","@id":"https:\/\/nbcs.mx\/?p=103799","url":"https:\/\/nbcs.mx\/?p=103799","name":"Logran 31 ciclistas de BCS clasificar a los Nacionales Conade - NBCS Noticias","isPartOf":{"@id":"https:\/\/nbcs.mx\/#website"},"primaryImageOfPage":{"@id":"https:\/\/nbcs.mx\/?p=103799#primaryimage"},"image":{"@id":"https:\/\/nbcs.mx\/?p=103799#primaryimage"},"thumbnailUrl":"https:\/\/nbcs.mx\/wp-content\/uploads\/2022\/04\/31-CICLISTAS-CLASIFICADOS-A-NACIONALES-CONADE.jpg","datePublished":"2022-04-03T23:29:08+00:00","breadcrumb":{"@id":"https:\/\/nbcs.mx\/?p=103799#breadcrumb"},"inLanguage":"es","potentialAction":[{"@type":"ReadAction","target":["https:\/\/nbcs.mx\/?p=103799"]}]},{"@type":"ImageObject","inLanguage":"es","@id":"https:\/\/nbcs.mx\/?p=103799#primaryimage","url":"https:\/\/nbcs.mx\/wp-content\/uploads\/2022\/04\/31-CICLISTAS-CLASIFICADOS-A-NACIONALES-CONADE.jpg","contentUrl":"https:\/\/nbcs.mx\/wp-content\/uploads\/2022\/04\/31-CICLISTAS-CLASIFICADOS-A-NACIONALES-CONADE.jpg","width":1024,"height":724},{"@type":"BreadcrumbList","@id":"https:\/\/nbcs.mx\/?p=103799#breadcrumb","itemListElement":[{"@type":"ListItem","position":1,"name":"Portada","item":"https:\/\/nbcs.mx\/"},{"@type":"ListItem","position":2,"name":"Logran 31 ciclistas de BCS clasificar a los Nacionales Conade"}]},{"@type":"WebSite","@id":"https:\/\/nbcs.mx\/#website","url":"https:\/\/nbcs.mx\/","name":"NBCS Noticias","description":"Sitio web de noticias en Baja California Sur","publisher":{"@id":"https:\/\/nbcs.mx\/#organization"},"potentialAction":[{"@type":"SearchAction","target":{"@type":"EntryPoint","urlTemplate":"https:\/\/nbcs.mx\/?s={search_term_string}"},"query-input":{"@type":"PropertyValueSpecification","valueRequired":true,"valueName":"search_term_string"}}],"inLanguage":"es"},{"@type":"Organization","@id":"https:\/\/nbcs.mx\/#organization","name":"NBCS Noticias","url":"https:\/\/nbcs.mx\/","logo":{"@type":"ImageObject","inLanguage":"es","@id":"https:\/\/nbcs.mx\/#\/schema\/logo\/image\/","url":"https:\/\/nbcs.mx\/wp-content\/uploads\/2018\/09\/057b69485e93575a5c2b1c1dde2dd297.jpeg","contentUrl":"https:\/\/nbcs.mx\/wp-content\/uploads\/2018\/09\/057b69485e93575a5c2b1c1dde2dd297.jpeg","width":64,"height":64,"caption":"NBCS Noticias"},"image":{"@id":"https:\/\/nbcs.mx\/#\/schema\/logo\/image\/"},"sameAs":["https:\/\/www.facebook.com\/NBCSnoticias","https:\/\/x.com\/NBCSnoticias"]},{"@type":"Person","@id":"https:\/\/nbcs.mx\/#\/schema\/person\/ece58bab9a7c1e87a4d28ec9ecd79ff4","name":"NBCS Noticias","image":{"@type":"ImageObject","inLanguage":"es","@id":"https:\/\/secure.gravatar.com\/avatar\/4e52110cad1c4054b43271a0d14bbe9e2ea76aecd0e1097edfc670798d9ca1d4?s=96&d=blank&r=g","url":"https:\/\/secure.gravatar.com\/avatar\/4e52110cad1c4054b43271a0d14bbe9e2ea76aecd0e1097edfc670798d9ca1d4?s=96&d=blank&r=g","contentUrl":"https:\/\/secure.gravatar.com\/avatar\/4e52110cad1c4054b43271a0d14bbe9e2ea76aecd0e1097edfc670798d9ca1d4?s=96&d=blank&r=g","caption":"NBCS Noticias"},"description":"\u00bfTienes fotos o video de alg\u00fan acto de posible negligencia, corrupci\u00f3n y abuso de autoridad? M\u00e1ndalo al WhatsApp de NBCS Noticias: 612 141 98 08","sameAs":["https:\/\/www.nbcs.mx","https:\/\/www.facebook.com\/NBCSnoticias","https:\/\/www.instagram.com\/nbcsnoticias\/","https:\/\/x.com\/https:\/\/twitter.com\/NBCSnoticias"]}]}},"jetpack_publicize_connections":[],"jetpack_featured_media_url":"https:\/\/nbcs.mx\/wp-content\/uploads\/2022\/04\/31-CICLISTAS-CLASIFICADOS-A-NACIONALES-CONADE.jpg","jetpack_sharing_enabled":true,"_links":{"self":[{"href":"https:\/\/nbcs.mx\/index.php?rest_route=\/wp\/v2\/posts\/103799","targetHints":{"allow":["GET"]}}],"collection":[{"href":"https:\/\/nbcs.mx\/index.php?rest_route=\/wp\/v2\/posts"}],"about":[{"href":"https:\/\/nbcs.mx\/index.php?rest_route=\/wp\/v2\/types\/post"}],"author":[{"embeddable":true,"href":"https:\/\/nbcs.mx\/index.php?rest_route=\/wp\/v2\/users\/1"}],"replies":[{"embeddable":true,"href":"https:\/\/nbcs.mx\/index.php?rest_route=%2Fwp%2Fv2%2Fcomments&post=103799"}],"version-history":[{"count":1,"href":"https:\/\/nbcs.mx\/index.php?rest_route=\/wp\/v2\/posts\/103799\/revisions"}],"predecessor-version":[{"id":103801,"href":"https:\/\/nbcs.mx\/index.php?rest_route=\/wp\/v2\/posts\/103799\/revisions\/103801"}],"wp:featuredmedia":[{"embeddable":true,"href":"https:\/\/nbcs.mx\/index.php?rest_route=\/wp\/v2\/media\/103800"}],"wp:attachment":[{"href":"https:\/\/nbcs.mx\/index.php?rest_route=%2Fwp%2Fv2%2Fmedia&parent=103799"}],"wp:term":[{"taxonomy":"category","embeddable":true,"href":"https:\/\/nbcs.mx\/index.php?rest_route=%2Fwp%2Fv2%2Fcategories&post=103799"},{"taxonomy":"post_tag","embeddable":true,"href":"https:\/\/nbcs.mx\/index.php?rest_route=%2Fwp%2Fv2%2Ftags&post=103799"}],"curies":[{"name":"wp","href":"https:\/\/api.w.org\/{rel}","templated":true}]}}