{"id":103802,"date":"2022-04-03T17:32:10","date_gmt":"2022-04-03T23:32:10","guid":{"rendered":"https:\/\/nbcs.mx\/?p=103802"},"modified":"2022-04-03T17:32:10","modified_gmt":"2022-04-03T23:32:10","slug":"fortalecen-el-sistema-penal-acusatorio-de-bcs","status":"publish","type":"post","link":"https:\/\/nbcs.mx\/?p=103802","title":{"rendered":"Fortalecen el Sistema Penal Acusatorio de BCS"},"content":{"rendered":"<p style=\"text-align: justify;\"><img loading=\"lazy\" decoding=\"async\" class=\" wp-image-103803 alignleft\" src=\"https:\/\/nbcs.mx\/wp-content\/uploads\/2022\/04\/5-739x492.jpeg\" alt=\"\" width=\"357\" height=\"238\" srcset=\"https:\/\/nbcs.mx\/wp-content\/uploads\/2022\/04\/5-739x492.jpeg 739w, https:\/\/nbcs.mx\/wp-content\/uploads\/2022\/04\/5-150x100.jpeg 150w, https:\/\/nbcs.mx\/wp-content\/uploads\/2022\/04\/5-768x512.jpeg 768w, https:\/\/nbcs.mx\/wp-content\/uploads\/2022\/04\/5.jpeg 1024w\" sizes=\"auto, (max-width: 357px) 100vw, 357px\" \/>La Paz, Baja California Sur.- Ante Sesi\u00f3n de Pleno conjunto de Magistradas y Magistrados del Honorable Tribunal Superior de Justicia y Consejeras y Consejeros de la Judicatura en el Estado, encabezados por el Presidente Daniel Gallo Rodr\u00edguez, tomaron protesta de Ley a Elizabeth Castro Cadena como Jueza de Control y enjuiciamiento y a Claudia Elena Rosales Ortiz como Coordinadora Estatal de Gesti\u00f3n para los Juzgados del Sistema Penal Acusatorio.<\/p>\n<p style=\"text-align: justify;\">\n<p style=\"text-align: justify;\">Magistradas, Magistrados, Consejeras y Consejeros, al referirse a las funcionarias les desearon \u00e9xito en su nueva encomienda y destacaron que tal designaci\u00f3n se dio de manera natural y sin necesidad de acciones afirmativas, avanzando con ello con la paridad de g\u00e9nero en el Poder Judicial, asimismo reconociendo su trabajo desempe\u00f1ado a lo largo de los a\u00f1os a trav\u00e9s de la carrera judicial; adem\u00e1s las exhortaron \u00a0a mantener su funci\u00f3n como hasta ahora lo han hecho con honestidad, imparcialidad y principios \u00e9ticos con los que deben de cumplir los servidores p\u00fablicos judiciales, as\u00ed como ejercer su labor con profesionalismo para mejorar la calidad de la justicia que se imparte en el Sistema Penal Acusatorio.<\/p>\n<p>En ese sentido, el Magistrado Presidente apunt\u00f3 que estos nombramientos se dan en el marco de una restructuraci\u00f3n de los Juzgados Penales Acusatorios en el Estado de Baja California Sur, mediante una indispensable reforma a la Ley Org\u00e1nica del Poder Judicial del Estado, estudiada y propuesta por ambos Plenos, y formalizada por el Pleno del Honorable Tribunal Superior de Justicia del Estado, ante el Congreso del Estado desde el mes de octubre de 2019, misma que no fue posible se dictaminara por la anterior legislatura, siendo finalmente la actual XVI Legislatura la encargada de resolver dicha reforma en la que van inmersos temas importantes que permitir\u00e1n el fortalecimiento de la funci\u00f3n jurisdiccional y administrativa dentro del Poder Judicial del Estado.<\/p>\n<p style=\"text-align: justify;\">Agreg\u00f3 que la restructuraci\u00f3n a los Juzgados Acusatorios que entra en vigor este lunes 04 de abril, obedece a la necesidad apremiante de una reorganizaci\u00f3n administrativa para la adecuada gesti\u00f3n de los procedimientos penales, ya que dijo es una reforma pensada institucionalmente, creada para ajustarse a las exigencias de los justiciables, mejorar el funcionamiento del sistema y dar respuesta y cumplimiento a las expectativas de acceso y calidad de justicia en materia penal a la sociedad sudcaliforniana, destacando la creaci\u00f3n de la Coordinaci\u00f3n Estatal de Gesti\u00f3n para los Juzgados del Sistema Penal Acusatorio como una instancia de supervisi\u00f3n, evaluaci\u00f3n, planeaci\u00f3n y coordinaci\u00f3n, \u00a0as\u00ed tambi\u00e9n el Administrador de Gesti\u00f3n jur\u00eddico administrativa \u00a0en cada uno de los Juzgados del Estado, quien fungir\u00e1 como una autoridad jur\u00eddico administrativa, con mando vertical sobre el personal administrativo a su cargo; se eliminaron y fusionaron diversos cargos para unificarlos en una nueva categor\u00eda de auxiliares de \u00a0causa y sala lo que permitir\u00e1 que la carga de trabajo pueda asignarse m\u00e1s equitativamente \u00a0entre el personal conforme a las necesidades del servicio.<\/p>\n<p style=\"text-align: justify;\">Por lo que respecta a la conformaci\u00f3n de Tribunales de Enjuiciamiento a partir de esta reforma y reestructuraci\u00f3n legal, prevalecer\u00e1 en los nuevos juicios la forma Unitaria o Unipersonal de dichos Tribunales y solo ser\u00e1 colegiado cuando el auto de apertura a juicio se haya dictado por alguno de los siguientes tres delitos: homicidio doloso calificado cuando haya m\u00e1s de tres personas acusadas, feminicidio cuando haya m\u00e1s de tres personas acusadas o m\u00e1s de una v\u00edctima directa, y secuestro cuando exista solicitud de rescate.<\/p>\n<p style=\"text-align: justify;\">Finalmente Gallo Rodr\u00edguez, apunt\u00f3 que con estos cambios se seguir\u00e1 evaluando y buscando nuevas \u00e1reas de oportunidad que tengan como objetivo la consolidaci\u00f3n de la operatividad de nuestros juzgados del sistema de Justicia Penal Acusatorio en la Entidad, en beneficio de los Ciudadanos del Estado.<\/p>\n","protected":false},"excerpt":{"rendered":"<p>La Paz, Baja California Sur.- Ante Sesi\u00f3n de Pleno conjunto de Magistradas y Magistrados del Honorable Tribunal Superior de Justicia<\/p>\n","protected":false},"author":1,"featured_media":103803,"comment_status":"open","ping_status":"closed","sticky":false,"template":"","format":"standard","meta":{"colormag_page_container_layout":"default_layout","colormag_page_sidebar_layout":"default_layout","_jetpack_memberships_contains_paid_content":false,"footnotes":"","jetpack_publicize_message":"","jetpack_publicize_feature_enabled":true,"jetpack_social_post_already_shared":true,"jetpack_social_options":{"image_generator_settings":{"template":"highway","default_image_id":0,"font":"","enabled":false},"version":2}},"categories":[1],"tags":[],"class_list":["post-103802","post","type-post","status-publish","format-standard","has-post-thumbnail","hentry","category-noticias"],"yoast_head":"<!-- This site is optimized with the Yoast SEO plugin v27.4 - https:\/\/yoast.com\/product\/yoast-seo-wordpress\/ -->\n<title>Fortalecen el Sistema Penal Acusatorio de BCS - NBCS Noticias<\/title>\n<meta name=\"robots\" content=\"index, follow, max-snippet:-1, max-image-preview:large, max-video-preview:-1\" \/>\n<link rel=\"canonical\" href=\"https:\/\/nbcs.mx\/?p=103802\" \/>\n<meta property=\"og:locale\" content=\"es_ES\" \/>\n<meta property=\"og:type\" content=\"article\" \/>\n<meta property=\"og:title\" content=\"Fortalecen el Sistema Penal Acusatorio de BCS - NBCS Noticias\" \/>\n<meta property=\"og:description\" content=\"La Paz, Baja California Sur.- Ante Sesi\u00f3n de Pleno conjunto de Magistradas y Magistrados del Honorable Tribunal Superior de Justicia\" \/>\n<meta property=\"og:url\" content=\"https:\/\/nbcs.mx\/?p=103802\" \/>\n<meta property=\"og:site_name\" content=\"NBCS Noticias\" \/>\n<meta property=\"article:publisher\" content=\"https:\/\/www.facebook.com\/NBCSnoticias\" \/>\n<meta property=\"article:author\" content=\"https:\/\/www.facebook.com\/NBCSnoticias\" \/>\n<meta property=\"article:published_time\" content=\"2022-04-03T23:32:10+00:00\" \/>\n<meta property=\"og:image\" content=\"https:\/\/nbcs.mx\/wp-content\/uploads\/2022\/04\/5.jpeg\" \/>\n\t<meta property=\"og:image:width\" content=\"1024\" \/>\n\t<meta property=\"og:image:height\" content=\"682\" \/>\n\t<meta property=\"og:image:type\" content=\"image\/jpeg\" \/>\n<meta name=\"author\" content=\"NBCS Noticias\" \/>\n<meta name=\"twitter:card\" content=\"summary_large_image\" \/>\n<meta name=\"twitter:creator\" content=\"@https:\/\/twitter.com\/NBCSnoticias\" \/>\n<meta name=\"twitter:site\" content=\"@NBCSnoticias\" \/>\n<meta name=\"twitter:label1\" content=\"Escrito por\" \/>\n\t<meta name=\"twitter:data1\" content=\"NBCS Noticias\" \/>\n\t<meta name=\"twitter:label2\" content=\"Tiempo de lectura\" \/>\n\t<meta name=\"twitter:data2\" content=\"3 minutos\" \/>\n<script type=\"application\/ld+json\" class=\"yoast-schema-graph\">{\"@context\":\"https:\\\/\\\/schema.org\",\"@graph\":[{\"@type\":\"Article\",\"@id\":\"https:\\\/\\\/nbcs.mx\\\/?p=103802#article\",\"isPartOf\":{\"@id\":\"https:\\\/\\\/nbcs.mx\\\/?p=103802\"},\"author\":{\"name\":\"NBCS Noticias\",\"@id\":\"https:\\\/\\\/nbcs.mx\\\/#\\\/schema\\\/person\\\/ece58bab9a7c1e87a4d28ec9ecd79ff4\"},\"headline\":\"Fortalecen el Sistema Penal Acusatorio de BCS\",\"datePublished\":\"2022-04-03T23:32:10+00:00\",\"mainEntityOfPage\":{\"@id\":\"https:\\\/\\\/nbcs.mx\\\/?p=103802\"},\"wordCount\":650,\"commentCount\":0,\"publisher\":{\"@id\":\"https:\\\/\\\/nbcs.mx\\\/#organization\"},\"image\":{\"@id\":\"https:\\\/\\\/nbcs.mx\\\/?p=103802#primaryimage\"},\"thumbnailUrl\":\"https:\\\/\\\/nbcs.mx\\\/wp-content\\\/uploads\\\/2022\\\/04\\\/5.jpeg\",\"articleSection\":[\"Noticias\"],\"inLanguage\":\"es\",\"potentialAction\":[{\"@type\":\"CommentAction\",\"name\":\"Comment\",\"target\":[\"https:\\\/\\\/nbcs.mx\\\/?p=103802#respond\"]}]},{\"@type\":\"WebPage\",\"@id\":\"https:\\\/\\\/nbcs.mx\\\/?p=103802\",\"url\":\"https:\\\/\\\/nbcs.mx\\\/?p=103802\",\"name\":\"Fortalecen el Sistema Penal Acusatorio de BCS - NBCS Noticias\",\"isPartOf\":{\"@id\":\"https:\\\/\\\/nbcs.mx\\\/#website\"},\"primaryImageOfPage\":{\"@id\":\"https:\\\/\\\/nbcs.mx\\\/?p=103802#primaryimage\"},\"image\":{\"@id\":\"https:\\\/\\\/nbcs.mx\\\/?p=103802#primaryimage\"},\"thumbnailUrl\":\"https:\\\/\\\/nbcs.mx\\\/wp-content\\\/uploads\\\/2022\\\/04\\\/5.jpeg\",\"datePublished\":\"2022-04-03T23:32:10+00:00\",\"breadcrumb\":{\"@id\":\"https:\\\/\\\/nbcs.mx\\\/?p=103802#breadcrumb\"},\"inLanguage\":\"es\",\"potentialAction\":[{\"@type\":\"ReadAction\",\"target\":[\"https:\\\/\\\/nbcs.mx\\\/?p=103802\"]}]},{\"@type\":\"ImageObject\",\"inLanguage\":\"es\",\"@id\":\"https:\\\/\\\/nbcs.mx\\\/?p=103802#primaryimage\",\"url\":\"https:\\\/\\\/nbcs.mx\\\/wp-content\\\/uploads\\\/2022\\\/04\\\/5.jpeg\",\"contentUrl\":\"https:\\\/\\\/nbcs.mx\\\/wp-content\\\/uploads\\\/2022\\\/04\\\/5.jpeg\",\"width\":1024,\"height\":682},{\"@type\":\"BreadcrumbList\",\"@id\":\"https:\\\/\\\/nbcs.mx\\\/?p=103802#breadcrumb\",\"itemListElement\":[{\"@type\":\"ListItem\",\"position\":1,\"name\":\"Portada\",\"item\":\"https:\\\/\\\/nbcs.mx\\\/\"},{\"@type\":\"ListItem\",\"position\":2,\"name\":\"Fortalecen el Sistema Penal Acusatorio de BCS\"}]},{\"@type\":\"WebSite\",\"@id\":\"https:\\\/\\\/nbcs.mx\\\/#website\",\"url\":\"https:\\\/\\\/nbcs.mx\\\/\",\"name\":\"NBCS Noticias\",\"description\":\"Sitio web de noticias en Baja California Sur\",\"publisher\":{\"@id\":\"https:\\\/\\\/nbcs.mx\\\/#organization\"},\"potentialAction\":[{\"@type\":\"SearchAction\",\"target\":{\"@type\":\"EntryPoint\",\"urlTemplate\":\"https:\\\/\\\/nbcs.mx\\\/?s={search_term_string}\"},\"query-input\":{\"@type\":\"PropertyValueSpecification\",\"valueRequired\":true,\"valueName\":\"search_term_string\"}}],\"inLanguage\":\"es\"},{\"@type\":\"Organization\",\"@id\":\"https:\\\/\\\/nbcs.mx\\\/#organization\",\"name\":\"NBCS Noticias\",\"url\":\"https:\\\/\\\/nbcs.mx\\\/\",\"logo\":{\"@type\":\"ImageObject\",\"inLanguage\":\"es\",\"@id\":\"https:\\\/\\\/nbcs.mx\\\/#\\\/schema\\\/logo\\\/image\\\/\",\"url\":\"https:\\\/\\\/nbcs.mx\\\/wp-content\\\/uploads\\\/2018\\\/09\\\/057b69485e93575a5c2b1c1dde2dd297.jpeg\",\"contentUrl\":\"https:\\\/\\\/nbcs.mx\\\/wp-content\\\/uploads\\\/2018\\\/09\\\/057b69485e93575a5c2b1c1dde2dd297.jpeg\",\"width\":64,\"height\":64,\"caption\":\"NBCS Noticias\"},\"image\":{\"@id\":\"https:\\\/\\\/nbcs.mx\\\/#\\\/schema\\\/logo\\\/image\\\/\"},\"sameAs\":[\"https:\\\/\\\/www.facebook.com\\\/NBCSnoticias\",\"https:\\\/\\\/x.com\\\/NBCSnoticias\"]},{\"@type\":\"Person\",\"@id\":\"https:\\\/\\\/nbcs.mx\\\/#\\\/schema\\\/person\\\/ece58bab9a7c1e87a4d28ec9ecd79ff4\",\"name\":\"NBCS Noticias\",\"image\":{\"@type\":\"ImageObject\",\"inLanguage\":\"es\",\"@id\":\"https:\\\/\\\/secure.gravatar.com\\\/avatar\\\/4e52110cad1c4054b43271a0d14bbe9e2ea76aecd0e1097edfc670798d9ca1d4?s=96&d=blank&r=g\",\"url\":\"https:\\\/\\\/secure.gravatar.com\\\/avatar\\\/4e52110cad1c4054b43271a0d14bbe9e2ea76aecd0e1097edfc670798d9ca1d4?s=96&d=blank&r=g\",\"contentUrl\":\"https:\\\/\\\/secure.gravatar.com\\\/avatar\\\/4e52110cad1c4054b43271a0d14bbe9e2ea76aecd0e1097edfc670798d9ca1d4?s=96&d=blank&r=g\",\"caption\":\"NBCS Noticias\"},\"description\":\"\u00bfTienes fotos o video de alg\u00fan acto de posible negligencia, corrupci\u00f3n y abuso de autoridad? M\u00e1ndalo al WhatsApp de NBCS Noticias: 612 141 98 08\",\"sameAs\":[\"https:\\\/\\\/www.nbcs.mx\",\"https:\\\/\\\/www.facebook.com\\\/NBCSnoticias\",\"https:\\\/\\\/www.instagram.com\\\/nbcsnoticias\\\/\",\"https:\\\/\\\/x.com\\\/https:\\\/\\\/twitter.com\\\/NBCSnoticias\"]}]}<\/script>\n<!-- \/ Yoast SEO plugin. -->","yoast_head_json":{"title":"Fortalecen el Sistema Penal Acusatorio de BCS - NBCS Noticias","robots":{"index":"index","follow":"follow","max-snippet":"max-snippet:-1","max-image-preview":"max-image-preview:large","max-video-preview":"max-video-preview:-1"},"canonical":"https:\/\/nbcs.mx\/?p=103802","og_locale":"es_ES","og_type":"article","og_title":"Fortalecen el Sistema Penal Acusatorio de BCS - NBCS Noticias","og_description":"La Paz, Baja California Sur.- Ante Sesi\u00f3n de Pleno conjunto de Magistradas y Magistrados del Honorable Tribunal Superior de Justicia","og_url":"https:\/\/nbcs.mx\/?p=103802","og_site_name":"NBCS Noticias","article_publisher":"https:\/\/www.facebook.com\/NBCSnoticias","article_author":"https:\/\/www.facebook.com\/NBCSnoticias","article_published_time":"2022-04-03T23:32:10+00:00","og_image":[{"width":1024,"height":682,"url":"https:\/\/nbcs.mx\/wp-content\/uploads\/2022\/04\/5.jpeg","type":"image\/jpeg"}],"author":"NBCS Noticias","twitter_card":"summary_large_image","twitter_creator":"@https:\/\/twitter.com\/NBCSnoticias","twitter_site":"@NBCSnoticias","twitter_misc":{"Escrito por":"NBCS Noticias","Tiempo de lectura":"3 minutos"},"schema":{"@context":"https:\/\/schema.org","@graph":[{"@type":"Article","@id":"https:\/\/nbcs.mx\/?p=103802#article","isPartOf":{"@id":"https:\/\/nbcs.mx\/?p=103802"},"author":{"name":"NBCS Noticias","@id":"https:\/\/nbcs.mx\/#\/schema\/person\/ece58bab9a7c1e87a4d28ec9ecd79ff4"},"headline":"Fortalecen el Sistema Penal Acusatorio de BCS","datePublished":"2022-04-03T23:32:10+00:00","mainEntityOfPage":{"@id":"https:\/\/nbcs.mx\/?p=103802"},"wordCount":650,"commentCount":0,"publisher":{"@id":"https:\/\/nbcs.mx\/#organization"},"image":{"@id":"https:\/\/nbcs.mx\/?p=103802#primaryimage"},"thumbnailUrl":"https:\/\/nbcs.mx\/wp-content\/uploads\/2022\/04\/5.jpeg","articleSection":["Noticias"],"inLanguage":"es","potentialAction":[{"@type":"CommentAction","name":"Comment","target":["https:\/\/nbcs.mx\/?p=103802#respond"]}]},{"@type":"WebPage","@id":"https:\/\/nbcs.mx\/?p=103802","url":"https:\/\/nbcs.mx\/?p=103802","name":"Fortalecen el Sistema Penal Acusatorio de BCS - NBCS Noticias","isPartOf":{"@id":"https:\/\/nbcs.mx\/#website"},"primaryImageOfPage":{"@id":"https:\/\/nbcs.mx\/?p=103802#primaryimage"},"image":{"@id":"https:\/\/nbcs.mx\/?p=103802#primaryimage"},"thumbnailUrl":"https:\/\/nbcs.mx\/wp-content\/uploads\/2022\/04\/5.jpeg","datePublished":"2022-04-03T23:32:10+00:00","breadcrumb":{"@id":"https:\/\/nbcs.mx\/?p=103802#breadcrumb"},"inLanguage":"es","potentialAction":[{"@type":"ReadAction","target":["https:\/\/nbcs.mx\/?p=103802"]}]},{"@type":"ImageObject","inLanguage":"es","@id":"https:\/\/nbcs.mx\/?p=103802#primaryimage","url":"https:\/\/nbcs.mx\/wp-content\/uploads\/2022\/04\/5.jpeg","contentUrl":"https:\/\/nbcs.mx\/wp-content\/uploads\/2022\/04\/5.jpeg","width":1024,"height":682},{"@type":"BreadcrumbList","@id":"https:\/\/nbcs.mx\/?p=103802#breadcrumb","itemListElement":[{"@type":"ListItem","position":1,"name":"Portada","item":"https:\/\/nbcs.mx\/"},{"@type":"ListItem","position":2,"name":"Fortalecen el Sistema Penal Acusatorio de BCS"}]},{"@type":"WebSite","@id":"https:\/\/nbcs.mx\/#website","url":"https:\/\/nbcs.mx\/","name":"NBCS Noticias","description":"Sitio web de noticias en Baja California Sur","publisher":{"@id":"https:\/\/nbcs.mx\/#organization"},"potentialAction":[{"@type":"SearchAction","target":{"@type":"EntryPoint","urlTemplate":"https:\/\/nbcs.mx\/?s={search_term_string}"},"query-input":{"@type":"PropertyValueSpecification","valueRequired":true,"valueName":"search_term_string"}}],"inLanguage":"es"},{"@type":"Organization","@id":"https:\/\/nbcs.mx\/#organization","name":"NBCS Noticias","url":"https:\/\/nbcs.mx\/","logo":{"@type":"ImageObject","inLanguage":"es","@id":"https:\/\/nbcs.mx\/#\/schema\/logo\/image\/","url":"https:\/\/nbcs.mx\/wp-content\/uploads\/2018\/09\/057b69485e93575a5c2b1c1dde2dd297.jpeg","contentUrl":"https:\/\/nbcs.mx\/wp-content\/uploads\/2018\/09\/057b69485e93575a5c2b1c1dde2dd297.jpeg","width":64,"height":64,"caption":"NBCS Noticias"},"image":{"@id":"https:\/\/nbcs.mx\/#\/schema\/logo\/image\/"},"sameAs":["https:\/\/www.facebook.com\/NBCSnoticias","https:\/\/x.com\/NBCSnoticias"]},{"@type":"Person","@id":"https:\/\/nbcs.mx\/#\/schema\/person\/ece58bab9a7c1e87a4d28ec9ecd79ff4","name":"NBCS Noticias","image":{"@type":"ImageObject","inLanguage":"es","@id":"https:\/\/secure.gravatar.com\/avatar\/4e52110cad1c4054b43271a0d14bbe9e2ea76aecd0e1097edfc670798d9ca1d4?s=96&d=blank&r=g","url":"https:\/\/secure.gravatar.com\/avatar\/4e52110cad1c4054b43271a0d14bbe9e2ea76aecd0e1097edfc670798d9ca1d4?s=96&d=blank&r=g","contentUrl":"https:\/\/secure.gravatar.com\/avatar\/4e52110cad1c4054b43271a0d14bbe9e2ea76aecd0e1097edfc670798d9ca1d4?s=96&d=blank&r=g","caption":"NBCS Noticias"},"description":"\u00bfTienes fotos o video de alg\u00fan acto de posible negligencia, corrupci\u00f3n y abuso de autoridad? M\u00e1ndalo al WhatsApp de NBCS Noticias: 612 141 98 08","sameAs":["https:\/\/www.nbcs.mx","https:\/\/www.facebook.com\/NBCSnoticias","https:\/\/www.instagram.com\/nbcsnoticias\/","https:\/\/x.com\/https:\/\/twitter.com\/NBCSnoticias"]}]}},"jetpack_publicize_connections":[],"jetpack_featured_media_url":"https:\/\/nbcs.mx\/wp-content\/uploads\/2022\/04\/5.jpeg","jetpack_sharing_enabled":true,"_links":{"self":[{"href":"https:\/\/nbcs.mx\/index.php?rest_route=\/wp\/v2\/posts\/103802","targetHints":{"allow":["GET"]}}],"collection":[{"href":"https:\/\/nbcs.mx\/index.php?rest_route=\/wp\/v2\/posts"}],"about":[{"href":"https:\/\/nbcs.mx\/index.php?rest_route=\/wp\/v2\/types\/post"}],"author":[{"embeddable":true,"href":"https:\/\/nbcs.mx\/index.php?rest_route=\/wp\/v2\/users\/1"}],"replies":[{"embeddable":true,"href":"https:\/\/nbcs.mx\/index.php?rest_route=%2Fwp%2Fv2%2Fcomments&post=103802"}],"version-history":[{"count":1,"href":"https:\/\/nbcs.mx\/index.php?rest_route=\/wp\/v2\/posts\/103802\/revisions"}],"predecessor-version":[{"id":103804,"href":"https:\/\/nbcs.mx\/index.php?rest_route=\/wp\/v2\/posts\/103802\/revisions\/103804"}],"wp:featuredmedia":[{"embeddable":true,"href":"https:\/\/nbcs.mx\/index.php?rest_route=\/wp\/v2\/media\/103803"}],"wp:attachment":[{"href":"https:\/\/nbcs.mx\/index.php?rest_route=%2Fwp%2Fv2%2Fmedia&parent=103802"}],"wp:term":[{"taxonomy":"category","embeddable":true,"href":"https:\/\/nbcs.mx\/index.php?rest_route=%2Fwp%2Fv2%2Fcategories&post=103802"},{"taxonomy":"post_tag","embeddable":true,"href":"https:\/\/nbcs.mx\/index.php?rest_route=%2Fwp%2Fv2%2Ftags&post=103802"}],"curies":[{"name":"wp","href":"https:\/\/api.w.org\/{rel}","templated":true}]}}