{"id":104072,"date":"2022-04-07T17:46:04","date_gmt":"2022-04-07T23:46:04","guid":{"rendered":"https:\/\/nbcs.mx\/?p=104072"},"modified":"2022-04-07T17:46:04","modified_gmt":"2022-04-07T23:46:04","slug":"aprueba-por-unanimidad-ampliacion-de-las-subdelegaciones-de-sjc-y-csl","status":"publish","type":"post","link":"https:\/\/nbcs.mx\/?p=104072","title":{"rendered":"Aprueba por unanimidad ampliaci\u00f3n de las subdelegaciones de SJC y CSL"},"content":{"rendered":"<p style=\"text-align: justify;\"><img loading=\"lazy\" decoding=\"async\" class=\" wp-image-104073 alignleft\" src=\"https:\/\/nbcs.mx\/wp-content\/uploads\/2022\/04\/09-Para-fortalecer-la-presencia-del-Gobierno-Municipal-aprueban-la-ampliacion-de-subdelegaciones-en-SJC-y-CSL1-656x492.jpeg\" alt=\"\" width=\"387\" height=\"290\" srcset=\"https:\/\/nbcs.mx\/wp-content\/uploads\/2022\/04\/09-Para-fortalecer-la-presencia-del-Gobierno-Municipal-aprueban-la-ampliacion-de-subdelegaciones-en-SJC-y-CSL1-656x492.jpeg 656w, https:\/\/nbcs.mx\/wp-content\/uploads\/2022\/04\/09-Para-fortalecer-la-presencia-del-Gobierno-Municipal-aprueban-la-ampliacion-de-subdelegaciones-en-SJC-y-CSL1-150x113.jpeg 150w, https:\/\/nbcs.mx\/wp-content\/uploads\/2022\/04\/09-Para-fortalecer-la-presencia-del-Gobierno-Municipal-aprueban-la-ampliacion-de-subdelegaciones-en-SJC-y-CSL1-768x576.jpeg 768w, https:\/\/nbcs.mx\/wp-content\/uploads\/2022\/04\/09-Para-fortalecer-la-presencia-del-Gobierno-Municipal-aprueban-la-ampliacion-de-subdelegaciones-en-SJC-y-CSL1.jpeg 1024w\" sizes=\"auto, (max-width: 387px) 100vw, 387px\" \/>Los Cabos, Baja California Sur.- Con el prop\u00f3sito de organizar el territorio y satisfacer las necesidades colectivas de los habitantes del municipio, el pasado 04 de abril, en la 7ma Sesi\u00f3n P\u00fablica Ordinaria del H. Cabildo de Los Cabos, laComisi\u00f3n Edilicia Permanente de Estudios Legislativos y Reglamentarios, present\u00f3 un punto de acuerdo a favor de laampliaci\u00f3n de subdelegaciones en las ciudades de Cabo San Lucas y San Jos\u00e9 del Cabo, el cual fue aprobado por unanimidad.<\/p>\n<p style=\"text-align: justify;\">\n<p style=\"text-align: justify;\">Cabe destacar, que el acelerado crecimiento poblacional del municipio de Los Cabos, -por encima de la media nacional con un porcentaje mayor al 3%-, convierte al municipio como el m\u00e1s poblado del estado con 351 mil 111 habitantes de acuerdo al \u00faltimo censo del INEGI del a\u00f1o 2020, provocando una mayor demanda de servicios p\u00fablicos para el desarrollo\u00a0 de la comunidad, especialmente en Cabo San Lucas y San Jos\u00e9 del Cabo.<\/p>\n<p style=\"text-align: justify;\">\n<p style=\"text-align: justify;\">Tras la aprobaci\u00f3n del punto de acurdo presentado, se contar\u00e1 con un mayor n\u00famero de Subdelegaciones que fortalecer\u00e1n la presencia del Gobierno Municipal en las localidades, y a su vez, se incrementar\u00e1n los alcances de las acciones de los programas para el cumplimiento de necesidades de convivencia, recreaci\u00f3n, seguridad, as\u00ed como de salud y servicios p\u00fablicos hacia los habitantes que residen en la periferia de la delegaci\u00f3n de Cabo San Lucas y en San Jos\u00e9 del Cabo.<\/p>\n<p style=\"text-align: justify;\">\n<p style=\"text-align: justify;\">Para finalizar, se informa que a partir de la aprobaci\u00f3n del punto de acuerdo, se proceder\u00e1 a determinar la extensi\u00f3n y limites de las pr\u00f3ximas subdelegaciones en las que se dividir\u00e1 el territorio municipal; y ser\u00e1 en un lapso de 90 d\u00edas cuando se deber\u00e1 presentar ante Cabildo la declaraci\u00f3n y publicaci\u00f3n de la propuesta t\u00e9cnica y cartogr\u00e1fica de divisi\u00f3n territorial del municipio de Los Cabos, en cuanto a la demarcaci\u00f3n de las subdelegaciones.<\/p>\n","protected":false},"excerpt":{"rendered":"<p>Los Cabos, Baja California Sur.- Con el prop\u00f3sito de organizar el territorio y satisfacer las necesidades colectivas de los habitantes<\/p>\n","protected":false},"author":1,"featured_media":104073,"comment_status":"open","ping_status":"closed","sticky":false,"template":"","format":"standard","meta":{"colormag_page_container_layout":"default_layout","colormag_page_sidebar_layout":"default_layout","_jetpack_memberships_contains_paid_content":false,"footnotes":"","jetpack_publicize_message":"","jetpack_publicize_feature_enabled":true,"jetpack_social_post_already_shared":true,"jetpack_social_options":{"image_generator_settings":{"template":"highway","default_image_id":0,"font":"","enabled":false},"version":2}},"categories":[40],"tags":[],"class_list":["post-104072","post","type-post","status-publish","format-standard","has-post-thumbnail","hentry","category-municipios"],"yoast_head":"<!-- This site is optimized with the Yoast SEO plugin v27.5 - https:\/\/yoast.com\/product\/yoast-seo-wordpress\/ -->\n<title>Aprueba por unanimidad ampliaci\u00f3n de las subdelegaciones de SJC y CSL - NBCS Noticias<\/title>\n<meta name=\"robots\" content=\"index, follow, max-snippet:-1, max-image-preview:large, max-video-preview:-1\" \/>\n<link rel=\"canonical\" href=\"https:\/\/nbcs.mx\/?p=104072\" \/>\n<meta property=\"og:locale\" content=\"es_ES\" \/>\n<meta property=\"og:type\" content=\"article\" \/>\n<meta property=\"og:title\" content=\"Aprueba por unanimidad ampliaci\u00f3n de las subdelegaciones de SJC y CSL - NBCS Noticias\" \/>\n<meta property=\"og:description\" content=\"Los Cabos, Baja California Sur.- Con el prop\u00f3sito de organizar el territorio y satisfacer las necesidades colectivas de los habitantes\" \/>\n<meta property=\"og:url\" content=\"https:\/\/nbcs.mx\/?p=104072\" \/>\n<meta property=\"og:site_name\" content=\"NBCS Noticias\" \/>\n<meta property=\"article:publisher\" content=\"https:\/\/www.facebook.com\/NBCSnoticias\" \/>\n<meta property=\"article:author\" content=\"https:\/\/www.facebook.com\/NBCSnoticias\" \/>\n<meta property=\"article:published_time\" content=\"2022-04-07T23:46:04+00:00\" \/>\n<meta property=\"og:image\" content=\"https:\/\/nbcs.mx\/wp-content\/uploads\/2022\/04\/09-Para-fortalecer-la-presencia-del-Gobierno-Municipal-aprueban-la-ampliacion-de-subdelegaciones-en-SJC-y-CSL1.jpeg\" \/>\n\t<meta property=\"og:image:width\" content=\"1024\" \/>\n\t<meta property=\"og:image:height\" content=\"768\" \/>\n\t<meta property=\"og:image:type\" content=\"image\/jpeg\" \/>\n<meta name=\"author\" content=\"NBCS Noticias\" \/>\n<meta name=\"twitter:card\" content=\"summary_large_image\" \/>\n<meta name=\"twitter:creator\" content=\"@https:\/\/twitter.com\/NBCSnoticias\" \/>\n<meta name=\"twitter:site\" content=\"@NBCSnoticias\" \/>\n<meta name=\"twitter:label1\" content=\"Escrito por\" \/>\n\t<meta name=\"twitter:data1\" content=\"NBCS Noticias\" \/>\n\t<meta name=\"twitter:label2\" content=\"Tiempo de lectura\" \/>\n\t<meta name=\"twitter:data2\" content=\"2 minutos\" \/>\n<script type=\"application\/ld+json\" class=\"yoast-schema-graph\">{\"@context\":\"https:\\\/\\\/schema.org\",\"@graph\":[{\"@type\":\"Article\",\"@id\":\"https:\\\/\\\/nbcs.mx\\\/?p=104072#article\",\"isPartOf\":{\"@id\":\"https:\\\/\\\/nbcs.mx\\\/?p=104072\"},\"author\":{\"name\":\"NBCS Noticias\",\"@id\":\"https:\\\/\\\/nbcs.mx\\\/#\\\/schema\\\/person\\\/ece58bab9a7c1e87a4d28ec9ecd79ff4\"},\"headline\":\"Aprueba por unanimidad ampliaci\u00f3n de las subdelegaciones de SJC y CSL\",\"datePublished\":\"2022-04-07T23:46:04+00:00\",\"mainEntityOfPage\":{\"@id\":\"https:\\\/\\\/nbcs.mx\\\/?p=104072\"},\"wordCount\":331,\"commentCount\":0,\"publisher\":{\"@id\":\"https:\\\/\\\/nbcs.mx\\\/#organization\"},\"image\":{\"@id\":\"https:\\\/\\\/nbcs.mx\\\/?p=104072#primaryimage\"},\"thumbnailUrl\":\"https:\\\/\\\/nbcs.mx\\\/wp-content\\\/uploads\\\/2022\\\/04\\\/09-Para-fortalecer-la-presencia-del-Gobierno-Municipal-aprueban-la-ampliacion-de-subdelegaciones-en-SJC-y-CSL1.jpeg\",\"articleSection\":[\"Municipios\"],\"inLanguage\":\"es\",\"potentialAction\":[{\"@type\":\"CommentAction\",\"name\":\"Comment\",\"target\":[\"https:\\\/\\\/nbcs.mx\\\/?p=104072#respond\"]}]},{\"@type\":\"WebPage\",\"@id\":\"https:\\\/\\\/nbcs.mx\\\/?p=104072\",\"url\":\"https:\\\/\\\/nbcs.mx\\\/?p=104072\",\"name\":\"Aprueba por unanimidad ampliaci\u00f3n de las subdelegaciones de SJC y CSL - NBCS Noticias\",\"isPartOf\":{\"@id\":\"https:\\\/\\\/nbcs.mx\\\/#website\"},\"primaryImageOfPage\":{\"@id\":\"https:\\\/\\\/nbcs.mx\\\/?p=104072#primaryimage\"},\"image\":{\"@id\":\"https:\\\/\\\/nbcs.mx\\\/?p=104072#primaryimage\"},\"thumbnailUrl\":\"https:\\\/\\\/nbcs.mx\\\/wp-content\\\/uploads\\\/2022\\\/04\\\/09-Para-fortalecer-la-presencia-del-Gobierno-Municipal-aprueban-la-ampliacion-de-subdelegaciones-en-SJC-y-CSL1.jpeg\",\"datePublished\":\"2022-04-07T23:46:04+00:00\",\"breadcrumb\":{\"@id\":\"https:\\\/\\\/nbcs.mx\\\/?p=104072#breadcrumb\"},\"inLanguage\":\"es\",\"potentialAction\":[{\"@type\":\"ReadAction\",\"target\":[\"https:\\\/\\\/nbcs.mx\\\/?p=104072\"]}]},{\"@type\":\"ImageObject\",\"inLanguage\":\"es\",\"@id\":\"https:\\\/\\\/nbcs.mx\\\/?p=104072#primaryimage\",\"url\":\"https:\\\/\\\/nbcs.mx\\\/wp-content\\\/uploads\\\/2022\\\/04\\\/09-Para-fortalecer-la-presencia-del-Gobierno-Municipal-aprueban-la-ampliacion-de-subdelegaciones-en-SJC-y-CSL1.jpeg\",\"contentUrl\":\"https:\\\/\\\/nbcs.mx\\\/wp-content\\\/uploads\\\/2022\\\/04\\\/09-Para-fortalecer-la-presencia-del-Gobierno-Municipal-aprueban-la-ampliacion-de-subdelegaciones-en-SJC-y-CSL1.jpeg\",\"width\":1024,\"height\":768},{\"@type\":\"BreadcrumbList\",\"@id\":\"https:\\\/\\\/nbcs.mx\\\/?p=104072#breadcrumb\",\"itemListElement\":[{\"@type\":\"ListItem\",\"position\":1,\"name\":\"Portada\",\"item\":\"https:\\\/\\\/nbcs.mx\\\/\"},{\"@type\":\"ListItem\",\"position\":2,\"name\":\"Aprueba por unanimidad ampliaci\u00f3n de las subdelegaciones de SJC y CSL\"}]},{\"@type\":\"WebSite\",\"@id\":\"https:\\\/\\\/nbcs.mx\\\/#website\",\"url\":\"https:\\\/\\\/nbcs.mx\\\/\",\"name\":\"NBCS Noticias\",\"description\":\"Sitio web de noticias en Baja California Sur\",\"publisher\":{\"@id\":\"https:\\\/\\\/nbcs.mx\\\/#organization\"},\"potentialAction\":[{\"@type\":\"SearchAction\",\"target\":{\"@type\":\"EntryPoint\",\"urlTemplate\":\"https:\\\/\\\/nbcs.mx\\\/?s={search_term_string}\"},\"query-input\":{\"@type\":\"PropertyValueSpecification\",\"valueRequired\":true,\"valueName\":\"search_term_string\"}}],\"inLanguage\":\"es\"},{\"@type\":\"Organization\",\"@id\":\"https:\\\/\\\/nbcs.mx\\\/#organization\",\"name\":\"NBCS Noticias\",\"url\":\"https:\\\/\\\/nbcs.mx\\\/\",\"logo\":{\"@type\":\"ImageObject\",\"inLanguage\":\"es\",\"@id\":\"https:\\\/\\\/nbcs.mx\\\/#\\\/schema\\\/logo\\\/image\\\/\",\"url\":\"https:\\\/\\\/nbcs.mx\\\/wp-content\\\/uploads\\\/2018\\\/09\\\/057b69485e93575a5c2b1c1dde2dd297.jpeg\",\"contentUrl\":\"https:\\\/\\\/nbcs.mx\\\/wp-content\\\/uploads\\\/2018\\\/09\\\/057b69485e93575a5c2b1c1dde2dd297.jpeg\",\"width\":64,\"height\":64,\"caption\":\"NBCS Noticias\"},\"image\":{\"@id\":\"https:\\\/\\\/nbcs.mx\\\/#\\\/schema\\\/logo\\\/image\\\/\"},\"sameAs\":[\"https:\\\/\\\/www.facebook.com\\\/NBCSnoticias\",\"https:\\\/\\\/x.com\\\/NBCSnoticias\"]},{\"@type\":\"Person\",\"@id\":\"https:\\\/\\\/nbcs.mx\\\/#\\\/schema\\\/person\\\/ece58bab9a7c1e87a4d28ec9ecd79ff4\",\"name\":\"NBCS Noticias\",\"image\":{\"@type\":\"ImageObject\",\"inLanguage\":\"es\",\"@id\":\"https:\\\/\\\/secure.gravatar.com\\\/avatar\\\/4e52110cad1c4054b43271a0d14bbe9e2ea76aecd0e1097edfc670798d9ca1d4?s=96&d=blank&r=g\",\"url\":\"https:\\\/\\\/secure.gravatar.com\\\/avatar\\\/4e52110cad1c4054b43271a0d14bbe9e2ea76aecd0e1097edfc670798d9ca1d4?s=96&d=blank&r=g\",\"contentUrl\":\"https:\\\/\\\/secure.gravatar.com\\\/avatar\\\/4e52110cad1c4054b43271a0d14bbe9e2ea76aecd0e1097edfc670798d9ca1d4?s=96&d=blank&r=g\",\"caption\":\"NBCS Noticias\"},\"description\":\"\u00bfTienes fotos o video de alg\u00fan acto de posible negligencia, corrupci\u00f3n y abuso de autoridad? M\u00e1ndalo al WhatsApp de NBCS Noticias: 612 141 98 08\",\"sameAs\":[\"https:\\\/\\\/www.nbcs.mx\",\"https:\\\/\\\/www.facebook.com\\\/NBCSnoticias\",\"https:\\\/\\\/www.instagram.com\\\/nbcsnoticias\\\/\",\"https:\\\/\\\/x.com\\\/https:\\\/\\\/twitter.com\\\/NBCSnoticias\"]}]}<\/script>\n<!-- \/ Yoast SEO plugin. -->","yoast_head_json":{"title":"Aprueba por unanimidad ampliaci\u00f3n de las subdelegaciones de SJC y CSL - NBCS Noticias","robots":{"index":"index","follow":"follow","max-snippet":"max-snippet:-1","max-image-preview":"max-image-preview:large","max-video-preview":"max-video-preview:-1"},"canonical":"https:\/\/nbcs.mx\/?p=104072","og_locale":"es_ES","og_type":"article","og_title":"Aprueba por unanimidad ampliaci\u00f3n de las subdelegaciones de SJC y CSL - NBCS Noticias","og_description":"Los Cabos, Baja California Sur.- Con el prop\u00f3sito de organizar el territorio y satisfacer las necesidades colectivas de los habitantes","og_url":"https:\/\/nbcs.mx\/?p=104072","og_site_name":"NBCS Noticias","article_publisher":"https:\/\/www.facebook.com\/NBCSnoticias","article_author":"https:\/\/www.facebook.com\/NBCSnoticias","article_published_time":"2022-04-07T23:46:04+00:00","og_image":[{"width":1024,"height":768,"url":"https:\/\/nbcs.mx\/wp-content\/uploads\/2022\/04\/09-Para-fortalecer-la-presencia-del-Gobierno-Municipal-aprueban-la-ampliacion-de-subdelegaciones-en-SJC-y-CSL1.jpeg","type":"image\/jpeg"}],"author":"NBCS Noticias","twitter_card":"summary_large_image","twitter_creator":"@https:\/\/twitter.com\/NBCSnoticias","twitter_site":"@NBCSnoticias","twitter_misc":{"Escrito por":"NBCS Noticias","Tiempo de lectura":"2 minutos"},"schema":{"@context":"https:\/\/schema.org","@graph":[{"@type":"Article","@id":"https:\/\/nbcs.mx\/?p=104072#article","isPartOf":{"@id":"https:\/\/nbcs.mx\/?p=104072"},"author":{"name":"NBCS Noticias","@id":"https:\/\/nbcs.mx\/#\/schema\/person\/ece58bab9a7c1e87a4d28ec9ecd79ff4"},"headline":"Aprueba por unanimidad ampliaci\u00f3n de las subdelegaciones de SJC y CSL","datePublished":"2022-04-07T23:46:04+00:00","mainEntityOfPage":{"@id":"https:\/\/nbcs.mx\/?p=104072"},"wordCount":331,"commentCount":0,"publisher":{"@id":"https:\/\/nbcs.mx\/#organization"},"image":{"@id":"https:\/\/nbcs.mx\/?p=104072#primaryimage"},"thumbnailUrl":"https:\/\/nbcs.mx\/wp-content\/uploads\/2022\/04\/09-Para-fortalecer-la-presencia-del-Gobierno-Municipal-aprueban-la-ampliacion-de-subdelegaciones-en-SJC-y-CSL1.jpeg","articleSection":["Municipios"],"inLanguage":"es","potentialAction":[{"@type":"CommentAction","name":"Comment","target":["https:\/\/nbcs.mx\/?p=104072#respond"]}]},{"@type":"WebPage","@id":"https:\/\/nbcs.mx\/?p=104072","url":"https:\/\/nbcs.mx\/?p=104072","name":"Aprueba por unanimidad ampliaci\u00f3n de las subdelegaciones de SJC y CSL - NBCS Noticias","isPartOf":{"@id":"https:\/\/nbcs.mx\/#website"},"primaryImageOfPage":{"@id":"https:\/\/nbcs.mx\/?p=104072#primaryimage"},"image":{"@id":"https:\/\/nbcs.mx\/?p=104072#primaryimage"},"thumbnailUrl":"https:\/\/nbcs.mx\/wp-content\/uploads\/2022\/04\/09-Para-fortalecer-la-presencia-del-Gobierno-Municipal-aprueban-la-ampliacion-de-subdelegaciones-en-SJC-y-CSL1.jpeg","datePublished":"2022-04-07T23:46:04+00:00","breadcrumb":{"@id":"https:\/\/nbcs.mx\/?p=104072#breadcrumb"},"inLanguage":"es","potentialAction":[{"@type":"ReadAction","target":["https:\/\/nbcs.mx\/?p=104072"]}]},{"@type":"ImageObject","inLanguage":"es","@id":"https:\/\/nbcs.mx\/?p=104072#primaryimage","url":"https:\/\/nbcs.mx\/wp-content\/uploads\/2022\/04\/09-Para-fortalecer-la-presencia-del-Gobierno-Municipal-aprueban-la-ampliacion-de-subdelegaciones-en-SJC-y-CSL1.jpeg","contentUrl":"https:\/\/nbcs.mx\/wp-content\/uploads\/2022\/04\/09-Para-fortalecer-la-presencia-del-Gobierno-Municipal-aprueban-la-ampliacion-de-subdelegaciones-en-SJC-y-CSL1.jpeg","width":1024,"height":768},{"@type":"BreadcrumbList","@id":"https:\/\/nbcs.mx\/?p=104072#breadcrumb","itemListElement":[{"@type":"ListItem","position":1,"name":"Portada","item":"https:\/\/nbcs.mx\/"},{"@type":"ListItem","position":2,"name":"Aprueba por unanimidad ampliaci\u00f3n de las subdelegaciones de SJC y CSL"}]},{"@type":"WebSite","@id":"https:\/\/nbcs.mx\/#website","url":"https:\/\/nbcs.mx\/","name":"NBCS Noticias","description":"Sitio web de noticias en Baja California Sur","publisher":{"@id":"https:\/\/nbcs.mx\/#organization"},"potentialAction":[{"@type":"SearchAction","target":{"@type":"EntryPoint","urlTemplate":"https:\/\/nbcs.mx\/?s={search_term_string}"},"query-input":{"@type":"PropertyValueSpecification","valueRequired":true,"valueName":"search_term_string"}}],"inLanguage":"es"},{"@type":"Organization","@id":"https:\/\/nbcs.mx\/#organization","name":"NBCS Noticias","url":"https:\/\/nbcs.mx\/","logo":{"@type":"ImageObject","inLanguage":"es","@id":"https:\/\/nbcs.mx\/#\/schema\/logo\/image\/","url":"https:\/\/nbcs.mx\/wp-content\/uploads\/2018\/09\/057b69485e93575a5c2b1c1dde2dd297.jpeg","contentUrl":"https:\/\/nbcs.mx\/wp-content\/uploads\/2018\/09\/057b69485e93575a5c2b1c1dde2dd297.jpeg","width":64,"height":64,"caption":"NBCS Noticias"},"image":{"@id":"https:\/\/nbcs.mx\/#\/schema\/logo\/image\/"},"sameAs":["https:\/\/www.facebook.com\/NBCSnoticias","https:\/\/x.com\/NBCSnoticias"]},{"@type":"Person","@id":"https:\/\/nbcs.mx\/#\/schema\/person\/ece58bab9a7c1e87a4d28ec9ecd79ff4","name":"NBCS Noticias","image":{"@type":"ImageObject","inLanguage":"es","@id":"https:\/\/secure.gravatar.com\/avatar\/4e52110cad1c4054b43271a0d14bbe9e2ea76aecd0e1097edfc670798d9ca1d4?s=96&d=blank&r=g","url":"https:\/\/secure.gravatar.com\/avatar\/4e52110cad1c4054b43271a0d14bbe9e2ea76aecd0e1097edfc670798d9ca1d4?s=96&d=blank&r=g","contentUrl":"https:\/\/secure.gravatar.com\/avatar\/4e52110cad1c4054b43271a0d14bbe9e2ea76aecd0e1097edfc670798d9ca1d4?s=96&d=blank&r=g","caption":"NBCS Noticias"},"description":"\u00bfTienes fotos o video de alg\u00fan acto de posible negligencia, corrupci\u00f3n y abuso de autoridad? M\u00e1ndalo al WhatsApp de NBCS Noticias: 612 141 98 08","sameAs":["https:\/\/www.nbcs.mx","https:\/\/www.facebook.com\/NBCSnoticias","https:\/\/www.instagram.com\/nbcsnoticias\/","https:\/\/x.com\/https:\/\/twitter.com\/NBCSnoticias"]}]}},"jetpack_publicize_connections":[],"jetpack_featured_media_url":"https:\/\/nbcs.mx\/wp-content\/uploads\/2022\/04\/09-Para-fortalecer-la-presencia-del-Gobierno-Municipal-aprueban-la-ampliacion-de-subdelegaciones-en-SJC-y-CSL1.jpeg","jetpack_sharing_enabled":true,"_links":{"self":[{"href":"https:\/\/nbcs.mx\/index.php?rest_route=\/wp\/v2\/posts\/104072","targetHints":{"allow":["GET"]}}],"collection":[{"href":"https:\/\/nbcs.mx\/index.php?rest_route=\/wp\/v2\/posts"}],"about":[{"href":"https:\/\/nbcs.mx\/index.php?rest_route=\/wp\/v2\/types\/post"}],"author":[{"embeddable":true,"href":"https:\/\/nbcs.mx\/index.php?rest_route=\/wp\/v2\/users\/1"}],"replies":[{"embeddable":true,"href":"https:\/\/nbcs.mx\/index.php?rest_route=%2Fwp%2Fv2%2Fcomments&post=104072"}],"version-history":[{"count":1,"href":"https:\/\/nbcs.mx\/index.php?rest_route=\/wp\/v2\/posts\/104072\/revisions"}],"predecessor-version":[{"id":104074,"href":"https:\/\/nbcs.mx\/index.php?rest_route=\/wp\/v2\/posts\/104072\/revisions\/104074"}],"wp:featuredmedia":[{"embeddable":true,"href":"https:\/\/nbcs.mx\/index.php?rest_route=\/wp\/v2\/media\/104073"}],"wp:attachment":[{"href":"https:\/\/nbcs.mx\/index.php?rest_route=%2Fwp%2Fv2%2Fmedia&parent=104072"}],"wp:term":[{"taxonomy":"category","embeddable":true,"href":"https:\/\/nbcs.mx\/index.php?rest_route=%2Fwp%2Fv2%2Fcategories&post=104072"},{"taxonomy":"post_tag","embeddable":true,"href":"https:\/\/nbcs.mx\/index.php?rest_route=%2Fwp%2Fv2%2Ftags&post=104072"}],"curies":[{"name":"wp","href":"https:\/\/api.w.org\/{rel}","templated":true}]}}