{"id":104621,"date":"2022-04-20T19:56:17","date_gmt":"2022-04-21T01:56:17","guid":{"rendered":"https:\/\/nbcs.mx\/?p=104621"},"modified":"2022-04-20T19:56:17","modified_gmt":"2022-04-21T01:56:17","slug":"recibe-congreso-iniciativa-para-reformar-y-adicionar-la-ley-de-desaparicion-forzada-y-desaparicion-cometida-por-particulares-en-bcs","status":"publish","type":"post","link":"https:\/\/nbcs.mx\/?p=104621","title":{"rendered":"Recibe Congreso iniciativa para reformar y adicionar la Ley de Desaparici\u00f3n Forzada y Desaparici\u00f3n Cometida por Particulares en BCS"},"content":{"rendered":"<p style=\"text-align: justify;\"><img loading=\"lazy\" decoding=\"async\" class=\" wp-image-104622 alignleft\" src=\"https:\/\/nbcs.mx\/wp-content\/uploads\/2022\/04\/MELCHOR-SOTO-TORRES-Y-COLECTIVOS-743x492.jpg\" alt=\"\" width=\"364\" height=\"241\" srcset=\"https:\/\/nbcs.mx\/wp-content\/uploads\/2022\/04\/MELCHOR-SOTO-TORRES-Y-COLECTIVOS-743x492.jpg 743w, https:\/\/nbcs.mx\/wp-content\/uploads\/2022\/04\/MELCHOR-SOTO-TORRES-Y-COLECTIVOS-1024x678.jpg 1024w, https:\/\/nbcs.mx\/wp-content\/uploads\/2022\/04\/MELCHOR-SOTO-TORRES-Y-COLECTIVOS-150x99.jpg 150w, https:\/\/nbcs.mx\/wp-content\/uploads\/2022\/04\/MELCHOR-SOTO-TORRES-Y-COLECTIVOS-768x509.jpg 768w, https:\/\/nbcs.mx\/wp-content\/uploads\/2022\/04\/MELCHOR-SOTO-TORRES-Y-COLECTIVOS-1536x1017.jpg 1536w, https:\/\/nbcs.mx\/wp-content\/uploads\/2022\/04\/MELCHOR-SOTO-TORRES-Y-COLECTIVOS-2048x1356.jpg 2048w\" sizes=\"auto, (max-width: 364px) 100vw, 364px\" \/>La Paz, Baja California Sur.- La XVI Legislatura del Congreso del Estado recibi\u00f3 una iniciativa con proyecto de decreto en materia de desaparici\u00f3n forzada y cometida, presentada por el ciudadano Melchor Soto Torres, quien conmin\u00f3 a las y los diputados para que legislen en la materia y con ello, las autoridades correspondientes ejecuten los decretos para garantizar los objetivos establecidos en el Art\u00edculo 2 de la Ley de Desaparici\u00f3n Forzada y Desaparici\u00f3n Cometida por Particulares en Baja California Sur.<\/p>\n<p style=\"text-align: justify;\">En su exposici\u00f3n de motivos, el ciudadano Soto Torres argument\u00f3 que, a m\u00e1s de dos a\u00f1os de vigencia de la Ley de Desaparici\u00f3n Forzada y Desaparici\u00f3n Cometida por Particulares en Baja California Sur y a casi de tres a\u00f1os del \u00faltimo Decreto que reforma la Ley de Atenci\u00f3n de V\u00edctimas para Baja California Sur las autoridades responsables no han implementado mandamientos expl\u00edcitos en el marco jur\u00eddico de ambas leyes vinculantes por naturaleza, de ellos; La Instalaci\u00f3n del Mecanismo Estatal de Coordinaci\u00f3n, la Comisi\u00f3n Estatal Integral de Atenci\u00f3n a V\u00edctimas en Baja California Sur, El Consejo Estatal Ciudadano y El Fondo Estatal de Desaparici\u00f3n.<\/p>\n<p style=\"text-align: justify;\">Del mismo modo, subray\u00f3 en la propuesta que, en Baja California Sur no se hayan realizado reformas de fondo a favor de los derechos de las v\u00edctimas en los \u00faltimos cuatro decretos que han reformado la Ley de Atenci\u00f3n a V\u00edctimas en Baja California Sur, esto, luego de que el presidente de la Rep\u00fablica, Andr\u00e9s Manuel L\u00f3pez Obrador expidiera el pasado 18 de febrero 2022 el decreto por el que se reformaron los art\u00edculos 166, 168 y 170 que atienden la procuraci\u00f3n de justicia y el respeto a los derechos humanos de las v\u00edctimas.<\/p>\n","protected":false},"excerpt":{"rendered":"<p>La Paz, Baja California Sur.- La XVI Legislatura del Congreso del Estado recibi\u00f3 una iniciativa con proyecto de decreto en<\/p>\n","protected":false},"author":1,"featured_media":104622,"comment_status":"open","ping_status":"closed","sticky":false,"template":"","format":"standard","meta":{"colormag_page_container_layout":"default_layout","colormag_page_sidebar_layout":"default_layout","_jetpack_memberships_contains_paid_content":false,"footnotes":"","jetpack_publicize_message":"","jetpack_publicize_feature_enabled":true,"jetpack_social_post_already_shared":true,"jetpack_social_options":{"image_generator_settings":{"template":"highway","default_image_id":0,"font":"","enabled":false},"version":2}},"categories":[48],"tags":[],"class_list":["post-104621","post","type-post","status-publish","format-standard","has-post-thumbnail","hentry","category-congreso-de-bcs"],"yoast_head":"<!-- This site is optimized with the Yoast SEO plugin v27.4 - https:\/\/yoast.com\/product\/yoast-seo-wordpress\/ -->\n<title>Recibe Congreso iniciativa para reformar y adicionar la Ley de Desaparici\u00f3n Forzada y Desaparici\u00f3n Cometida por Particulares en BCS - NBCS Noticias<\/title>\n<meta name=\"robots\" content=\"index, follow, max-snippet:-1, max-image-preview:large, max-video-preview:-1\" \/>\n<link rel=\"canonical\" href=\"https:\/\/nbcs.mx\/?p=104621\" \/>\n<meta property=\"og:locale\" content=\"es_ES\" \/>\n<meta property=\"og:type\" content=\"article\" \/>\n<meta property=\"og:title\" content=\"Recibe Congreso iniciativa para reformar y adicionar la Ley de Desaparici\u00f3n Forzada y Desaparici\u00f3n Cometida por Particulares en BCS - NBCS Noticias\" \/>\n<meta property=\"og:description\" content=\"La Paz, Baja California Sur.- La XVI Legislatura del Congreso del Estado recibi\u00f3 una iniciativa con proyecto de decreto en\" \/>\n<meta property=\"og:url\" content=\"https:\/\/nbcs.mx\/?p=104621\" \/>\n<meta property=\"og:site_name\" content=\"NBCS Noticias\" \/>\n<meta property=\"article:publisher\" content=\"https:\/\/www.facebook.com\/NBCSnoticias\" \/>\n<meta property=\"article:author\" content=\"https:\/\/www.facebook.com\/NBCSnoticias\" \/>\n<meta property=\"article:published_time\" content=\"2022-04-21T01:56:17+00:00\" \/>\n<meta property=\"og:image\" content=\"https:\/\/nbcs.mx\/wp-content\/uploads\/2022\/04\/MELCHOR-SOTO-TORRES-Y-COLECTIVOS.jpg\" \/>\n\t<meta property=\"og:image:width\" content=\"2464\" \/>\n\t<meta property=\"og:image:height\" content=\"1632\" \/>\n\t<meta property=\"og:image:type\" content=\"image\/jpeg\" \/>\n<meta name=\"author\" content=\"NBCS Noticias\" \/>\n<meta name=\"twitter:card\" content=\"summary_large_image\" \/>\n<meta name=\"twitter:creator\" content=\"@https:\/\/twitter.com\/NBCSnoticias\" \/>\n<meta name=\"twitter:site\" content=\"@NBCSnoticias\" \/>\n<meta name=\"twitter:label1\" content=\"Escrito por\" \/>\n\t<meta name=\"twitter:data1\" content=\"NBCS Noticias\" \/>\n\t<meta name=\"twitter:label2\" content=\"Tiempo de lectura\" \/>\n\t<meta name=\"twitter:data2\" content=\"2 minutos\" \/>\n<script type=\"application\/ld+json\" class=\"yoast-schema-graph\">{\"@context\":\"https:\\\/\\\/schema.org\",\"@graph\":[{\"@type\":\"Article\",\"@id\":\"https:\\\/\\\/nbcs.mx\\\/?p=104621#article\",\"isPartOf\":{\"@id\":\"https:\\\/\\\/nbcs.mx\\\/?p=104621\"},\"author\":{\"name\":\"NBCS Noticias\",\"@id\":\"https:\\\/\\\/nbcs.mx\\\/#\\\/schema\\\/person\\\/ece58bab9a7c1e87a4d28ec9ecd79ff4\"},\"headline\":\"Recibe Congreso iniciativa para reformar y adicionar la Ley de Desaparici\u00f3n Forzada y Desaparici\u00f3n Cometida por Particulares en BCS\",\"datePublished\":\"2022-04-21T01:56:17+00:00\",\"mainEntityOfPage\":{\"@id\":\"https:\\\/\\\/nbcs.mx\\\/?p=104621\"},\"wordCount\":321,\"commentCount\":0,\"publisher\":{\"@id\":\"https:\\\/\\\/nbcs.mx\\\/#organization\"},\"image\":{\"@id\":\"https:\\\/\\\/nbcs.mx\\\/?p=104621#primaryimage\"},\"thumbnailUrl\":\"https:\\\/\\\/nbcs.mx\\\/wp-content\\\/uploads\\\/2022\\\/04\\\/MELCHOR-SOTO-TORRES-Y-COLECTIVOS.jpg\",\"articleSection\":[\"Congreso de BCS\"],\"inLanguage\":\"es\",\"potentialAction\":[{\"@type\":\"CommentAction\",\"name\":\"Comment\",\"target\":[\"https:\\\/\\\/nbcs.mx\\\/?p=104621#respond\"]}]},{\"@type\":\"WebPage\",\"@id\":\"https:\\\/\\\/nbcs.mx\\\/?p=104621\",\"url\":\"https:\\\/\\\/nbcs.mx\\\/?p=104621\",\"name\":\"Recibe Congreso iniciativa para reformar y adicionar la Ley de Desaparici\u00f3n Forzada y Desaparici\u00f3n Cometida por Particulares en BCS - NBCS Noticias\",\"isPartOf\":{\"@id\":\"https:\\\/\\\/nbcs.mx\\\/#website\"},\"primaryImageOfPage\":{\"@id\":\"https:\\\/\\\/nbcs.mx\\\/?p=104621#primaryimage\"},\"image\":{\"@id\":\"https:\\\/\\\/nbcs.mx\\\/?p=104621#primaryimage\"},\"thumbnailUrl\":\"https:\\\/\\\/nbcs.mx\\\/wp-content\\\/uploads\\\/2022\\\/04\\\/MELCHOR-SOTO-TORRES-Y-COLECTIVOS.jpg\",\"datePublished\":\"2022-04-21T01:56:17+00:00\",\"breadcrumb\":{\"@id\":\"https:\\\/\\\/nbcs.mx\\\/?p=104621#breadcrumb\"},\"inLanguage\":\"es\",\"potentialAction\":[{\"@type\":\"ReadAction\",\"target\":[\"https:\\\/\\\/nbcs.mx\\\/?p=104621\"]}]},{\"@type\":\"ImageObject\",\"inLanguage\":\"es\",\"@id\":\"https:\\\/\\\/nbcs.mx\\\/?p=104621#primaryimage\",\"url\":\"https:\\\/\\\/nbcs.mx\\\/wp-content\\\/uploads\\\/2022\\\/04\\\/MELCHOR-SOTO-TORRES-Y-COLECTIVOS.jpg\",\"contentUrl\":\"https:\\\/\\\/nbcs.mx\\\/wp-content\\\/uploads\\\/2022\\\/04\\\/MELCHOR-SOTO-TORRES-Y-COLECTIVOS.jpg\",\"width\":2464,\"height\":1632},{\"@type\":\"BreadcrumbList\",\"@id\":\"https:\\\/\\\/nbcs.mx\\\/?p=104621#breadcrumb\",\"itemListElement\":[{\"@type\":\"ListItem\",\"position\":1,\"name\":\"Portada\",\"item\":\"https:\\\/\\\/nbcs.mx\\\/\"},{\"@type\":\"ListItem\",\"position\":2,\"name\":\"Recibe Congreso iniciativa para reformar y adicionar la Ley de Desaparici\u00f3n Forzada y Desaparici\u00f3n Cometida por Particulares en BCS\"}]},{\"@type\":\"WebSite\",\"@id\":\"https:\\\/\\\/nbcs.mx\\\/#website\",\"url\":\"https:\\\/\\\/nbcs.mx\\\/\",\"name\":\"NBCS Noticias\",\"description\":\"Sitio web de noticias en Baja California Sur\",\"publisher\":{\"@id\":\"https:\\\/\\\/nbcs.mx\\\/#organization\"},\"potentialAction\":[{\"@type\":\"SearchAction\",\"target\":{\"@type\":\"EntryPoint\",\"urlTemplate\":\"https:\\\/\\\/nbcs.mx\\\/?s={search_term_string}\"},\"query-input\":{\"@type\":\"PropertyValueSpecification\",\"valueRequired\":true,\"valueName\":\"search_term_string\"}}],\"inLanguage\":\"es\"},{\"@type\":\"Organization\",\"@id\":\"https:\\\/\\\/nbcs.mx\\\/#organization\",\"name\":\"NBCS Noticias\",\"url\":\"https:\\\/\\\/nbcs.mx\\\/\",\"logo\":{\"@type\":\"ImageObject\",\"inLanguage\":\"es\",\"@id\":\"https:\\\/\\\/nbcs.mx\\\/#\\\/schema\\\/logo\\\/image\\\/\",\"url\":\"https:\\\/\\\/nbcs.mx\\\/wp-content\\\/uploads\\\/2018\\\/09\\\/057b69485e93575a5c2b1c1dde2dd297.jpeg\",\"contentUrl\":\"https:\\\/\\\/nbcs.mx\\\/wp-content\\\/uploads\\\/2018\\\/09\\\/057b69485e93575a5c2b1c1dde2dd297.jpeg\",\"width\":64,\"height\":64,\"caption\":\"NBCS Noticias\"},\"image\":{\"@id\":\"https:\\\/\\\/nbcs.mx\\\/#\\\/schema\\\/logo\\\/image\\\/\"},\"sameAs\":[\"https:\\\/\\\/www.facebook.com\\\/NBCSnoticias\",\"https:\\\/\\\/x.com\\\/NBCSnoticias\"]},{\"@type\":\"Person\",\"@id\":\"https:\\\/\\\/nbcs.mx\\\/#\\\/schema\\\/person\\\/ece58bab9a7c1e87a4d28ec9ecd79ff4\",\"name\":\"NBCS Noticias\",\"image\":{\"@type\":\"ImageObject\",\"inLanguage\":\"es\",\"@id\":\"https:\\\/\\\/secure.gravatar.com\\\/avatar\\\/4e52110cad1c4054b43271a0d14bbe9e2ea76aecd0e1097edfc670798d9ca1d4?s=96&d=blank&r=g\",\"url\":\"https:\\\/\\\/secure.gravatar.com\\\/avatar\\\/4e52110cad1c4054b43271a0d14bbe9e2ea76aecd0e1097edfc670798d9ca1d4?s=96&d=blank&r=g\",\"contentUrl\":\"https:\\\/\\\/secure.gravatar.com\\\/avatar\\\/4e52110cad1c4054b43271a0d14bbe9e2ea76aecd0e1097edfc670798d9ca1d4?s=96&d=blank&r=g\",\"caption\":\"NBCS Noticias\"},\"description\":\"\u00bfTienes fotos o video de alg\u00fan acto de posible negligencia, corrupci\u00f3n y abuso de autoridad? M\u00e1ndalo al WhatsApp de NBCS Noticias: 612 141 98 08\",\"sameAs\":[\"https:\\\/\\\/www.nbcs.mx\",\"https:\\\/\\\/www.facebook.com\\\/NBCSnoticias\",\"https:\\\/\\\/www.instagram.com\\\/nbcsnoticias\\\/\",\"https:\\\/\\\/x.com\\\/https:\\\/\\\/twitter.com\\\/NBCSnoticias\"]}]}<\/script>\n<!-- \/ Yoast SEO plugin. -->","yoast_head_json":{"title":"Recibe Congreso iniciativa para reformar y adicionar la Ley de Desaparici\u00f3n Forzada y Desaparici\u00f3n Cometida por Particulares en BCS - NBCS Noticias","robots":{"index":"index","follow":"follow","max-snippet":"max-snippet:-1","max-image-preview":"max-image-preview:large","max-video-preview":"max-video-preview:-1"},"canonical":"https:\/\/nbcs.mx\/?p=104621","og_locale":"es_ES","og_type":"article","og_title":"Recibe Congreso iniciativa para reformar y adicionar la Ley de Desaparici\u00f3n Forzada y Desaparici\u00f3n Cometida por Particulares en BCS - NBCS Noticias","og_description":"La Paz, Baja California Sur.- La XVI Legislatura del Congreso del Estado recibi\u00f3 una iniciativa con proyecto de decreto en","og_url":"https:\/\/nbcs.mx\/?p=104621","og_site_name":"NBCS Noticias","article_publisher":"https:\/\/www.facebook.com\/NBCSnoticias","article_author":"https:\/\/www.facebook.com\/NBCSnoticias","article_published_time":"2022-04-21T01:56:17+00:00","og_image":[{"width":2464,"height":1632,"url":"https:\/\/nbcs.mx\/wp-content\/uploads\/2022\/04\/MELCHOR-SOTO-TORRES-Y-COLECTIVOS.jpg","type":"image\/jpeg"}],"author":"NBCS Noticias","twitter_card":"summary_large_image","twitter_creator":"@https:\/\/twitter.com\/NBCSnoticias","twitter_site":"@NBCSnoticias","twitter_misc":{"Escrito por":"NBCS Noticias","Tiempo de lectura":"2 minutos"},"schema":{"@context":"https:\/\/schema.org","@graph":[{"@type":"Article","@id":"https:\/\/nbcs.mx\/?p=104621#article","isPartOf":{"@id":"https:\/\/nbcs.mx\/?p=104621"},"author":{"name":"NBCS Noticias","@id":"https:\/\/nbcs.mx\/#\/schema\/person\/ece58bab9a7c1e87a4d28ec9ecd79ff4"},"headline":"Recibe Congreso iniciativa para reformar y adicionar la Ley de Desaparici\u00f3n Forzada y Desaparici\u00f3n Cometida por Particulares en BCS","datePublished":"2022-04-21T01:56:17+00:00","mainEntityOfPage":{"@id":"https:\/\/nbcs.mx\/?p=104621"},"wordCount":321,"commentCount":0,"publisher":{"@id":"https:\/\/nbcs.mx\/#organization"},"image":{"@id":"https:\/\/nbcs.mx\/?p=104621#primaryimage"},"thumbnailUrl":"https:\/\/nbcs.mx\/wp-content\/uploads\/2022\/04\/MELCHOR-SOTO-TORRES-Y-COLECTIVOS.jpg","articleSection":["Congreso de BCS"],"inLanguage":"es","potentialAction":[{"@type":"CommentAction","name":"Comment","target":["https:\/\/nbcs.mx\/?p=104621#respond"]}]},{"@type":"WebPage","@id":"https:\/\/nbcs.mx\/?p=104621","url":"https:\/\/nbcs.mx\/?p=104621","name":"Recibe Congreso iniciativa para reformar y adicionar la Ley de Desaparici\u00f3n Forzada y Desaparici\u00f3n Cometida por Particulares en BCS - NBCS Noticias","isPartOf":{"@id":"https:\/\/nbcs.mx\/#website"},"primaryImageOfPage":{"@id":"https:\/\/nbcs.mx\/?p=104621#primaryimage"},"image":{"@id":"https:\/\/nbcs.mx\/?p=104621#primaryimage"},"thumbnailUrl":"https:\/\/nbcs.mx\/wp-content\/uploads\/2022\/04\/MELCHOR-SOTO-TORRES-Y-COLECTIVOS.jpg","datePublished":"2022-04-21T01:56:17+00:00","breadcrumb":{"@id":"https:\/\/nbcs.mx\/?p=104621#breadcrumb"},"inLanguage":"es","potentialAction":[{"@type":"ReadAction","target":["https:\/\/nbcs.mx\/?p=104621"]}]},{"@type":"ImageObject","inLanguage":"es","@id":"https:\/\/nbcs.mx\/?p=104621#primaryimage","url":"https:\/\/nbcs.mx\/wp-content\/uploads\/2022\/04\/MELCHOR-SOTO-TORRES-Y-COLECTIVOS.jpg","contentUrl":"https:\/\/nbcs.mx\/wp-content\/uploads\/2022\/04\/MELCHOR-SOTO-TORRES-Y-COLECTIVOS.jpg","width":2464,"height":1632},{"@type":"BreadcrumbList","@id":"https:\/\/nbcs.mx\/?p=104621#breadcrumb","itemListElement":[{"@type":"ListItem","position":1,"name":"Portada","item":"https:\/\/nbcs.mx\/"},{"@type":"ListItem","position":2,"name":"Recibe Congreso iniciativa para reformar y adicionar la Ley de Desaparici\u00f3n Forzada y Desaparici\u00f3n Cometida por Particulares en BCS"}]},{"@type":"WebSite","@id":"https:\/\/nbcs.mx\/#website","url":"https:\/\/nbcs.mx\/","name":"NBCS Noticias","description":"Sitio web de noticias en Baja California Sur","publisher":{"@id":"https:\/\/nbcs.mx\/#organization"},"potentialAction":[{"@type":"SearchAction","target":{"@type":"EntryPoint","urlTemplate":"https:\/\/nbcs.mx\/?s={search_term_string}"},"query-input":{"@type":"PropertyValueSpecification","valueRequired":true,"valueName":"search_term_string"}}],"inLanguage":"es"},{"@type":"Organization","@id":"https:\/\/nbcs.mx\/#organization","name":"NBCS Noticias","url":"https:\/\/nbcs.mx\/","logo":{"@type":"ImageObject","inLanguage":"es","@id":"https:\/\/nbcs.mx\/#\/schema\/logo\/image\/","url":"https:\/\/nbcs.mx\/wp-content\/uploads\/2018\/09\/057b69485e93575a5c2b1c1dde2dd297.jpeg","contentUrl":"https:\/\/nbcs.mx\/wp-content\/uploads\/2018\/09\/057b69485e93575a5c2b1c1dde2dd297.jpeg","width":64,"height":64,"caption":"NBCS Noticias"},"image":{"@id":"https:\/\/nbcs.mx\/#\/schema\/logo\/image\/"},"sameAs":["https:\/\/www.facebook.com\/NBCSnoticias","https:\/\/x.com\/NBCSnoticias"]},{"@type":"Person","@id":"https:\/\/nbcs.mx\/#\/schema\/person\/ece58bab9a7c1e87a4d28ec9ecd79ff4","name":"NBCS Noticias","image":{"@type":"ImageObject","inLanguage":"es","@id":"https:\/\/secure.gravatar.com\/avatar\/4e52110cad1c4054b43271a0d14bbe9e2ea76aecd0e1097edfc670798d9ca1d4?s=96&d=blank&r=g","url":"https:\/\/secure.gravatar.com\/avatar\/4e52110cad1c4054b43271a0d14bbe9e2ea76aecd0e1097edfc670798d9ca1d4?s=96&d=blank&r=g","contentUrl":"https:\/\/secure.gravatar.com\/avatar\/4e52110cad1c4054b43271a0d14bbe9e2ea76aecd0e1097edfc670798d9ca1d4?s=96&d=blank&r=g","caption":"NBCS Noticias"},"description":"\u00bfTienes fotos o video de alg\u00fan acto de posible negligencia, corrupci\u00f3n y abuso de autoridad? M\u00e1ndalo al WhatsApp de NBCS Noticias: 612 141 98 08","sameAs":["https:\/\/www.nbcs.mx","https:\/\/www.facebook.com\/NBCSnoticias","https:\/\/www.instagram.com\/nbcsnoticias\/","https:\/\/x.com\/https:\/\/twitter.com\/NBCSnoticias"]}]}},"jetpack_publicize_connections":[],"jetpack_featured_media_url":"https:\/\/nbcs.mx\/wp-content\/uploads\/2022\/04\/MELCHOR-SOTO-TORRES-Y-COLECTIVOS.jpg","jetpack_sharing_enabled":true,"_links":{"self":[{"href":"https:\/\/nbcs.mx\/index.php?rest_route=\/wp\/v2\/posts\/104621","targetHints":{"allow":["GET"]}}],"collection":[{"href":"https:\/\/nbcs.mx\/index.php?rest_route=\/wp\/v2\/posts"}],"about":[{"href":"https:\/\/nbcs.mx\/index.php?rest_route=\/wp\/v2\/types\/post"}],"author":[{"embeddable":true,"href":"https:\/\/nbcs.mx\/index.php?rest_route=\/wp\/v2\/users\/1"}],"replies":[{"embeddable":true,"href":"https:\/\/nbcs.mx\/index.php?rest_route=%2Fwp%2Fv2%2Fcomments&post=104621"}],"version-history":[{"count":1,"href":"https:\/\/nbcs.mx\/index.php?rest_route=\/wp\/v2\/posts\/104621\/revisions"}],"predecessor-version":[{"id":104623,"href":"https:\/\/nbcs.mx\/index.php?rest_route=\/wp\/v2\/posts\/104621\/revisions\/104623"}],"wp:featuredmedia":[{"embeddable":true,"href":"https:\/\/nbcs.mx\/index.php?rest_route=\/wp\/v2\/media\/104622"}],"wp:attachment":[{"href":"https:\/\/nbcs.mx\/index.php?rest_route=%2Fwp%2Fv2%2Fmedia&parent=104621"}],"wp:term":[{"taxonomy":"category","embeddable":true,"href":"https:\/\/nbcs.mx\/index.php?rest_route=%2Fwp%2Fv2%2Fcategories&post=104621"},{"taxonomy":"post_tag","embeddable":true,"href":"https:\/\/nbcs.mx\/index.php?rest_route=%2Fwp%2Fv2%2Ftags&post=104621"}],"curies":[{"name":"wp","href":"https:\/\/api.w.org\/{rel}","templated":true}]}}