{"id":104779,"date":"2022-04-23T19:22:08","date_gmt":"2022-04-24T01:22:08","guid":{"rendered":"https:\/\/nbcs.mx\/?p=104779"},"modified":"2022-04-23T19:22:08","modified_gmt":"2022-04-24T01:22:08","slug":"visita-gobernador-la-delegacion-de-la-ribera-compromete-obras-en-beneficio-de-la-zona","status":"publish","type":"post","link":"https:\/\/nbcs.mx\/?p=104779","title":{"rendered":"Visita Gobernador la delegaci\u00f3n de La Ribera, compromete obras en beneficio de la zona"},"content":{"rendered":"<p style=\"text-align: justify;\"><img loading=\"lazy\" decoding=\"async\" class=\" wp-image-104780 alignleft\" src=\"https:\/\/nbcs.mx\/wp-content\/uploads\/2022\/04\/FOTO1-BOLETIN-258_GIRA-LA-RIBERA-738x492.jpeg\" alt=\"\" width=\"345\" height=\"230\" srcset=\"https:\/\/nbcs.mx\/wp-content\/uploads\/2022\/04\/FOTO1-BOLETIN-258_GIRA-LA-RIBERA-738x492.jpeg 738w, https:\/\/nbcs.mx\/wp-content\/uploads\/2022\/04\/FOTO1-BOLETIN-258_GIRA-LA-RIBERA-1024x682.jpeg 1024w, https:\/\/nbcs.mx\/wp-content\/uploads\/2022\/04\/FOTO1-BOLETIN-258_GIRA-LA-RIBERA-150x100.jpeg 150w, https:\/\/nbcs.mx\/wp-content\/uploads\/2022\/04\/FOTO1-BOLETIN-258_GIRA-LA-RIBERA-768x512.jpeg 768w, https:\/\/nbcs.mx\/wp-content\/uploads\/2022\/04\/FOTO1-BOLETIN-258_GIRA-LA-RIBERA-1536x1023.jpeg 1536w, https:\/\/nbcs.mx\/wp-content\/uploads\/2022\/04\/FOTO1-BOLETIN-258_GIRA-LA-RIBERA.jpeg 1600w\" sizes=\"auto, (max-width: 345px) 100vw, 345px\" \/>La Ribera, Baja California Sur.- El gobernador V\u00edctor Manuel Castro Cos\u00edo, visit\u00f3 la delegaci\u00f3n de La Ribera, durante el segundo d\u00eda de gira de trabajo en el municipio de Los Cabos, donde anunci\u00f3 la construcci\u00f3n de un puente que evitar\u00e1 que los habitantes queden incomunicados ante la presencia de lluvias de temporada o huracanes.<\/p>\n<p style=\"text-align: justify;\">\n<p style=\"text-align: justify;\">Castro Cos\u00edo, quien estuvo acompa\u00f1ado por los diputados Gabriela Montoya Terrazas y Christian Ag\u00fandez G\u00f3mez, as\u00ed como de funcionarios estatales y municipales, anticip\u00f3 que se realizar\u00e1 un encuentro con la titular de la Secretar\u00eda de Salud para que se atiendan las demandas puntuales de la comunidad, a fin de que nadie se quede sin ser atendido.<\/p>\n<p style=\"text-align: justify;\">\n<p style=\"text-align: justify;\">Puso especial \u00e9nfasis en el ordenamiento territorial, proponiendo que los tres \u00f3rdenes de gobierno constituyan una mesa para atender todos los temas relacionados con la tenencia de la tierra, con la finalidad de que el desarrollo no signifique pasar por encima del orden, el medio ambiente y el patrimonio de la gente.<\/p>\n<p style=\"text-align: justify;\">\n<p style=\"text-align: justify;\">Anunci\u00f3 tambi\u00e9n la rehabilitaci\u00f3n del centro de salud de Santa Cruz y la donaci\u00f3n de dos autobuses para la Ribera y Cabo Pulmo, para que las y los j\u00f3venes puedan transportarse a realizar actividades educativas, culturales y deportivas fuera de la delegaci\u00f3n.<\/p>\n<p style=\"text-align: justify;\">\n<p style=\"text-align: justify;\">Para Cabo Pulmo, el jefe del Ejecutivo Estatal dijo que se iniciar\u00e1n los trabajos de estudio t\u00e9cnico para rehabilitar el muro de contenci\u00f3n de dicha subdelegaci\u00f3n.<\/p>\n<p style=\"text-align: justify;\">\n","protected":false},"excerpt":{"rendered":"<p>La Ribera, Baja California Sur.- El gobernador V\u00edctor Manuel Castro Cos\u00edo, visit\u00f3 la delegaci\u00f3n de La Ribera, durante el segundo<\/p>\n","protected":false},"author":1,"featured_media":104780,"comment_status":"open","ping_status":"closed","sticky":false,"template":"","format":"standard","meta":{"colormag_page_container_layout":"default_layout","colormag_page_sidebar_layout":"default_layout","_jetpack_memberships_contains_paid_content":false,"footnotes":"","jetpack_publicize_message":"","jetpack_publicize_feature_enabled":true,"jetpack_social_post_already_shared":true,"jetpack_social_options":{"image_generator_settings":{"template":"highway","default_image_id":0,"font":"","enabled":false},"version":2}},"categories":[1],"tags":[],"class_list":["post-104779","post","type-post","status-publish","format-standard","has-post-thumbnail","hentry","category-noticias"],"yoast_head":"<!-- This site is optimized with the Yoast SEO plugin v27.5 - https:\/\/yoast.com\/product\/yoast-seo-wordpress\/ -->\n<title>Visita Gobernador la delegaci\u00f3n de La Ribera, compromete obras en beneficio de la zona - NBCS Noticias<\/title>\n<meta name=\"robots\" content=\"index, follow, max-snippet:-1, max-image-preview:large, max-video-preview:-1\" \/>\n<link rel=\"canonical\" href=\"https:\/\/nbcs.mx\/?p=104779\" \/>\n<meta property=\"og:locale\" content=\"es_ES\" \/>\n<meta property=\"og:type\" content=\"article\" \/>\n<meta property=\"og:title\" content=\"Visita Gobernador la delegaci\u00f3n de La Ribera, compromete obras en beneficio de la zona - NBCS Noticias\" \/>\n<meta property=\"og:description\" content=\"La Ribera, Baja California Sur.- El gobernador V\u00edctor Manuel Castro Cos\u00edo, visit\u00f3 la delegaci\u00f3n de La Ribera, durante el segundo\" \/>\n<meta property=\"og:url\" content=\"https:\/\/nbcs.mx\/?p=104779\" \/>\n<meta property=\"og:site_name\" content=\"NBCS Noticias\" \/>\n<meta property=\"article:publisher\" content=\"https:\/\/www.facebook.com\/NBCSnoticias\" \/>\n<meta property=\"article:author\" content=\"https:\/\/www.facebook.com\/NBCSnoticias\" \/>\n<meta property=\"article:published_time\" content=\"2022-04-24T01:22:08+00:00\" \/>\n<meta property=\"og:image\" content=\"https:\/\/nbcs.mx\/wp-content\/uploads\/2022\/04\/FOTO1-BOLETIN-258_GIRA-LA-RIBERA.jpeg\" \/>\n\t<meta property=\"og:image:width\" content=\"1600\" \/>\n\t<meta property=\"og:image:height\" content=\"1066\" \/>\n\t<meta property=\"og:image:type\" content=\"image\/jpeg\" \/>\n<meta name=\"author\" content=\"NBCS Noticias\" \/>\n<meta name=\"twitter:card\" content=\"summary_large_image\" \/>\n<meta name=\"twitter:creator\" content=\"@https:\/\/twitter.com\/NBCSnoticias\" \/>\n<meta name=\"twitter:site\" content=\"@NBCSnoticias\" \/>\n<meta name=\"twitter:label1\" content=\"Escrito por\" \/>\n\t<meta name=\"twitter:data1\" content=\"NBCS Noticias\" \/>\n\t<meta name=\"twitter:label2\" content=\"Tiempo de lectura\" \/>\n\t<meta name=\"twitter:data2\" content=\"1 minuto\" \/>\n<script type=\"application\/ld+json\" class=\"yoast-schema-graph\">{\"@context\":\"https:\\\/\\\/schema.org\",\"@graph\":[{\"@type\":\"Article\",\"@id\":\"https:\\\/\\\/nbcs.mx\\\/?p=104779#article\",\"isPartOf\":{\"@id\":\"https:\\\/\\\/nbcs.mx\\\/?p=104779\"},\"author\":{\"name\":\"NBCS Noticias\",\"@id\":\"https:\\\/\\\/nbcs.mx\\\/#\\\/schema\\\/person\\\/ece58bab9a7c1e87a4d28ec9ecd79ff4\"},\"headline\":\"Visita Gobernador la delegaci\u00f3n de La Ribera, compromete obras en beneficio de la zona\",\"datePublished\":\"2022-04-24T01:22:08+00:00\",\"mainEntityOfPage\":{\"@id\":\"https:\\\/\\\/nbcs.mx\\\/?p=104779\"},\"wordCount\":265,\"commentCount\":0,\"publisher\":{\"@id\":\"https:\\\/\\\/nbcs.mx\\\/#organization\"},\"image\":{\"@id\":\"https:\\\/\\\/nbcs.mx\\\/?p=104779#primaryimage\"},\"thumbnailUrl\":\"https:\\\/\\\/nbcs.mx\\\/wp-content\\\/uploads\\\/2022\\\/04\\\/FOTO1-BOLETIN-258_GIRA-LA-RIBERA.jpeg\",\"articleSection\":[\"Noticias\"],\"inLanguage\":\"es\",\"potentialAction\":[{\"@type\":\"CommentAction\",\"name\":\"Comment\",\"target\":[\"https:\\\/\\\/nbcs.mx\\\/?p=104779#respond\"]}]},{\"@type\":\"WebPage\",\"@id\":\"https:\\\/\\\/nbcs.mx\\\/?p=104779\",\"url\":\"https:\\\/\\\/nbcs.mx\\\/?p=104779\",\"name\":\"Visita Gobernador la delegaci\u00f3n de La Ribera, compromete obras en beneficio de la zona - NBCS Noticias\",\"isPartOf\":{\"@id\":\"https:\\\/\\\/nbcs.mx\\\/#website\"},\"primaryImageOfPage\":{\"@id\":\"https:\\\/\\\/nbcs.mx\\\/?p=104779#primaryimage\"},\"image\":{\"@id\":\"https:\\\/\\\/nbcs.mx\\\/?p=104779#primaryimage\"},\"thumbnailUrl\":\"https:\\\/\\\/nbcs.mx\\\/wp-content\\\/uploads\\\/2022\\\/04\\\/FOTO1-BOLETIN-258_GIRA-LA-RIBERA.jpeg\",\"datePublished\":\"2022-04-24T01:22:08+00:00\",\"breadcrumb\":{\"@id\":\"https:\\\/\\\/nbcs.mx\\\/?p=104779#breadcrumb\"},\"inLanguage\":\"es\",\"potentialAction\":[{\"@type\":\"ReadAction\",\"target\":[\"https:\\\/\\\/nbcs.mx\\\/?p=104779\"]}]},{\"@type\":\"ImageObject\",\"inLanguage\":\"es\",\"@id\":\"https:\\\/\\\/nbcs.mx\\\/?p=104779#primaryimage\",\"url\":\"https:\\\/\\\/nbcs.mx\\\/wp-content\\\/uploads\\\/2022\\\/04\\\/FOTO1-BOLETIN-258_GIRA-LA-RIBERA.jpeg\",\"contentUrl\":\"https:\\\/\\\/nbcs.mx\\\/wp-content\\\/uploads\\\/2022\\\/04\\\/FOTO1-BOLETIN-258_GIRA-LA-RIBERA.jpeg\",\"width\":1600,\"height\":1066},{\"@type\":\"BreadcrumbList\",\"@id\":\"https:\\\/\\\/nbcs.mx\\\/?p=104779#breadcrumb\",\"itemListElement\":[{\"@type\":\"ListItem\",\"position\":1,\"name\":\"Portada\",\"item\":\"https:\\\/\\\/nbcs.mx\\\/\"},{\"@type\":\"ListItem\",\"position\":2,\"name\":\"Visita Gobernador la delegaci\u00f3n de La Ribera, compromete obras en beneficio de la zona\"}]},{\"@type\":\"WebSite\",\"@id\":\"https:\\\/\\\/nbcs.mx\\\/#website\",\"url\":\"https:\\\/\\\/nbcs.mx\\\/\",\"name\":\"NBCS Noticias\",\"description\":\"Sitio web de noticias en Baja California Sur\",\"publisher\":{\"@id\":\"https:\\\/\\\/nbcs.mx\\\/#organization\"},\"potentialAction\":[{\"@type\":\"SearchAction\",\"target\":{\"@type\":\"EntryPoint\",\"urlTemplate\":\"https:\\\/\\\/nbcs.mx\\\/?s={search_term_string}\"},\"query-input\":{\"@type\":\"PropertyValueSpecification\",\"valueRequired\":true,\"valueName\":\"search_term_string\"}}],\"inLanguage\":\"es\"},{\"@type\":\"Organization\",\"@id\":\"https:\\\/\\\/nbcs.mx\\\/#organization\",\"name\":\"NBCS Noticias\",\"url\":\"https:\\\/\\\/nbcs.mx\\\/\",\"logo\":{\"@type\":\"ImageObject\",\"inLanguage\":\"es\",\"@id\":\"https:\\\/\\\/nbcs.mx\\\/#\\\/schema\\\/logo\\\/image\\\/\",\"url\":\"https:\\\/\\\/nbcs.mx\\\/wp-content\\\/uploads\\\/2018\\\/09\\\/057b69485e93575a5c2b1c1dde2dd297.jpeg\",\"contentUrl\":\"https:\\\/\\\/nbcs.mx\\\/wp-content\\\/uploads\\\/2018\\\/09\\\/057b69485e93575a5c2b1c1dde2dd297.jpeg\",\"width\":64,\"height\":64,\"caption\":\"NBCS Noticias\"},\"image\":{\"@id\":\"https:\\\/\\\/nbcs.mx\\\/#\\\/schema\\\/logo\\\/image\\\/\"},\"sameAs\":[\"https:\\\/\\\/www.facebook.com\\\/NBCSnoticias\",\"https:\\\/\\\/x.com\\\/NBCSnoticias\"]},{\"@type\":\"Person\",\"@id\":\"https:\\\/\\\/nbcs.mx\\\/#\\\/schema\\\/person\\\/ece58bab9a7c1e87a4d28ec9ecd79ff4\",\"name\":\"NBCS Noticias\",\"image\":{\"@type\":\"ImageObject\",\"inLanguage\":\"es\",\"@id\":\"https:\\\/\\\/secure.gravatar.com\\\/avatar\\\/4e52110cad1c4054b43271a0d14bbe9e2ea76aecd0e1097edfc670798d9ca1d4?s=96&d=blank&r=g\",\"url\":\"https:\\\/\\\/secure.gravatar.com\\\/avatar\\\/4e52110cad1c4054b43271a0d14bbe9e2ea76aecd0e1097edfc670798d9ca1d4?s=96&d=blank&r=g\",\"contentUrl\":\"https:\\\/\\\/secure.gravatar.com\\\/avatar\\\/4e52110cad1c4054b43271a0d14bbe9e2ea76aecd0e1097edfc670798d9ca1d4?s=96&d=blank&r=g\",\"caption\":\"NBCS Noticias\"},\"description\":\"\u00bfTienes fotos o video de alg\u00fan acto de posible negligencia, corrupci\u00f3n y abuso de autoridad? M\u00e1ndalo al WhatsApp de NBCS Noticias: 612 141 98 08\",\"sameAs\":[\"https:\\\/\\\/www.nbcs.mx\",\"https:\\\/\\\/www.facebook.com\\\/NBCSnoticias\",\"https:\\\/\\\/www.instagram.com\\\/nbcsnoticias\\\/\",\"https:\\\/\\\/x.com\\\/https:\\\/\\\/twitter.com\\\/NBCSnoticias\"]}]}<\/script>\n<!-- \/ Yoast SEO plugin. -->","yoast_head_json":{"title":"Visita Gobernador la delegaci\u00f3n de La Ribera, compromete obras en beneficio de la zona - NBCS Noticias","robots":{"index":"index","follow":"follow","max-snippet":"max-snippet:-1","max-image-preview":"max-image-preview:large","max-video-preview":"max-video-preview:-1"},"canonical":"https:\/\/nbcs.mx\/?p=104779","og_locale":"es_ES","og_type":"article","og_title":"Visita Gobernador la delegaci\u00f3n de La Ribera, compromete obras en beneficio de la zona - NBCS Noticias","og_description":"La Ribera, Baja California Sur.- El gobernador V\u00edctor Manuel Castro Cos\u00edo, visit\u00f3 la delegaci\u00f3n de La Ribera, durante el segundo","og_url":"https:\/\/nbcs.mx\/?p=104779","og_site_name":"NBCS Noticias","article_publisher":"https:\/\/www.facebook.com\/NBCSnoticias","article_author":"https:\/\/www.facebook.com\/NBCSnoticias","article_published_time":"2022-04-24T01:22:08+00:00","og_image":[{"width":1600,"height":1066,"url":"https:\/\/nbcs.mx\/wp-content\/uploads\/2022\/04\/FOTO1-BOLETIN-258_GIRA-LA-RIBERA.jpeg","type":"image\/jpeg"}],"author":"NBCS Noticias","twitter_card":"summary_large_image","twitter_creator":"@https:\/\/twitter.com\/NBCSnoticias","twitter_site":"@NBCSnoticias","twitter_misc":{"Escrito por":"NBCS Noticias","Tiempo de lectura":"1 minuto"},"schema":{"@context":"https:\/\/schema.org","@graph":[{"@type":"Article","@id":"https:\/\/nbcs.mx\/?p=104779#article","isPartOf":{"@id":"https:\/\/nbcs.mx\/?p=104779"},"author":{"name":"NBCS Noticias","@id":"https:\/\/nbcs.mx\/#\/schema\/person\/ece58bab9a7c1e87a4d28ec9ecd79ff4"},"headline":"Visita Gobernador la delegaci\u00f3n de La Ribera, compromete obras en beneficio de la zona","datePublished":"2022-04-24T01:22:08+00:00","mainEntityOfPage":{"@id":"https:\/\/nbcs.mx\/?p=104779"},"wordCount":265,"commentCount":0,"publisher":{"@id":"https:\/\/nbcs.mx\/#organization"},"image":{"@id":"https:\/\/nbcs.mx\/?p=104779#primaryimage"},"thumbnailUrl":"https:\/\/nbcs.mx\/wp-content\/uploads\/2022\/04\/FOTO1-BOLETIN-258_GIRA-LA-RIBERA.jpeg","articleSection":["Noticias"],"inLanguage":"es","potentialAction":[{"@type":"CommentAction","name":"Comment","target":["https:\/\/nbcs.mx\/?p=104779#respond"]}]},{"@type":"WebPage","@id":"https:\/\/nbcs.mx\/?p=104779","url":"https:\/\/nbcs.mx\/?p=104779","name":"Visita Gobernador la delegaci\u00f3n de La Ribera, compromete obras en beneficio de la zona - NBCS Noticias","isPartOf":{"@id":"https:\/\/nbcs.mx\/#website"},"primaryImageOfPage":{"@id":"https:\/\/nbcs.mx\/?p=104779#primaryimage"},"image":{"@id":"https:\/\/nbcs.mx\/?p=104779#primaryimage"},"thumbnailUrl":"https:\/\/nbcs.mx\/wp-content\/uploads\/2022\/04\/FOTO1-BOLETIN-258_GIRA-LA-RIBERA.jpeg","datePublished":"2022-04-24T01:22:08+00:00","breadcrumb":{"@id":"https:\/\/nbcs.mx\/?p=104779#breadcrumb"},"inLanguage":"es","potentialAction":[{"@type":"ReadAction","target":["https:\/\/nbcs.mx\/?p=104779"]}]},{"@type":"ImageObject","inLanguage":"es","@id":"https:\/\/nbcs.mx\/?p=104779#primaryimage","url":"https:\/\/nbcs.mx\/wp-content\/uploads\/2022\/04\/FOTO1-BOLETIN-258_GIRA-LA-RIBERA.jpeg","contentUrl":"https:\/\/nbcs.mx\/wp-content\/uploads\/2022\/04\/FOTO1-BOLETIN-258_GIRA-LA-RIBERA.jpeg","width":1600,"height":1066},{"@type":"BreadcrumbList","@id":"https:\/\/nbcs.mx\/?p=104779#breadcrumb","itemListElement":[{"@type":"ListItem","position":1,"name":"Portada","item":"https:\/\/nbcs.mx\/"},{"@type":"ListItem","position":2,"name":"Visita Gobernador la delegaci\u00f3n de La Ribera, compromete obras en beneficio de la zona"}]},{"@type":"WebSite","@id":"https:\/\/nbcs.mx\/#website","url":"https:\/\/nbcs.mx\/","name":"NBCS Noticias","description":"Sitio web de noticias en Baja California Sur","publisher":{"@id":"https:\/\/nbcs.mx\/#organization"},"potentialAction":[{"@type":"SearchAction","target":{"@type":"EntryPoint","urlTemplate":"https:\/\/nbcs.mx\/?s={search_term_string}"},"query-input":{"@type":"PropertyValueSpecification","valueRequired":true,"valueName":"search_term_string"}}],"inLanguage":"es"},{"@type":"Organization","@id":"https:\/\/nbcs.mx\/#organization","name":"NBCS Noticias","url":"https:\/\/nbcs.mx\/","logo":{"@type":"ImageObject","inLanguage":"es","@id":"https:\/\/nbcs.mx\/#\/schema\/logo\/image\/","url":"https:\/\/nbcs.mx\/wp-content\/uploads\/2018\/09\/057b69485e93575a5c2b1c1dde2dd297.jpeg","contentUrl":"https:\/\/nbcs.mx\/wp-content\/uploads\/2018\/09\/057b69485e93575a5c2b1c1dde2dd297.jpeg","width":64,"height":64,"caption":"NBCS Noticias"},"image":{"@id":"https:\/\/nbcs.mx\/#\/schema\/logo\/image\/"},"sameAs":["https:\/\/www.facebook.com\/NBCSnoticias","https:\/\/x.com\/NBCSnoticias"]},{"@type":"Person","@id":"https:\/\/nbcs.mx\/#\/schema\/person\/ece58bab9a7c1e87a4d28ec9ecd79ff4","name":"NBCS Noticias","image":{"@type":"ImageObject","inLanguage":"es","@id":"https:\/\/secure.gravatar.com\/avatar\/4e52110cad1c4054b43271a0d14bbe9e2ea76aecd0e1097edfc670798d9ca1d4?s=96&d=blank&r=g","url":"https:\/\/secure.gravatar.com\/avatar\/4e52110cad1c4054b43271a0d14bbe9e2ea76aecd0e1097edfc670798d9ca1d4?s=96&d=blank&r=g","contentUrl":"https:\/\/secure.gravatar.com\/avatar\/4e52110cad1c4054b43271a0d14bbe9e2ea76aecd0e1097edfc670798d9ca1d4?s=96&d=blank&r=g","caption":"NBCS Noticias"},"description":"\u00bfTienes fotos o video de alg\u00fan acto de posible negligencia, corrupci\u00f3n y abuso de autoridad? M\u00e1ndalo al WhatsApp de NBCS Noticias: 612 141 98 08","sameAs":["https:\/\/www.nbcs.mx","https:\/\/www.facebook.com\/NBCSnoticias","https:\/\/www.instagram.com\/nbcsnoticias\/","https:\/\/x.com\/https:\/\/twitter.com\/NBCSnoticias"]}]}},"jetpack_publicize_connections":[],"jetpack_featured_media_url":"https:\/\/nbcs.mx\/wp-content\/uploads\/2022\/04\/FOTO1-BOLETIN-258_GIRA-LA-RIBERA.jpeg","jetpack_sharing_enabled":true,"_links":{"self":[{"href":"https:\/\/nbcs.mx\/index.php?rest_route=\/wp\/v2\/posts\/104779","targetHints":{"allow":["GET"]}}],"collection":[{"href":"https:\/\/nbcs.mx\/index.php?rest_route=\/wp\/v2\/posts"}],"about":[{"href":"https:\/\/nbcs.mx\/index.php?rest_route=\/wp\/v2\/types\/post"}],"author":[{"embeddable":true,"href":"https:\/\/nbcs.mx\/index.php?rest_route=\/wp\/v2\/users\/1"}],"replies":[{"embeddable":true,"href":"https:\/\/nbcs.mx\/index.php?rest_route=%2Fwp%2Fv2%2Fcomments&post=104779"}],"version-history":[{"count":1,"href":"https:\/\/nbcs.mx\/index.php?rest_route=\/wp\/v2\/posts\/104779\/revisions"}],"predecessor-version":[{"id":104781,"href":"https:\/\/nbcs.mx\/index.php?rest_route=\/wp\/v2\/posts\/104779\/revisions\/104781"}],"wp:featuredmedia":[{"embeddable":true,"href":"https:\/\/nbcs.mx\/index.php?rest_route=\/wp\/v2\/media\/104780"}],"wp:attachment":[{"href":"https:\/\/nbcs.mx\/index.php?rest_route=%2Fwp%2Fv2%2Fmedia&parent=104779"}],"wp:term":[{"taxonomy":"category","embeddable":true,"href":"https:\/\/nbcs.mx\/index.php?rest_route=%2Fwp%2Fv2%2Fcategories&post=104779"},{"taxonomy":"post_tag","embeddable":true,"href":"https:\/\/nbcs.mx\/index.php?rest_route=%2Fwp%2Fv2%2Ftags&post=104779"}],"curies":[{"name":"wp","href":"https:\/\/api.w.org\/{rel}","templated":true}]}}