{"id":105126,"date":"2022-04-29T12:46:30","date_gmt":"2022-04-29T18:46:30","guid":{"rendered":"https:\/\/nbcs.mx\/?p=105126"},"modified":"2022-04-29T12:46:30","modified_gmt":"2022-04-29T18:46:30","slug":"aprueba-congreso-que-centro-de-conciliacion-laboral-y-juzgados-laborales-inicien-funciones-hasta-octubre-de-2022","status":"publish","type":"post","link":"https:\/\/nbcs.mx\/?p=105126","title":{"rendered":"Aprueba Congreso que Centro de Conciliaci\u00f3n Laboral y juzgados laborales inicien funciones hasta octubre de 2022"},"content":{"rendered":"<p style=\"text-align: justify;\"><img loading=\"lazy\" decoding=\"async\" class=\" wp-image-105127 alignleft\" src=\"https:\/\/nbcs.mx\/wp-content\/uploads\/2022\/04\/IMG_2350-738x492.jpg\" alt=\"\" width=\"357\" height=\"238\" srcset=\"https:\/\/nbcs.mx\/wp-content\/uploads\/2022\/04\/IMG_2350-738x492.jpg 738w, https:\/\/nbcs.mx\/wp-content\/uploads\/2022\/04\/IMG_2350-150x100.jpg 150w, https:\/\/nbcs.mx\/wp-content\/uploads\/2022\/04\/IMG_2350-768x512.jpg 768w, https:\/\/nbcs.mx\/wp-content\/uploads\/2022\/04\/IMG_2350.jpg 1024w\" sizes=\"auto, (max-width: 357px) 100vw, 357px\" \/>La Paz, Baja California Sur.- En sesi\u00f3n extraordinaria de este viernes 29 de abril, la XVI Legislatura del Congreso del Estado aprob\u00f3 reformas a diversos decretos y leyes en materia laboral para modificar la<em> vacatio legis <\/em><u>(<\/u>periodo que transcurre desde la publicaci\u00f3n de la ley hasta su entrada en vigencia) de la entrada en funciones del Centro de Conciliaci\u00f3n Laboral de Baja California Sur y los juzgados laborales inicien funciones hasta octubre de 2022.<\/p>\n<p style=\"text-align: justify;\">\n<p style=\"text-align: justify;\">Derivado de una prorroga enviada por el Senado de la Republica para la entrada en funciones del Nuevo Sistema de Justicia Laboral en diez estados pendientes de su implementaci\u00f3n, las comisiones de Asuntos Laborales y de Previsi\u00f3n Social, de Puntos Constitucionales y de Justicia y de Asuntos Fiscales y Administrativos present\u00f3 la iniciativa de reformas a los decretos 2805, 2816, 2817 referentes a la expedici\u00f3n de la Ley Org\u00e1nica del Centro de Conciliaci\u00f3n Laboral \u00a0a la Constituci\u00f3n estatal y la Ley Org\u00e1nica del Poder Judicial del Estado de Baja California Sur, para ajustar la vacatio legis del inicio de funciones de dichos \u00f3rganos laborales hasta el 03 de octubre de 2022.<\/p>\n<p style=\"text-align: justify;\">\n<p style=\"text-align: justify;\">El Estado de Baja California Sur ya cuenta con todo el andamiaje jur\u00eddico para la entrada en funciones del nuevo Sistema de Justicia Laboral a nivel local; no obstante, la implementaci\u00f3n de este nuevo sistema implica no solo el establecimiento del sistema normativo, sino tambi\u00e9n la creaci\u00f3n de infraestructura, por lo que cobra especial relevancia la selecci\u00f3n y capacitaci\u00f3n de los operadores, entre otros aspectos a implementar. Consideramos pertinente que se ajuste la vacatio legis contenida en nuestras disposiciones locales a la nueva fecha de entrada en vigor, ya que dicho nuevo plazo nos otorgar\u00eda como Estado la oportunidad de implementar con un mayor \u00e9xito, eficacia y eficiencia el nuevo Sistema de Justicia Laboral, expone la iniciativa, la cual fue dispensada del tr\u00e1mite parlamentario y aprobado por unanimidad.<\/p>\n<p style=\"text-align: justify;\">De este modo la declaratoria del Congreso del Estado del inicio de funciones tanto del Centro de Conciliaci\u00f3n Laboral de Baja California Sur como de los juzgados laborales a cargo del Poder Judicial se realizar\u00e1 antes del 03 de octubre de 2022.<\/p>\n<p style=\"text-align: justify;\">\n","protected":false},"excerpt":{"rendered":"<p>La Paz, Baja California Sur.- En sesi\u00f3n extraordinaria de este viernes 29 de abril, la XVI Legislatura del Congreso del<\/p>\n","protected":false},"author":1,"featured_media":105127,"comment_status":"open","ping_status":"closed","sticky":false,"template":"","format":"standard","meta":{"colormag_page_container_layout":"default_layout","colormag_page_sidebar_layout":"default_layout","_jetpack_memberships_contains_paid_content":false,"footnotes":"","jetpack_publicize_message":"","jetpack_publicize_feature_enabled":true,"jetpack_social_post_already_shared":true,"jetpack_social_options":{"image_generator_settings":{"template":"highway","default_image_id":0,"font":"","enabled":false},"version":2}},"categories":[48],"tags":[],"class_list":["post-105126","post","type-post","status-publish","format-standard","has-post-thumbnail","hentry","category-congreso-de-bcs"],"yoast_head":"<!-- This site is optimized with the Yoast SEO plugin v27.4 - https:\/\/yoast.com\/product\/yoast-seo-wordpress\/ -->\n<title>Aprueba Congreso que Centro de Conciliaci\u00f3n Laboral y juzgados laborales inicien funciones hasta octubre de 2022 - NBCS Noticias<\/title>\n<meta name=\"robots\" content=\"index, follow, max-snippet:-1, max-image-preview:large, max-video-preview:-1\" \/>\n<link rel=\"canonical\" href=\"https:\/\/nbcs.mx\/?p=105126\" \/>\n<meta property=\"og:locale\" content=\"es_ES\" \/>\n<meta property=\"og:type\" content=\"article\" \/>\n<meta property=\"og:title\" content=\"Aprueba Congreso que Centro de Conciliaci\u00f3n Laboral y juzgados laborales inicien funciones hasta octubre de 2022 - NBCS Noticias\" \/>\n<meta property=\"og:description\" content=\"La Paz, Baja California Sur.- En sesi\u00f3n extraordinaria de este viernes 29 de abril, la XVI Legislatura del Congreso del\" \/>\n<meta property=\"og:url\" content=\"https:\/\/nbcs.mx\/?p=105126\" \/>\n<meta property=\"og:site_name\" content=\"NBCS Noticias\" \/>\n<meta property=\"article:publisher\" content=\"https:\/\/www.facebook.com\/NBCSnoticias\" \/>\n<meta property=\"article:author\" content=\"https:\/\/www.facebook.com\/NBCSnoticias\" \/>\n<meta property=\"article:published_time\" content=\"2022-04-29T18:46:30+00:00\" \/>\n<meta property=\"og:image\" content=\"https:\/\/nbcs.mx\/wp-content\/uploads\/2022\/04\/IMG_2350.jpg\" \/>\n\t<meta property=\"og:image:width\" content=\"1024\" \/>\n\t<meta property=\"og:image:height\" content=\"683\" \/>\n\t<meta property=\"og:image:type\" content=\"image\/jpeg\" \/>\n<meta name=\"author\" content=\"NBCS Noticias\" \/>\n<meta name=\"twitter:card\" content=\"summary_large_image\" \/>\n<meta name=\"twitter:creator\" content=\"@https:\/\/twitter.com\/NBCSnoticias\" \/>\n<meta name=\"twitter:site\" content=\"@NBCSnoticias\" \/>\n<meta name=\"twitter:label1\" content=\"Escrito por\" \/>\n\t<meta name=\"twitter:data1\" content=\"NBCS Noticias\" \/>\n\t<meta name=\"twitter:label2\" content=\"Tiempo de lectura\" \/>\n\t<meta name=\"twitter:data2\" content=\"2 minutos\" \/>\n<script type=\"application\/ld+json\" class=\"yoast-schema-graph\">{\"@context\":\"https:\\\/\\\/schema.org\",\"@graph\":[{\"@type\":\"Article\",\"@id\":\"https:\\\/\\\/nbcs.mx\\\/?p=105126#article\",\"isPartOf\":{\"@id\":\"https:\\\/\\\/nbcs.mx\\\/?p=105126\"},\"author\":{\"name\":\"NBCS Noticias\",\"@id\":\"https:\\\/\\\/nbcs.mx\\\/#\\\/schema\\\/person\\\/ece58bab9a7c1e87a4d28ec9ecd79ff4\"},\"headline\":\"Aprueba Congreso que Centro de Conciliaci\u00f3n Laboral y juzgados laborales inicien funciones hasta octubre de 2022\",\"datePublished\":\"2022-04-29T18:46:30+00:00\",\"mainEntityOfPage\":{\"@id\":\"https:\\\/\\\/nbcs.mx\\\/?p=105126\"},\"wordCount\":382,\"commentCount\":0,\"publisher\":{\"@id\":\"https:\\\/\\\/nbcs.mx\\\/#organization\"},\"image\":{\"@id\":\"https:\\\/\\\/nbcs.mx\\\/?p=105126#primaryimage\"},\"thumbnailUrl\":\"https:\\\/\\\/nbcs.mx\\\/wp-content\\\/uploads\\\/2022\\\/04\\\/IMG_2350.jpg\",\"articleSection\":[\"Congreso de BCS\"],\"inLanguage\":\"es\",\"potentialAction\":[{\"@type\":\"CommentAction\",\"name\":\"Comment\",\"target\":[\"https:\\\/\\\/nbcs.mx\\\/?p=105126#respond\"]}]},{\"@type\":\"WebPage\",\"@id\":\"https:\\\/\\\/nbcs.mx\\\/?p=105126\",\"url\":\"https:\\\/\\\/nbcs.mx\\\/?p=105126\",\"name\":\"Aprueba Congreso que Centro de Conciliaci\u00f3n Laboral y juzgados laborales inicien funciones hasta octubre de 2022 - NBCS Noticias\",\"isPartOf\":{\"@id\":\"https:\\\/\\\/nbcs.mx\\\/#website\"},\"primaryImageOfPage\":{\"@id\":\"https:\\\/\\\/nbcs.mx\\\/?p=105126#primaryimage\"},\"image\":{\"@id\":\"https:\\\/\\\/nbcs.mx\\\/?p=105126#primaryimage\"},\"thumbnailUrl\":\"https:\\\/\\\/nbcs.mx\\\/wp-content\\\/uploads\\\/2022\\\/04\\\/IMG_2350.jpg\",\"datePublished\":\"2022-04-29T18:46:30+00:00\",\"breadcrumb\":{\"@id\":\"https:\\\/\\\/nbcs.mx\\\/?p=105126#breadcrumb\"},\"inLanguage\":\"es\",\"potentialAction\":[{\"@type\":\"ReadAction\",\"target\":[\"https:\\\/\\\/nbcs.mx\\\/?p=105126\"]}]},{\"@type\":\"ImageObject\",\"inLanguage\":\"es\",\"@id\":\"https:\\\/\\\/nbcs.mx\\\/?p=105126#primaryimage\",\"url\":\"https:\\\/\\\/nbcs.mx\\\/wp-content\\\/uploads\\\/2022\\\/04\\\/IMG_2350.jpg\",\"contentUrl\":\"https:\\\/\\\/nbcs.mx\\\/wp-content\\\/uploads\\\/2022\\\/04\\\/IMG_2350.jpg\",\"width\":1024,\"height\":683},{\"@type\":\"BreadcrumbList\",\"@id\":\"https:\\\/\\\/nbcs.mx\\\/?p=105126#breadcrumb\",\"itemListElement\":[{\"@type\":\"ListItem\",\"position\":1,\"name\":\"Portada\",\"item\":\"https:\\\/\\\/nbcs.mx\\\/\"},{\"@type\":\"ListItem\",\"position\":2,\"name\":\"Aprueba Congreso que Centro de Conciliaci\u00f3n Laboral y juzgados laborales inicien funciones hasta octubre de 2022\"}]},{\"@type\":\"WebSite\",\"@id\":\"https:\\\/\\\/nbcs.mx\\\/#website\",\"url\":\"https:\\\/\\\/nbcs.mx\\\/\",\"name\":\"NBCS Noticias\",\"description\":\"Sitio web de noticias en Baja California Sur\",\"publisher\":{\"@id\":\"https:\\\/\\\/nbcs.mx\\\/#organization\"},\"potentialAction\":[{\"@type\":\"SearchAction\",\"target\":{\"@type\":\"EntryPoint\",\"urlTemplate\":\"https:\\\/\\\/nbcs.mx\\\/?s={search_term_string}\"},\"query-input\":{\"@type\":\"PropertyValueSpecification\",\"valueRequired\":true,\"valueName\":\"search_term_string\"}}],\"inLanguage\":\"es\"},{\"@type\":\"Organization\",\"@id\":\"https:\\\/\\\/nbcs.mx\\\/#organization\",\"name\":\"NBCS Noticias\",\"url\":\"https:\\\/\\\/nbcs.mx\\\/\",\"logo\":{\"@type\":\"ImageObject\",\"inLanguage\":\"es\",\"@id\":\"https:\\\/\\\/nbcs.mx\\\/#\\\/schema\\\/logo\\\/image\\\/\",\"url\":\"https:\\\/\\\/nbcs.mx\\\/wp-content\\\/uploads\\\/2018\\\/09\\\/057b69485e93575a5c2b1c1dde2dd297.jpeg\",\"contentUrl\":\"https:\\\/\\\/nbcs.mx\\\/wp-content\\\/uploads\\\/2018\\\/09\\\/057b69485e93575a5c2b1c1dde2dd297.jpeg\",\"width\":64,\"height\":64,\"caption\":\"NBCS Noticias\"},\"image\":{\"@id\":\"https:\\\/\\\/nbcs.mx\\\/#\\\/schema\\\/logo\\\/image\\\/\"},\"sameAs\":[\"https:\\\/\\\/www.facebook.com\\\/NBCSnoticias\",\"https:\\\/\\\/x.com\\\/NBCSnoticias\"]},{\"@type\":\"Person\",\"@id\":\"https:\\\/\\\/nbcs.mx\\\/#\\\/schema\\\/person\\\/ece58bab9a7c1e87a4d28ec9ecd79ff4\",\"name\":\"NBCS Noticias\",\"image\":{\"@type\":\"ImageObject\",\"inLanguage\":\"es\",\"@id\":\"https:\\\/\\\/secure.gravatar.com\\\/avatar\\\/4e52110cad1c4054b43271a0d14bbe9e2ea76aecd0e1097edfc670798d9ca1d4?s=96&d=blank&r=g\",\"url\":\"https:\\\/\\\/secure.gravatar.com\\\/avatar\\\/4e52110cad1c4054b43271a0d14bbe9e2ea76aecd0e1097edfc670798d9ca1d4?s=96&d=blank&r=g\",\"contentUrl\":\"https:\\\/\\\/secure.gravatar.com\\\/avatar\\\/4e52110cad1c4054b43271a0d14bbe9e2ea76aecd0e1097edfc670798d9ca1d4?s=96&d=blank&r=g\",\"caption\":\"NBCS Noticias\"},\"description\":\"\u00bfTienes fotos o video de alg\u00fan acto de posible negligencia, corrupci\u00f3n y abuso de autoridad? M\u00e1ndalo al WhatsApp de NBCS Noticias: 612 141 98 08\",\"sameAs\":[\"https:\\\/\\\/www.nbcs.mx\",\"https:\\\/\\\/www.facebook.com\\\/NBCSnoticias\",\"https:\\\/\\\/www.instagram.com\\\/nbcsnoticias\\\/\",\"https:\\\/\\\/x.com\\\/https:\\\/\\\/twitter.com\\\/NBCSnoticias\"]}]}<\/script>\n<!-- \/ Yoast SEO plugin. -->","yoast_head_json":{"title":"Aprueba Congreso que Centro de Conciliaci\u00f3n Laboral y juzgados laborales inicien funciones hasta octubre de 2022 - NBCS Noticias","robots":{"index":"index","follow":"follow","max-snippet":"max-snippet:-1","max-image-preview":"max-image-preview:large","max-video-preview":"max-video-preview:-1"},"canonical":"https:\/\/nbcs.mx\/?p=105126","og_locale":"es_ES","og_type":"article","og_title":"Aprueba Congreso que Centro de Conciliaci\u00f3n Laboral y juzgados laborales inicien funciones hasta octubre de 2022 - NBCS Noticias","og_description":"La Paz, Baja California Sur.- En sesi\u00f3n extraordinaria de este viernes 29 de abril, la XVI Legislatura del Congreso del","og_url":"https:\/\/nbcs.mx\/?p=105126","og_site_name":"NBCS Noticias","article_publisher":"https:\/\/www.facebook.com\/NBCSnoticias","article_author":"https:\/\/www.facebook.com\/NBCSnoticias","article_published_time":"2022-04-29T18:46:30+00:00","og_image":[{"width":1024,"height":683,"url":"https:\/\/nbcs.mx\/wp-content\/uploads\/2022\/04\/IMG_2350.jpg","type":"image\/jpeg"}],"author":"NBCS Noticias","twitter_card":"summary_large_image","twitter_creator":"@https:\/\/twitter.com\/NBCSnoticias","twitter_site":"@NBCSnoticias","twitter_misc":{"Escrito por":"NBCS Noticias","Tiempo de lectura":"2 minutos"},"schema":{"@context":"https:\/\/schema.org","@graph":[{"@type":"Article","@id":"https:\/\/nbcs.mx\/?p=105126#article","isPartOf":{"@id":"https:\/\/nbcs.mx\/?p=105126"},"author":{"name":"NBCS Noticias","@id":"https:\/\/nbcs.mx\/#\/schema\/person\/ece58bab9a7c1e87a4d28ec9ecd79ff4"},"headline":"Aprueba Congreso que Centro de Conciliaci\u00f3n Laboral y juzgados laborales inicien funciones hasta octubre de 2022","datePublished":"2022-04-29T18:46:30+00:00","mainEntityOfPage":{"@id":"https:\/\/nbcs.mx\/?p=105126"},"wordCount":382,"commentCount":0,"publisher":{"@id":"https:\/\/nbcs.mx\/#organization"},"image":{"@id":"https:\/\/nbcs.mx\/?p=105126#primaryimage"},"thumbnailUrl":"https:\/\/nbcs.mx\/wp-content\/uploads\/2022\/04\/IMG_2350.jpg","articleSection":["Congreso de BCS"],"inLanguage":"es","potentialAction":[{"@type":"CommentAction","name":"Comment","target":["https:\/\/nbcs.mx\/?p=105126#respond"]}]},{"@type":"WebPage","@id":"https:\/\/nbcs.mx\/?p=105126","url":"https:\/\/nbcs.mx\/?p=105126","name":"Aprueba Congreso que Centro de Conciliaci\u00f3n Laboral y juzgados laborales inicien funciones hasta octubre de 2022 - NBCS Noticias","isPartOf":{"@id":"https:\/\/nbcs.mx\/#website"},"primaryImageOfPage":{"@id":"https:\/\/nbcs.mx\/?p=105126#primaryimage"},"image":{"@id":"https:\/\/nbcs.mx\/?p=105126#primaryimage"},"thumbnailUrl":"https:\/\/nbcs.mx\/wp-content\/uploads\/2022\/04\/IMG_2350.jpg","datePublished":"2022-04-29T18:46:30+00:00","breadcrumb":{"@id":"https:\/\/nbcs.mx\/?p=105126#breadcrumb"},"inLanguage":"es","potentialAction":[{"@type":"ReadAction","target":["https:\/\/nbcs.mx\/?p=105126"]}]},{"@type":"ImageObject","inLanguage":"es","@id":"https:\/\/nbcs.mx\/?p=105126#primaryimage","url":"https:\/\/nbcs.mx\/wp-content\/uploads\/2022\/04\/IMG_2350.jpg","contentUrl":"https:\/\/nbcs.mx\/wp-content\/uploads\/2022\/04\/IMG_2350.jpg","width":1024,"height":683},{"@type":"BreadcrumbList","@id":"https:\/\/nbcs.mx\/?p=105126#breadcrumb","itemListElement":[{"@type":"ListItem","position":1,"name":"Portada","item":"https:\/\/nbcs.mx\/"},{"@type":"ListItem","position":2,"name":"Aprueba Congreso que Centro de Conciliaci\u00f3n Laboral y juzgados laborales inicien funciones hasta octubre de 2022"}]},{"@type":"WebSite","@id":"https:\/\/nbcs.mx\/#website","url":"https:\/\/nbcs.mx\/","name":"NBCS Noticias","description":"Sitio web de noticias en Baja California Sur","publisher":{"@id":"https:\/\/nbcs.mx\/#organization"},"potentialAction":[{"@type":"SearchAction","target":{"@type":"EntryPoint","urlTemplate":"https:\/\/nbcs.mx\/?s={search_term_string}"},"query-input":{"@type":"PropertyValueSpecification","valueRequired":true,"valueName":"search_term_string"}}],"inLanguage":"es"},{"@type":"Organization","@id":"https:\/\/nbcs.mx\/#organization","name":"NBCS Noticias","url":"https:\/\/nbcs.mx\/","logo":{"@type":"ImageObject","inLanguage":"es","@id":"https:\/\/nbcs.mx\/#\/schema\/logo\/image\/","url":"https:\/\/nbcs.mx\/wp-content\/uploads\/2018\/09\/057b69485e93575a5c2b1c1dde2dd297.jpeg","contentUrl":"https:\/\/nbcs.mx\/wp-content\/uploads\/2018\/09\/057b69485e93575a5c2b1c1dde2dd297.jpeg","width":64,"height":64,"caption":"NBCS Noticias"},"image":{"@id":"https:\/\/nbcs.mx\/#\/schema\/logo\/image\/"},"sameAs":["https:\/\/www.facebook.com\/NBCSnoticias","https:\/\/x.com\/NBCSnoticias"]},{"@type":"Person","@id":"https:\/\/nbcs.mx\/#\/schema\/person\/ece58bab9a7c1e87a4d28ec9ecd79ff4","name":"NBCS Noticias","image":{"@type":"ImageObject","inLanguage":"es","@id":"https:\/\/secure.gravatar.com\/avatar\/4e52110cad1c4054b43271a0d14bbe9e2ea76aecd0e1097edfc670798d9ca1d4?s=96&d=blank&r=g","url":"https:\/\/secure.gravatar.com\/avatar\/4e52110cad1c4054b43271a0d14bbe9e2ea76aecd0e1097edfc670798d9ca1d4?s=96&d=blank&r=g","contentUrl":"https:\/\/secure.gravatar.com\/avatar\/4e52110cad1c4054b43271a0d14bbe9e2ea76aecd0e1097edfc670798d9ca1d4?s=96&d=blank&r=g","caption":"NBCS Noticias"},"description":"\u00bfTienes fotos o video de alg\u00fan acto de posible negligencia, corrupci\u00f3n y abuso de autoridad? M\u00e1ndalo al WhatsApp de NBCS Noticias: 612 141 98 08","sameAs":["https:\/\/www.nbcs.mx","https:\/\/www.facebook.com\/NBCSnoticias","https:\/\/www.instagram.com\/nbcsnoticias\/","https:\/\/x.com\/https:\/\/twitter.com\/NBCSnoticias"]}]}},"jetpack_publicize_connections":[],"jetpack_featured_media_url":"https:\/\/nbcs.mx\/wp-content\/uploads\/2022\/04\/IMG_2350.jpg","jetpack_sharing_enabled":true,"_links":{"self":[{"href":"https:\/\/nbcs.mx\/index.php?rest_route=\/wp\/v2\/posts\/105126","targetHints":{"allow":["GET"]}}],"collection":[{"href":"https:\/\/nbcs.mx\/index.php?rest_route=\/wp\/v2\/posts"}],"about":[{"href":"https:\/\/nbcs.mx\/index.php?rest_route=\/wp\/v2\/types\/post"}],"author":[{"embeddable":true,"href":"https:\/\/nbcs.mx\/index.php?rest_route=\/wp\/v2\/users\/1"}],"replies":[{"embeddable":true,"href":"https:\/\/nbcs.mx\/index.php?rest_route=%2Fwp%2Fv2%2Fcomments&post=105126"}],"version-history":[{"count":1,"href":"https:\/\/nbcs.mx\/index.php?rest_route=\/wp\/v2\/posts\/105126\/revisions"}],"predecessor-version":[{"id":105128,"href":"https:\/\/nbcs.mx\/index.php?rest_route=\/wp\/v2\/posts\/105126\/revisions\/105128"}],"wp:featuredmedia":[{"embeddable":true,"href":"https:\/\/nbcs.mx\/index.php?rest_route=\/wp\/v2\/media\/105127"}],"wp:attachment":[{"href":"https:\/\/nbcs.mx\/index.php?rest_route=%2Fwp%2Fv2%2Fmedia&parent=105126"}],"wp:term":[{"taxonomy":"category","embeddable":true,"href":"https:\/\/nbcs.mx\/index.php?rest_route=%2Fwp%2Fv2%2Fcategories&post=105126"},{"taxonomy":"post_tag","embeddable":true,"href":"https:\/\/nbcs.mx\/index.php?rest_route=%2Fwp%2Fv2%2Ftags&post=105126"}],"curies":[{"name":"wp","href":"https:\/\/api.w.org\/{rel}","templated":true}]}}