{"id":105609,"date":"2022-05-09T22:02:53","date_gmt":"2022-05-10T04:02:53","guid":{"rendered":"https:\/\/nbcs.mx\/?p=105609"},"modified":"2022-05-09T22:02:53","modified_gmt":"2022-05-10T04:02:53","slug":"esta-semana-la-delegacion-de-santiago-sera-la-casa-de-las-brigadas-medicas-de-salud","status":"publish","type":"post","link":"https:\/\/nbcs.mx\/?p=105609","title":{"rendered":"Esta semana la delegaci\u00f3n de Santiago ser\u00e1 la casa de las Brigadas M\u00e9dicas de Salud"},"content":{"rendered":"<p style=\"text-align: justify;\"><img loading=\"lazy\" decoding=\"async\" class=\" wp-image-105610 alignleft\" src=\"https:\/\/nbcs.mx\/wp-content\/uploads\/2022\/05\/10-Esta-semana-la-delegacion-de-Santiago-sera-la-casa-de-las-Brigadas-Medicas-de-Salud-3-755x357.jpg\" alt=\"\" width=\"330\" height=\"156\" srcset=\"https:\/\/nbcs.mx\/wp-content\/uploads\/2022\/05\/10-Esta-semana-la-delegacion-de-Santiago-sera-la-casa-de-las-Brigadas-Medicas-de-Salud-3-755x357.jpg 755w, https:\/\/nbcs.mx\/wp-content\/uploads\/2022\/05\/10-Esta-semana-la-delegacion-de-Santiago-sera-la-casa-de-las-Brigadas-Medicas-de-Salud-3-1024x484.jpg 1024w, https:\/\/nbcs.mx\/wp-content\/uploads\/2022\/05\/10-Esta-semana-la-delegacion-de-Santiago-sera-la-casa-de-las-Brigadas-Medicas-de-Salud-3-150x71.jpg 150w, https:\/\/nbcs.mx\/wp-content\/uploads\/2022\/05\/10-Esta-semana-la-delegacion-de-Santiago-sera-la-casa-de-las-Brigadas-Medicas-de-Salud-3-768x363.jpg 768w, https:\/\/nbcs.mx\/wp-content\/uploads\/2022\/05\/10-Esta-semana-la-delegacion-de-Santiago-sera-la-casa-de-las-Brigadas-Medicas-de-Salud-3-1536x727.jpg 1536w, https:\/\/nbcs.mx\/wp-content\/uploads\/2022\/05\/10-Esta-semana-la-delegacion-de-Santiago-sera-la-casa-de-las-Brigadas-Medicas-de-Salud-3.jpg 1600w\" sizes=\"auto, (max-width: 330px) 100vw, 330px\" \/>Los Cabos, Baja California Sur.- Para dar continuidad a los apoyos en materia de salud que se ofrecen a la ciudadan\u00eda de la zona norte, el Gobierno de Los Cabos a trav\u00e9s de la Direcci\u00f3n Municipal de Salud, inaugur\u00f3 este lunes en la delegaci\u00f3n de Santiago la unidad m\u00f3vil de las Brigadas M\u00e9dicas, as\u00ed lo dio a conocer el director municipal de salud, Dr. Juan Carlos Costich Perez.<\/p>\n<p style=\"text-align: justify;\">\n<p style=\"text-align: justify;\">Continuando con su participaci\u00f3n, el servidor p\u00fablico inform\u00f3 que la unidad m\u00f3vil se encontrar\u00e1 hasta el s\u00e1bado 14 de mayo en la comunidad de Santiago, a un costado del edificio delegacional, con un horario de atenci\u00f3n de 8:00 de la ma\u00f1ana a 3:00 de la tarde; los\u00a0 servicios que se estar\u00e1n ofreciendo son: consulta m\u00e9dica general, dental, psicol\u00f3gica y nutricional, adem\u00e1s de ex\u00e1menes de laboratorios y de la vista, as\u00ed como electrocardiogramas, mastograf\u00edas a personas mayores de 35 a\u00f1os o menores con alg\u00fan antecedente familiar con c\u00e1ncer de mama y rehabilitaci\u00f3n pulmonar.<\/p>\n<p style=\"text-align: justify;\">\n<p style=\"text-align: justify;\">\u201cCumpliendo con el objetivo de cubrir toda la geograf\u00eda municipal, hoy comenzamos en la delegaci\u00f3n de Santiago, pero la invitaci\u00f3n es para que la poblaci\u00f3n de las zonas aleda\u00f1as acudan a la unidad m\u00f3vil; vamos enfocados a la medicina preventiva y a los problemas de salud p\u00fablica que afectan al municipio, como el sobrepeso, obesidad, diabetes e hipertensi\u00f3n. Los servicios gratuitos que ofrecemos est\u00e1n enfocados en atacar estos problemas de salud p\u00fablica\u201d, coment\u00f3 el Dr. Costich P\u00e9rez.<\/p>\n<p style=\"text-align: justify;\">\n<p style=\"text-align: justify;\">Para finalizar, el director municipal de salud, Dr. Juan Carlos Costich hizo hincapi\u00e9 en que son una dependencia de puertas abiertas, que se encuentra trabajando para dar un \u00f3ptimo servicio de salud a la ciudadan\u00eda cabe\u00f1a; en ese sentido, puso a disposici\u00f3n de la poblaci\u00f3n la p\u00e1gina de Facebook: Direcci\u00f3n Municipal de Salud Los Cabos, donde cada semana se publica la ubicaci\u00f3n de la unidad m\u00f3vil de las Brigadas M\u00e9dicas y los servicios que ofrecen en apoyo a la poblaci\u00f3n.<\/p>\n","protected":false},"excerpt":{"rendered":"<p>Los Cabos, Baja California Sur.- Para dar continuidad a los apoyos en materia de salud que se ofrecen a la<\/p>\n","protected":false},"author":1,"featured_media":105610,"comment_status":"open","ping_status":"closed","sticky":false,"template":"","format":"standard","meta":{"colormag_page_container_layout":"default_layout","colormag_page_sidebar_layout":"default_layout","_jetpack_newsletter_access":"","_jetpack_dont_email_post_to_subs":false,"_jetpack_newsletter_tier_id":0,"_jetpack_memberships_contains_paywalled_content":false,"_jetpack_feature_clip_id":0,"_jetpack_memberships_contains_paid_content":false,"footnotes":"","jetpack_publicize_message":"","jetpack_publicize_feature_enabled":true,"jetpack_social_post_already_shared":true,"jetpack_social_options":{"image_generator_settings":{"template":"highway","default_image_id":0,"font":"","enabled":false},"version":2},"jetpack_post_was_ever_published":false},"categories":[40],"tags":[],"class_list":["post-105609","post","type-post","status-publish","format-standard","has-post-thumbnail","hentry","category-municipios"],"yoast_head":"<!-- This site is optimized with the Yoast SEO plugin v28.4 - https:\/\/yoast.com\/product\/yoast-seo-wordpress\/ -->\n<title>Esta semana la delegaci\u00f3n de Santiago ser\u00e1 la casa de las Brigadas M\u00e9dicas de Salud - NBCS Noticias<\/title>\n<meta name=\"robots\" content=\"index, follow, max-snippet:-1, max-image-preview:large, max-video-preview:-1\" \/>\n<link rel=\"canonical\" href=\"https:\/\/nbcs.mx\/?p=105609\" \/>\n<meta property=\"og:locale\" content=\"es_ES\" \/>\n<meta property=\"og:type\" content=\"article\" \/>\n<meta property=\"og:title\" content=\"Esta semana la delegaci\u00f3n de Santiago ser\u00e1 la casa de las Brigadas M\u00e9dicas de Salud - NBCS Noticias\" \/>\n<meta property=\"og:description\" content=\"Los Cabos, Baja California Sur.- Para dar continuidad a los apoyos en materia de salud que se ofrecen a la\" \/>\n<meta property=\"og:url\" content=\"https:\/\/nbcs.mx\/?p=105609\" \/>\n<meta property=\"og:site_name\" content=\"NBCS Noticias\" \/>\n<meta property=\"article:publisher\" content=\"https:\/\/www.facebook.com\/NBCSnoticias\" \/>\n<meta property=\"article:author\" content=\"https:\/\/www.facebook.com\/NBCSnoticias\" \/>\n<meta property=\"article:published_time\" content=\"2022-05-10T04:02:53+00:00\" \/>\n<meta property=\"og:image\" content=\"https:\/\/nbcs.mx\/wp-content\/uploads\/2022\/05\/10-Esta-semana-la-delegacion-de-Santiago-sera-la-casa-de-las-Brigadas-Medicas-de-Salud-3.jpg\" \/>\n\t<meta property=\"og:image:width\" content=\"1600\" \/>\n\t<meta property=\"og:image:height\" content=\"757\" \/>\n\t<meta property=\"og:image:type\" content=\"image\/jpeg\" \/>\n<meta name=\"author\" content=\"NBCS Noticias\" \/>\n<meta name=\"twitter:card\" content=\"summary_large_image\" \/>\n<meta name=\"twitter:creator\" content=\"@https:\/\/twitter.com\/NBCSnoticias\" \/>\n<meta name=\"twitter:site\" content=\"@NBCSnoticias\" \/>\n<meta name=\"twitter:label1\" content=\"Escrito por\" \/>\n\t<meta name=\"twitter:data1\" content=\"NBCS Noticias\" \/>\n\t<meta name=\"twitter:label2\" content=\"Tiempo de lectura\" \/>\n\t<meta name=\"twitter:data2\" content=\"2 minutos\" \/>\n<script type=\"application\/ld+json\" class=\"yoast-schema-graph\">{\"@context\":\"https:\\\/\\\/schema.org\",\"@graph\":[{\"@type\":\"Article\",\"@id\":\"https:\\\/\\\/nbcs.mx\\\/?p=105609#article\",\"isPartOf\":{\"@id\":\"https:\\\/\\\/nbcs.mx\\\/?p=105609\"},\"author\":{\"name\":\"NBCS Noticias\",\"@id\":\"https:\\\/\\\/nbcs.mx\\\/#\\\/schema\\\/person\\\/ece58bab9a7c1e87a4d28ec9ecd79ff4\"},\"headline\":\"Esta semana la delegaci\u00f3n de Santiago ser\u00e1 la casa de las Brigadas M\u00e9dicas de Salud\",\"datePublished\":\"2022-05-10T04:02:53+00:00\",\"mainEntityOfPage\":{\"@id\":\"https:\\\/\\\/nbcs.mx\\\/?p=105609\"},\"wordCount\":374,\"commentCount\":0,\"publisher\":{\"@id\":\"https:\\\/\\\/nbcs.mx\\\/#organization\"},\"image\":{\"@id\":\"https:\\\/\\\/nbcs.mx\\\/?p=105609#primaryimage\"},\"thumbnailUrl\":\"https:\\\/\\\/nbcs.mx\\\/wp-content\\\/uploads\\\/2022\\\/05\\\/10-Esta-semana-la-delegacion-de-Santiago-sera-la-casa-de-las-Brigadas-Medicas-de-Salud-3.jpg\",\"articleSection\":[\"Municipios\"],\"inLanguage\":\"es\",\"potentialAction\":[{\"@type\":\"CommentAction\",\"name\":\"Comment\",\"target\":[\"https:\\\/\\\/nbcs.mx\\\/?p=105609#respond\"]}]},{\"@type\":\"WebPage\",\"@id\":\"https:\\\/\\\/nbcs.mx\\\/?p=105609\",\"url\":\"https:\\\/\\\/nbcs.mx\\\/?p=105609\",\"name\":\"Esta semana la delegaci\u00f3n de Santiago ser\u00e1 la casa de las Brigadas M\u00e9dicas de Salud - NBCS Noticias\",\"isPartOf\":{\"@id\":\"https:\\\/\\\/nbcs.mx\\\/#website\"},\"primaryImageOfPage\":{\"@id\":\"https:\\\/\\\/nbcs.mx\\\/?p=105609#primaryimage\"},\"image\":{\"@id\":\"https:\\\/\\\/nbcs.mx\\\/?p=105609#primaryimage\"},\"thumbnailUrl\":\"https:\\\/\\\/nbcs.mx\\\/wp-content\\\/uploads\\\/2022\\\/05\\\/10-Esta-semana-la-delegacion-de-Santiago-sera-la-casa-de-las-Brigadas-Medicas-de-Salud-3.jpg\",\"datePublished\":\"2022-05-10T04:02:53+00:00\",\"breadcrumb\":{\"@id\":\"https:\\\/\\\/nbcs.mx\\\/?p=105609#breadcrumb\"},\"inLanguage\":\"es\",\"potentialAction\":[{\"@type\":\"ReadAction\",\"target\":[\"https:\\\/\\\/nbcs.mx\\\/?p=105609\"]}]},{\"@type\":\"ImageObject\",\"inLanguage\":\"es\",\"@id\":\"https:\\\/\\\/nbcs.mx\\\/?p=105609#primaryimage\",\"url\":\"https:\\\/\\\/nbcs.mx\\\/wp-content\\\/uploads\\\/2022\\\/05\\\/10-Esta-semana-la-delegacion-de-Santiago-sera-la-casa-de-las-Brigadas-Medicas-de-Salud-3.jpg\",\"contentUrl\":\"https:\\\/\\\/nbcs.mx\\\/wp-content\\\/uploads\\\/2022\\\/05\\\/10-Esta-semana-la-delegacion-de-Santiago-sera-la-casa-de-las-Brigadas-Medicas-de-Salud-3.jpg\",\"width\":1600,\"height\":757},{\"@type\":\"BreadcrumbList\",\"@id\":\"https:\\\/\\\/nbcs.mx\\\/?p=105609#breadcrumb\",\"itemListElement\":[{\"@type\":\"ListItem\",\"position\":1,\"name\":\"Portada\",\"item\":\"https:\\\/\\\/nbcs.mx\\\/\"},{\"@type\":\"ListItem\",\"position\":2,\"name\":\"Esta semana la delegaci\u00f3n de Santiago ser\u00e1 la casa de las Brigadas M\u00e9dicas de Salud\"}]},{\"@type\":\"WebSite\",\"@id\":\"https:\\\/\\\/nbcs.mx\\\/#website\",\"url\":\"https:\\\/\\\/nbcs.mx\\\/\",\"name\":\"NBCS Noticias\",\"description\":\"Sitio web de noticias en Baja California Sur\",\"publisher\":{\"@id\":\"https:\\\/\\\/nbcs.mx\\\/#organization\"},\"potentialAction\":[{\"@type\":\"SearchAction\",\"target\":{\"@type\":\"EntryPoint\",\"urlTemplate\":\"https:\\\/\\\/nbcs.mx\\\/?s={search_term_string}\"},\"query-input\":{\"@type\":\"PropertyValueSpecification\",\"valueRequired\":true,\"valueName\":\"search_term_string\"}}],\"inLanguage\":\"es\"},{\"@type\":\"Organization\",\"@id\":\"https:\\\/\\\/nbcs.mx\\\/#organization\",\"name\":\"NBCS Noticias\",\"url\":\"https:\\\/\\\/nbcs.mx\\\/\",\"logo\":{\"@type\":\"ImageObject\",\"inLanguage\":\"es\",\"@id\":\"https:\\\/\\\/nbcs.mx\\\/#\\\/schema\\\/logo\\\/image\\\/\",\"url\":\"https:\\\/\\\/nbcs.mx\\\/wp-content\\\/uploads\\\/2018\\\/09\\\/057b69485e93575a5c2b1c1dde2dd297.jpeg\",\"contentUrl\":\"https:\\\/\\\/nbcs.mx\\\/wp-content\\\/uploads\\\/2018\\\/09\\\/057b69485e93575a5c2b1c1dde2dd297.jpeg\",\"width\":64,\"height\":64,\"caption\":\"NBCS Noticias\"},\"image\":{\"@id\":\"https:\\\/\\\/nbcs.mx\\\/#\\\/schema\\\/logo\\\/image\\\/\"},\"sameAs\":[\"https:\\\/\\\/www.facebook.com\\\/NBCSnoticias\",\"https:\\\/\\\/x.com\\\/NBCSnoticias\"]},{\"@type\":\"Person\",\"@id\":\"https:\\\/\\\/nbcs.mx\\\/#\\\/schema\\\/person\\\/ece58bab9a7c1e87a4d28ec9ecd79ff4\",\"name\":\"NBCS Noticias\",\"image\":{\"@type\":\"ImageObject\",\"inLanguage\":\"es\",\"@id\":\"https:\\\/\\\/secure.gravatar.com\\\/avatar\\\/4e52110cad1c4054b43271a0d14bbe9e2ea76aecd0e1097edfc670798d9ca1d4?s=96&d=blank&r=g\",\"url\":\"https:\\\/\\\/secure.gravatar.com\\\/avatar\\\/4e52110cad1c4054b43271a0d14bbe9e2ea76aecd0e1097edfc670798d9ca1d4?s=96&d=blank&r=g\",\"contentUrl\":\"https:\\\/\\\/secure.gravatar.com\\\/avatar\\\/4e52110cad1c4054b43271a0d14bbe9e2ea76aecd0e1097edfc670798d9ca1d4?s=96&d=blank&r=g\",\"caption\":\"NBCS Noticias\"},\"description\":\"\u00bfTienes fotos o video de alg\u00fan acto de posible negligencia, corrupci\u00f3n y abuso de autoridad? M\u00e1ndalo al WhatsApp de NBCS Noticias: 612 141 98 08\",\"sameAs\":[\"https:\\\/\\\/www.nbcs.mx\",\"https:\\\/\\\/www.facebook.com\\\/NBCSnoticias\",\"https:\\\/\\\/www.instagram.com\\\/nbcsnoticias\\\/\",\"https:\\\/\\\/x.com\\\/https:\\\/\\\/twitter.com\\\/NBCSnoticias\"]}]}<\/script>\n<!-- \/ Yoast SEO plugin. -->","yoast_head_json":{"title":"Esta semana la delegaci\u00f3n de Santiago ser\u00e1 la casa de las Brigadas M\u00e9dicas de Salud - NBCS Noticias","robots":{"index":"index","follow":"follow","max-snippet":"max-snippet:-1","max-image-preview":"max-image-preview:large","max-video-preview":"max-video-preview:-1"},"canonical":"https:\/\/nbcs.mx\/?p=105609","og_locale":"es_ES","og_type":"article","og_title":"Esta semana la delegaci\u00f3n de Santiago ser\u00e1 la casa de las Brigadas M\u00e9dicas de Salud - NBCS Noticias","og_description":"Los Cabos, Baja California Sur.- Para dar continuidad a los apoyos en materia de salud que se ofrecen a la","og_url":"https:\/\/nbcs.mx\/?p=105609","og_site_name":"NBCS Noticias","article_publisher":"https:\/\/www.facebook.com\/NBCSnoticias","article_author":"https:\/\/www.facebook.com\/NBCSnoticias","article_published_time":"2022-05-10T04:02:53+00:00","og_image":[{"width":1600,"height":757,"url":"https:\/\/nbcs.mx\/wp-content\/uploads\/2022\/05\/10-Esta-semana-la-delegacion-de-Santiago-sera-la-casa-de-las-Brigadas-Medicas-de-Salud-3.jpg","type":"image\/jpeg"}],"author":"NBCS Noticias","twitter_card":"summary_large_image","twitter_creator":"@https:\/\/twitter.com\/NBCSnoticias","twitter_site":"@NBCSnoticias","twitter_misc":{"Escrito por":"NBCS Noticias","Tiempo de lectura":"2 minutos"},"schema":{"@context":"https:\/\/schema.org","@graph":[{"@type":"Article","@id":"https:\/\/nbcs.mx\/?p=105609#article","isPartOf":{"@id":"https:\/\/nbcs.mx\/?p=105609"},"author":{"name":"NBCS Noticias","@id":"https:\/\/nbcs.mx\/#\/schema\/person\/ece58bab9a7c1e87a4d28ec9ecd79ff4"},"headline":"Esta semana la delegaci\u00f3n de Santiago ser\u00e1 la casa de las Brigadas M\u00e9dicas de Salud","datePublished":"2022-05-10T04:02:53+00:00","mainEntityOfPage":{"@id":"https:\/\/nbcs.mx\/?p=105609"},"wordCount":374,"commentCount":0,"publisher":{"@id":"https:\/\/nbcs.mx\/#organization"},"image":{"@id":"https:\/\/nbcs.mx\/?p=105609#primaryimage"},"thumbnailUrl":"https:\/\/nbcs.mx\/wp-content\/uploads\/2022\/05\/10-Esta-semana-la-delegacion-de-Santiago-sera-la-casa-de-las-Brigadas-Medicas-de-Salud-3.jpg","articleSection":["Municipios"],"inLanguage":"es","potentialAction":[{"@type":"CommentAction","name":"Comment","target":["https:\/\/nbcs.mx\/?p=105609#respond"]}]},{"@type":"WebPage","@id":"https:\/\/nbcs.mx\/?p=105609","url":"https:\/\/nbcs.mx\/?p=105609","name":"Esta semana la delegaci\u00f3n de Santiago ser\u00e1 la casa de las Brigadas M\u00e9dicas de Salud - NBCS Noticias","isPartOf":{"@id":"https:\/\/nbcs.mx\/#website"},"primaryImageOfPage":{"@id":"https:\/\/nbcs.mx\/?p=105609#primaryimage"},"image":{"@id":"https:\/\/nbcs.mx\/?p=105609#primaryimage"},"thumbnailUrl":"https:\/\/nbcs.mx\/wp-content\/uploads\/2022\/05\/10-Esta-semana-la-delegacion-de-Santiago-sera-la-casa-de-las-Brigadas-Medicas-de-Salud-3.jpg","datePublished":"2022-05-10T04:02:53+00:00","breadcrumb":{"@id":"https:\/\/nbcs.mx\/?p=105609#breadcrumb"},"inLanguage":"es","potentialAction":[{"@type":"ReadAction","target":["https:\/\/nbcs.mx\/?p=105609"]}]},{"@type":"ImageObject","inLanguage":"es","@id":"https:\/\/nbcs.mx\/?p=105609#primaryimage","url":"https:\/\/nbcs.mx\/wp-content\/uploads\/2022\/05\/10-Esta-semana-la-delegacion-de-Santiago-sera-la-casa-de-las-Brigadas-Medicas-de-Salud-3.jpg","contentUrl":"https:\/\/nbcs.mx\/wp-content\/uploads\/2022\/05\/10-Esta-semana-la-delegacion-de-Santiago-sera-la-casa-de-las-Brigadas-Medicas-de-Salud-3.jpg","width":1600,"height":757},{"@type":"BreadcrumbList","@id":"https:\/\/nbcs.mx\/?p=105609#breadcrumb","itemListElement":[{"@type":"ListItem","position":1,"name":"Portada","item":"https:\/\/nbcs.mx\/"},{"@type":"ListItem","position":2,"name":"Esta semana la delegaci\u00f3n de Santiago ser\u00e1 la casa de las Brigadas M\u00e9dicas de Salud"}]},{"@type":"WebSite","@id":"https:\/\/nbcs.mx\/#website","url":"https:\/\/nbcs.mx\/","name":"NBCS Noticias","description":"Sitio web de noticias en Baja California Sur","publisher":{"@id":"https:\/\/nbcs.mx\/#organization"},"potentialAction":[{"@type":"SearchAction","target":{"@type":"EntryPoint","urlTemplate":"https:\/\/nbcs.mx\/?s={search_term_string}"},"query-input":{"@type":"PropertyValueSpecification","valueRequired":true,"valueName":"search_term_string"}}],"inLanguage":"es"},{"@type":"Organization","@id":"https:\/\/nbcs.mx\/#organization","name":"NBCS Noticias","url":"https:\/\/nbcs.mx\/","logo":{"@type":"ImageObject","inLanguage":"es","@id":"https:\/\/nbcs.mx\/#\/schema\/logo\/image\/","url":"https:\/\/nbcs.mx\/wp-content\/uploads\/2018\/09\/057b69485e93575a5c2b1c1dde2dd297.jpeg","contentUrl":"https:\/\/nbcs.mx\/wp-content\/uploads\/2018\/09\/057b69485e93575a5c2b1c1dde2dd297.jpeg","width":64,"height":64,"caption":"NBCS Noticias"},"image":{"@id":"https:\/\/nbcs.mx\/#\/schema\/logo\/image\/"},"sameAs":["https:\/\/www.facebook.com\/NBCSnoticias","https:\/\/x.com\/NBCSnoticias"]},{"@type":"Person","@id":"https:\/\/nbcs.mx\/#\/schema\/person\/ece58bab9a7c1e87a4d28ec9ecd79ff4","name":"NBCS Noticias","image":{"@type":"ImageObject","inLanguage":"es","@id":"https:\/\/secure.gravatar.com\/avatar\/4e52110cad1c4054b43271a0d14bbe9e2ea76aecd0e1097edfc670798d9ca1d4?s=96&d=blank&r=g","url":"https:\/\/secure.gravatar.com\/avatar\/4e52110cad1c4054b43271a0d14bbe9e2ea76aecd0e1097edfc670798d9ca1d4?s=96&d=blank&r=g","contentUrl":"https:\/\/secure.gravatar.com\/avatar\/4e52110cad1c4054b43271a0d14bbe9e2ea76aecd0e1097edfc670798d9ca1d4?s=96&d=blank&r=g","caption":"NBCS Noticias"},"description":"\u00bfTienes fotos o video de alg\u00fan acto de posible negligencia, corrupci\u00f3n y abuso de autoridad? M\u00e1ndalo al WhatsApp de NBCS Noticias: 612 141 98 08","sameAs":["https:\/\/www.nbcs.mx","https:\/\/www.facebook.com\/NBCSnoticias","https:\/\/www.instagram.com\/nbcsnoticias\/","https:\/\/x.com\/https:\/\/twitter.com\/NBCSnoticias"]}]}},"jetpack_publicize_connections":[],"jetpack_sharing_enabled":true,"jetpack_featured_media_url":"https:\/\/nbcs.mx\/wp-content\/uploads\/2022\/05\/10-Esta-semana-la-delegacion-de-Santiago-sera-la-casa-de-las-Brigadas-Medicas-de-Salud-3.jpg","_links":{"self":[{"href":"https:\/\/nbcs.mx\/index.php?rest_route=\/wp\/v2\/posts\/105609","targetHints":{"allow":["GET"]}}],"collection":[{"href":"https:\/\/nbcs.mx\/index.php?rest_route=\/wp\/v2\/posts"}],"about":[{"href":"https:\/\/nbcs.mx\/index.php?rest_route=\/wp\/v2\/types\/post"}],"author":[{"embeddable":true,"href":"https:\/\/nbcs.mx\/index.php?rest_route=\/wp\/v2\/users\/1"}],"replies":[{"embeddable":true,"href":"https:\/\/nbcs.mx\/index.php?rest_route=%2Fwp%2Fv2%2Fcomments&post=105609"}],"version-history":[{"count":1,"href":"https:\/\/nbcs.mx\/index.php?rest_route=\/wp\/v2\/posts\/105609\/revisions"}],"predecessor-version":[{"id":105611,"href":"https:\/\/nbcs.mx\/index.php?rest_route=\/wp\/v2\/posts\/105609\/revisions\/105611"}],"wp:featuredmedia":[{"embeddable":true,"href":"https:\/\/nbcs.mx\/index.php?rest_route=\/wp\/v2\/media\/105610"}],"wp:attachment":[{"href":"https:\/\/nbcs.mx\/index.php?rest_route=%2Fwp%2Fv2%2Fmedia&parent=105609"}],"wp:term":[{"taxonomy":"category","embeddable":true,"href":"https:\/\/nbcs.mx\/index.php?rest_route=%2Fwp%2Fv2%2Fcategories&post=105609"},{"taxonomy":"post_tag","embeddable":true,"href":"https:\/\/nbcs.mx\/index.php?rest_route=%2Fwp%2Fv2%2Ftags&post=105609"}],"curies":[{"name":"wp","href":"https:\/\/api.w.org\/{rel}","templated":true}]}}