{"id":105670,"date":"2022-05-11T16:42:39","date_gmt":"2022-05-11T22:42:39","guid":{"rendered":"https:\/\/nbcs.mx\/?p=105670"},"modified":"2022-05-11T16:42:52","modified_gmt":"2022-05-11T22:42:52","slug":"realizan-jornada-de-limpieza-en-espacios-publicos-de-todos-santos","status":"publish","type":"post","link":"https:\/\/nbcs.mx\/?p=105670","title":{"rendered":"Realizan jornada de limpieza en espacios p\u00fablicos de Todos Santos"},"content":{"rendered":"<p style=\"font-weight: 400; text-align: justify;\"><img loading=\"lazy\" decoding=\"async\" class=\" wp-image-105671 alignleft\" src=\"https:\/\/nbcs.mx\/wp-content\/uploads\/2022\/05\/Jornada-limpieza-en-Todos-Santos2-755x425.jpg\" alt=\"\" width=\"377\" height=\"212\" srcset=\"https:\/\/nbcs.mx\/wp-content\/uploads\/2022\/05\/Jornada-limpieza-en-Todos-Santos2-755x425.jpg 755w, https:\/\/nbcs.mx\/wp-content\/uploads\/2022\/05\/Jornada-limpieza-en-Todos-Santos2-1024x576.jpg 1024w, https:\/\/nbcs.mx\/wp-content\/uploads\/2022\/05\/Jornada-limpieza-en-Todos-Santos2-150x84.jpg 150w, https:\/\/nbcs.mx\/wp-content\/uploads\/2022\/05\/Jornada-limpieza-en-Todos-Santos2-768x432.jpg 768w, https:\/\/nbcs.mx\/wp-content\/uploads\/2022\/05\/Jornada-limpieza-en-Todos-Santos2-1536x864.jpg 1536w, https:\/\/nbcs.mx\/wp-content\/uploads\/2022\/05\/Jornada-limpieza-en-Todos-Santos2.jpg 1600w\" sizes=\"auto, (max-width: 377px) 100vw, 377px\" \/>La Paz, Baja California Sur.- Continuando con el mejoramiento de la imagen de los espacios p\u00fablicos para un sano esparcimiento y actividades recreativas familiares, la Direcci\u00f3n de Servicios P\u00fablicos Municipales realiz\u00f3 una jornada de limpieza con personal del \u00e1rea de poda y barrido manual en la Delegaci\u00f3n de Todos Santos, inform\u00f3 su titular, H\u00e9ctor S\u00e1nchez Le\u00f3n.<\/p>\n<p style=\"font-weight: 400; text-align: justify;\">Al respecto expres\u00f3 \u201cpor instrucciones de la Presidenta Milena Quiroga Romero, se hicieron actividades de limpieza y pintura de espacios p\u00fablicos en la comunidad de Todos Santos con la intenci\u00f3n de mejorar la imagen de las Delegaciones y Subdelegaciones para que la poblaci\u00f3n y los visitantes las puedan utilizar sin ning\u00fan inconveniente\u201d.<\/p>\n<p style=\"font-weight: 400; text-align: justify;\">Indic\u00f3 que estos trabajos se realizaron en los \u00faltimos d\u00edas, las cuales consistieron en la limpieza y trabajos de pintura de bancas, vistas y ventanales del frente y costado del Centro Cultural Prof. N\u00e9stor Ag\u00fandez Mart\u00ednez.<\/p>\n<p style=\"font-weight: 400; text-align: justify;\">Simult\u00e1neamente tambi\u00e9n se pint\u00f3 el Estadio de Beisbol \u201cJes\u00fas Rosas Izquierdo\u201d, as\u00ed como limpieza, pintura de bancas, kiosco, l\u00e1mparas, juegos y paredes y rehabilitaci\u00f3n del parque \u201cLos Mangos\u201d, llev\u00e1ndose a cabo una labor de complemento para dar retoques de pintura y limpieza preventiva del parque \u201cLos Pinos.<\/p>\n<p style=\"font-weight: 400; text-align: justify;\">Adem\u00e1s se realizaron labores de limpieza, rehabilitaci\u00f3n y pintura de la plaza principal en bancas, kiosco, botes de basura y l\u00e1mparas. En el Teatro se pint\u00f3 el frente y dentro de la instalaci\u00f3n.<\/p>\n<p style=\"font-weight: 400; text-align: justify;\">El Director de Servicios P\u00fablicos se\u00f1al\u00f3 que con estas acciones inicia un proyecto de rehabilitaci\u00f3n de espacios p\u00fablicos de las Delegaciones y Subdelegaciones del municipio de La Paz, las cuales han sido posibles gracias al gran trabajo en equipo de las dependencias que se suman, as\u00ed como el trabajo operativo del personal de la dependencia.<\/p>\n","protected":false},"excerpt":{"rendered":"<p>La Paz, Baja California Sur.- Continuando con el mejoramiento de la imagen de los espacios p\u00fablicos para un sano esparcimiento<\/p>\n","protected":false},"author":1,"featured_media":105671,"comment_status":"open","ping_status":"closed","sticky":false,"template":"","format":"standard","meta":{"colormag_page_container_layout":"default_layout","colormag_page_sidebar_layout":"default_layout","_jetpack_memberships_contains_paid_content":false,"footnotes":"","jetpack_publicize_message":"","jetpack_publicize_feature_enabled":true,"jetpack_social_post_already_shared":true,"jetpack_social_options":{"image_generator_settings":{"template":"highway","default_image_id":0,"font":"","enabled":false},"version":2}},"categories":[40],"tags":[],"class_list":["post-105670","post","type-post","status-publish","format-standard","has-post-thumbnail","hentry","category-municipios"],"yoast_head":"<!-- This site is optimized with the Yoast SEO plugin v27.5 - https:\/\/yoast.com\/product\/yoast-seo-wordpress\/ -->\n<title>Realizan jornada de limpieza en espacios p\u00fablicos de Todos Santos - NBCS Noticias<\/title>\n<meta name=\"robots\" content=\"index, follow, max-snippet:-1, max-image-preview:large, max-video-preview:-1\" \/>\n<link rel=\"canonical\" href=\"https:\/\/nbcs.mx\/?p=105670\" \/>\n<meta property=\"og:locale\" content=\"es_ES\" \/>\n<meta property=\"og:type\" content=\"article\" \/>\n<meta property=\"og:title\" content=\"Realizan jornada de limpieza en espacios p\u00fablicos de Todos Santos - NBCS Noticias\" \/>\n<meta property=\"og:description\" content=\"La Paz, Baja California Sur.- Continuando con el mejoramiento de la imagen de los espacios p\u00fablicos para un sano esparcimiento\" \/>\n<meta property=\"og:url\" content=\"https:\/\/nbcs.mx\/?p=105670\" \/>\n<meta property=\"og:site_name\" content=\"NBCS Noticias\" \/>\n<meta property=\"article:publisher\" content=\"https:\/\/www.facebook.com\/NBCSnoticias\" \/>\n<meta property=\"article:author\" content=\"https:\/\/www.facebook.com\/NBCSnoticias\" \/>\n<meta property=\"article:published_time\" content=\"2022-05-11T22:42:39+00:00\" \/>\n<meta property=\"article:modified_time\" content=\"2022-05-11T22:42:52+00:00\" \/>\n<meta property=\"og:image\" content=\"https:\/\/nbcs.mx\/wp-content\/uploads\/2022\/05\/Jornada-limpieza-en-Todos-Santos2.jpg\" \/>\n\t<meta property=\"og:image:width\" content=\"1600\" \/>\n\t<meta property=\"og:image:height\" content=\"900\" \/>\n\t<meta property=\"og:image:type\" content=\"image\/jpeg\" \/>\n<meta name=\"author\" content=\"NBCS Noticias\" \/>\n<meta name=\"twitter:card\" content=\"summary_large_image\" \/>\n<meta name=\"twitter:creator\" content=\"@https:\/\/twitter.com\/NBCSnoticias\" \/>\n<meta name=\"twitter:site\" content=\"@NBCSnoticias\" \/>\n<meta name=\"twitter:label1\" content=\"Escrito por\" \/>\n\t<meta name=\"twitter:data1\" content=\"NBCS Noticias\" \/>\n\t<meta name=\"twitter:label2\" content=\"Tiempo de lectura\" \/>\n\t<meta name=\"twitter:data2\" content=\"2 minutos\" \/>\n<script type=\"application\/ld+json\" class=\"yoast-schema-graph\">{\"@context\":\"https:\\\/\\\/schema.org\",\"@graph\":[{\"@type\":\"Article\",\"@id\":\"https:\\\/\\\/nbcs.mx\\\/?p=105670#article\",\"isPartOf\":{\"@id\":\"https:\\\/\\\/nbcs.mx\\\/?p=105670\"},\"author\":{\"name\":\"NBCS Noticias\",\"@id\":\"https:\\\/\\\/nbcs.mx\\\/#\\\/schema\\\/person\\\/ece58bab9a7c1e87a4d28ec9ecd79ff4\"},\"headline\":\"Realizan jornada de limpieza en espacios p\u00fablicos de Todos Santos\",\"datePublished\":\"2022-05-11T22:42:39+00:00\",\"dateModified\":\"2022-05-11T22:42:52+00:00\",\"mainEntityOfPage\":{\"@id\":\"https:\\\/\\\/nbcs.mx\\\/?p=105670\"},\"wordCount\":320,\"commentCount\":0,\"publisher\":{\"@id\":\"https:\\\/\\\/nbcs.mx\\\/#organization\"},\"image\":{\"@id\":\"https:\\\/\\\/nbcs.mx\\\/?p=105670#primaryimage\"},\"thumbnailUrl\":\"https:\\\/\\\/nbcs.mx\\\/wp-content\\\/uploads\\\/2022\\\/05\\\/Jornada-limpieza-en-Todos-Santos2.jpg\",\"articleSection\":[\"Municipios\"],\"inLanguage\":\"es\",\"potentialAction\":[{\"@type\":\"CommentAction\",\"name\":\"Comment\",\"target\":[\"https:\\\/\\\/nbcs.mx\\\/?p=105670#respond\"]}]},{\"@type\":\"WebPage\",\"@id\":\"https:\\\/\\\/nbcs.mx\\\/?p=105670\",\"url\":\"https:\\\/\\\/nbcs.mx\\\/?p=105670\",\"name\":\"Realizan jornada de limpieza en espacios p\u00fablicos de Todos Santos - NBCS Noticias\",\"isPartOf\":{\"@id\":\"https:\\\/\\\/nbcs.mx\\\/#website\"},\"primaryImageOfPage\":{\"@id\":\"https:\\\/\\\/nbcs.mx\\\/?p=105670#primaryimage\"},\"image\":{\"@id\":\"https:\\\/\\\/nbcs.mx\\\/?p=105670#primaryimage\"},\"thumbnailUrl\":\"https:\\\/\\\/nbcs.mx\\\/wp-content\\\/uploads\\\/2022\\\/05\\\/Jornada-limpieza-en-Todos-Santos2.jpg\",\"datePublished\":\"2022-05-11T22:42:39+00:00\",\"dateModified\":\"2022-05-11T22:42:52+00:00\",\"breadcrumb\":{\"@id\":\"https:\\\/\\\/nbcs.mx\\\/?p=105670#breadcrumb\"},\"inLanguage\":\"es\",\"potentialAction\":[{\"@type\":\"ReadAction\",\"target\":[\"https:\\\/\\\/nbcs.mx\\\/?p=105670\"]}]},{\"@type\":\"ImageObject\",\"inLanguage\":\"es\",\"@id\":\"https:\\\/\\\/nbcs.mx\\\/?p=105670#primaryimage\",\"url\":\"https:\\\/\\\/nbcs.mx\\\/wp-content\\\/uploads\\\/2022\\\/05\\\/Jornada-limpieza-en-Todos-Santos2.jpg\",\"contentUrl\":\"https:\\\/\\\/nbcs.mx\\\/wp-content\\\/uploads\\\/2022\\\/05\\\/Jornada-limpieza-en-Todos-Santos2.jpg\",\"width\":1600,\"height\":900},{\"@type\":\"BreadcrumbList\",\"@id\":\"https:\\\/\\\/nbcs.mx\\\/?p=105670#breadcrumb\",\"itemListElement\":[{\"@type\":\"ListItem\",\"position\":1,\"name\":\"Portada\",\"item\":\"https:\\\/\\\/nbcs.mx\\\/\"},{\"@type\":\"ListItem\",\"position\":2,\"name\":\"Realizan jornada de limpieza en espacios p\u00fablicos de Todos Santos\"}]},{\"@type\":\"WebSite\",\"@id\":\"https:\\\/\\\/nbcs.mx\\\/#website\",\"url\":\"https:\\\/\\\/nbcs.mx\\\/\",\"name\":\"NBCS Noticias\",\"description\":\"Sitio web de noticias en Baja California Sur\",\"publisher\":{\"@id\":\"https:\\\/\\\/nbcs.mx\\\/#organization\"},\"potentialAction\":[{\"@type\":\"SearchAction\",\"target\":{\"@type\":\"EntryPoint\",\"urlTemplate\":\"https:\\\/\\\/nbcs.mx\\\/?s={search_term_string}\"},\"query-input\":{\"@type\":\"PropertyValueSpecification\",\"valueRequired\":true,\"valueName\":\"search_term_string\"}}],\"inLanguage\":\"es\"},{\"@type\":\"Organization\",\"@id\":\"https:\\\/\\\/nbcs.mx\\\/#organization\",\"name\":\"NBCS Noticias\",\"url\":\"https:\\\/\\\/nbcs.mx\\\/\",\"logo\":{\"@type\":\"ImageObject\",\"inLanguage\":\"es\",\"@id\":\"https:\\\/\\\/nbcs.mx\\\/#\\\/schema\\\/logo\\\/image\\\/\",\"url\":\"https:\\\/\\\/nbcs.mx\\\/wp-content\\\/uploads\\\/2018\\\/09\\\/057b69485e93575a5c2b1c1dde2dd297.jpeg\",\"contentUrl\":\"https:\\\/\\\/nbcs.mx\\\/wp-content\\\/uploads\\\/2018\\\/09\\\/057b69485e93575a5c2b1c1dde2dd297.jpeg\",\"width\":64,\"height\":64,\"caption\":\"NBCS Noticias\"},\"image\":{\"@id\":\"https:\\\/\\\/nbcs.mx\\\/#\\\/schema\\\/logo\\\/image\\\/\"},\"sameAs\":[\"https:\\\/\\\/www.facebook.com\\\/NBCSnoticias\",\"https:\\\/\\\/x.com\\\/NBCSnoticias\"]},{\"@type\":\"Person\",\"@id\":\"https:\\\/\\\/nbcs.mx\\\/#\\\/schema\\\/person\\\/ece58bab9a7c1e87a4d28ec9ecd79ff4\",\"name\":\"NBCS Noticias\",\"image\":{\"@type\":\"ImageObject\",\"inLanguage\":\"es\",\"@id\":\"https:\\\/\\\/secure.gravatar.com\\\/avatar\\\/4e52110cad1c4054b43271a0d14bbe9e2ea76aecd0e1097edfc670798d9ca1d4?s=96&d=blank&r=g\",\"url\":\"https:\\\/\\\/secure.gravatar.com\\\/avatar\\\/4e52110cad1c4054b43271a0d14bbe9e2ea76aecd0e1097edfc670798d9ca1d4?s=96&d=blank&r=g\",\"contentUrl\":\"https:\\\/\\\/secure.gravatar.com\\\/avatar\\\/4e52110cad1c4054b43271a0d14bbe9e2ea76aecd0e1097edfc670798d9ca1d4?s=96&d=blank&r=g\",\"caption\":\"NBCS Noticias\"},\"description\":\"\u00bfTienes fotos o video de alg\u00fan acto de posible negligencia, corrupci\u00f3n y abuso de autoridad? M\u00e1ndalo al WhatsApp de NBCS Noticias: 612 141 98 08\",\"sameAs\":[\"https:\\\/\\\/www.nbcs.mx\",\"https:\\\/\\\/www.facebook.com\\\/NBCSnoticias\",\"https:\\\/\\\/www.instagram.com\\\/nbcsnoticias\\\/\",\"https:\\\/\\\/x.com\\\/https:\\\/\\\/twitter.com\\\/NBCSnoticias\"]}]}<\/script>\n<!-- \/ Yoast SEO plugin. -->","yoast_head_json":{"title":"Realizan jornada de limpieza en espacios p\u00fablicos de Todos Santos - NBCS Noticias","robots":{"index":"index","follow":"follow","max-snippet":"max-snippet:-1","max-image-preview":"max-image-preview:large","max-video-preview":"max-video-preview:-1"},"canonical":"https:\/\/nbcs.mx\/?p=105670","og_locale":"es_ES","og_type":"article","og_title":"Realizan jornada de limpieza en espacios p\u00fablicos de Todos Santos - NBCS Noticias","og_description":"La Paz, Baja California Sur.- Continuando con el mejoramiento de la imagen de los espacios p\u00fablicos para un sano esparcimiento","og_url":"https:\/\/nbcs.mx\/?p=105670","og_site_name":"NBCS Noticias","article_publisher":"https:\/\/www.facebook.com\/NBCSnoticias","article_author":"https:\/\/www.facebook.com\/NBCSnoticias","article_published_time":"2022-05-11T22:42:39+00:00","article_modified_time":"2022-05-11T22:42:52+00:00","og_image":[{"width":1600,"height":900,"url":"https:\/\/nbcs.mx\/wp-content\/uploads\/2022\/05\/Jornada-limpieza-en-Todos-Santos2.jpg","type":"image\/jpeg"}],"author":"NBCS Noticias","twitter_card":"summary_large_image","twitter_creator":"@https:\/\/twitter.com\/NBCSnoticias","twitter_site":"@NBCSnoticias","twitter_misc":{"Escrito por":"NBCS Noticias","Tiempo de lectura":"2 minutos"},"schema":{"@context":"https:\/\/schema.org","@graph":[{"@type":"Article","@id":"https:\/\/nbcs.mx\/?p=105670#article","isPartOf":{"@id":"https:\/\/nbcs.mx\/?p=105670"},"author":{"name":"NBCS Noticias","@id":"https:\/\/nbcs.mx\/#\/schema\/person\/ece58bab9a7c1e87a4d28ec9ecd79ff4"},"headline":"Realizan jornada de limpieza en espacios p\u00fablicos de Todos Santos","datePublished":"2022-05-11T22:42:39+00:00","dateModified":"2022-05-11T22:42:52+00:00","mainEntityOfPage":{"@id":"https:\/\/nbcs.mx\/?p=105670"},"wordCount":320,"commentCount":0,"publisher":{"@id":"https:\/\/nbcs.mx\/#organization"},"image":{"@id":"https:\/\/nbcs.mx\/?p=105670#primaryimage"},"thumbnailUrl":"https:\/\/nbcs.mx\/wp-content\/uploads\/2022\/05\/Jornada-limpieza-en-Todos-Santos2.jpg","articleSection":["Municipios"],"inLanguage":"es","potentialAction":[{"@type":"CommentAction","name":"Comment","target":["https:\/\/nbcs.mx\/?p=105670#respond"]}]},{"@type":"WebPage","@id":"https:\/\/nbcs.mx\/?p=105670","url":"https:\/\/nbcs.mx\/?p=105670","name":"Realizan jornada de limpieza en espacios p\u00fablicos de Todos Santos - NBCS Noticias","isPartOf":{"@id":"https:\/\/nbcs.mx\/#website"},"primaryImageOfPage":{"@id":"https:\/\/nbcs.mx\/?p=105670#primaryimage"},"image":{"@id":"https:\/\/nbcs.mx\/?p=105670#primaryimage"},"thumbnailUrl":"https:\/\/nbcs.mx\/wp-content\/uploads\/2022\/05\/Jornada-limpieza-en-Todos-Santos2.jpg","datePublished":"2022-05-11T22:42:39+00:00","dateModified":"2022-05-11T22:42:52+00:00","breadcrumb":{"@id":"https:\/\/nbcs.mx\/?p=105670#breadcrumb"},"inLanguage":"es","potentialAction":[{"@type":"ReadAction","target":["https:\/\/nbcs.mx\/?p=105670"]}]},{"@type":"ImageObject","inLanguage":"es","@id":"https:\/\/nbcs.mx\/?p=105670#primaryimage","url":"https:\/\/nbcs.mx\/wp-content\/uploads\/2022\/05\/Jornada-limpieza-en-Todos-Santos2.jpg","contentUrl":"https:\/\/nbcs.mx\/wp-content\/uploads\/2022\/05\/Jornada-limpieza-en-Todos-Santos2.jpg","width":1600,"height":900},{"@type":"BreadcrumbList","@id":"https:\/\/nbcs.mx\/?p=105670#breadcrumb","itemListElement":[{"@type":"ListItem","position":1,"name":"Portada","item":"https:\/\/nbcs.mx\/"},{"@type":"ListItem","position":2,"name":"Realizan jornada de limpieza en espacios p\u00fablicos de Todos Santos"}]},{"@type":"WebSite","@id":"https:\/\/nbcs.mx\/#website","url":"https:\/\/nbcs.mx\/","name":"NBCS Noticias","description":"Sitio web de noticias en Baja California Sur","publisher":{"@id":"https:\/\/nbcs.mx\/#organization"},"potentialAction":[{"@type":"SearchAction","target":{"@type":"EntryPoint","urlTemplate":"https:\/\/nbcs.mx\/?s={search_term_string}"},"query-input":{"@type":"PropertyValueSpecification","valueRequired":true,"valueName":"search_term_string"}}],"inLanguage":"es"},{"@type":"Organization","@id":"https:\/\/nbcs.mx\/#organization","name":"NBCS Noticias","url":"https:\/\/nbcs.mx\/","logo":{"@type":"ImageObject","inLanguage":"es","@id":"https:\/\/nbcs.mx\/#\/schema\/logo\/image\/","url":"https:\/\/nbcs.mx\/wp-content\/uploads\/2018\/09\/057b69485e93575a5c2b1c1dde2dd297.jpeg","contentUrl":"https:\/\/nbcs.mx\/wp-content\/uploads\/2018\/09\/057b69485e93575a5c2b1c1dde2dd297.jpeg","width":64,"height":64,"caption":"NBCS Noticias"},"image":{"@id":"https:\/\/nbcs.mx\/#\/schema\/logo\/image\/"},"sameAs":["https:\/\/www.facebook.com\/NBCSnoticias","https:\/\/x.com\/NBCSnoticias"]},{"@type":"Person","@id":"https:\/\/nbcs.mx\/#\/schema\/person\/ece58bab9a7c1e87a4d28ec9ecd79ff4","name":"NBCS Noticias","image":{"@type":"ImageObject","inLanguage":"es","@id":"https:\/\/secure.gravatar.com\/avatar\/4e52110cad1c4054b43271a0d14bbe9e2ea76aecd0e1097edfc670798d9ca1d4?s=96&d=blank&r=g","url":"https:\/\/secure.gravatar.com\/avatar\/4e52110cad1c4054b43271a0d14bbe9e2ea76aecd0e1097edfc670798d9ca1d4?s=96&d=blank&r=g","contentUrl":"https:\/\/secure.gravatar.com\/avatar\/4e52110cad1c4054b43271a0d14bbe9e2ea76aecd0e1097edfc670798d9ca1d4?s=96&d=blank&r=g","caption":"NBCS Noticias"},"description":"\u00bfTienes fotos o video de alg\u00fan acto de posible negligencia, corrupci\u00f3n y abuso de autoridad? M\u00e1ndalo al WhatsApp de NBCS Noticias: 612 141 98 08","sameAs":["https:\/\/www.nbcs.mx","https:\/\/www.facebook.com\/NBCSnoticias","https:\/\/www.instagram.com\/nbcsnoticias\/","https:\/\/x.com\/https:\/\/twitter.com\/NBCSnoticias"]}]}},"jetpack_publicize_connections":[],"jetpack_featured_media_url":"https:\/\/nbcs.mx\/wp-content\/uploads\/2022\/05\/Jornada-limpieza-en-Todos-Santos2.jpg","jetpack_sharing_enabled":true,"_links":{"self":[{"href":"https:\/\/nbcs.mx\/index.php?rest_route=\/wp\/v2\/posts\/105670","targetHints":{"allow":["GET"]}}],"collection":[{"href":"https:\/\/nbcs.mx\/index.php?rest_route=\/wp\/v2\/posts"}],"about":[{"href":"https:\/\/nbcs.mx\/index.php?rest_route=\/wp\/v2\/types\/post"}],"author":[{"embeddable":true,"href":"https:\/\/nbcs.mx\/index.php?rest_route=\/wp\/v2\/users\/1"}],"replies":[{"embeddable":true,"href":"https:\/\/nbcs.mx\/index.php?rest_route=%2Fwp%2Fv2%2Fcomments&post=105670"}],"version-history":[{"count":2,"href":"https:\/\/nbcs.mx\/index.php?rest_route=\/wp\/v2\/posts\/105670\/revisions"}],"predecessor-version":[{"id":105673,"href":"https:\/\/nbcs.mx\/index.php?rest_route=\/wp\/v2\/posts\/105670\/revisions\/105673"}],"wp:featuredmedia":[{"embeddable":true,"href":"https:\/\/nbcs.mx\/index.php?rest_route=\/wp\/v2\/media\/105671"}],"wp:attachment":[{"href":"https:\/\/nbcs.mx\/index.php?rest_route=%2Fwp%2Fv2%2Fmedia&parent=105670"}],"wp:term":[{"taxonomy":"category","embeddable":true,"href":"https:\/\/nbcs.mx\/index.php?rest_route=%2Fwp%2Fv2%2Fcategories&post=105670"},{"taxonomy":"post_tag","embeddable":true,"href":"https:\/\/nbcs.mx\/index.php?rest_route=%2Fwp%2Fv2%2Ftags&post=105670"}],"curies":[{"name":"wp","href":"https:\/\/api.w.org\/{rel}","templated":true}]}}