{"id":105698,"date":"2022-05-11T17:42:41","date_gmt":"2022-05-11T23:42:41","guid":{"rendered":"https:\/\/nbcs.mx\/?p=105698"},"modified":"2022-05-11T17:42:41","modified_gmt":"2022-05-11T23:42:41","slug":"sanciones-a-concesionarios-del-transporte-urbano-que-continuen-con-unidades-inactivas-se-aplicaran-conforme-a-la-ley-omar-torres","status":"publish","type":"post","link":"https:\/\/nbcs.mx\/?p=105698","title":{"rendered":"\u2018\u2018Sanciones a concesionarios del transporte urbano que contin\u00faen con unidades inactivas se aplicar\u00e1n conforme a la Ley\u2019\u2019: Omar Torres"},"content":{"rendered":"<div>\n<p class=\"paragraph\" style=\"text-align: justify;\"><span lang=\"ES\"><img loading=\"lazy\" decoding=\"async\" class=\" wp-image-105699 alignleft\" src=\"https:\/\/nbcs.mx\/wp-content\/uploads\/2022\/05\/09-\u2018\u2018Sanciones-a-concesionarios-del-transporte-urbano-que-continuen-con-unidades-inactivas-se-aplicaran-conforme-a-la-Ley-Omar-Torres-Orozco-738x492.jpg\" alt=\"\" width=\"369\" height=\"246\" srcset=\"https:\/\/nbcs.mx\/wp-content\/uploads\/2022\/05\/09-\u2018\u2018Sanciones-a-concesionarios-del-transporte-urbano-que-continuen-con-unidades-inactivas-se-aplicaran-conforme-a-la-Ley-Omar-Torres-Orozco-738x492.jpg 738w, https:\/\/nbcs.mx\/wp-content\/uploads\/2022\/05\/09-\u2018\u2018Sanciones-a-concesionarios-del-transporte-urbano-que-continuen-con-unidades-inactivas-se-aplicaran-conforme-a-la-Ley-Omar-Torres-Orozco-1024x683.jpg 1024w, https:\/\/nbcs.mx\/wp-content\/uploads\/2022\/05\/09-\u2018\u2018Sanciones-a-concesionarios-del-transporte-urbano-que-continuen-con-unidades-inactivas-se-aplicaran-conforme-a-la-Ley-Omar-Torres-Orozco-150x100.jpg 150w, https:\/\/nbcs.mx\/wp-content\/uploads\/2022\/05\/09-\u2018\u2018Sanciones-a-concesionarios-del-transporte-urbano-que-continuen-con-unidades-inactivas-se-aplicaran-conforme-a-la-Ley-Omar-Torres-Orozco-768x512.jpg 768w, https:\/\/nbcs.mx\/wp-content\/uploads\/2022\/05\/09-\u2018\u2018Sanciones-a-concesionarios-del-transporte-urbano-que-continuen-con-unidades-inactivas-se-aplicaran-conforme-a-la-Ley-Omar-Torres-Orozco-1536x1024.jpg 1536w, https:\/\/nbcs.mx\/wp-content\/uploads\/2022\/05\/09-\u2018\u2018Sanciones-a-concesionarios-del-transporte-urbano-que-continuen-con-unidades-inactivas-se-aplicaran-conforme-a-la-Ley-Omar-Torres-Orozco.jpg 1920w\" sizes=\"auto, (max-width: 369px) 100vw, 369px\" \/>Los Cabos, Baja California Sur.-<\/span><span lang=\"ES\"> Con el firme prop\u00f3sito de aplicar y hacer cumplir la Ley, esta semana habr\u00e1n de definirse las sanciones correspondientes a concesionarios del transporte urbano que contin\u00faen con el abandono y falta de operatividad de unidades, as\u00ed lo inform\u00f3 el director municipal de Transporte del XIV Ayuntamiento de Los Cabos, Omar Torres Orozco.<\/span><\/p>\n<\/div>\n<div style=\"text-align: justify;\">\n<p class=\"paragraph\"><span lang=\"ES\">Lo anterior, al se\u00f1alar que durante el pasado 10 de abril se tuvo a bien celebrar una reuni\u00f3n con representantes del sector transportista donde en com\u00fan acuerdo se fij\u00f3 un mes de plazo para la reactivaci\u00f3n de aquellas rutas en la modalidad de urbanos que por alguna u otra raz\u00f3n dejaron de brindar el servicio, situaci\u00f3n que incluso fue motivo de quejas ciudadanas que fueron atendidas en tiempo y forma por la dependencia, particularmente en San Jos\u00e9 del Cabo.<\/span><\/p>\n<\/div>\n<div style=\"text-align: justify;\">\n<p class=\"paragraph\"><span lang=\"ES\">\u00a0\u2018\u2018En conjunto con el Gobierno del estado se va a realizar una revisi\u00f3n al porcentaje de rutas que fueron restablecidas en ese plazo que se dio, como medida de sanci\u00f3n se levantar\u00e1 un acta de las unidades que sigan sin operar y se proceder\u00e1 al retir\u00f3 de la concesi\u00f3n, esto habr\u00e1 de marcar un precedente y a su vez quede constatado que el trabajo de Transporte Municipal no solo es el tema de taxis y plataformas, sino todas las modalidades\u2019\u2019, dijo Torres Orozco.<\/span><\/p>\n<\/div>\n<div style=\"text-align: justify;\">\n<p class=\"paragraph\"><span lang=\"ES\">Asimismo enfatiz\u00f3, que la dependencia a su cargo seguir\u00e1 actuando en total apego a las disposiciones contenidas dentro de la normativa, tal y como lo ha manifestado el alcalde de Los Cabos Oscar Leggs Castro.<\/span><\/p>\n<\/div>\n<div style=\"text-align: justify;\">\n<p class=\"paragraph\"><span lang=\"ES\">\u2018\u2018Se va a sancionar conforme a la Ley, se revisar\u00e1 el cumplimiento de los acuerdos y en caso de omisiones se ingresar\u00e1 la petici\u00f3n en el sentido de que el concesionario que no est\u00e9 brindando el servicio sea sancionado, que la concesi\u00f3n que le sea retirada se le otorgue a quien cumpla con los requerimientos correspondientes\u2019\u2019, finaliz\u00f3 el director municipal de Transporte del XIV Ayuntamiento de Los Cabos.<\/span><\/p>\n<\/div>\n<div>\n<p class=\"paragraph\" style=\"text-align: justify;\"><span lang=\"ES\">\u00a0<\/span><\/p>\n<\/div>\n","protected":false},"excerpt":{"rendered":"<p>Los Cabos, Baja California Sur.- Con el firme prop\u00f3sito de aplicar y hacer cumplir la Ley, esta semana habr\u00e1n de<\/p>\n","protected":false},"author":1,"featured_media":105699,"comment_status":"open","ping_status":"closed","sticky":false,"template":"","format":"standard","meta":{"colormag_page_container_layout":"default_layout","colormag_page_sidebar_layout":"default_layout","_jetpack_memberships_contains_paid_content":false,"footnotes":"","jetpack_publicize_message":"","jetpack_publicize_feature_enabled":true,"jetpack_social_post_already_shared":true,"jetpack_social_options":{"image_generator_settings":{"template":"highway","default_image_id":0,"font":"","enabled":false},"version":2}},"categories":[40],"tags":[],"class_list":["post-105698","post","type-post","status-publish","format-standard","has-post-thumbnail","hentry","category-municipios"],"yoast_head":"<!-- This site is optimized with the Yoast SEO plugin v27.5 - https:\/\/yoast.com\/product\/yoast-seo-wordpress\/ -->\n<title>\u2018\u2018Sanciones a concesionarios del transporte urbano que contin\u00faen con unidades inactivas se aplicar\u00e1n conforme a la Ley\u2019\u2019: Omar Torres - NBCS Noticias<\/title>\n<meta name=\"robots\" content=\"index, follow, max-snippet:-1, max-image-preview:large, max-video-preview:-1\" \/>\n<link rel=\"canonical\" href=\"https:\/\/nbcs.mx\/?p=105698\" \/>\n<meta property=\"og:locale\" content=\"es_ES\" \/>\n<meta property=\"og:type\" content=\"article\" \/>\n<meta property=\"og:title\" content=\"\u2018\u2018Sanciones a concesionarios del transporte urbano que contin\u00faen con unidades inactivas se aplicar\u00e1n conforme a la Ley\u2019\u2019: Omar Torres - NBCS Noticias\" \/>\n<meta property=\"og:description\" content=\"Los Cabos, Baja California Sur.- Con el firme prop\u00f3sito de aplicar y hacer cumplir la Ley, esta semana habr\u00e1n de\" \/>\n<meta property=\"og:url\" content=\"https:\/\/nbcs.mx\/?p=105698\" \/>\n<meta property=\"og:site_name\" content=\"NBCS Noticias\" \/>\n<meta property=\"article:publisher\" content=\"https:\/\/www.facebook.com\/NBCSnoticias\" \/>\n<meta property=\"article:author\" content=\"https:\/\/www.facebook.com\/NBCSnoticias\" \/>\n<meta property=\"article:published_time\" content=\"2022-05-11T23:42:41+00:00\" \/>\n<meta property=\"og:image\" content=\"https:\/\/nbcs.mx\/wp-content\/uploads\/2022\/05\/09-\u2018\u2018Sanciones-a-concesionarios-del-transporte-urbano-que-continuen-con-unidades-inactivas-se-aplicaran-conforme-a-la-Ley-Omar-Torres-Orozco.jpg\" \/>\n\t<meta property=\"og:image:width\" content=\"1920\" \/>\n\t<meta property=\"og:image:height\" content=\"1280\" \/>\n\t<meta property=\"og:image:type\" content=\"image\/jpeg\" \/>\n<meta name=\"author\" content=\"NBCS Noticias\" \/>\n<meta name=\"twitter:card\" content=\"summary_large_image\" \/>\n<meta name=\"twitter:creator\" content=\"@https:\/\/twitter.com\/NBCSnoticias\" \/>\n<meta name=\"twitter:site\" content=\"@NBCSnoticias\" \/>\n<meta name=\"twitter:label1\" content=\"Escrito por\" \/>\n\t<meta name=\"twitter:data1\" content=\"NBCS Noticias\" \/>\n\t<meta name=\"twitter:label2\" content=\"Tiempo de lectura\" \/>\n\t<meta name=\"twitter:data2\" content=\"2 minutos\" \/>\n<script type=\"application\/ld+json\" class=\"yoast-schema-graph\">{\"@context\":\"https:\\\/\\\/schema.org\",\"@graph\":[{\"@type\":\"Article\",\"@id\":\"https:\\\/\\\/nbcs.mx\\\/?p=105698#article\",\"isPartOf\":{\"@id\":\"https:\\\/\\\/nbcs.mx\\\/?p=105698\"},\"author\":{\"name\":\"NBCS Noticias\",\"@id\":\"https:\\\/\\\/nbcs.mx\\\/#\\\/schema\\\/person\\\/ece58bab9a7c1e87a4d28ec9ecd79ff4\"},\"headline\":\"\u2018\u2018Sanciones a concesionarios del transporte urbano que contin\u00faen con unidades inactivas se aplicar\u00e1n conforme a la Ley\u2019\u2019: Omar Torres\",\"datePublished\":\"2022-05-11T23:42:41+00:00\",\"mainEntityOfPage\":{\"@id\":\"https:\\\/\\\/nbcs.mx\\\/?p=105698\"},\"wordCount\":357,\"commentCount\":0,\"publisher\":{\"@id\":\"https:\\\/\\\/nbcs.mx\\\/#organization\"},\"image\":{\"@id\":\"https:\\\/\\\/nbcs.mx\\\/?p=105698#primaryimage\"},\"thumbnailUrl\":\"https:\\\/\\\/nbcs.mx\\\/wp-content\\\/uploads\\\/2022\\\/05\\\/09-\u2018\u2018Sanciones-a-concesionarios-del-transporte-urbano-que-continuen-con-unidades-inactivas-se-aplicaran-conforme-a-la-Ley-Omar-Torres-Orozco.jpg\",\"articleSection\":[\"Municipios\"],\"inLanguage\":\"es\",\"potentialAction\":[{\"@type\":\"CommentAction\",\"name\":\"Comment\",\"target\":[\"https:\\\/\\\/nbcs.mx\\\/?p=105698#respond\"]}]},{\"@type\":\"WebPage\",\"@id\":\"https:\\\/\\\/nbcs.mx\\\/?p=105698\",\"url\":\"https:\\\/\\\/nbcs.mx\\\/?p=105698\",\"name\":\"\u2018\u2018Sanciones a concesionarios del transporte urbano que contin\u00faen con unidades inactivas se aplicar\u00e1n conforme a la Ley\u2019\u2019: Omar Torres - NBCS Noticias\",\"isPartOf\":{\"@id\":\"https:\\\/\\\/nbcs.mx\\\/#website\"},\"primaryImageOfPage\":{\"@id\":\"https:\\\/\\\/nbcs.mx\\\/?p=105698#primaryimage\"},\"image\":{\"@id\":\"https:\\\/\\\/nbcs.mx\\\/?p=105698#primaryimage\"},\"thumbnailUrl\":\"https:\\\/\\\/nbcs.mx\\\/wp-content\\\/uploads\\\/2022\\\/05\\\/09-\u2018\u2018Sanciones-a-concesionarios-del-transporte-urbano-que-continuen-con-unidades-inactivas-se-aplicaran-conforme-a-la-Ley-Omar-Torres-Orozco.jpg\",\"datePublished\":\"2022-05-11T23:42:41+00:00\",\"breadcrumb\":{\"@id\":\"https:\\\/\\\/nbcs.mx\\\/?p=105698#breadcrumb\"},\"inLanguage\":\"es\",\"potentialAction\":[{\"@type\":\"ReadAction\",\"target\":[\"https:\\\/\\\/nbcs.mx\\\/?p=105698\"]}]},{\"@type\":\"ImageObject\",\"inLanguage\":\"es\",\"@id\":\"https:\\\/\\\/nbcs.mx\\\/?p=105698#primaryimage\",\"url\":\"https:\\\/\\\/nbcs.mx\\\/wp-content\\\/uploads\\\/2022\\\/05\\\/09-\u2018\u2018Sanciones-a-concesionarios-del-transporte-urbano-que-continuen-con-unidades-inactivas-se-aplicaran-conforme-a-la-Ley-Omar-Torres-Orozco.jpg\",\"contentUrl\":\"https:\\\/\\\/nbcs.mx\\\/wp-content\\\/uploads\\\/2022\\\/05\\\/09-\u2018\u2018Sanciones-a-concesionarios-del-transporte-urbano-que-continuen-con-unidades-inactivas-se-aplicaran-conforme-a-la-Ley-Omar-Torres-Orozco.jpg\",\"width\":1920,\"height\":1280},{\"@type\":\"BreadcrumbList\",\"@id\":\"https:\\\/\\\/nbcs.mx\\\/?p=105698#breadcrumb\",\"itemListElement\":[{\"@type\":\"ListItem\",\"position\":1,\"name\":\"Portada\",\"item\":\"https:\\\/\\\/nbcs.mx\\\/\"},{\"@type\":\"ListItem\",\"position\":2,\"name\":\"\u2018\u2018Sanciones a concesionarios del transporte urbano que contin\u00faen con unidades inactivas se aplicar\u00e1n conforme a la Ley\u2019\u2019: Omar Torres\"}]},{\"@type\":\"WebSite\",\"@id\":\"https:\\\/\\\/nbcs.mx\\\/#website\",\"url\":\"https:\\\/\\\/nbcs.mx\\\/\",\"name\":\"NBCS Noticias\",\"description\":\"Sitio web de noticias en Baja California Sur\",\"publisher\":{\"@id\":\"https:\\\/\\\/nbcs.mx\\\/#organization\"},\"potentialAction\":[{\"@type\":\"SearchAction\",\"target\":{\"@type\":\"EntryPoint\",\"urlTemplate\":\"https:\\\/\\\/nbcs.mx\\\/?s={search_term_string}\"},\"query-input\":{\"@type\":\"PropertyValueSpecification\",\"valueRequired\":true,\"valueName\":\"search_term_string\"}}],\"inLanguage\":\"es\"},{\"@type\":\"Organization\",\"@id\":\"https:\\\/\\\/nbcs.mx\\\/#organization\",\"name\":\"NBCS Noticias\",\"url\":\"https:\\\/\\\/nbcs.mx\\\/\",\"logo\":{\"@type\":\"ImageObject\",\"inLanguage\":\"es\",\"@id\":\"https:\\\/\\\/nbcs.mx\\\/#\\\/schema\\\/logo\\\/image\\\/\",\"url\":\"https:\\\/\\\/nbcs.mx\\\/wp-content\\\/uploads\\\/2018\\\/09\\\/057b69485e93575a5c2b1c1dde2dd297.jpeg\",\"contentUrl\":\"https:\\\/\\\/nbcs.mx\\\/wp-content\\\/uploads\\\/2018\\\/09\\\/057b69485e93575a5c2b1c1dde2dd297.jpeg\",\"width\":64,\"height\":64,\"caption\":\"NBCS Noticias\"},\"image\":{\"@id\":\"https:\\\/\\\/nbcs.mx\\\/#\\\/schema\\\/logo\\\/image\\\/\"},\"sameAs\":[\"https:\\\/\\\/www.facebook.com\\\/NBCSnoticias\",\"https:\\\/\\\/x.com\\\/NBCSnoticias\"]},{\"@type\":\"Person\",\"@id\":\"https:\\\/\\\/nbcs.mx\\\/#\\\/schema\\\/person\\\/ece58bab9a7c1e87a4d28ec9ecd79ff4\",\"name\":\"NBCS Noticias\",\"image\":{\"@type\":\"ImageObject\",\"inLanguage\":\"es\",\"@id\":\"https:\\\/\\\/secure.gravatar.com\\\/avatar\\\/4e52110cad1c4054b43271a0d14bbe9e2ea76aecd0e1097edfc670798d9ca1d4?s=96&d=blank&r=g\",\"url\":\"https:\\\/\\\/secure.gravatar.com\\\/avatar\\\/4e52110cad1c4054b43271a0d14bbe9e2ea76aecd0e1097edfc670798d9ca1d4?s=96&d=blank&r=g\",\"contentUrl\":\"https:\\\/\\\/secure.gravatar.com\\\/avatar\\\/4e52110cad1c4054b43271a0d14bbe9e2ea76aecd0e1097edfc670798d9ca1d4?s=96&d=blank&r=g\",\"caption\":\"NBCS Noticias\"},\"description\":\"\u00bfTienes fotos o video de alg\u00fan acto de posible negligencia, corrupci\u00f3n y abuso de autoridad? M\u00e1ndalo al WhatsApp de NBCS Noticias: 612 141 98 08\",\"sameAs\":[\"https:\\\/\\\/www.nbcs.mx\",\"https:\\\/\\\/www.facebook.com\\\/NBCSnoticias\",\"https:\\\/\\\/www.instagram.com\\\/nbcsnoticias\\\/\",\"https:\\\/\\\/x.com\\\/https:\\\/\\\/twitter.com\\\/NBCSnoticias\"]}]}<\/script>\n<!-- \/ Yoast SEO plugin. -->","yoast_head_json":{"title":"\u2018\u2018Sanciones a concesionarios del transporte urbano que contin\u00faen con unidades inactivas se aplicar\u00e1n conforme a la Ley\u2019\u2019: Omar Torres - NBCS Noticias","robots":{"index":"index","follow":"follow","max-snippet":"max-snippet:-1","max-image-preview":"max-image-preview:large","max-video-preview":"max-video-preview:-1"},"canonical":"https:\/\/nbcs.mx\/?p=105698","og_locale":"es_ES","og_type":"article","og_title":"\u2018\u2018Sanciones a concesionarios del transporte urbano que contin\u00faen con unidades inactivas se aplicar\u00e1n conforme a la Ley\u2019\u2019: Omar Torres - NBCS Noticias","og_description":"Los Cabos, Baja California Sur.- Con el firme prop\u00f3sito de aplicar y hacer cumplir la Ley, esta semana habr\u00e1n de","og_url":"https:\/\/nbcs.mx\/?p=105698","og_site_name":"NBCS Noticias","article_publisher":"https:\/\/www.facebook.com\/NBCSnoticias","article_author":"https:\/\/www.facebook.com\/NBCSnoticias","article_published_time":"2022-05-11T23:42:41+00:00","og_image":[{"width":1920,"height":1280,"url":"https:\/\/nbcs.mx\/wp-content\/uploads\/2022\/05\/09-\u2018\u2018Sanciones-a-concesionarios-del-transporte-urbano-que-continuen-con-unidades-inactivas-se-aplicaran-conforme-a-la-Ley-Omar-Torres-Orozco.jpg","type":"image\/jpeg"}],"author":"NBCS Noticias","twitter_card":"summary_large_image","twitter_creator":"@https:\/\/twitter.com\/NBCSnoticias","twitter_site":"@NBCSnoticias","twitter_misc":{"Escrito por":"NBCS Noticias","Tiempo de lectura":"2 minutos"},"schema":{"@context":"https:\/\/schema.org","@graph":[{"@type":"Article","@id":"https:\/\/nbcs.mx\/?p=105698#article","isPartOf":{"@id":"https:\/\/nbcs.mx\/?p=105698"},"author":{"name":"NBCS Noticias","@id":"https:\/\/nbcs.mx\/#\/schema\/person\/ece58bab9a7c1e87a4d28ec9ecd79ff4"},"headline":"\u2018\u2018Sanciones a concesionarios del transporte urbano que contin\u00faen con unidades inactivas se aplicar\u00e1n conforme a la Ley\u2019\u2019: Omar Torres","datePublished":"2022-05-11T23:42:41+00:00","mainEntityOfPage":{"@id":"https:\/\/nbcs.mx\/?p=105698"},"wordCount":357,"commentCount":0,"publisher":{"@id":"https:\/\/nbcs.mx\/#organization"},"image":{"@id":"https:\/\/nbcs.mx\/?p=105698#primaryimage"},"thumbnailUrl":"https:\/\/nbcs.mx\/wp-content\/uploads\/2022\/05\/09-\u2018\u2018Sanciones-a-concesionarios-del-transporte-urbano-que-continuen-con-unidades-inactivas-se-aplicaran-conforme-a-la-Ley-Omar-Torres-Orozco.jpg","articleSection":["Municipios"],"inLanguage":"es","potentialAction":[{"@type":"CommentAction","name":"Comment","target":["https:\/\/nbcs.mx\/?p=105698#respond"]}]},{"@type":"WebPage","@id":"https:\/\/nbcs.mx\/?p=105698","url":"https:\/\/nbcs.mx\/?p=105698","name":"\u2018\u2018Sanciones a concesionarios del transporte urbano que contin\u00faen con unidades inactivas se aplicar\u00e1n conforme a la Ley\u2019\u2019: Omar Torres - NBCS Noticias","isPartOf":{"@id":"https:\/\/nbcs.mx\/#website"},"primaryImageOfPage":{"@id":"https:\/\/nbcs.mx\/?p=105698#primaryimage"},"image":{"@id":"https:\/\/nbcs.mx\/?p=105698#primaryimage"},"thumbnailUrl":"https:\/\/nbcs.mx\/wp-content\/uploads\/2022\/05\/09-\u2018\u2018Sanciones-a-concesionarios-del-transporte-urbano-que-continuen-con-unidades-inactivas-se-aplicaran-conforme-a-la-Ley-Omar-Torres-Orozco.jpg","datePublished":"2022-05-11T23:42:41+00:00","breadcrumb":{"@id":"https:\/\/nbcs.mx\/?p=105698#breadcrumb"},"inLanguage":"es","potentialAction":[{"@type":"ReadAction","target":["https:\/\/nbcs.mx\/?p=105698"]}]},{"@type":"ImageObject","inLanguage":"es","@id":"https:\/\/nbcs.mx\/?p=105698#primaryimage","url":"https:\/\/nbcs.mx\/wp-content\/uploads\/2022\/05\/09-\u2018\u2018Sanciones-a-concesionarios-del-transporte-urbano-que-continuen-con-unidades-inactivas-se-aplicaran-conforme-a-la-Ley-Omar-Torres-Orozco.jpg","contentUrl":"https:\/\/nbcs.mx\/wp-content\/uploads\/2022\/05\/09-\u2018\u2018Sanciones-a-concesionarios-del-transporte-urbano-que-continuen-con-unidades-inactivas-se-aplicaran-conforme-a-la-Ley-Omar-Torres-Orozco.jpg","width":1920,"height":1280},{"@type":"BreadcrumbList","@id":"https:\/\/nbcs.mx\/?p=105698#breadcrumb","itemListElement":[{"@type":"ListItem","position":1,"name":"Portada","item":"https:\/\/nbcs.mx\/"},{"@type":"ListItem","position":2,"name":"\u2018\u2018Sanciones a concesionarios del transporte urbano que contin\u00faen con unidades inactivas se aplicar\u00e1n conforme a la Ley\u2019\u2019: Omar Torres"}]},{"@type":"WebSite","@id":"https:\/\/nbcs.mx\/#website","url":"https:\/\/nbcs.mx\/","name":"NBCS Noticias","description":"Sitio web de noticias en Baja California Sur","publisher":{"@id":"https:\/\/nbcs.mx\/#organization"},"potentialAction":[{"@type":"SearchAction","target":{"@type":"EntryPoint","urlTemplate":"https:\/\/nbcs.mx\/?s={search_term_string}"},"query-input":{"@type":"PropertyValueSpecification","valueRequired":true,"valueName":"search_term_string"}}],"inLanguage":"es"},{"@type":"Organization","@id":"https:\/\/nbcs.mx\/#organization","name":"NBCS Noticias","url":"https:\/\/nbcs.mx\/","logo":{"@type":"ImageObject","inLanguage":"es","@id":"https:\/\/nbcs.mx\/#\/schema\/logo\/image\/","url":"https:\/\/nbcs.mx\/wp-content\/uploads\/2018\/09\/057b69485e93575a5c2b1c1dde2dd297.jpeg","contentUrl":"https:\/\/nbcs.mx\/wp-content\/uploads\/2018\/09\/057b69485e93575a5c2b1c1dde2dd297.jpeg","width":64,"height":64,"caption":"NBCS Noticias"},"image":{"@id":"https:\/\/nbcs.mx\/#\/schema\/logo\/image\/"},"sameAs":["https:\/\/www.facebook.com\/NBCSnoticias","https:\/\/x.com\/NBCSnoticias"]},{"@type":"Person","@id":"https:\/\/nbcs.mx\/#\/schema\/person\/ece58bab9a7c1e87a4d28ec9ecd79ff4","name":"NBCS Noticias","image":{"@type":"ImageObject","inLanguage":"es","@id":"https:\/\/secure.gravatar.com\/avatar\/4e52110cad1c4054b43271a0d14bbe9e2ea76aecd0e1097edfc670798d9ca1d4?s=96&d=blank&r=g","url":"https:\/\/secure.gravatar.com\/avatar\/4e52110cad1c4054b43271a0d14bbe9e2ea76aecd0e1097edfc670798d9ca1d4?s=96&d=blank&r=g","contentUrl":"https:\/\/secure.gravatar.com\/avatar\/4e52110cad1c4054b43271a0d14bbe9e2ea76aecd0e1097edfc670798d9ca1d4?s=96&d=blank&r=g","caption":"NBCS Noticias"},"description":"\u00bfTienes fotos o video de alg\u00fan acto de posible negligencia, corrupci\u00f3n y abuso de autoridad? M\u00e1ndalo al WhatsApp de NBCS Noticias: 612 141 98 08","sameAs":["https:\/\/www.nbcs.mx","https:\/\/www.facebook.com\/NBCSnoticias","https:\/\/www.instagram.com\/nbcsnoticias\/","https:\/\/x.com\/https:\/\/twitter.com\/NBCSnoticias"]}]}},"jetpack_publicize_connections":[],"jetpack_featured_media_url":"https:\/\/nbcs.mx\/wp-content\/uploads\/2022\/05\/09-\u2018\u2018Sanciones-a-concesionarios-del-transporte-urbano-que-continuen-con-unidades-inactivas-se-aplicaran-conforme-a-la-Ley-Omar-Torres-Orozco.jpg","jetpack_sharing_enabled":true,"_links":{"self":[{"href":"https:\/\/nbcs.mx\/index.php?rest_route=\/wp\/v2\/posts\/105698","targetHints":{"allow":["GET"]}}],"collection":[{"href":"https:\/\/nbcs.mx\/index.php?rest_route=\/wp\/v2\/posts"}],"about":[{"href":"https:\/\/nbcs.mx\/index.php?rest_route=\/wp\/v2\/types\/post"}],"author":[{"embeddable":true,"href":"https:\/\/nbcs.mx\/index.php?rest_route=\/wp\/v2\/users\/1"}],"replies":[{"embeddable":true,"href":"https:\/\/nbcs.mx\/index.php?rest_route=%2Fwp%2Fv2%2Fcomments&post=105698"}],"version-history":[{"count":1,"href":"https:\/\/nbcs.mx\/index.php?rest_route=\/wp\/v2\/posts\/105698\/revisions"}],"predecessor-version":[{"id":105700,"href":"https:\/\/nbcs.mx\/index.php?rest_route=\/wp\/v2\/posts\/105698\/revisions\/105700"}],"wp:featuredmedia":[{"embeddable":true,"href":"https:\/\/nbcs.mx\/index.php?rest_route=\/wp\/v2\/media\/105699"}],"wp:attachment":[{"href":"https:\/\/nbcs.mx\/index.php?rest_route=%2Fwp%2Fv2%2Fmedia&parent=105698"}],"wp:term":[{"taxonomy":"category","embeddable":true,"href":"https:\/\/nbcs.mx\/index.php?rest_route=%2Fwp%2Fv2%2Fcategories&post=105698"},{"taxonomy":"post_tag","embeddable":true,"href":"https:\/\/nbcs.mx\/index.php?rest_route=%2Fwp%2Fv2%2Ftags&post=105698"}],"curies":[{"name":"wp","href":"https:\/\/api.w.org\/{rel}","templated":true}]}}