{"id":105777,"date":"2022-05-12T18:31:00","date_gmt":"2022-05-13T00:31:00","guid":{"rendered":"https:\/\/nbcs.mx\/?p=105777"},"modified":"2022-05-12T18:31:00","modified_gmt":"2022-05-13T00:31:00","slug":"este-15-de-mayo-inicia-la-temporada-de-lluvias-y-ciclones","status":"publish","type":"post","link":"https:\/\/nbcs.mx\/?p=105777","title":{"rendered":"Este 15 de mayo inicia la temporada de lluvias y ciclones"},"content":{"rendered":"<p style=\"font-weight: 400; text-align: justify;\"><img loading=\"lazy\" decoding=\"async\" class=\" wp-image-105778 alignleft\" src=\"https:\/\/nbcs.mx\/wp-content\/uploads\/2022\/05\/IMG_4309-738x492.jpg\" alt=\"\" width=\"378\" height=\"252\" srcset=\"https:\/\/nbcs.mx\/wp-content\/uploads\/2022\/05\/IMG_4309-738x492.jpg 738w, https:\/\/nbcs.mx\/wp-content\/uploads\/2022\/05\/IMG_4309-1024x683.jpg 1024w, https:\/\/nbcs.mx\/wp-content\/uploads\/2022\/05\/IMG_4309-150x100.jpg 150w, https:\/\/nbcs.mx\/wp-content\/uploads\/2022\/05\/IMG_4309-768x512.jpg 768w, https:\/\/nbcs.mx\/wp-content\/uploads\/2022\/05\/IMG_4309-1536x1024.jpg 1536w, https:\/\/nbcs.mx\/wp-content\/uploads\/2022\/05\/IMG_4309-2048x1365.jpg 2048w\" sizes=\"auto, (max-width: 378px) 100vw, 378px\" \/>La Paz, Baja California Sur.- El 15 de mayo inicia de manera oficial, la temporada de lluvias y ciclones tropicales, por lo que en pr\u00f3ximos d\u00edas se estar\u00e1n instalando los Consejos Nacional y Estatal de Protecci\u00f3n Civil, inform\u00f3 el titular del ramo en la entidad, Benjam\u00edn Garc\u00eda Meza.<\/p>\n<p style=\"font-weight: 400; text-align: justify;\">Al respecto, indic\u00f3 que, se desarrollar\u00e1 la reuni\u00f3n nacional el d\u00eda 17 de mayo, teniendo como sede la ciudad de Mazatl\u00e1n, Sinaloa, donde se dar\u00e1 a conocer el pron\u00f3stico oficial de huracanes de la temporada 2022, para los oc\u00e9anos Atl\u00e1ntico y Pac\u00edfico.<\/p>\n<p style=\"font-weight: 400; text-align: justify;\">Mencion\u00f3 que este Consejo, tiene como principal objetivo, el planificar, coordinar y ejecutar acciones preventivas y de preparaci\u00f3n entre los tres niveles de gobierno, sector privado y la sociedad en su conjunto, para reducir los riesgos, ante la posible afectaci\u00f3n de estos fen\u00f3menos naturales.<\/p>\n<p style=\"font-weight: 400; text-align: justify;\">Se\u00f1al\u00f3 que si bien, en Baja California Sur, hay una cultura en relaci\u00f3n con la formaci\u00f3n de ciclones y sus posibles efectos, tambi\u00e9n es cierto, que se debe continuar fortaleciendo la cultura de la prevenci\u00f3n, para evitar situaciones que pongan en peligro la integridad de las personas, ya que lo m\u00e1s importante, es la salvaguarda de las familias, principalmente, quienes se encuentran asentados en zonas consideradas de riesgo.<\/p>\n<p style=\"font-weight: 400; text-align: justify;\">En este sentido, apunt\u00f3 que en la entidad se tienen identificadas a un poco m\u00e1s de 65 mil personas, en situaci\u00f3n de vulnerabilidad, por tal motivo, se han estado realizando trabajos de inspecci\u00f3n tanto en estas zonas como en arroyos, a fin de disminuir los riesgos.<\/p>\n<p style=\"font-weight: 400; text-align: justify;\">Derivado de ello, se ha supervisado la infraestructura utilizada como refugios temporales, los cuales, en su mayor\u00eda son aulas y centros escolares, siendo a nivel estatal un total de 174, de los cuales 106 est\u00e1n dentro del Plan A y 68 en el B, mismos que ya fueron revisados en coordinaci\u00f3n con autoridades federales, municipales y de Educaci\u00f3n P\u00fablica, para verificar que cumplan con los requisitos necesarios para ser habilitados en caso de requerirse.<\/p>\n<p style=\"font-weight: 400; text-align: justify;\">El subsecretario de Protecci\u00f3n Civil, mencion\u00f3 que tambi\u00e9n se han recorrido los arroyos, que representan un mayor riesgo ante las lluvias o la presencia de un hurac\u00e1n, trabajo que vienen realizando, principalmente, las autoridades de los Ayuntamientos, como el caso de Los Cabos, donde, hasta este momento, se han levantado 18 mil toneladas de basura y\/o escombros que obstruyen su cauce natural.<\/p>\n","protected":false},"excerpt":{"rendered":"<p>La Paz, Baja California Sur.- El 15 de mayo inicia de manera oficial, la temporada de lluvias y ciclones tropicales,<\/p>\n","protected":false},"author":1,"featured_media":105778,"comment_status":"open","ping_status":"closed","sticky":false,"template":"","format":"standard","meta":{"colormag_page_container_layout":"default_layout","colormag_page_sidebar_layout":"default_layout","_jetpack_memberships_contains_paid_content":false,"footnotes":"","jetpack_publicize_message":"","jetpack_publicize_feature_enabled":true,"jetpack_social_post_already_shared":true,"jetpack_social_options":{"image_generator_settings":{"template":"highway","default_image_id":0,"font":"","enabled":false},"version":2}},"categories":[1],"tags":[],"class_list":["post-105777","post","type-post","status-publish","format-standard","has-post-thumbnail","hentry","category-noticias"],"yoast_head":"<!-- This site is optimized with the Yoast SEO plugin v27.5 - https:\/\/yoast.com\/product\/yoast-seo-wordpress\/ -->\n<title>Este 15 de mayo inicia la temporada de lluvias y ciclones - NBCS Noticias<\/title>\n<meta name=\"robots\" content=\"index, follow, max-snippet:-1, max-image-preview:large, max-video-preview:-1\" \/>\n<link rel=\"canonical\" href=\"https:\/\/nbcs.mx\/?p=105777\" \/>\n<meta property=\"og:locale\" content=\"es_ES\" \/>\n<meta property=\"og:type\" content=\"article\" \/>\n<meta property=\"og:title\" content=\"Este 15 de mayo inicia la temporada de lluvias y ciclones - NBCS Noticias\" \/>\n<meta property=\"og:description\" content=\"La Paz, Baja California Sur.- El 15 de mayo inicia de manera oficial, la temporada de lluvias y ciclones tropicales,\" \/>\n<meta property=\"og:url\" content=\"https:\/\/nbcs.mx\/?p=105777\" \/>\n<meta property=\"og:site_name\" content=\"NBCS Noticias\" \/>\n<meta property=\"article:publisher\" content=\"https:\/\/www.facebook.com\/NBCSnoticias\" \/>\n<meta property=\"article:author\" content=\"https:\/\/www.facebook.com\/NBCSnoticias\" \/>\n<meta property=\"article:published_time\" content=\"2022-05-13T00:31:00+00:00\" \/>\n<meta property=\"og:image\" content=\"https:\/\/nbcs.mx\/wp-content\/uploads\/2022\/05\/IMG_4309-scaled.jpg\" \/>\n\t<meta property=\"og:image:width\" content=\"2560\" \/>\n\t<meta property=\"og:image:height\" content=\"1707\" \/>\n\t<meta property=\"og:image:type\" content=\"image\/jpeg\" \/>\n<meta name=\"author\" content=\"NBCS Noticias\" \/>\n<meta name=\"twitter:card\" content=\"summary_large_image\" \/>\n<meta name=\"twitter:creator\" content=\"@https:\/\/twitter.com\/NBCSnoticias\" \/>\n<meta name=\"twitter:site\" content=\"@NBCSnoticias\" \/>\n<meta name=\"twitter:label1\" content=\"Escrito por\" \/>\n\t<meta name=\"twitter:data1\" content=\"NBCS Noticias\" \/>\n\t<meta name=\"twitter:label2\" content=\"Tiempo de lectura\" \/>\n\t<meta name=\"twitter:data2\" content=\"2 minutos\" \/>\n<script type=\"application\/ld+json\" class=\"yoast-schema-graph\">{\"@context\":\"https:\\\/\\\/schema.org\",\"@graph\":[{\"@type\":\"Article\",\"@id\":\"https:\\\/\\\/nbcs.mx\\\/?p=105777#article\",\"isPartOf\":{\"@id\":\"https:\\\/\\\/nbcs.mx\\\/?p=105777\"},\"author\":{\"name\":\"NBCS Noticias\",\"@id\":\"https:\\\/\\\/nbcs.mx\\\/#\\\/schema\\\/person\\\/ece58bab9a7c1e87a4d28ec9ecd79ff4\"},\"headline\":\"Este 15 de mayo inicia la temporada de lluvias y ciclones\",\"datePublished\":\"2022-05-13T00:31:00+00:00\",\"mainEntityOfPage\":{\"@id\":\"https:\\\/\\\/nbcs.mx\\\/?p=105777\"},\"wordCount\":421,\"commentCount\":0,\"publisher\":{\"@id\":\"https:\\\/\\\/nbcs.mx\\\/#organization\"},\"image\":{\"@id\":\"https:\\\/\\\/nbcs.mx\\\/?p=105777#primaryimage\"},\"thumbnailUrl\":\"https:\\\/\\\/nbcs.mx\\\/wp-content\\\/uploads\\\/2022\\\/05\\\/IMG_4309-scaled.jpg\",\"articleSection\":[\"Noticias\"],\"inLanguage\":\"es\",\"potentialAction\":[{\"@type\":\"CommentAction\",\"name\":\"Comment\",\"target\":[\"https:\\\/\\\/nbcs.mx\\\/?p=105777#respond\"]}]},{\"@type\":\"WebPage\",\"@id\":\"https:\\\/\\\/nbcs.mx\\\/?p=105777\",\"url\":\"https:\\\/\\\/nbcs.mx\\\/?p=105777\",\"name\":\"Este 15 de mayo inicia la temporada de lluvias y ciclones - NBCS Noticias\",\"isPartOf\":{\"@id\":\"https:\\\/\\\/nbcs.mx\\\/#website\"},\"primaryImageOfPage\":{\"@id\":\"https:\\\/\\\/nbcs.mx\\\/?p=105777#primaryimage\"},\"image\":{\"@id\":\"https:\\\/\\\/nbcs.mx\\\/?p=105777#primaryimage\"},\"thumbnailUrl\":\"https:\\\/\\\/nbcs.mx\\\/wp-content\\\/uploads\\\/2022\\\/05\\\/IMG_4309-scaled.jpg\",\"datePublished\":\"2022-05-13T00:31:00+00:00\",\"breadcrumb\":{\"@id\":\"https:\\\/\\\/nbcs.mx\\\/?p=105777#breadcrumb\"},\"inLanguage\":\"es\",\"potentialAction\":[{\"@type\":\"ReadAction\",\"target\":[\"https:\\\/\\\/nbcs.mx\\\/?p=105777\"]}]},{\"@type\":\"ImageObject\",\"inLanguage\":\"es\",\"@id\":\"https:\\\/\\\/nbcs.mx\\\/?p=105777#primaryimage\",\"url\":\"https:\\\/\\\/nbcs.mx\\\/wp-content\\\/uploads\\\/2022\\\/05\\\/IMG_4309-scaled.jpg\",\"contentUrl\":\"https:\\\/\\\/nbcs.mx\\\/wp-content\\\/uploads\\\/2022\\\/05\\\/IMG_4309-scaled.jpg\",\"width\":2560,\"height\":1707},{\"@type\":\"BreadcrumbList\",\"@id\":\"https:\\\/\\\/nbcs.mx\\\/?p=105777#breadcrumb\",\"itemListElement\":[{\"@type\":\"ListItem\",\"position\":1,\"name\":\"Portada\",\"item\":\"https:\\\/\\\/nbcs.mx\\\/\"},{\"@type\":\"ListItem\",\"position\":2,\"name\":\"Este 15 de mayo inicia la temporada de lluvias y ciclones\"}]},{\"@type\":\"WebSite\",\"@id\":\"https:\\\/\\\/nbcs.mx\\\/#website\",\"url\":\"https:\\\/\\\/nbcs.mx\\\/\",\"name\":\"NBCS Noticias\",\"description\":\"Sitio web de noticias en Baja California Sur\",\"publisher\":{\"@id\":\"https:\\\/\\\/nbcs.mx\\\/#organization\"},\"potentialAction\":[{\"@type\":\"SearchAction\",\"target\":{\"@type\":\"EntryPoint\",\"urlTemplate\":\"https:\\\/\\\/nbcs.mx\\\/?s={search_term_string}\"},\"query-input\":{\"@type\":\"PropertyValueSpecification\",\"valueRequired\":true,\"valueName\":\"search_term_string\"}}],\"inLanguage\":\"es\"},{\"@type\":\"Organization\",\"@id\":\"https:\\\/\\\/nbcs.mx\\\/#organization\",\"name\":\"NBCS Noticias\",\"url\":\"https:\\\/\\\/nbcs.mx\\\/\",\"logo\":{\"@type\":\"ImageObject\",\"inLanguage\":\"es\",\"@id\":\"https:\\\/\\\/nbcs.mx\\\/#\\\/schema\\\/logo\\\/image\\\/\",\"url\":\"https:\\\/\\\/nbcs.mx\\\/wp-content\\\/uploads\\\/2018\\\/09\\\/057b69485e93575a5c2b1c1dde2dd297.jpeg\",\"contentUrl\":\"https:\\\/\\\/nbcs.mx\\\/wp-content\\\/uploads\\\/2018\\\/09\\\/057b69485e93575a5c2b1c1dde2dd297.jpeg\",\"width\":64,\"height\":64,\"caption\":\"NBCS Noticias\"},\"image\":{\"@id\":\"https:\\\/\\\/nbcs.mx\\\/#\\\/schema\\\/logo\\\/image\\\/\"},\"sameAs\":[\"https:\\\/\\\/www.facebook.com\\\/NBCSnoticias\",\"https:\\\/\\\/x.com\\\/NBCSnoticias\"]},{\"@type\":\"Person\",\"@id\":\"https:\\\/\\\/nbcs.mx\\\/#\\\/schema\\\/person\\\/ece58bab9a7c1e87a4d28ec9ecd79ff4\",\"name\":\"NBCS Noticias\",\"image\":{\"@type\":\"ImageObject\",\"inLanguage\":\"es\",\"@id\":\"https:\\\/\\\/secure.gravatar.com\\\/avatar\\\/4e52110cad1c4054b43271a0d14bbe9e2ea76aecd0e1097edfc670798d9ca1d4?s=96&d=blank&r=g\",\"url\":\"https:\\\/\\\/secure.gravatar.com\\\/avatar\\\/4e52110cad1c4054b43271a0d14bbe9e2ea76aecd0e1097edfc670798d9ca1d4?s=96&d=blank&r=g\",\"contentUrl\":\"https:\\\/\\\/secure.gravatar.com\\\/avatar\\\/4e52110cad1c4054b43271a0d14bbe9e2ea76aecd0e1097edfc670798d9ca1d4?s=96&d=blank&r=g\",\"caption\":\"NBCS Noticias\"},\"description\":\"\u00bfTienes fotos o video de alg\u00fan acto de posible negligencia, corrupci\u00f3n y abuso de autoridad? M\u00e1ndalo al WhatsApp de NBCS Noticias: 612 141 98 08\",\"sameAs\":[\"https:\\\/\\\/www.nbcs.mx\",\"https:\\\/\\\/www.facebook.com\\\/NBCSnoticias\",\"https:\\\/\\\/www.instagram.com\\\/nbcsnoticias\\\/\",\"https:\\\/\\\/x.com\\\/https:\\\/\\\/twitter.com\\\/NBCSnoticias\"]}]}<\/script>\n<!-- \/ Yoast SEO plugin. -->","yoast_head_json":{"title":"Este 15 de mayo inicia la temporada de lluvias y ciclones - NBCS Noticias","robots":{"index":"index","follow":"follow","max-snippet":"max-snippet:-1","max-image-preview":"max-image-preview:large","max-video-preview":"max-video-preview:-1"},"canonical":"https:\/\/nbcs.mx\/?p=105777","og_locale":"es_ES","og_type":"article","og_title":"Este 15 de mayo inicia la temporada de lluvias y ciclones - NBCS Noticias","og_description":"La Paz, Baja California Sur.- El 15 de mayo inicia de manera oficial, la temporada de lluvias y ciclones tropicales,","og_url":"https:\/\/nbcs.mx\/?p=105777","og_site_name":"NBCS Noticias","article_publisher":"https:\/\/www.facebook.com\/NBCSnoticias","article_author":"https:\/\/www.facebook.com\/NBCSnoticias","article_published_time":"2022-05-13T00:31:00+00:00","og_image":[{"width":2560,"height":1707,"url":"https:\/\/nbcs.mx\/wp-content\/uploads\/2022\/05\/IMG_4309-scaled.jpg","type":"image\/jpeg"}],"author":"NBCS Noticias","twitter_card":"summary_large_image","twitter_creator":"@https:\/\/twitter.com\/NBCSnoticias","twitter_site":"@NBCSnoticias","twitter_misc":{"Escrito por":"NBCS Noticias","Tiempo de lectura":"2 minutos"},"schema":{"@context":"https:\/\/schema.org","@graph":[{"@type":"Article","@id":"https:\/\/nbcs.mx\/?p=105777#article","isPartOf":{"@id":"https:\/\/nbcs.mx\/?p=105777"},"author":{"name":"NBCS Noticias","@id":"https:\/\/nbcs.mx\/#\/schema\/person\/ece58bab9a7c1e87a4d28ec9ecd79ff4"},"headline":"Este 15 de mayo inicia la temporada de lluvias y ciclones","datePublished":"2022-05-13T00:31:00+00:00","mainEntityOfPage":{"@id":"https:\/\/nbcs.mx\/?p=105777"},"wordCount":421,"commentCount":0,"publisher":{"@id":"https:\/\/nbcs.mx\/#organization"},"image":{"@id":"https:\/\/nbcs.mx\/?p=105777#primaryimage"},"thumbnailUrl":"https:\/\/nbcs.mx\/wp-content\/uploads\/2022\/05\/IMG_4309-scaled.jpg","articleSection":["Noticias"],"inLanguage":"es","potentialAction":[{"@type":"CommentAction","name":"Comment","target":["https:\/\/nbcs.mx\/?p=105777#respond"]}]},{"@type":"WebPage","@id":"https:\/\/nbcs.mx\/?p=105777","url":"https:\/\/nbcs.mx\/?p=105777","name":"Este 15 de mayo inicia la temporada de lluvias y ciclones - NBCS Noticias","isPartOf":{"@id":"https:\/\/nbcs.mx\/#website"},"primaryImageOfPage":{"@id":"https:\/\/nbcs.mx\/?p=105777#primaryimage"},"image":{"@id":"https:\/\/nbcs.mx\/?p=105777#primaryimage"},"thumbnailUrl":"https:\/\/nbcs.mx\/wp-content\/uploads\/2022\/05\/IMG_4309-scaled.jpg","datePublished":"2022-05-13T00:31:00+00:00","breadcrumb":{"@id":"https:\/\/nbcs.mx\/?p=105777#breadcrumb"},"inLanguage":"es","potentialAction":[{"@type":"ReadAction","target":["https:\/\/nbcs.mx\/?p=105777"]}]},{"@type":"ImageObject","inLanguage":"es","@id":"https:\/\/nbcs.mx\/?p=105777#primaryimage","url":"https:\/\/nbcs.mx\/wp-content\/uploads\/2022\/05\/IMG_4309-scaled.jpg","contentUrl":"https:\/\/nbcs.mx\/wp-content\/uploads\/2022\/05\/IMG_4309-scaled.jpg","width":2560,"height":1707},{"@type":"BreadcrumbList","@id":"https:\/\/nbcs.mx\/?p=105777#breadcrumb","itemListElement":[{"@type":"ListItem","position":1,"name":"Portada","item":"https:\/\/nbcs.mx\/"},{"@type":"ListItem","position":2,"name":"Este 15 de mayo inicia la temporada de lluvias y ciclones"}]},{"@type":"WebSite","@id":"https:\/\/nbcs.mx\/#website","url":"https:\/\/nbcs.mx\/","name":"NBCS Noticias","description":"Sitio web de noticias en Baja California Sur","publisher":{"@id":"https:\/\/nbcs.mx\/#organization"},"potentialAction":[{"@type":"SearchAction","target":{"@type":"EntryPoint","urlTemplate":"https:\/\/nbcs.mx\/?s={search_term_string}"},"query-input":{"@type":"PropertyValueSpecification","valueRequired":true,"valueName":"search_term_string"}}],"inLanguage":"es"},{"@type":"Organization","@id":"https:\/\/nbcs.mx\/#organization","name":"NBCS Noticias","url":"https:\/\/nbcs.mx\/","logo":{"@type":"ImageObject","inLanguage":"es","@id":"https:\/\/nbcs.mx\/#\/schema\/logo\/image\/","url":"https:\/\/nbcs.mx\/wp-content\/uploads\/2018\/09\/057b69485e93575a5c2b1c1dde2dd297.jpeg","contentUrl":"https:\/\/nbcs.mx\/wp-content\/uploads\/2018\/09\/057b69485e93575a5c2b1c1dde2dd297.jpeg","width":64,"height":64,"caption":"NBCS Noticias"},"image":{"@id":"https:\/\/nbcs.mx\/#\/schema\/logo\/image\/"},"sameAs":["https:\/\/www.facebook.com\/NBCSnoticias","https:\/\/x.com\/NBCSnoticias"]},{"@type":"Person","@id":"https:\/\/nbcs.mx\/#\/schema\/person\/ece58bab9a7c1e87a4d28ec9ecd79ff4","name":"NBCS Noticias","image":{"@type":"ImageObject","inLanguage":"es","@id":"https:\/\/secure.gravatar.com\/avatar\/4e52110cad1c4054b43271a0d14bbe9e2ea76aecd0e1097edfc670798d9ca1d4?s=96&d=blank&r=g","url":"https:\/\/secure.gravatar.com\/avatar\/4e52110cad1c4054b43271a0d14bbe9e2ea76aecd0e1097edfc670798d9ca1d4?s=96&d=blank&r=g","contentUrl":"https:\/\/secure.gravatar.com\/avatar\/4e52110cad1c4054b43271a0d14bbe9e2ea76aecd0e1097edfc670798d9ca1d4?s=96&d=blank&r=g","caption":"NBCS Noticias"},"description":"\u00bfTienes fotos o video de alg\u00fan acto de posible negligencia, corrupci\u00f3n y abuso de autoridad? M\u00e1ndalo al WhatsApp de NBCS Noticias: 612 141 98 08","sameAs":["https:\/\/www.nbcs.mx","https:\/\/www.facebook.com\/NBCSnoticias","https:\/\/www.instagram.com\/nbcsnoticias\/","https:\/\/x.com\/https:\/\/twitter.com\/NBCSnoticias"]}]}},"jetpack_publicize_connections":[],"jetpack_featured_media_url":"https:\/\/nbcs.mx\/wp-content\/uploads\/2022\/05\/IMG_4309-scaled.jpg","jetpack_sharing_enabled":true,"_links":{"self":[{"href":"https:\/\/nbcs.mx\/index.php?rest_route=\/wp\/v2\/posts\/105777","targetHints":{"allow":["GET"]}}],"collection":[{"href":"https:\/\/nbcs.mx\/index.php?rest_route=\/wp\/v2\/posts"}],"about":[{"href":"https:\/\/nbcs.mx\/index.php?rest_route=\/wp\/v2\/types\/post"}],"author":[{"embeddable":true,"href":"https:\/\/nbcs.mx\/index.php?rest_route=\/wp\/v2\/users\/1"}],"replies":[{"embeddable":true,"href":"https:\/\/nbcs.mx\/index.php?rest_route=%2Fwp%2Fv2%2Fcomments&post=105777"}],"version-history":[{"count":1,"href":"https:\/\/nbcs.mx\/index.php?rest_route=\/wp\/v2\/posts\/105777\/revisions"}],"predecessor-version":[{"id":105779,"href":"https:\/\/nbcs.mx\/index.php?rest_route=\/wp\/v2\/posts\/105777\/revisions\/105779"}],"wp:featuredmedia":[{"embeddable":true,"href":"https:\/\/nbcs.mx\/index.php?rest_route=\/wp\/v2\/media\/105778"}],"wp:attachment":[{"href":"https:\/\/nbcs.mx\/index.php?rest_route=%2Fwp%2Fv2%2Fmedia&parent=105777"}],"wp:term":[{"taxonomy":"category","embeddable":true,"href":"https:\/\/nbcs.mx\/index.php?rest_route=%2Fwp%2Fv2%2Fcategories&post=105777"},{"taxonomy":"post_tag","embeddable":true,"href":"https:\/\/nbcs.mx\/index.php?rest_route=%2Fwp%2Fv2%2Ftags&post=105777"}],"curies":[{"name":"wp","href":"https:\/\/api.w.org\/{rel}","templated":true}]}}