{"id":106243,"date":"2022-05-19T16:45:59","date_gmt":"2022-05-19T22:45:59","guid":{"rendered":"https:\/\/nbcs.mx\/?p=106243"},"modified":"2022-05-19T16:45:59","modified_gmt":"2022-05-19T22:45:59","slug":"anuncian-festival-cultural-manuel-ygnacio-ferrer-en-san-antonio","status":"publish","type":"post","link":"https:\/\/nbcs.mx\/?p=106243","title":{"rendered":"Anuncian Festival Cultural \u201cManuel Ygnacio Ferrer\u201d en San Antonio"},"content":{"rendered":"<p style=\"font-weight: 400; text-align: justify;\"><img loading=\"lazy\" decoding=\"async\" class=\"size-medium wp-image-106244 aligncenter\" src=\"https:\/\/nbcs.mx\/wp-content\/uploads\/2022\/05\/Anuncian-Festival-Cultural-en-San-Antonio2-755x414.jpg\" alt=\"\" width=\"755\" height=\"414\" srcset=\"https:\/\/nbcs.mx\/wp-content\/uploads\/2022\/05\/Anuncian-Festival-Cultural-en-San-Antonio2-755x414.jpg 755w, https:\/\/nbcs.mx\/wp-content\/uploads\/2022\/05\/Anuncian-Festival-Cultural-en-San-Antonio2-1024x562.jpg 1024w, https:\/\/nbcs.mx\/wp-content\/uploads\/2022\/05\/Anuncian-Festival-Cultural-en-San-Antonio2-150x82.jpg 150w, https:\/\/nbcs.mx\/wp-content\/uploads\/2022\/05\/Anuncian-Festival-Cultural-en-San-Antonio2-768x421.jpg 768w, https:\/\/nbcs.mx\/wp-content\/uploads\/2022\/05\/Anuncian-Festival-Cultural-en-San-Antonio2-1536x843.jpg 1536w, https:\/\/nbcs.mx\/wp-content\/uploads\/2022\/05\/Anuncian-Festival-Cultural-en-San-Antonio2.jpg 1600w\" sizes=\"auto, (max-width: 755px) 100vw, 755px\" \/><\/p>\n<p style=\"font-weight: 400; text-align: justify;\">La Paz, Baja California Sur.- Se llev\u00f3 a cabo la presentaci\u00f3n del \u201cFestival Cultural Manuel Ygnacio Ferrer\u201d, en las instalaciones de la Secretar\u00eda de Turismo y Econom\u00eda de Baja California Sur, evento a realizarse en la poblaci\u00f3n de San Antonio, el pr\u00f3ximo viernes 27 de mayo, a partir de las 17:00 horas, con la finalidad de impulsar el desarrollo tur\u00edstico de las comunidades del municipio de La Paz.<\/p>\n<p style=\"font-weight: 400; text-align: justify;\">\n<p style=\"font-weight: 400; text-align: justify;\">La directora de Turismo Municipal, Natalia Ruffo se\u00f1al\u00f3 \u201cel H. Ayuntamiento de La Paz, se suma a esta celebraci\u00f3n y reconocimiento del sudcaliforniano Manuel Y. Ferrer, nos llena de orgullo, y m\u00e1s siendo de San Antonio; uno de nuestros pueblos hist\u00f3ricos\u201d.<\/p>\n<p style=\"font-weight: 400; text-align: justify;\">\n<p style=\"font-weight: 400; text-align: justify;\">En el Festival Cultural se presentar\u00e1 un amplio programa, principalmente en la Plaza P\u00fablica e iglesia de la comunidad, realizando actividades importantes y un concierto donde se interpretar\u00e1n las obras musicales destacadas de Manuel Y. Ferrer, adem\u00e1s habr\u00e1 una muestra artesanal y gastron\u00f3mica del mercado reale\u00f1o y una exposici\u00f3n fotogr\u00e1fica.<\/p>\n<p style=\"font-weight: 400; text-align: justify;\">\n<p style=\"font-weight: 400; text-align: justify;\">Se hace una cordial invitaci\u00f3n a las y los sudcalifornianos y p\u00fablico en general, a que visiten el pueblo de San Antonio y disfruten de todo lo maravilloso que tiene para ofrecer, destacando la Directora de Turismo Municipal que con este tipo de eventos se promueve el desarrollo econ\u00f3mico de las comunidades con proyectos que atraigan m\u00e1s turistas.<\/p>\n<p style=\"font-weight: 400; text-align: justify;\">\n<p style=\"font-weight: 400; text-align: justify;\">En la presentaci\u00f3n estuvieron presentes Maribel Collins S\u00e1nchez, secretaria de Turismo y Econom\u00eda de Baja California Sur; Eduardo Van Wormer Castro, presidente de la Comisi\u00f3n de Turismo en el Congreso del Estado y representante del Distrito VI, as\u00ed como Natalia Ruffo Casta\u00f1o, directora de Turismo Municipal del H. XVII Ayuntamiento de La Paz, quienes destacaron la importancia de la consolidaci\u00f3n de este proyecto para el crecimiento econ\u00f3mico de este pueblo que goza de gran importancia hist\u00f3rica en nuestra entidad.<\/p>\n","protected":false},"excerpt":{"rendered":"<p>La Paz, Baja California Sur.- Se llev\u00f3 a cabo la presentaci\u00f3n del \u201cFestival Cultural Manuel Ygnacio Ferrer\u201d, en las instalaciones<\/p>\n","protected":false},"author":1,"featured_media":106244,"comment_status":"open","ping_status":"closed","sticky":false,"template":"","format":"standard","meta":{"colormag_page_container_layout":"default_layout","colormag_page_sidebar_layout":"default_layout","_jetpack_newsletter_access":"","_jetpack_dont_email_post_to_subs":false,"_jetpack_newsletter_tier_id":0,"_jetpack_memberships_contains_paywalled_content":false,"_jetpack_feature_clip_id":0,"_jetpack_memberships_contains_paid_content":false,"footnotes":"","jetpack_publicize_message":"","jetpack_publicize_feature_enabled":true,"jetpack_social_post_already_shared":true,"jetpack_social_options":{"image_generator_settings":{"template":"highway","default_image_id":0,"font":"","enabled":false},"version":2},"jetpack_post_was_ever_published":false},"categories":[40],"tags":[],"class_list":["post-106243","post","type-post","status-publish","format-standard","has-post-thumbnail","hentry","category-municipios"],"yoast_head":"<!-- This site is optimized with the Yoast SEO plugin v28.4 - https:\/\/yoast.com\/product\/yoast-seo-wordpress\/ -->\n<title>Anuncian Festival Cultural \u201cManuel Ygnacio Ferrer\u201d en San Antonio - NBCS Noticias<\/title>\n<meta name=\"robots\" content=\"index, follow, max-snippet:-1, max-image-preview:large, max-video-preview:-1\" \/>\n<link rel=\"canonical\" href=\"https:\/\/nbcs.mx\/?p=106243\" \/>\n<meta property=\"og:locale\" content=\"es_ES\" \/>\n<meta property=\"og:type\" content=\"article\" \/>\n<meta property=\"og:title\" content=\"Anuncian Festival Cultural \u201cManuel Ygnacio Ferrer\u201d en San Antonio - NBCS Noticias\" \/>\n<meta property=\"og:description\" content=\"La Paz, Baja California Sur.- Se llev\u00f3 a cabo la presentaci\u00f3n del \u201cFestival Cultural Manuel Ygnacio Ferrer\u201d, en las instalaciones\" \/>\n<meta property=\"og:url\" content=\"https:\/\/nbcs.mx\/?p=106243\" \/>\n<meta property=\"og:site_name\" content=\"NBCS Noticias\" \/>\n<meta property=\"article:publisher\" content=\"https:\/\/www.facebook.com\/NBCSnoticias\" \/>\n<meta property=\"article:author\" content=\"https:\/\/www.facebook.com\/NBCSnoticias\" \/>\n<meta property=\"article:published_time\" content=\"2022-05-19T22:45:59+00:00\" \/>\n<meta property=\"og:image\" content=\"https:\/\/nbcs.mx\/wp-content\/uploads\/2022\/05\/Anuncian-Festival-Cultural-en-San-Antonio2.jpg\" \/>\n\t<meta property=\"og:image:width\" content=\"1600\" \/>\n\t<meta property=\"og:image:height\" content=\"878\" \/>\n\t<meta property=\"og:image:type\" content=\"image\/jpeg\" \/>\n<meta name=\"author\" content=\"NBCS Noticias\" \/>\n<meta name=\"twitter:card\" content=\"summary_large_image\" \/>\n<meta name=\"twitter:creator\" content=\"@https:\/\/twitter.com\/NBCSnoticias\" \/>\n<meta name=\"twitter:site\" content=\"@NBCSnoticias\" \/>\n<meta name=\"twitter:label1\" content=\"Escrito por\" \/>\n\t<meta name=\"twitter:data1\" content=\"NBCS Noticias\" \/>\n\t<meta name=\"twitter:label2\" content=\"Tiempo de lectura\" \/>\n\t<meta name=\"twitter:data2\" content=\"2 minutos\" \/>\n<script type=\"application\/ld+json\" class=\"yoast-schema-graph\">{\"@context\":\"https:\\\/\\\/schema.org\",\"@graph\":[{\"@type\":\"Article\",\"@id\":\"https:\\\/\\\/nbcs.mx\\\/?p=106243#article\",\"isPartOf\":{\"@id\":\"https:\\\/\\\/nbcs.mx\\\/?p=106243\"},\"author\":{\"name\":\"NBCS Noticias\",\"@id\":\"https:\\\/\\\/nbcs.mx\\\/#\\\/schema\\\/person\\\/ece58bab9a7c1e87a4d28ec9ecd79ff4\"},\"headline\":\"Anuncian Festival Cultural \u201cManuel Ygnacio Ferrer\u201d en San Antonio\",\"datePublished\":\"2022-05-19T22:45:59+00:00\",\"mainEntityOfPage\":{\"@id\":\"https:\\\/\\\/nbcs.mx\\\/?p=106243\"},\"wordCount\":333,\"commentCount\":0,\"publisher\":{\"@id\":\"https:\\\/\\\/nbcs.mx\\\/#organization\"},\"image\":{\"@id\":\"https:\\\/\\\/nbcs.mx\\\/?p=106243#primaryimage\"},\"thumbnailUrl\":\"https:\\\/\\\/nbcs.mx\\\/wp-content\\\/uploads\\\/2022\\\/05\\\/Anuncian-Festival-Cultural-en-San-Antonio2.jpg\",\"articleSection\":[\"Municipios\"],\"inLanguage\":\"es\",\"potentialAction\":[{\"@type\":\"CommentAction\",\"name\":\"Comment\",\"target\":[\"https:\\\/\\\/nbcs.mx\\\/?p=106243#respond\"]}]},{\"@type\":\"WebPage\",\"@id\":\"https:\\\/\\\/nbcs.mx\\\/?p=106243\",\"url\":\"https:\\\/\\\/nbcs.mx\\\/?p=106243\",\"name\":\"Anuncian Festival Cultural \u201cManuel Ygnacio Ferrer\u201d en San Antonio - NBCS Noticias\",\"isPartOf\":{\"@id\":\"https:\\\/\\\/nbcs.mx\\\/#website\"},\"primaryImageOfPage\":{\"@id\":\"https:\\\/\\\/nbcs.mx\\\/?p=106243#primaryimage\"},\"image\":{\"@id\":\"https:\\\/\\\/nbcs.mx\\\/?p=106243#primaryimage\"},\"thumbnailUrl\":\"https:\\\/\\\/nbcs.mx\\\/wp-content\\\/uploads\\\/2022\\\/05\\\/Anuncian-Festival-Cultural-en-San-Antonio2.jpg\",\"datePublished\":\"2022-05-19T22:45:59+00:00\",\"breadcrumb\":{\"@id\":\"https:\\\/\\\/nbcs.mx\\\/?p=106243#breadcrumb\"},\"inLanguage\":\"es\",\"potentialAction\":[{\"@type\":\"ReadAction\",\"target\":[\"https:\\\/\\\/nbcs.mx\\\/?p=106243\"]}]},{\"@type\":\"ImageObject\",\"inLanguage\":\"es\",\"@id\":\"https:\\\/\\\/nbcs.mx\\\/?p=106243#primaryimage\",\"url\":\"https:\\\/\\\/nbcs.mx\\\/wp-content\\\/uploads\\\/2022\\\/05\\\/Anuncian-Festival-Cultural-en-San-Antonio2.jpg\",\"contentUrl\":\"https:\\\/\\\/nbcs.mx\\\/wp-content\\\/uploads\\\/2022\\\/05\\\/Anuncian-Festival-Cultural-en-San-Antonio2.jpg\",\"width\":1600,\"height\":878},{\"@type\":\"BreadcrumbList\",\"@id\":\"https:\\\/\\\/nbcs.mx\\\/?p=106243#breadcrumb\",\"itemListElement\":[{\"@type\":\"ListItem\",\"position\":1,\"name\":\"Portada\",\"item\":\"https:\\\/\\\/nbcs.mx\\\/\"},{\"@type\":\"ListItem\",\"position\":2,\"name\":\"Anuncian Festival Cultural \u201cManuel Ygnacio Ferrer\u201d en San Antonio\"}]},{\"@type\":\"WebSite\",\"@id\":\"https:\\\/\\\/nbcs.mx\\\/#website\",\"url\":\"https:\\\/\\\/nbcs.mx\\\/\",\"name\":\"NBCS Noticias\",\"description\":\"Sitio web de noticias en Baja California Sur\",\"publisher\":{\"@id\":\"https:\\\/\\\/nbcs.mx\\\/#organization\"},\"potentialAction\":[{\"@type\":\"SearchAction\",\"target\":{\"@type\":\"EntryPoint\",\"urlTemplate\":\"https:\\\/\\\/nbcs.mx\\\/?s={search_term_string}\"},\"query-input\":{\"@type\":\"PropertyValueSpecification\",\"valueRequired\":true,\"valueName\":\"search_term_string\"}}],\"inLanguage\":\"es\"},{\"@type\":\"Organization\",\"@id\":\"https:\\\/\\\/nbcs.mx\\\/#organization\",\"name\":\"NBCS Noticias\",\"url\":\"https:\\\/\\\/nbcs.mx\\\/\",\"logo\":{\"@type\":\"ImageObject\",\"inLanguage\":\"es\",\"@id\":\"https:\\\/\\\/nbcs.mx\\\/#\\\/schema\\\/logo\\\/image\\\/\",\"url\":\"https:\\\/\\\/nbcs.mx\\\/wp-content\\\/uploads\\\/2018\\\/09\\\/057b69485e93575a5c2b1c1dde2dd297.jpeg\",\"contentUrl\":\"https:\\\/\\\/nbcs.mx\\\/wp-content\\\/uploads\\\/2018\\\/09\\\/057b69485e93575a5c2b1c1dde2dd297.jpeg\",\"width\":64,\"height\":64,\"caption\":\"NBCS Noticias\"},\"image\":{\"@id\":\"https:\\\/\\\/nbcs.mx\\\/#\\\/schema\\\/logo\\\/image\\\/\"},\"sameAs\":[\"https:\\\/\\\/www.facebook.com\\\/NBCSnoticias\",\"https:\\\/\\\/x.com\\\/NBCSnoticias\"]},{\"@type\":\"Person\",\"@id\":\"https:\\\/\\\/nbcs.mx\\\/#\\\/schema\\\/person\\\/ece58bab9a7c1e87a4d28ec9ecd79ff4\",\"name\":\"NBCS Noticias\",\"image\":{\"@type\":\"ImageObject\",\"inLanguage\":\"es\",\"@id\":\"https:\\\/\\\/secure.gravatar.com\\\/avatar\\\/4e52110cad1c4054b43271a0d14bbe9e2ea76aecd0e1097edfc670798d9ca1d4?s=96&d=blank&r=g\",\"url\":\"https:\\\/\\\/secure.gravatar.com\\\/avatar\\\/4e52110cad1c4054b43271a0d14bbe9e2ea76aecd0e1097edfc670798d9ca1d4?s=96&d=blank&r=g\",\"contentUrl\":\"https:\\\/\\\/secure.gravatar.com\\\/avatar\\\/4e52110cad1c4054b43271a0d14bbe9e2ea76aecd0e1097edfc670798d9ca1d4?s=96&d=blank&r=g\",\"caption\":\"NBCS Noticias\"},\"description\":\"\u00bfTienes fotos o video de alg\u00fan acto de posible negligencia, corrupci\u00f3n y abuso de autoridad? M\u00e1ndalo al WhatsApp de NBCS Noticias: 612 141 98 08\",\"sameAs\":[\"https:\\\/\\\/www.nbcs.mx\",\"https:\\\/\\\/www.facebook.com\\\/NBCSnoticias\",\"https:\\\/\\\/www.instagram.com\\\/nbcsnoticias\\\/\",\"https:\\\/\\\/x.com\\\/https:\\\/\\\/twitter.com\\\/NBCSnoticias\"]}]}<\/script>\n<!-- \/ Yoast SEO plugin. -->","yoast_head_json":{"title":"Anuncian Festival Cultural \u201cManuel Ygnacio Ferrer\u201d en San Antonio - NBCS Noticias","robots":{"index":"index","follow":"follow","max-snippet":"max-snippet:-1","max-image-preview":"max-image-preview:large","max-video-preview":"max-video-preview:-1"},"canonical":"https:\/\/nbcs.mx\/?p=106243","og_locale":"es_ES","og_type":"article","og_title":"Anuncian Festival Cultural \u201cManuel Ygnacio Ferrer\u201d en San Antonio - NBCS Noticias","og_description":"La Paz, Baja California Sur.- Se llev\u00f3 a cabo la presentaci\u00f3n del \u201cFestival Cultural Manuel Ygnacio Ferrer\u201d, en las instalaciones","og_url":"https:\/\/nbcs.mx\/?p=106243","og_site_name":"NBCS Noticias","article_publisher":"https:\/\/www.facebook.com\/NBCSnoticias","article_author":"https:\/\/www.facebook.com\/NBCSnoticias","article_published_time":"2022-05-19T22:45:59+00:00","og_image":[{"width":1600,"height":878,"url":"https:\/\/nbcs.mx\/wp-content\/uploads\/2022\/05\/Anuncian-Festival-Cultural-en-San-Antonio2.jpg","type":"image\/jpeg"}],"author":"NBCS Noticias","twitter_card":"summary_large_image","twitter_creator":"@https:\/\/twitter.com\/NBCSnoticias","twitter_site":"@NBCSnoticias","twitter_misc":{"Escrito por":"NBCS Noticias","Tiempo de lectura":"2 minutos"},"schema":{"@context":"https:\/\/schema.org","@graph":[{"@type":"Article","@id":"https:\/\/nbcs.mx\/?p=106243#article","isPartOf":{"@id":"https:\/\/nbcs.mx\/?p=106243"},"author":{"name":"NBCS Noticias","@id":"https:\/\/nbcs.mx\/#\/schema\/person\/ece58bab9a7c1e87a4d28ec9ecd79ff4"},"headline":"Anuncian Festival Cultural \u201cManuel Ygnacio Ferrer\u201d en San Antonio","datePublished":"2022-05-19T22:45:59+00:00","mainEntityOfPage":{"@id":"https:\/\/nbcs.mx\/?p=106243"},"wordCount":333,"commentCount":0,"publisher":{"@id":"https:\/\/nbcs.mx\/#organization"},"image":{"@id":"https:\/\/nbcs.mx\/?p=106243#primaryimage"},"thumbnailUrl":"https:\/\/nbcs.mx\/wp-content\/uploads\/2022\/05\/Anuncian-Festival-Cultural-en-San-Antonio2.jpg","articleSection":["Municipios"],"inLanguage":"es","potentialAction":[{"@type":"CommentAction","name":"Comment","target":["https:\/\/nbcs.mx\/?p=106243#respond"]}]},{"@type":"WebPage","@id":"https:\/\/nbcs.mx\/?p=106243","url":"https:\/\/nbcs.mx\/?p=106243","name":"Anuncian Festival Cultural \u201cManuel Ygnacio Ferrer\u201d en San Antonio - NBCS Noticias","isPartOf":{"@id":"https:\/\/nbcs.mx\/#website"},"primaryImageOfPage":{"@id":"https:\/\/nbcs.mx\/?p=106243#primaryimage"},"image":{"@id":"https:\/\/nbcs.mx\/?p=106243#primaryimage"},"thumbnailUrl":"https:\/\/nbcs.mx\/wp-content\/uploads\/2022\/05\/Anuncian-Festival-Cultural-en-San-Antonio2.jpg","datePublished":"2022-05-19T22:45:59+00:00","breadcrumb":{"@id":"https:\/\/nbcs.mx\/?p=106243#breadcrumb"},"inLanguage":"es","potentialAction":[{"@type":"ReadAction","target":["https:\/\/nbcs.mx\/?p=106243"]}]},{"@type":"ImageObject","inLanguage":"es","@id":"https:\/\/nbcs.mx\/?p=106243#primaryimage","url":"https:\/\/nbcs.mx\/wp-content\/uploads\/2022\/05\/Anuncian-Festival-Cultural-en-San-Antonio2.jpg","contentUrl":"https:\/\/nbcs.mx\/wp-content\/uploads\/2022\/05\/Anuncian-Festival-Cultural-en-San-Antonio2.jpg","width":1600,"height":878},{"@type":"BreadcrumbList","@id":"https:\/\/nbcs.mx\/?p=106243#breadcrumb","itemListElement":[{"@type":"ListItem","position":1,"name":"Portada","item":"https:\/\/nbcs.mx\/"},{"@type":"ListItem","position":2,"name":"Anuncian Festival Cultural \u201cManuel Ygnacio Ferrer\u201d en San Antonio"}]},{"@type":"WebSite","@id":"https:\/\/nbcs.mx\/#website","url":"https:\/\/nbcs.mx\/","name":"NBCS Noticias","description":"Sitio web de noticias en Baja California Sur","publisher":{"@id":"https:\/\/nbcs.mx\/#organization"},"potentialAction":[{"@type":"SearchAction","target":{"@type":"EntryPoint","urlTemplate":"https:\/\/nbcs.mx\/?s={search_term_string}"},"query-input":{"@type":"PropertyValueSpecification","valueRequired":true,"valueName":"search_term_string"}}],"inLanguage":"es"},{"@type":"Organization","@id":"https:\/\/nbcs.mx\/#organization","name":"NBCS Noticias","url":"https:\/\/nbcs.mx\/","logo":{"@type":"ImageObject","inLanguage":"es","@id":"https:\/\/nbcs.mx\/#\/schema\/logo\/image\/","url":"https:\/\/nbcs.mx\/wp-content\/uploads\/2018\/09\/057b69485e93575a5c2b1c1dde2dd297.jpeg","contentUrl":"https:\/\/nbcs.mx\/wp-content\/uploads\/2018\/09\/057b69485e93575a5c2b1c1dde2dd297.jpeg","width":64,"height":64,"caption":"NBCS Noticias"},"image":{"@id":"https:\/\/nbcs.mx\/#\/schema\/logo\/image\/"},"sameAs":["https:\/\/www.facebook.com\/NBCSnoticias","https:\/\/x.com\/NBCSnoticias"]},{"@type":"Person","@id":"https:\/\/nbcs.mx\/#\/schema\/person\/ece58bab9a7c1e87a4d28ec9ecd79ff4","name":"NBCS Noticias","image":{"@type":"ImageObject","inLanguage":"es","@id":"https:\/\/secure.gravatar.com\/avatar\/4e52110cad1c4054b43271a0d14bbe9e2ea76aecd0e1097edfc670798d9ca1d4?s=96&d=blank&r=g","url":"https:\/\/secure.gravatar.com\/avatar\/4e52110cad1c4054b43271a0d14bbe9e2ea76aecd0e1097edfc670798d9ca1d4?s=96&d=blank&r=g","contentUrl":"https:\/\/secure.gravatar.com\/avatar\/4e52110cad1c4054b43271a0d14bbe9e2ea76aecd0e1097edfc670798d9ca1d4?s=96&d=blank&r=g","caption":"NBCS Noticias"},"description":"\u00bfTienes fotos o video de alg\u00fan acto de posible negligencia, corrupci\u00f3n y abuso de autoridad? M\u00e1ndalo al WhatsApp de NBCS Noticias: 612 141 98 08","sameAs":["https:\/\/www.nbcs.mx","https:\/\/www.facebook.com\/NBCSnoticias","https:\/\/www.instagram.com\/nbcsnoticias\/","https:\/\/x.com\/https:\/\/twitter.com\/NBCSnoticias"]}]}},"jetpack_publicize_connections":[],"jetpack_sharing_enabled":true,"jetpack_featured_media_url":"https:\/\/nbcs.mx\/wp-content\/uploads\/2022\/05\/Anuncian-Festival-Cultural-en-San-Antonio2.jpg","_links":{"self":[{"href":"https:\/\/nbcs.mx\/index.php?rest_route=\/wp\/v2\/posts\/106243","targetHints":{"allow":["GET"]}}],"collection":[{"href":"https:\/\/nbcs.mx\/index.php?rest_route=\/wp\/v2\/posts"}],"about":[{"href":"https:\/\/nbcs.mx\/index.php?rest_route=\/wp\/v2\/types\/post"}],"author":[{"embeddable":true,"href":"https:\/\/nbcs.mx\/index.php?rest_route=\/wp\/v2\/users\/1"}],"replies":[{"embeddable":true,"href":"https:\/\/nbcs.mx\/index.php?rest_route=%2Fwp%2Fv2%2Fcomments&post=106243"}],"version-history":[{"count":1,"href":"https:\/\/nbcs.mx\/index.php?rest_route=\/wp\/v2\/posts\/106243\/revisions"}],"predecessor-version":[{"id":106245,"href":"https:\/\/nbcs.mx\/index.php?rest_route=\/wp\/v2\/posts\/106243\/revisions\/106245"}],"wp:featuredmedia":[{"embeddable":true,"href":"https:\/\/nbcs.mx\/index.php?rest_route=\/wp\/v2\/media\/106244"}],"wp:attachment":[{"href":"https:\/\/nbcs.mx\/index.php?rest_route=%2Fwp%2Fv2%2Fmedia&parent=106243"}],"wp:term":[{"taxonomy":"category","embeddable":true,"href":"https:\/\/nbcs.mx\/index.php?rest_route=%2Fwp%2Fv2%2Fcategories&post=106243"},{"taxonomy":"post_tag","embeddable":true,"href":"https:\/\/nbcs.mx\/index.php?rest_route=%2Fwp%2Fv2%2Ftags&post=106243"}],"curies":[{"name":"wp","href":"https:\/\/api.w.org\/{rel}","templated":true}]}}