{"id":106343,"date":"2022-05-20T18:24:11","date_gmt":"2022-05-21T00:24:11","guid":{"rendered":"https:\/\/nbcs.mx\/?p=106343"},"modified":"2022-05-20T18:24:11","modified_gmt":"2022-05-21T00:24:11","slug":"recibira-bcs-la-copa-panamericana-de-voleibol-femenil-sub-21","status":"publish","type":"post","link":"https:\/\/nbcs.mx\/?p=106343","title":{"rendered":"Recibir\u00e1 BCS la Copa Panamericana de Voleibol Femenil SUB-21"},"content":{"rendered":"<p style=\"font-weight: 400; text-align: justify;\"><img loading=\"lazy\" decoding=\"async\" class=\"size-medium wp-image-106344 aligncenter\" src=\"https:\/\/nbcs.mx\/wp-content\/uploads\/2022\/05\/RECIBIRA-BCS-LA-COPA-PANAMERICANA-DE-VOLEIBOL-FEMENIL-SUB-21-1-738x492.jpeg\" alt=\"\" width=\"738\" height=\"492\" srcset=\"https:\/\/nbcs.mx\/wp-content\/uploads\/2022\/05\/RECIBIRA-BCS-LA-COPA-PANAMERICANA-DE-VOLEIBOL-FEMENIL-SUB-21-1-738x492.jpeg 738w, https:\/\/nbcs.mx\/wp-content\/uploads\/2022\/05\/RECIBIRA-BCS-LA-COPA-PANAMERICANA-DE-VOLEIBOL-FEMENIL-SUB-21-1-1024x682.jpeg 1024w, https:\/\/nbcs.mx\/wp-content\/uploads\/2022\/05\/RECIBIRA-BCS-LA-COPA-PANAMERICANA-DE-VOLEIBOL-FEMENIL-SUB-21-1-150x100.jpeg 150w, https:\/\/nbcs.mx\/wp-content\/uploads\/2022\/05\/RECIBIRA-BCS-LA-COPA-PANAMERICANA-DE-VOLEIBOL-FEMENIL-SUB-21-1-768x512.jpeg 768w, https:\/\/nbcs.mx\/wp-content\/uploads\/2022\/05\/RECIBIRA-BCS-LA-COPA-PANAMERICANA-DE-VOLEIBOL-FEMENIL-SUB-21-1.jpeg 1280w\" sizes=\"auto, (max-width: 738px) 100vw, 738px\" \/><\/p>\n<p style=\"font-weight: 400; text-align: justify;\">La preselecci\u00f3n nacional de voleibol femenil sub-21 inici\u00f3 esta semana a entrenar en La Paz, Baja California Sur con miras a la Copa Panamericana de Voleibol Femenil Sub-21 que tendr\u00e1 lugar del 5 al 13 de junio en la Arena La Paz, participando en total 10 equipos.<\/p>\n<p style=\"font-weight: 400; text-align: justify;\">\n<p style=\"font-weight: 400; text-align: justify;\">La Federaci\u00f3n Mexicana de Voleibol, conjuntamente con el Instituto Sudcaliforniano del Deporte, vienen organizando dicho evento internacional que albergara durante 9 d\u00edas a los selectivos provenientes de los pa\u00edses de Estados Unidos, Canad\u00e1, Chile, Puerto Rico, Costa Rica, Cuba, Rep\u00fablica Dominicana, Honduras, Argentina y M\u00e9xico.<\/p>\n<p style=\"font-weight: 400; text-align: justify;\">\n<p style=\"font-weight: 400; text-align: justify;\">La Arena La Paz y el Polideportivo albergan los entrenamientos de las 24 deportistas que conforman la preselecci\u00f3n mexicana de voleibol femenil sub-21, lideradas por el entrenador nacional, Luis Alberto Le\u00f3n quien resalt\u00f3 lo positivo de jugar en casa, \u201ctenemos un grupo amplio en cantidad y calidad, hemos estado entrenando en La Paz y nos restan 2 semanas previo a las competencias en lo que nos adaptamos a las condiciones clim\u00e1ticas y altura\u201d.<\/p>\n<p style=\"font-weight: 400; text-align: justify;\">\n<p style=\"font-weight: 400; text-align: justify;\">Luis Alberto Le\u00f3n dio a conocer que este s\u00e1bado 21 de mayo se har\u00e1 un recorte de jugadoras, quedando 18, para el siguiente fin de semana habr\u00e1 otro recorte con el objetivo de conformar el representativo nacional que competir\u00e1 en la Copa Panamericana.<\/p>\n<p style=\"font-weight: 400; text-align: justify;\">\n<p style=\"font-weight: 400; text-align: justify;\">El entrenador declar\u00f3 que el nivel deportivo de los pa\u00edses participantes es muy elevado, pero hay talento para aspirar a quedar dentro de los primeros lugares, \u201ces una competencia bastante dura tanto en equipos sudamericanos como del \u00e1rea NORCECA, pero las aspiraciones son muy alcanzables pues pretendemos quedar dentro de los 2 primeros lugares de la zona NORCECA para clasificar al mundial\u201d.<\/p>\n<p style=\"font-weight: 400; text-align: justify;\">\n<p style=\"font-weight: 400; text-align: justify;\">Finalmente, el entrenador nacional agradeci\u00f3 la hospitalidad de Baja California Sur, por recibir a las jugadores, entrenadores y cuerpo t\u00e9cnico con calidad en los gimnasios donde entrenan, servicios m\u00e9dicos, alimentaci\u00f3n y atenciones que ayudan a llevar una preparaci\u00f3n adecuada para el reto panamericano.<\/p>\n","protected":false},"excerpt":{"rendered":"<p>La preselecci\u00f3n nacional de voleibol femenil sub-21 inici\u00f3 esta semana a entrenar en La Paz, Baja California Sur con miras<\/p>\n","protected":false},"author":1,"featured_media":106344,"comment_status":"open","ping_status":"closed","sticky":false,"template":"","format":"standard","meta":{"colormag_page_container_layout":"default_layout","colormag_page_sidebar_layout":"default_layout","_jetpack_memberships_contains_paid_content":false,"footnotes":"","jetpack_publicize_message":"","jetpack_publicize_feature_enabled":true,"jetpack_social_post_already_shared":true,"jetpack_social_options":{"image_generator_settings":{"template":"highway","default_image_id":0,"font":"","enabled":false},"version":2}},"categories":[23],"tags":[],"class_list":["post-106343","post","type-post","status-publish","format-standard","has-post-thumbnail","hentry","category-deportes"],"yoast_head":"<!-- This site is optimized with the Yoast SEO plugin v27.5 - https:\/\/yoast.com\/product\/yoast-seo-wordpress\/ -->\n<title>Recibir\u00e1 BCS la Copa Panamericana de Voleibol Femenil SUB-21 - NBCS Noticias<\/title>\n<meta name=\"robots\" content=\"index, follow, max-snippet:-1, max-image-preview:large, max-video-preview:-1\" \/>\n<link rel=\"canonical\" href=\"https:\/\/nbcs.mx\/?p=106343\" \/>\n<meta property=\"og:locale\" content=\"es_ES\" \/>\n<meta property=\"og:type\" content=\"article\" \/>\n<meta property=\"og:title\" content=\"Recibir\u00e1 BCS la Copa Panamericana de Voleibol Femenil SUB-21 - NBCS Noticias\" \/>\n<meta property=\"og:description\" content=\"La preselecci\u00f3n nacional de voleibol femenil sub-21 inici\u00f3 esta semana a entrenar en La Paz, Baja California Sur con miras\" \/>\n<meta property=\"og:url\" content=\"https:\/\/nbcs.mx\/?p=106343\" \/>\n<meta property=\"og:site_name\" content=\"NBCS Noticias\" \/>\n<meta property=\"article:publisher\" content=\"https:\/\/www.facebook.com\/NBCSnoticias\" \/>\n<meta property=\"article:author\" content=\"https:\/\/www.facebook.com\/NBCSnoticias\" \/>\n<meta property=\"article:published_time\" content=\"2022-05-21T00:24:11+00:00\" \/>\n<meta property=\"og:image\" content=\"https:\/\/nbcs.mx\/wp-content\/uploads\/2022\/05\/RECIBIRA-BCS-LA-COPA-PANAMERICANA-DE-VOLEIBOL-FEMENIL-SUB-21-1.jpeg\" \/>\n\t<meta property=\"og:image:width\" content=\"1280\" \/>\n\t<meta property=\"og:image:height\" content=\"853\" \/>\n\t<meta property=\"og:image:type\" content=\"image\/jpeg\" \/>\n<meta name=\"author\" content=\"NBCS Noticias\" \/>\n<meta name=\"twitter:card\" content=\"summary_large_image\" \/>\n<meta name=\"twitter:creator\" content=\"@https:\/\/twitter.com\/NBCSnoticias\" \/>\n<meta name=\"twitter:site\" content=\"@NBCSnoticias\" \/>\n<meta name=\"twitter:label1\" content=\"Escrito por\" \/>\n\t<meta name=\"twitter:data1\" content=\"NBCS Noticias\" \/>\n\t<meta name=\"twitter:label2\" content=\"Tiempo de lectura\" \/>\n\t<meta name=\"twitter:data2\" content=\"2 minutos\" \/>\n<script type=\"application\/ld+json\" class=\"yoast-schema-graph\">{\"@context\":\"https:\\\/\\\/schema.org\",\"@graph\":[{\"@type\":\"Article\",\"@id\":\"https:\\\/\\\/nbcs.mx\\\/?p=106343#article\",\"isPartOf\":{\"@id\":\"https:\\\/\\\/nbcs.mx\\\/?p=106343\"},\"author\":{\"name\":\"NBCS Noticias\",\"@id\":\"https:\\\/\\\/nbcs.mx\\\/#\\\/schema\\\/person\\\/ece58bab9a7c1e87a4d28ec9ecd79ff4\"},\"headline\":\"Recibir\u00e1 BCS la Copa Panamericana de Voleibol Femenil SUB-21\",\"datePublished\":\"2022-05-21T00:24:11+00:00\",\"mainEntityOfPage\":{\"@id\":\"https:\\\/\\\/nbcs.mx\\\/?p=106343\"},\"wordCount\":329,\"commentCount\":0,\"publisher\":{\"@id\":\"https:\\\/\\\/nbcs.mx\\\/#organization\"},\"image\":{\"@id\":\"https:\\\/\\\/nbcs.mx\\\/?p=106343#primaryimage\"},\"thumbnailUrl\":\"https:\\\/\\\/nbcs.mx\\\/wp-content\\\/uploads\\\/2022\\\/05\\\/RECIBIRA-BCS-LA-COPA-PANAMERICANA-DE-VOLEIBOL-FEMENIL-SUB-21-1.jpeg\",\"articleSection\":[\"Deportes\"],\"inLanguage\":\"es\",\"potentialAction\":[{\"@type\":\"CommentAction\",\"name\":\"Comment\",\"target\":[\"https:\\\/\\\/nbcs.mx\\\/?p=106343#respond\"]}]},{\"@type\":\"WebPage\",\"@id\":\"https:\\\/\\\/nbcs.mx\\\/?p=106343\",\"url\":\"https:\\\/\\\/nbcs.mx\\\/?p=106343\",\"name\":\"Recibir\u00e1 BCS la Copa Panamericana de Voleibol Femenil SUB-21 - NBCS Noticias\",\"isPartOf\":{\"@id\":\"https:\\\/\\\/nbcs.mx\\\/#website\"},\"primaryImageOfPage\":{\"@id\":\"https:\\\/\\\/nbcs.mx\\\/?p=106343#primaryimage\"},\"image\":{\"@id\":\"https:\\\/\\\/nbcs.mx\\\/?p=106343#primaryimage\"},\"thumbnailUrl\":\"https:\\\/\\\/nbcs.mx\\\/wp-content\\\/uploads\\\/2022\\\/05\\\/RECIBIRA-BCS-LA-COPA-PANAMERICANA-DE-VOLEIBOL-FEMENIL-SUB-21-1.jpeg\",\"datePublished\":\"2022-05-21T00:24:11+00:00\",\"breadcrumb\":{\"@id\":\"https:\\\/\\\/nbcs.mx\\\/?p=106343#breadcrumb\"},\"inLanguage\":\"es\",\"potentialAction\":[{\"@type\":\"ReadAction\",\"target\":[\"https:\\\/\\\/nbcs.mx\\\/?p=106343\"]}]},{\"@type\":\"ImageObject\",\"inLanguage\":\"es\",\"@id\":\"https:\\\/\\\/nbcs.mx\\\/?p=106343#primaryimage\",\"url\":\"https:\\\/\\\/nbcs.mx\\\/wp-content\\\/uploads\\\/2022\\\/05\\\/RECIBIRA-BCS-LA-COPA-PANAMERICANA-DE-VOLEIBOL-FEMENIL-SUB-21-1.jpeg\",\"contentUrl\":\"https:\\\/\\\/nbcs.mx\\\/wp-content\\\/uploads\\\/2022\\\/05\\\/RECIBIRA-BCS-LA-COPA-PANAMERICANA-DE-VOLEIBOL-FEMENIL-SUB-21-1.jpeg\",\"width\":1280,\"height\":853},{\"@type\":\"BreadcrumbList\",\"@id\":\"https:\\\/\\\/nbcs.mx\\\/?p=106343#breadcrumb\",\"itemListElement\":[{\"@type\":\"ListItem\",\"position\":1,\"name\":\"Portada\",\"item\":\"https:\\\/\\\/nbcs.mx\\\/\"},{\"@type\":\"ListItem\",\"position\":2,\"name\":\"Recibir\u00e1 BCS la Copa Panamericana de Voleibol Femenil SUB-21\"}]},{\"@type\":\"WebSite\",\"@id\":\"https:\\\/\\\/nbcs.mx\\\/#website\",\"url\":\"https:\\\/\\\/nbcs.mx\\\/\",\"name\":\"NBCS Noticias\",\"description\":\"Sitio web de noticias en Baja California Sur\",\"publisher\":{\"@id\":\"https:\\\/\\\/nbcs.mx\\\/#organization\"},\"potentialAction\":[{\"@type\":\"SearchAction\",\"target\":{\"@type\":\"EntryPoint\",\"urlTemplate\":\"https:\\\/\\\/nbcs.mx\\\/?s={search_term_string}\"},\"query-input\":{\"@type\":\"PropertyValueSpecification\",\"valueRequired\":true,\"valueName\":\"search_term_string\"}}],\"inLanguage\":\"es\"},{\"@type\":\"Organization\",\"@id\":\"https:\\\/\\\/nbcs.mx\\\/#organization\",\"name\":\"NBCS Noticias\",\"url\":\"https:\\\/\\\/nbcs.mx\\\/\",\"logo\":{\"@type\":\"ImageObject\",\"inLanguage\":\"es\",\"@id\":\"https:\\\/\\\/nbcs.mx\\\/#\\\/schema\\\/logo\\\/image\\\/\",\"url\":\"https:\\\/\\\/nbcs.mx\\\/wp-content\\\/uploads\\\/2018\\\/09\\\/057b69485e93575a5c2b1c1dde2dd297.jpeg\",\"contentUrl\":\"https:\\\/\\\/nbcs.mx\\\/wp-content\\\/uploads\\\/2018\\\/09\\\/057b69485e93575a5c2b1c1dde2dd297.jpeg\",\"width\":64,\"height\":64,\"caption\":\"NBCS Noticias\"},\"image\":{\"@id\":\"https:\\\/\\\/nbcs.mx\\\/#\\\/schema\\\/logo\\\/image\\\/\"},\"sameAs\":[\"https:\\\/\\\/www.facebook.com\\\/NBCSnoticias\",\"https:\\\/\\\/x.com\\\/NBCSnoticias\"]},{\"@type\":\"Person\",\"@id\":\"https:\\\/\\\/nbcs.mx\\\/#\\\/schema\\\/person\\\/ece58bab9a7c1e87a4d28ec9ecd79ff4\",\"name\":\"NBCS Noticias\",\"image\":{\"@type\":\"ImageObject\",\"inLanguage\":\"es\",\"@id\":\"https:\\\/\\\/secure.gravatar.com\\\/avatar\\\/4e52110cad1c4054b43271a0d14bbe9e2ea76aecd0e1097edfc670798d9ca1d4?s=96&d=blank&r=g\",\"url\":\"https:\\\/\\\/secure.gravatar.com\\\/avatar\\\/4e52110cad1c4054b43271a0d14bbe9e2ea76aecd0e1097edfc670798d9ca1d4?s=96&d=blank&r=g\",\"contentUrl\":\"https:\\\/\\\/secure.gravatar.com\\\/avatar\\\/4e52110cad1c4054b43271a0d14bbe9e2ea76aecd0e1097edfc670798d9ca1d4?s=96&d=blank&r=g\",\"caption\":\"NBCS Noticias\"},\"description\":\"\u00bfTienes fotos o video de alg\u00fan acto de posible negligencia, corrupci\u00f3n y abuso de autoridad? M\u00e1ndalo al WhatsApp de NBCS Noticias: 612 141 98 08\",\"sameAs\":[\"https:\\\/\\\/www.nbcs.mx\",\"https:\\\/\\\/www.facebook.com\\\/NBCSnoticias\",\"https:\\\/\\\/www.instagram.com\\\/nbcsnoticias\\\/\",\"https:\\\/\\\/x.com\\\/https:\\\/\\\/twitter.com\\\/NBCSnoticias\"]}]}<\/script>\n<!-- \/ Yoast SEO plugin. -->","yoast_head_json":{"title":"Recibir\u00e1 BCS la Copa Panamericana de Voleibol Femenil SUB-21 - NBCS Noticias","robots":{"index":"index","follow":"follow","max-snippet":"max-snippet:-1","max-image-preview":"max-image-preview:large","max-video-preview":"max-video-preview:-1"},"canonical":"https:\/\/nbcs.mx\/?p=106343","og_locale":"es_ES","og_type":"article","og_title":"Recibir\u00e1 BCS la Copa Panamericana de Voleibol Femenil SUB-21 - NBCS Noticias","og_description":"La preselecci\u00f3n nacional de voleibol femenil sub-21 inici\u00f3 esta semana a entrenar en La Paz, Baja California Sur con miras","og_url":"https:\/\/nbcs.mx\/?p=106343","og_site_name":"NBCS Noticias","article_publisher":"https:\/\/www.facebook.com\/NBCSnoticias","article_author":"https:\/\/www.facebook.com\/NBCSnoticias","article_published_time":"2022-05-21T00:24:11+00:00","og_image":[{"width":1280,"height":853,"url":"https:\/\/nbcs.mx\/wp-content\/uploads\/2022\/05\/RECIBIRA-BCS-LA-COPA-PANAMERICANA-DE-VOLEIBOL-FEMENIL-SUB-21-1.jpeg","type":"image\/jpeg"}],"author":"NBCS Noticias","twitter_card":"summary_large_image","twitter_creator":"@https:\/\/twitter.com\/NBCSnoticias","twitter_site":"@NBCSnoticias","twitter_misc":{"Escrito por":"NBCS Noticias","Tiempo de lectura":"2 minutos"},"schema":{"@context":"https:\/\/schema.org","@graph":[{"@type":"Article","@id":"https:\/\/nbcs.mx\/?p=106343#article","isPartOf":{"@id":"https:\/\/nbcs.mx\/?p=106343"},"author":{"name":"NBCS Noticias","@id":"https:\/\/nbcs.mx\/#\/schema\/person\/ece58bab9a7c1e87a4d28ec9ecd79ff4"},"headline":"Recibir\u00e1 BCS la Copa Panamericana de Voleibol Femenil SUB-21","datePublished":"2022-05-21T00:24:11+00:00","mainEntityOfPage":{"@id":"https:\/\/nbcs.mx\/?p=106343"},"wordCount":329,"commentCount":0,"publisher":{"@id":"https:\/\/nbcs.mx\/#organization"},"image":{"@id":"https:\/\/nbcs.mx\/?p=106343#primaryimage"},"thumbnailUrl":"https:\/\/nbcs.mx\/wp-content\/uploads\/2022\/05\/RECIBIRA-BCS-LA-COPA-PANAMERICANA-DE-VOLEIBOL-FEMENIL-SUB-21-1.jpeg","articleSection":["Deportes"],"inLanguage":"es","potentialAction":[{"@type":"CommentAction","name":"Comment","target":["https:\/\/nbcs.mx\/?p=106343#respond"]}]},{"@type":"WebPage","@id":"https:\/\/nbcs.mx\/?p=106343","url":"https:\/\/nbcs.mx\/?p=106343","name":"Recibir\u00e1 BCS la Copa Panamericana de Voleibol Femenil SUB-21 - NBCS Noticias","isPartOf":{"@id":"https:\/\/nbcs.mx\/#website"},"primaryImageOfPage":{"@id":"https:\/\/nbcs.mx\/?p=106343#primaryimage"},"image":{"@id":"https:\/\/nbcs.mx\/?p=106343#primaryimage"},"thumbnailUrl":"https:\/\/nbcs.mx\/wp-content\/uploads\/2022\/05\/RECIBIRA-BCS-LA-COPA-PANAMERICANA-DE-VOLEIBOL-FEMENIL-SUB-21-1.jpeg","datePublished":"2022-05-21T00:24:11+00:00","breadcrumb":{"@id":"https:\/\/nbcs.mx\/?p=106343#breadcrumb"},"inLanguage":"es","potentialAction":[{"@type":"ReadAction","target":["https:\/\/nbcs.mx\/?p=106343"]}]},{"@type":"ImageObject","inLanguage":"es","@id":"https:\/\/nbcs.mx\/?p=106343#primaryimage","url":"https:\/\/nbcs.mx\/wp-content\/uploads\/2022\/05\/RECIBIRA-BCS-LA-COPA-PANAMERICANA-DE-VOLEIBOL-FEMENIL-SUB-21-1.jpeg","contentUrl":"https:\/\/nbcs.mx\/wp-content\/uploads\/2022\/05\/RECIBIRA-BCS-LA-COPA-PANAMERICANA-DE-VOLEIBOL-FEMENIL-SUB-21-1.jpeg","width":1280,"height":853},{"@type":"BreadcrumbList","@id":"https:\/\/nbcs.mx\/?p=106343#breadcrumb","itemListElement":[{"@type":"ListItem","position":1,"name":"Portada","item":"https:\/\/nbcs.mx\/"},{"@type":"ListItem","position":2,"name":"Recibir\u00e1 BCS la Copa Panamericana de Voleibol Femenil SUB-21"}]},{"@type":"WebSite","@id":"https:\/\/nbcs.mx\/#website","url":"https:\/\/nbcs.mx\/","name":"NBCS Noticias","description":"Sitio web de noticias en Baja California Sur","publisher":{"@id":"https:\/\/nbcs.mx\/#organization"},"potentialAction":[{"@type":"SearchAction","target":{"@type":"EntryPoint","urlTemplate":"https:\/\/nbcs.mx\/?s={search_term_string}"},"query-input":{"@type":"PropertyValueSpecification","valueRequired":true,"valueName":"search_term_string"}}],"inLanguage":"es"},{"@type":"Organization","@id":"https:\/\/nbcs.mx\/#organization","name":"NBCS Noticias","url":"https:\/\/nbcs.mx\/","logo":{"@type":"ImageObject","inLanguage":"es","@id":"https:\/\/nbcs.mx\/#\/schema\/logo\/image\/","url":"https:\/\/nbcs.mx\/wp-content\/uploads\/2018\/09\/057b69485e93575a5c2b1c1dde2dd297.jpeg","contentUrl":"https:\/\/nbcs.mx\/wp-content\/uploads\/2018\/09\/057b69485e93575a5c2b1c1dde2dd297.jpeg","width":64,"height":64,"caption":"NBCS Noticias"},"image":{"@id":"https:\/\/nbcs.mx\/#\/schema\/logo\/image\/"},"sameAs":["https:\/\/www.facebook.com\/NBCSnoticias","https:\/\/x.com\/NBCSnoticias"]},{"@type":"Person","@id":"https:\/\/nbcs.mx\/#\/schema\/person\/ece58bab9a7c1e87a4d28ec9ecd79ff4","name":"NBCS Noticias","image":{"@type":"ImageObject","inLanguage":"es","@id":"https:\/\/secure.gravatar.com\/avatar\/4e52110cad1c4054b43271a0d14bbe9e2ea76aecd0e1097edfc670798d9ca1d4?s=96&d=blank&r=g","url":"https:\/\/secure.gravatar.com\/avatar\/4e52110cad1c4054b43271a0d14bbe9e2ea76aecd0e1097edfc670798d9ca1d4?s=96&d=blank&r=g","contentUrl":"https:\/\/secure.gravatar.com\/avatar\/4e52110cad1c4054b43271a0d14bbe9e2ea76aecd0e1097edfc670798d9ca1d4?s=96&d=blank&r=g","caption":"NBCS Noticias"},"description":"\u00bfTienes fotos o video de alg\u00fan acto de posible negligencia, corrupci\u00f3n y abuso de autoridad? M\u00e1ndalo al WhatsApp de NBCS Noticias: 612 141 98 08","sameAs":["https:\/\/www.nbcs.mx","https:\/\/www.facebook.com\/NBCSnoticias","https:\/\/www.instagram.com\/nbcsnoticias\/","https:\/\/x.com\/https:\/\/twitter.com\/NBCSnoticias"]}]}},"jetpack_publicize_connections":[],"jetpack_featured_media_url":"https:\/\/nbcs.mx\/wp-content\/uploads\/2022\/05\/RECIBIRA-BCS-LA-COPA-PANAMERICANA-DE-VOLEIBOL-FEMENIL-SUB-21-1.jpeg","jetpack_sharing_enabled":true,"_links":{"self":[{"href":"https:\/\/nbcs.mx\/index.php?rest_route=\/wp\/v2\/posts\/106343","targetHints":{"allow":["GET"]}}],"collection":[{"href":"https:\/\/nbcs.mx\/index.php?rest_route=\/wp\/v2\/posts"}],"about":[{"href":"https:\/\/nbcs.mx\/index.php?rest_route=\/wp\/v2\/types\/post"}],"author":[{"embeddable":true,"href":"https:\/\/nbcs.mx\/index.php?rest_route=\/wp\/v2\/users\/1"}],"replies":[{"embeddable":true,"href":"https:\/\/nbcs.mx\/index.php?rest_route=%2Fwp%2Fv2%2Fcomments&post=106343"}],"version-history":[{"count":1,"href":"https:\/\/nbcs.mx\/index.php?rest_route=\/wp\/v2\/posts\/106343\/revisions"}],"predecessor-version":[{"id":106345,"href":"https:\/\/nbcs.mx\/index.php?rest_route=\/wp\/v2\/posts\/106343\/revisions\/106345"}],"wp:featuredmedia":[{"embeddable":true,"href":"https:\/\/nbcs.mx\/index.php?rest_route=\/wp\/v2\/media\/106344"}],"wp:attachment":[{"href":"https:\/\/nbcs.mx\/index.php?rest_route=%2Fwp%2Fv2%2Fmedia&parent=106343"}],"wp:term":[{"taxonomy":"category","embeddable":true,"href":"https:\/\/nbcs.mx\/index.php?rest_route=%2Fwp%2Fv2%2Fcategories&post=106343"},{"taxonomy":"post_tag","embeddable":true,"href":"https:\/\/nbcs.mx\/index.php?rest_route=%2Fwp%2Fv2%2Ftags&post=106343"}],"curies":[{"name":"wp","href":"https:\/\/api.w.org\/{rel}","templated":true}]}}