{"id":106415,"date":"2022-05-22T21:08:07","date_gmt":"2022-05-23T03:08:07","guid":{"rendered":"https:\/\/nbcs.mx\/?p=106415"},"modified":"2022-05-22T21:08:07","modified_gmt":"2022-05-23T03:08:07","slug":"localizan-restos-oseos-en-la-carretera-la-paz-los-planes","status":"publish","type":"post","link":"https:\/\/nbcs.mx\/?p=106415","title":{"rendered":"Localizan restos \u00f3seos en la carretera La Paz \u2013 Los Planes"},"content":{"rendered":"<p style=\"font-weight: 400; text-align: justify;\"><img loading=\"lazy\" decoding=\"async\" class=\" wp-image-106416 alignleft\" src=\"https:\/\/nbcs.mx\/wp-content\/uploads\/2022\/05\/03229ed9-c2a4-4881-9377-5615b82b5c9b-755x486.jpeg\" alt=\"\" width=\"391\" height=\"252\" srcset=\"https:\/\/nbcs.mx\/wp-content\/uploads\/2022\/05\/03229ed9-c2a4-4881-9377-5615b82b5c9b-755x486.jpeg 755w, https:\/\/nbcs.mx\/wp-content\/uploads\/2022\/05\/03229ed9-c2a4-4881-9377-5615b82b5c9b-1024x660.jpeg 1024w, https:\/\/nbcs.mx\/wp-content\/uploads\/2022\/05\/03229ed9-c2a4-4881-9377-5615b82b5c9b-150x97.jpeg 150w, https:\/\/nbcs.mx\/wp-content\/uploads\/2022\/05\/03229ed9-c2a4-4881-9377-5615b82b5c9b-768x495.jpeg 768w, https:\/\/nbcs.mx\/wp-content\/uploads\/2022\/05\/03229ed9-c2a4-4881-9377-5615b82b5c9b.jpeg 1079w\" sizes=\"auto, (max-width: 391px) 100vw, 391px\" \/>La Paz, Baja California Sur.- La Procuradur\u00eda General de Justicia del Estado (PGJE) informa que aproximadamente a las 15:35 de este domingo 22 del mes en curso, tuvo conocimiento de que\u00a0aproximadamente en el kil\u00f3metro 7.5 del tramo carretero La Paz-Los Planes sobre la l\u00ednea de las antenas, elementos de la Secretar\u00eda de Seguridad P\u00fablica del Estado, localizaron \u00f3seos, al parecer de un hombre, en avanzado estado de descomposici\u00f3n, sin aparentes signos de violencia.<\/p>\n<p style=\"font-weight: 400; text-align: justify;\">\n<p style=\"font-weight: 400; text-align: justify;\">En el lugar se constituyeron Agentes Estatales de Investigaci\u00f3n Criminal (AEIC) y peritos adscritos a la Direcci\u00f3n de Servicios Periciales, quienes\u00a0localizaron\u00a0en el lugar de referencia, la osamenta humana, con prendas de vestir de hombre.<\/p>\n<p style=\"font-weight: 400; text-align: justify;\">\n<p style=\"font-weight: 400; text-align: justify;\">Se hicieron cargo del lugar de intervenci\u00f3n, ordenaron su levantamiento y traslado al Servicio M\u00e9dico Forense (SEMEFO) para la pr\u00e1ctica de la necropsia de ley.<\/p>\n<p style=\"font-weight: 400; text-align: justify;\">\n<p style=\"font-weight: 400; text-align: justify;\">El occiso est\u00e1 en calidad de desconocido.<\/p>\n<p style=\"font-weight: 400; text-align: justify;\">\n<p style=\"font-weight: 400; text-align: justify;\">Por lo anterior, el agente del Ministerio P\u00fablico de la Unidad Especializada en la Investigaci\u00f3n de Delito de Desaparici\u00f3n de Personas, inici\u00f3 la Carpeta correspondiente para realizar los peritajes necesarios con todos y cada uno de los datos de prueba y evidencias que se encontraron en el lugar, para lograr su esclarecimiento.<\/p>\n<p style=\"font-weight: 400; text-align: justify;\">\n","protected":false},"excerpt":{"rendered":"<p>La Paz, Baja California Sur.- La Procuradur\u00eda General de Justicia del Estado (PGJE) informa que aproximadamente a las 15:35 de<\/p>\n","protected":false},"author":1,"featured_media":106416,"comment_status":"open","ping_status":"closed","sticky":false,"template":"","format":"standard","meta":{"colormag_page_container_layout":"default_layout","colormag_page_sidebar_layout":"default_layout","_jetpack_newsletter_access":"","_jetpack_dont_email_post_to_subs":false,"_jetpack_newsletter_tier_id":0,"_jetpack_memberships_contains_paywalled_content":false,"_jetpack_feature_clip_id":0,"_jetpack_memberships_contains_paid_content":false,"footnotes":"","jetpack_publicize_message":"","jetpack_publicize_feature_enabled":true,"jetpack_social_post_already_shared":true,"jetpack_social_options":{"image_generator_settings":{"template":"highway","default_image_id":0,"font":"","enabled":false},"version":2},"jetpack_post_was_ever_published":false},"categories":[22],"tags":[],"class_list":["post-106415","post","type-post","status-publish","format-standard","has-post-thumbnail","hentry","category-policiacas"],"yoast_head":"<!-- This site is optimized with the Yoast SEO plugin v28.3 - https:\/\/yoast.com\/product\/yoast-seo-wordpress\/ -->\n<title>Localizan restos \u00f3seos en la carretera La Paz \u2013 Los Planes - NBCS Noticias<\/title>\n<meta name=\"robots\" content=\"index, follow, max-snippet:-1, max-image-preview:large, max-video-preview:-1\" \/>\n<link rel=\"canonical\" href=\"https:\/\/nbcs.mx\/?p=106415\" \/>\n<meta property=\"og:locale\" content=\"es_ES\" \/>\n<meta property=\"og:type\" content=\"article\" \/>\n<meta property=\"og:title\" content=\"Localizan restos \u00f3seos en la carretera La Paz \u2013 Los Planes - NBCS Noticias\" \/>\n<meta property=\"og:description\" content=\"La Paz, Baja California Sur.- La Procuradur\u00eda General de Justicia del Estado (PGJE) informa que aproximadamente a las 15:35 de\" \/>\n<meta property=\"og:url\" content=\"https:\/\/nbcs.mx\/?p=106415\" \/>\n<meta property=\"og:site_name\" content=\"NBCS Noticias\" \/>\n<meta property=\"article:publisher\" content=\"https:\/\/www.facebook.com\/NBCSnoticias\" \/>\n<meta property=\"article:author\" content=\"https:\/\/www.facebook.com\/NBCSnoticias\" \/>\n<meta property=\"article:published_time\" content=\"2022-05-23T03:08:07+00:00\" \/>\n<meta property=\"og:image\" content=\"https:\/\/nbcs.mx\/wp-content\/uploads\/2022\/05\/03229ed9-c2a4-4881-9377-5615b82b5c9b.jpeg\" \/>\n\t<meta property=\"og:image:width\" content=\"1079\" \/>\n\t<meta property=\"og:image:height\" content=\"695\" \/>\n\t<meta property=\"og:image:type\" content=\"image\/jpeg\" \/>\n<meta name=\"author\" content=\"NBCS Noticias\" \/>\n<meta name=\"twitter:card\" content=\"summary_large_image\" \/>\n<meta name=\"twitter:creator\" content=\"@https:\/\/twitter.com\/NBCSnoticias\" \/>\n<meta name=\"twitter:site\" content=\"@NBCSnoticias\" \/>\n<meta name=\"twitter:label1\" content=\"Escrito por\" \/>\n\t<meta name=\"twitter:data1\" content=\"NBCS Noticias\" \/>\n\t<meta name=\"twitter:label2\" content=\"Tiempo de lectura\" \/>\n\t<meta name=\"twitter:data2\" content=\"1 minuto\" \/>\n<script type=\"application\/ld+json\" class=\"yoast-schema-graph\">{\"@context\":\"https:\\\/\\\/schema.org\",\"@graph\":[{\"@type\":\"Article\",\"@id\":\"https:\\\/\\\/nbcs.mx\\\/?p=106415#article\",\"isPartOf\":{\"@id\":\"https:\\\/\\\/nbcs.mx\\\/?p=106415\"},\"author\":{\"name\":\"NBCS Noticias\",\"@id\":\"https:\\\/\\\/nbcs.mx\\\/#\\\/schema\\\/person\\\/ece58bab9a7c1e87a4d28ec9ecd79ff4\"},\"headline\":\"Localizan restos \u00f3seos en la carretera La Paz \u2013 Los Planes\",\"datePublished\":\"2022-05-23T03:08:07+00:00\",\"mainEntityOfPage\":{\"@id\":\"https:\\\/\\\/nbcs.mx\\\/?p=106415\"},\"wordCount\":216,\"commentCount\":0,\"publisher\":{\"@id\":\"https:\\\/\\\/nbcs.mx\\\/#organization\"},\"image\":{\"@id\":\"https:\\\/\\\/nbcs.mx\\\/?p=106415#primaryimage\"},\"thumbnailUrl\":\"https:\\\/\\\/nbcs.mx\\\/wp-content\\\/uploads\\\/2022\\\/05\\\/03229ed9-c2a4-4881-9377-5615b82b5c9b.jpeg\",\"articleSection\":[\"Policiacas\"],\"inLanguage\":\"es\",\"potentialAction\":[{\"@type\":\"CommentAction\",\"name\":\"Comment\",\"target\":[\"https:\\\/\\\/nbcs.mx\\\/?p=106415#respond\"]}]},{\"@type\":\"WebPage\",\"@id\":\"https:\\\/\\\/nbcs.mx\\\/?p=106415\",\"url\":\"https:\\\/\\\/nbcs.mx\\\/?p=106415\",\"name\":\"Localizan restos \u00f3seos en la carretera La Paz \u2013 Los Planes - NBCS Noticias\",\"isPartOf\":{\"@id\":\"https:\\\/\\\/nbcs.mx\\\/#website\"},\"primaryImageOfPage\":{\"@id\":\"https:\\\/\\\/nbcs.mx\\\/?p=106415#primaryimage\"},\"image\":{\"@id\":\"https:\\\/\\\/nbcs.mx\\\/?p=106415#primaryimage\"},\"thumbnailUrl\":\"https:\\\/\\\/nbcs.mx\\\/wp-content\\\/uploads\\\/2022\\\/05\\\/03229ed9-c2a4-4881-9377-5615b82b5c9b.jpeg\",\"datePublished\":\"2022-05-23T03:08:07+00:00\",\"breadcrumb\":{\"@id\":\"https:\\\/\\\/nbcs.mx\\\/?p=106415#breadcrumb\"},\"inLanguage\":\"es\",\"potentialAction\":[{\"@type\":\"ReadAction\",\"target\":[\"https:\\\/\\\/nbcs.mx\\\/?p=106415\"]}]},{\"@type\":\"ImageObject\",\"inLanguage\":\"es\",\"@id\":\"https:\\\/\\\/nbcs.mx\\\/?p=106415#primaryimage\",\"url\":\"https:\\\/\\\/nbcs.mx\\\/wp-content\\\/uploads\\\/2022\\\/05\\\/03229ed9-c2a4-4881-9377-5615b82b5c9b.jpeg\",\"contentUrl\":\"https:\\\/\\\/nbcs.mx\\\/wp-content\\\/uploads\\\/2022\\\/05\\\/03229ed9-c2a4-4881-9377-5615b82b5c9b.jpeg\",\"width\":1079,\"height\":695},{\"@type\":\"BreadcrumbList\",\"@id\":\"https:\\\/\\\/nbcs.mx\\\/?p=106415#breadcrumb\",\"itemListElement\":[{\"@type\":\"ListItem\",\"position\":1,\"name\":\"Portada\",\"item\":\"https:\\\/\\\/nbcs.mx\\\/\"},{\"@type\":\"ListItem\",\"position\":2,\"name\":\"Localizan restos \u00f3seos en la carretera La Paz \u2013 Los Planes\"}]},{\"@type\":\"WebSite\",\"@id\":\"https:\\\/\\\/nbcs.mx\\\/#website\",\"url\":\"https:\\\/\\\/nbcs.mx\\\/\",\"name\":\"NBCS Noticias\",\"description\":\"Sitio web de noticias en Baja California Sur\",\"publisher\":{\"@id\":\"https:\\\/\\\/nbcs.mx\\\/#organization\"},\"potentialAction\":[{\"@type\":\"SearchAction\",\"target\":{\"@type\":\"EntryPoint\",\"urlTemplate\":\"https:\\\/\\\/nbcs.mx\\\/?s={search_term_string}\"},\"query-input\":{\"@type\":\"PropertyValueSpecification\",\"valueRequired\":true,\"valueName\":\"search_term_string\"}}],\"inLanguage\":\"es\"},{\"@type\":\"Organization\",\"@id\":\"https:\\\/\\\/nbcs.mx\\\/#organization\",\"name\":\"NBCS Noticias\",\"url\":\"https:\\\/\\\/nbcs.mx\\\/\",\"logo\":{\"@type\":\"ImageObject\",\"inLanguage\":\"es\",\"@id\":\"https:\\\/\\\/nbcs.mx\\\/#\\\/schema\\\/logo\\\/image\\\/\",\"url\":\"https:\\\/\\\/nbcs.mx\\\/wp-content\\\/uploads\\\/2018\\\/09\\\/057b69485e93575a5c2b1c1dde2dd297.jpeg\",\"contentUrl\":\"https:\\\/\\\/nbcs.mx\\\/wp-content\\\/uploads\\\/2018\\\/09\\\/057b69485e93575a5c2b1c1dde2dd297.jpeg\",\"width\":64,\"height\":64,\"caption\":\"NBCS Noticias\"},\"image\":{\"@id\":\"https:\\\/\\\/nbcs.mx\\\/#\\\/schema\\\/logo\\\/image\\\/\"},\"sameAs\":[\"https:\\\/\\\/www.facebook.com\\\/NBCSnoticias\",\"https:\\\/\\\/x.com\\\/NBCSnoticias\"]},{\"@type\":\"Person\",\"@id\":\"https:\\\/\\\/nbcs.mx\\\/#\\\/schema\\\/person\\\/ece58bab9a7c1e87a4d28ec9ecd79ff4\",\"name\":\"NBCS Noticias\",\"image\":{\"@type\":\"ImageObject\",\"inLanguage\":\"es\",\"@id\":\"https:\\\/\\\/secure.gravatar.com\\\/avatar\\\/4e52110cad1c4054b43271a0d14bbe9e2ea76aecd0e1097edfc670798d9ca1d4?s=96&d=blank&r=g\",\"url\":\"https:\\\/\\\/secure.gravatar.com\\\/avatar\\\/4e52110cad1c4054b43271a0d14bbe9e2ea76aecd0e1097edfc670798d9ca1d4?s=96&d=blank&r=g\",\"contentUrl\":\"https:\\\/\\\/secure.gravatar.com\\\/avatar\\\/4e52110cad1c4054b43271a0d14bbe9e2ea76aecd0e1097edfc670798d9ca1d4?s=96&d=blank&r=g\",\"caption\":\"NBCS Noticias\"},\"description\":\"\u00bfTienes fotos o video de alg\u00fan acto de posible negligencia, corrupci\u00f3n y abuso de autoridad? M\u00e1ndalo al WhatsApp de NBCS Noticias: 612 141 98 08\",\"sameAs\":[\"https:\\\/\\\/www.nbcs.mx\",\"https:\\\/\\\/www.facebook.com\\\/NBCSnoticias\",\"https:\\\/\\\/www.instagram.com\\\/nbcsnoticias\\\/\",\"https:\\\/\\\/x.com\\\/https:\\\/\\\/twitter.com\\\/NBCSnoticias\"]}]}<\/script>\n<!-- \/ Yoast SEO plugin. -->","yoast_head_json":{"title":"Localizan restos \u00f3seos en la carretera La Paz \u2013 Los Planes - NBCS Noticias","robots":{"index":"index","follow":"follow","max-snippet":"max-snippet:-1","max-image-preview":"max-image-preview:large","max-video-preview":"max-video-preview:-1"},"canonical":"https:\/\/nbcs.mx\/?p=106415","og_locale":"es_ES","og_type":"article","og_title":"Localizan restos \u00f3seos en la carretera La Paz \u2013 Los Planes - NBCS Noticias","og_description":"La Paz, Baja California Sur.- La Procuradur\u00eda General de Justicia del Estado (PGJE) informa que aproximadamente a las 15:35 de","og_url":"https:\/\/nbcs.mx\/?p=106415","og_site_name":"NBCS Noticias","article_publisher":"https:\/\/www.facebook.com\/NBCSnoticias","article_author":"https:\/\/www.facebook.com\/NBCSnoticias","article_published_time":"2022-05-23T03:08:07+00:00","og_image":[{"width":1079,"height":695,"url":"https:\/\/nbcs.mx\/wp-content\/uploads\/2022\/05\/03229ed9-c2a4-4881-9377-5615b82b5c9b.jpeg","type":"image\/jpeg"}],"author":"NBCS Noticias","twitter_card":"summary_large_image","twitter_creator":"@https:\/\/twitter.com\/NBCSnoticias","twitter_site":"@NBCSnoticias","twitter_misc":{"Escrito por":"NBCS Noticias","Tiempo de lectura":"1 minuto"},"schema":{"@context":"https:\/\/schema.org","@graph":[{"@type":"Article","@id":"https:\/\/nbcs.mx\/?p=106415#article","isPartOf":{"@id":"https:\/\/nbcs.mx\/?p=106415"},"author":{"name":"NBCS Noticias","@id":"https:\/\/nbcs.mx\/#\/schema\/person\/ece58bab9a7c1e87a4d28ec9ecd79ff4"},"headline":"Localizan restos \u00f3seos en la carretera La Paz \u2013 Los Planes","datePublished":"2022-05-23T03:08:07+00:00","mainEntityOfPage":{"@id":"https:\/\/nbcs.mx\/?p=106415"},"wordCount":216,"commentCount":0,"publisher":{"@id":"https:\/\/nbcs.mx\/#organization"},"image":{"@id":"https:\/\/nbcs.mx\/?p=106415#primaryimage"},"thumbnailUrl":"https:\/\/nbcs.mx\/wp-content\/uploads\/2022\/05\/03229ed9-c2a4-4881-9377-5615b82b5c9b.jpeg","articleSection":["Policiacas"],"inLanguage":"es","potentialAction":[{"@type":"CommentAction","name":"Comment","target":["https:\/\/nbcs.mx\/?p=106415#respond"]}]},{"@type":"WebPage","@id":"https:\/\/nbcs.mx\/?p=106415","url":"https:\/\/nbcs.mx\/?p=106415","name":"Localizan restos \u00f3seos en la carretera La Paz \u2013 Los Planes - NBCS Noticias","isPartOf":{"@id":"https:\/\/nbcs.mx\/#website"},"primaryImageOfPage":{"@id":"https:\/\/nbcs.mx\/?p=106415#primaryimage"},"image":{"@id":"https:\/\/nbcs.mx\/?p=106415#primaryimage"},"thumbnailUrl":"https:\/\/nbcs.mx\/wp-content\/uploads\/2022\/05\/03229ed9-c2a4-4881-9377-5615b82b5c9b.jpeg","datePublished":"2022-05-23T03:08:07+00:00","breadcrumb":{"@id":"https:\/\/nbcs.mx\/?p=106415#breadcrumb"},"inLanguage":"es","potentialAction":[{"@type":"ReadAction","target":["https:\/\/nbcs.mx\/?p=106415"]}]},{"@type":"ImageObject","inLanguage":"es","@id":"https:\/\/nbcs.mx\/?p=106415#primaryimage","url":"https:\/\/nbcs.mx\/wp-content\/uploads\/2022\/05\/03229ed9-c2a4-4881-9377-5615b82b5c9b.jpeg","contentUrl":"https:\/\/nbcs.mx\/wp-content\/uploads\/2022\/05\/03229ed9-c2a4-4881-9377-5615b82b5c9b.jpeg","width":1079,"height":695},{"@type":"BreadcrumbList","@id":"https:\/\/nbcs.mx\/?p=106415#breadcrumb","itemListElement":[{"@type":"ListItem","position":1,"name":"Portada","item":"https:\/\/nbcs.mx\/"},{"@type":"ListItem","position":2,"name":"Localizan restos \u00f3seos en la carretera La Paz \u2013 Los Planes"}]},{"@type":"WebSite","@id":"https:\/\/nbcs.mx\/#website","url":"https:\/\/nbcs.mx\/","name":"NBCS Noticias","description":"Sitio web de noticias en Baja California Sur","publisher":{"@id":"https:\/\/nbcs.mx\/#organization"},"potentialAction":[{"@type":"SearchAction","target":{"@type":"EntryPoint","urlTemplate":"https:\/\/nbcs.mx\/?s={search_term_string}"},"query-input":{"@type":"PropertyValueSpecification","valueRequired":true,"valueName":"search_term_string"}}],"inLanguage":"es"},{"@type":"Organization","@id":"https:\/\/nbcs.mx\/#organization","name":"NBCS Noticias","url":"https:\/\/nbcs.mx\/","logo":{"@type":"ImageObject","inLanguage":"es","@id":"https:\/\/nbcs.mx\/#\/schema\/logo\/image\/","url":"https:\/\/nbcs.mx\/wp-content\/uploads\/2018\/09\/057b69485e93575a5c2b1c1dde2dd297.jpeg","contentUrl":"https:\/\/nbcs.mx\/wp-content\/uploads\/2018\/09\/057b69485e93575a5c2b1c1dde2dd297.jpeg","width":64,"height":64,"caption":"NBCS Noticias"},"image":{"@id":"https:\/\/nbcs.mx\/#\/schema\/logo\/image\/"},"sameAs":["https:\/\/www.facebook.com\/NBCSnoticias","https:\/\/x.com\/NBCSnoticias"]},{"@type":"Person","@id":"https:\/\/nbcs.mx\/#\/schema\/person\/ece58bab9a7c1e87a4d28ec9ecd79ff4","name":"NBCS Noticias","image":{"@type":"ImageObject","inLanguage":"es","@id":"https:\/\/secure.gravatar.com\/avatar\/4e52110cad1c4054b43271a0d14bbe9e2ea76aecd0e1097edfc670798d9ca1d4?s=96&d=blank&r=g","url":"https:\/\/secure.gravatar.com\/avatar\/4e52110cad1c4054b43271a0d14bbe9e2ea76aecd0e1097edfc670798d9ca1d4?s=96&d=blank&r=g","contentUrl":"https:\/\/secure.gravatar.com\/avatar\/4e52110cad1c4054b43271a0d14bbe9e2ea76aecd0e1097edfc670798d9ca1d4?s=96&d=blank&r=g","caption":"NBCS Noticias"},"description":"\u00bfTienes fotos o video de alg\u00fan acto de posible negligencia, corrupci\u00f3n y abuso de autoridad? M\u00e1ndalo al WhatsApp de NBCS Noticias: 612 141 98 08","sameAs":["https:\/\/www.nbcs.mx","https:\/\/www.facebook.com\/NBCSnoticias","https:\/\/www.instagram.com\/nbcsnoticias\/","https:\/\/x.com\/https:\/\/twitter.com\/NBCSnoticias"]}]}},"jetpack_publicize_connections":[],"jetpack_sharing_enabled":true,"jetpack_featured_media_url":"https:\/\/nbcs.mx\/wp-content\/uploads\/2022\/05\/03229ed9-c2a4-4881-9377-5615b82b5c9b.jpeg","_links":{"self":[{"href":"https:\/\/nbcs.mx\/index.php?rest_route=\/wp\/v2\/posts\/106415","targetHints":{"allow":["GET"]}}],"collection":[{"href":"https:\/\/nbcs.mx\/index.php?rest_route=\/wp\/v2\/posts"}],"about":[{"href":"https:\/\/nbcs.mx\/index.php?rest_route=\/wp\/v2\/types\/post"}],"author":[{"embeddable":true,"href":"https:\/\/nbcs.mx\/index.php?rest_route=\/wp\/v2\/users\/1"}],"replies":[{"embeddable":true,"href":"https:\/\/nbcs.mx\/index.php?rest_route=%2Fwp%2Fv2%2Fcomments&post=106415"}],"version-history":[{"count":1,"href":"https:\/\/nbcs.mx\/index.php?rest_route=\/wp\/v2\/posts\/106415\/revisions"}],"predecessor-version":[{"id":106417,"href":"https:\/\/nbcs.mx\/index.php?rest_route=\/wp\/v2\/posts\/106415\/revisions\/106417"}],"wp:featuredmedia":[{"embeddable":true,"href":"https:\/\/nbcs.mx\/index.php?rest_route=\/wp\/v2\/media\/106416"}],"wp:attachment":[{"href":"https:\/\/nbcs.mx\/index.php?rest_route=%2Fwp%2Fv2%2Fmedia&parent=106415"}],"wp:term":[{"taxonomy":"category","embeddable":true,"href":"https:\/\/nbcs.mx\/index.php?rest_route=%2Fwp%2Fv2%2Fcategories&post=106415"},{"taxonomy":"post_tag","embeddable":true,"href":"https:\/\/nbcs.mx\/index.php?rest_route=%2Fwp%2Fv2%2Ftags&post=106415"}],"curies":[{"name":"wp","href":"https:\/\/api.w.org\/{rel}","templated":true}]}}