{"id":107996,"date":"2022-06-16T15:56:08","date_gmt":"2022-06-16T21:56:08","guid":{"rendered":"https:\/\/nbcs.mx\/?p=107996"},"modified":"2022-06-16T15:56:08","modified_gmt":"2022-06-16T21:56:08","slug":"los-cabos-retrocede-al-color-amarillo-del-indicador-epidemeologico-estatal-dr-juan-carlos-costich","status":"publish","type":"post","link":"https:\/\/nbcs.mx\/?p=107996","title":{"rendered":"Los Cabos retrocede al color amarillo del Indicador Epidemeolog\u00edco Estatal: Dr. Juan Carlos Costich"},"content":{"rendered":"<p style=\"font-weight: 400; text-align: justify;\"><img loading=\"lazy\" decoding=\"async\" class=\" wp-image-107997 alignleft\" src=\"https:\/\/nbcs.mx\/wp-content\/uploads\/2022\/06\/02-Los-Cabos-retrocede-al-color-amarillo-del-Indicador-Epidemeologico-Estatal_-Dr.-Juan-Carlos-Costich-Perez-1-755x475.jpg\" alt=\"\" width=\"386\" height=\"243\" srcset=\"https:\/\/nbcs.mx\/wp-content\/uploads\/2022\/06\/02-Los-Cabos-retrocede-al-color-amarillo-del-Indicador-Epidemeologico-Estatal_-Dr.-Juan-Carlos-Costich-Perez-1-755x475.jpg 755w, https:\/\/nbcs.mx\/wp-content\/uploads\/2022\/06\/02-Los-Cabos-retrocede-al-color-amarillo-del-Indicador-Epidemeologico-Estatal_-Dr.-Juan-Carlos-Costich-Perez-1-150x94.jpg 150w, https:\/\/nbcs.mx\/wp-content\/uploads\/2022\/06\/02-Los-Cabos-retrocede-al-color-amarillo-del-Indicador-Epidemeologico-Estatal_-Dr.-Juan-Carlos-Costich-Perez-1-768x483.jpg 768w, https:\/\/nbcs.mx\/wp-content\/uploads\/2022\/06\/02-Los-Cabos-retrocede-al-color-amarillo-del-Indicador-Epidemeologico-Estatal_-Dr.-Juan-Carlos-Costich-Perez-1.jpg 1024w\" sizes=\"auto, (max-width: 386px) 100vw, 386px\" \/>Los Cabos, Baja California Sur.- Debido al aumento de casos de COVID-19 que se ha presentado en Los Cabos en las \u00faltimas 2 semanas, el Comit\u00e9 Estatal de Seguridad en Salud, determin\u00f3 que Los Cabos ahora se encuentra en el color amarillo del Indicador Epidemiolog\u00edco Estatal, al contar con 348 casos activos y 10 hospitalizados, al momento de la redaccion.<\/p>\n<p style=\"font-weight: 400; text-align: justify;\">\n<p style=\"font-weight: 400; text-align: justify;\">Al respecto, el director municipal de Salud, Dr. Juan Carlos Costich Perez, inform\u00f3 que los acuerdos que se tomaron en el Comit\u00e9 Estatal de Seguridad en Salud, fueron: el cierre de establecimientos, restaurantes y centros nocturnos con venta de alcohol hasta las 3:00 de la ma\u00f1ana, as\u00ed como el aforo del 70% en espacios cerrados; asimismo, el servidor p\u00fablico indic\u00f3 que se estipul\u00f3 el recomendar a la Secretar\u00eda de Educaci\u00f3n P\u00fablica (SEP) la suspensi\u00f3n de clases presenciales a partir del 23 de junio.<\/p>\n<p style=\"font-weight: 400; text-align: justify;\">\n<p style=\"font-weight: 400; text-align: justify;\">\u201cNosotros vamos a redoblar los esfuerzos de la mano de las dem\u00e1s direcciones del Ayuntamiento de Los Cabos, verificando que se respeten estos acuerdos, particularmente los aforos y el horario de cierre de los establecimientos. Invitamos a la ciudadan\u00eda en general a evitar reuniones o lugares que est\u00e9n muy concurridos, as\u00ed como a hacer uso de su cubrebocas en todo momento. Estamos ante una 5ta ola que se est\u00e1 viviendo en todo el pa\u00eds, aunque ha sido con sintomatolog\u00eda de cuadros muy leves, la indicaci\u00f3n es continuar con las medidas sanitarias, redoblar esfuerzos y respetar las indicaciones de este Comit\u00e9\u201d, enfatiz\u00f3 el Dr. Costich Perez.<\/p>\n<p style=\"font-weight: 400; text-align: justify;\">\n<p style=\"font-weight: 400; text-align: justify;\">Para finalizar, el titular municipal de Salud invit\u00f3 a la ciudadan\u00eda cabe\u00f1a a mantener la sana distancia de 1.5 metros y portar correctamente el cubrebocas en todo momento, con el objetivo de que en la pr\u00f3xima sesi\u00f3n del Comit\u00e9 se pueda avanzar de manera positiva en el Indicador Epidemiol\u00f3gico Estatal; de igual manera, el Dr. Juan Carlos Costich Perez, puso a disposici\u00f3n de la ciudadan\u00eda las Brigadas M\u00e9dicas de Salud, cuya unidad m\u00f3vil actualmente se encuentra en la colonia Arcos del Sol en Cabo San Lucas.<\/p>\n<p style=\"font-weight: 400; text-align: justify;\">\n<p style=\"font-weight: 400; text-align: justify;\">\n","protected":false},"excerpt":{"rendered":"<p>Los Cabos, Baja California Sur.- Debido al aumento de casos de COVID-19 que se ha presentado en Los Cabos en<\/p>\n","protected":false},"author":1,"featured_media":107997,"comment_status":"open","ping_status":"closed","sticky":false,"template":"","format":"standard","meta":{"colormag_page_container_layout":"default_layout","colormag_page_sidebar_layout":"default_layout","_jetpack_memberships_contains_paid_content":false,"footnotes":"","jetpack_publicize_message":"","jetpack_publicize_feature_enabled":true,"jetpack_social_post_already_shared":true,"jetpack_social_options":{"image_generator_settings":{"template":"highway","default_image_id":0,"font":"","enabled":false},"version":2}},"categories":[40],"tags":[],"class_list":["post-107996","post","type-post","status-publish","format-standard","has-post-thumbnail","hentry","category-municipios"],"yoast_head":"<!-- This site is optimized with the Yoast SEO plugin v27.5 - https:\/\/yoast.com\/product\/yoast-seo-wordpress\/ -->\n<title>Los Cabos retrocede al color amarillo del Indicador Epidemeolog\u00edco Estatal: Dr. Juan Carlos Costich - NBCS Noticias<\/title>\n<meta name=\"robots\" content=\"index, follow, max-snippet:-1, max-image-preview:large, max-video-preview:-1\" \/>\n<link rel=\"canonical\" href=\"https:\/\/nbcs.mx\/?p=107996\" \/>\n<meta property=\"og:locale\" content=\"es_ES\" \/>\n<meta property=\"og:type\" content=\"article\" \/>\n<meta property=\"og:title\" content=\"Los Cabos retrocede al color amarillo del Indicador Epidemeolog\u00edco Estatal: Dr. Juan Carlos Costich - NBCS Noticias\" \/>\n<meta property=\"og:description\" content=\"Los Cabos, Baja California Sur.- Debido al aumento de casos de COVID-19 que se ha presentado en Los Cabos en\" \/>\n<meta property=\"og:url\" content=\"https:\/\/nbcs.mx\/?p=107996\" \/>\n<meta property=\"og:site_name\" content=\"NBCS Noticias\" \/>\n<meta property=\"article:publisher\" content=\"https:\/\/www.facebook.com\/NBCSnoticias\" \/>\n<meta property=\"article:author\" content=\"https:\/\/www.facebook.com\/NBCSnoticias\" \/>\n<meta property=\"article:published_time\" content=\"2022-06-16T21:56:08+00:00\" \/>\n<meta property=\"og:image\" content=\"https:\/\/nbcs.mx\/wp-content\/uploads\/2022\/06\/02-Los-Cabos-retrocede-al-color-amarillo-del-Indicador-Epidemeologico-Estatal_-Dr.-Juan-Carlos-Costich-Perez-1.jpg\" \/>\n\t<meta property=\"og:image:width\" content=\"1024\" \/>\n\t<meta property=\"og:image:height\" content=\"644\" \/>\n\t<meta property=\"og:image:type\" content=\"image\/jpeg\" \/>\n<meta name=\"author\" content=\"NBCS Noticias\" \/>\n<meta name=\"twitter:card\" content=\"summary_large_image\" \/>\n<meta name=\"twitter:creator\" content=\"@https:\/\/twitter.com\/NBCSnoticias\" \/>\n<meta name=\"twitter:site\" content=\"@NBCSnoticias\" \/>\n<meta name=\"twitter:label1\" content=\"Escrito por\" \/>\n\t<meta name=\"twitter:data1\" content=\"NBCS Noticias\" \/>\n\t<meta name=\"twitter:label2\" content=\"Tiempo de lectura\" \/>\n\t<meta name=\"twitter:data2\" content=\"2 minutos\" \/>\n<script type=\"application\/ld+json\" class=\"yoast-schema-graph\">{\"@context\":\"https:\\\/\\\/schema.org\",\"@graph\":[{\"@type\":\"Article\",\"@id\":\"https:\\\/\\\/nbcs.mx\\\/?p=107996#article\",\"isPartOf\":{\"@id\":\"https:\\\/\\\/nbcs.mx\\\/?p=107996\"},\"author\":{\"name\":\"NBCS Noticias\",\"@id\":\"https:\\\/\\\/nbcs.mx\\\/#\\\/schema\\\/person\\\/ece58bab9a7c1e87a4d28ec9ecd79ff4\"},\"headline\":\"Los Cabos retrocede al color amarillo del Indicador Epidemeolog\u00edco Estatal: Dr. Juan Carlos Costich\",\"datePublished\":\"2022-06-16T21:56:08+00:00\",\"mainEntityOfPage\":{\"@id\":\"https:\\\/\\\/nbcs.mx\\\/?p=107996\"},\"wordCount\":365,\"commentCount\":0,\"publisher\":{\"@id\":\"https:\\\/\\\/nbcs.mx\\\/#organization\"},\"image\":{\"@id\":\"https:\\\/\\\/nbcs.mx\\\/?p=107996#primaryimage\"},\"thumbnailUrl\":\"https:\\\/\\\/nbcs.mx\\\/wp-content\\\/uploads\\\/2022\\\/06\\\/02-Los-Cabos-retrocede-al-color-amarillo-del-Indicador-Epidemeologico-Estatal_-Dr.-Juan-Carlos-Costich-Perez-1.jpg\",\"articleSection\":[\"Municipios\"],\"inLanguage\":\"es\",\"potentialAction\":[{\"@type\":\"CommentAction\",\"name\":\"Comment\",\"target\":[\"https:\\\/\\\/nbcs.mx\\\/?p=107996#respond\"]}]},{\"@type\":\"WebPage\",\"@id\":\"https:\\\/\\\/nbcs.mx\\\/?p=107996\",\"url\":\"https:\\\/\\\/nbcs.mx\\\/?p=107996\",\"name\":\"Los Cabos retrocede al color amarillo del Indicador Epidemeolog\u00edco Estatal: Dr. Juan Carlos Costich - NBCS Noticias\",\"isPartOf\":{\"@id\":\"https:\\\/\\\/nbcs.mx\\\/#website\"},\"primaryImageOfPage\":{\"@id\":\"https:\\\/\\\/nbcs.mx\\\/?p=107996#primaryimage\"},\"image\":{\"@id\":\"https:\\\/\\\/nbcs.mx\\\/?p=107996#primaryimage\"},\"thumbnailUrl\":\"https:\\\/\\\/nbcs.mx\\\/wp-content\\\/uploads\\\/2022\\\/06\\\/02-Los-Cabos-retrocede-al-color-amarillo-del-Indicador-Epidemeologico-Estatal_-Dr.-Juan-Carlos-Costich-Perez-1.jpg\",\"datePublished\":\"2022-06-16T21:56:08+00:00\",\"breadcrumb\":{\"@id\":\"https:\\\/\\\/nbcs.mx\\\/?p=107996#breadcrumb\"},\"inLanguage\":\"es\",\"potentialAction\":[{\"@type\":\"ReadAction\",\"target\":[\"https:\\\/\\\/nbcs.mx\\\/?p=107996\"]}]},{\"@type\":\"ImageObject\",\"inLanguage\":\"es\",\"@id\":\"https:\\\/\\\/nbcs.mx\\\/?p=107996#primaryimage\",\"url\":\"https:\\\/\\\/nbcs.mx\\\/wp-content\\\/uploads\\\/2022\\\/06\\\/02-Los-Cabos-retrocede-al-color-amarillo-del-Indicador-Epidemeologico-Estatal_-Dr.-Juan-Carlos-Costich-Perez-1.jpg\",\"contentUrl\":\"https:\\\/\\\/nbcs.mx\\\/wp-content\\\/uploads\\\/2022\\\/06\\\/02-Los-Cabos-retrocede-al-color-amarillo-del-Indicador-Epidemeologico-Estatal_-Dr.-Juan-Carlos-Costich-Perez-1.jpg\",\"width\":1024,\"height\":644},{\"@type\":\"BreadcrumbList\",\"@id\":\"https:\\\/\\\/nbcs.mx\\\/?p=107996#breadcrumb\",\"itemListElement\":[{\"@type\":\"ListItem\",\"position\":1,\"name\":\"Portada\",\"item\":\"https:\\\/\\\/nbcs.mx\\\/\"},{\"@type\":\"ListItem\",\"position\":2,\"name\":\"Los Cabos retrocede al color amarillo del Indicador Epidemeolog\u00edco Estatal: Dr. Juan Carlos Costich\"}]},{\"@type\":\"WebSite\",\"@id\":\"https:\\\/\\\/nbcs.mx\\\/#website\",\"url\":\"https:\\\/\\\/nbcs.mx\\\/\",\"name\":\"NBCS Noticias\",\"description\":\"Sitio web de noticias en Baja California Sur\",\"publisher\":{\"@id\":\"https:\\\/\\\/nbcs.mx\\\/#organization\"},\"potentialAction\":[{\"@type\":\"SearchAction\",\"target\":{\"@type\":\"EntryPoint\",\"urlTemplate\":\"https:\\\/\\\/nbcs.mx\\\/?s={search_term_string}\"},\"query-input\":{\"@type\":\"PropertyValueSpecification\",\"valueRequired\":true,\"valueName\":\"search_term_string\"}}],\"inLanguage\":\"es\"},{\"@type\":\"Organization\",\"@id\":\"https:\\\/\\\/nbcs.mx\\\/#organization\",\"name\":\"NBCS Noticias\",\"url\":\"https:\\\/\\\/nbcs.mx\\\/\",\"logo\":{\"@type\":\"ImageObject\",\"inLanguage\":\"es\",\"@id\":\"https:\\\/\\\/nbcs.mx\\\/#\\\/schema\\\/logo\\\/image\\\/\",\"url\":\"https:\\\/\\\/nbcs.mx\\\/wp-content\\\/uploads\\\/2018\\\/09\\\/057b69485e93575a5c2b1c1dde2dd297.jpeg\",\"contentUrl\":\"https:\\\/\\\/nbcs.mx\\\/wp-content\\\/uploads\\\/2018\\\/09\\\/057b69485e93575a5c2b1c1dde2dd297.jpeg\",\"width\":64,\"height\":64,\"caption\":\"NBCS Noticias\"},\"image\":{\"@id\":\"https:\\\/\\\/nbcs.mx\\\/#\\\/schema\\\/logo\\\/image\\\/\"},\"sameAs\":[\"https:\\\/\\\/www.facebook.com\\\/NBCSnoticias\",\"https:\\\/\\\/x.com\\\/NBCSnoticias\"]},{\"@type\":\"Person\",\"@id\":\"https:\\\/\\\/nbcs.mx\\\/#\\\/schema\\\/person\\\/ece58bab9a7c1e87a4d28ec9ecd79ff4\",\"name\":\"NBCS Noticias\",\"image\":{\"@type\":\"ImageObject\",\"inLanguage\":\"es\",\"@id\":\"https:\\\/\\\/secure.gravatar.com\\\/avatar\\\/4e52110cad1c4054b43271a0d14bbe9e2ea76aecd0e1097edfc670798d9ca1d4?s=96&d=blank&r=g\",\"url\":\"https:\\\/\\\/secure.gravatar.com\\\/avatar\\\/4e52110cad1c4054b43271a0d14bbe9e2ea76aecd0e1097edfc670798d9ca1d4?s=96&d=blank&r=g\",\"contentUrl\":\"https:\\\/\\\/secure.gravatar.com\\\/avatar\\\/4e52110cad1c4054b43271a0d14bbe9e2ea76aecd0e1097edfc670798d9ca1d4?s=96&d=blank&r=g\",\"caption\":\"NBCS Noticias\"},\"description\":\"\u00bfTienes fotos o video de alg\u00fan acto de posible negligencia, corrupci\u00f3n y abuso de autoridad? M\u00e1ndalo al WhatsApp de NBCS Noticias: 612 141 98 08\",\"sameAs\":[\"https:\\\/\\\/www.nbcs.mx\",\"https:\\\/\\\/www.facebook.com\\\/NBCSnoticias\",\"https:\\\/\\\/www.instagram.com\\\/nbcsnoticias\\\/\",\"https:\\\/\\\/x.com\\\/https:\\\/\\\/twitter.com\\\/NBCSnoticias\"]}]}<\/script>\n<!-- \/ Yoast SEO plugin. -->","yoast_head_json":{"title":"Los Cabos retrocede al color amarillo del Indicador Epidemeolog\u00edco Estatal: Dr. Juan Carlos Costich - NBCS Noticias","robots":{"index":"index","follow":"follow","max-snippet":"max-snippet:-1","max-image-preview":"max-image-preview:large","max-video-preview":"max-video-preview:-1"},"canonical":"https:\/\/nbcs.mx\/?p=107996","og_locale":"es_ES","og_type":"article","og_title":"Los Cabos retrocede al color amarillo del Indicador Epidemeolog\u00edco Estatal: Dr. Juan Carlos Costich - NBCS Noticias","og_description":"Los Cabos, Baja California Sur.- Debido al aumento de casos de COVID-19 que se ha presentado en Los Cabos en","og_url":"https:\/\/nbcs.mx\/?p=107996","og_site_name":"NBCS Noticias","article_publisher":"https:\/\/www.facebook.com\/NBCSnoticias","article_author":"https:\/\/www.facebook.com\/NBCSnoticias","article_published_time":"2022-06-16T21:56:08+00:00","og_image":[{"width":1024,"height":644,"url":"https:\/\/nbcs.mx\/wp-content\/uploads\/2022\/06\/02-Los-Cabos-retrocede-al-color-amarillo-del-Indicador-Epidemeologico-Estatal_-Dr.-Juan-Carlos-Costich-Perez-1.jpg","type":"image\/jpeg"}],"author":"NBCS Noticias","twitter_card":"summary_large_image","twitter_creator":"@https:\/\/twitter.com\/NBCSnoticias","twitter_site":"@NBCSnoticias","twitter_misc":{"Escrito por":"NBCS Noticias","Tiempo de lectura":"2 minutos"},"schema":{"@context":"https:\/\/schema.org","@graph":[{"@type":"Article","@id":"https:\/\/nbcs.mx\/?p=107996#article","isPartOf":{"@id":"https:\/\/nbcs.mx\/?p=107996"},"author":{"name":"NBCS Noticias","@id":"https:\/\/nbcs.mx\/#\/schema\/person\/ece58bab9a7c1e87a4d28ec9ecd79ff4"},"headline":"Los Cabos retrocede al color amarillo del Indicador Epidemeolog\u00edco Estatal: Dr. Juan Carlos Costich","datePublished":"2022-06-16T21:56:08+00:00","mainEntityOfPage":{"@id":"https:\/\/nbcs.mx\/?p=107996"},"wordCount":365,"commentCount":0,"publisher":{"@id":"https:\/\/nbcs.mx\/#organization"},"image":{"@id":"https:\/\/nbcs.mx\/?p=107996#primaryimage"},"thumbnailUrl":"https:\/\/nbcs.mx\/wp-content\/uploads\/2022\/06\/02-Los-Cabos-retrocede-al-color-amarillo-del-Indicador-Epidemeologico-Estatal_-Dr.-Juan-Carlos-Costich-Perez-1.jpg","articleSection":["Municipios"],"inLanguage":"es","potentialAction":[{"@type":"CommentAction","name":"Comment","target":["https:\/\/nbcs.mx\/?p=107996#respond"]}]},{"@type":"WebPage","@id":"https:\/\/nbcs.mx\/?p=107996","url":"https:\/\/nbcs.mx\/?p=107996","name":"Los Cabos retrocede al color amarillo del Indicador Epidemeolog\u00edco Estatal: Dr. Juan Carlos Costich - NBCS Noticias","isPartOf":{"@id":"https:\/\/nbcs.mx\/#website"},"primaryImageOfPage":{"@id":"https:\/\/nbcs.mx\/?p=107996#primaryimage"},"image":{"@id":"https:\/\/nbcs.mx\/?p=107996#primaryimage"},"thumbnailUrl":"https:\/\/nbcs.mx\/wp-content\/uploads\/2022\/06\/02-Los-Cabos-retrocede-al-color-amarillo-del-Indicador-Epidemeologico-Estatal_-Dr.-Juan-Carlos-Costich-Perez-1.jpg","datePublished":"2022-06-16T21:56:08+00:00","breadcrumb":{"@id":"https:\/\/nbcs.mx\/?p=107996#breadcrumb"},"inLanguage":"es","potentialAction":[{"@type":"ReadAction","target":["https:\/\/nbcs.mx\/?p=107996"]}]},{"@type":"ImageObject","inLanguage":"es","@id":"https:\/\/nbcs.mx\/?p=107996#primaryimage","url":"https:\/\/nbcs.mx\/wp-content\/uploads\/2022\/06\/02-Los-Cabos-retrocede-al-color-amarillo-del-Indicador-Epidemeologico-Estatal_-Dr.-Juan-Carlos-Costich-Perez-1.jpg","contentUrl":"https:\/\/nbcs.mx\/wp-content\/uploads\/2022\/06\/02-Los-Cabos-retrocede-al-color-amarillo-del-Indicador-Epidemeologico-Estatal_-Dr.-Juan-Carlos-Costich-Perez-1.jpg","width":1024,"height":644},{"@type":"BreadcrumbList","@id":"https:\/\/nbcs.mx\/?p=107996#breadcrumb","itemListElement":[{"@type":"ListItem","position":1,"name":"Portada","item":"https:\/\/nbcs.mx\/"},{"@type":"ListItem","position":2,"name":"Los Cabos retrocede al color amarillo del Indicador Epidemeolog\u00edco Estatal: Dr. Juan Carlos Costich"}]},{"@type":"WebSite","@id":"https:\/\/nbcs.mx\/#website","url":"https:\/\/nbcs.mx\/","name":"NBCS Noticias","description":"Sitio web de noticias en Baja California Sur","publisher":{"@id":"https:\/\/nbcs.mx\/#organization"},"potentialAction":[{"@type":"SearchAction","target":{"@type":"EntryPoint","urlTemplate":"https:\/\/nbcs.mx\/?s={search_term_string}"},"query-input":{"@type":"PropertyValueSpecification","valueRequired":true,"valueName":"search_term_string"}}],"inLanguage":"es"},{"@type":"Organization","@id":"https:\/\/nbcs.mx\/#organization","name":"NBCS Noticias","url":"https:\/\/nbcs.mx\/","logo":{"@type":"ImageObject","inLanguage":"es","@id":"https:\/\/nbcs.mx\/#\/schema\/logo\/image\/","url":"https:\/\/nbcs.mx\/wp-content\/uploads\/2018\/09\/057b69485e93575a5c2b1c1dde2dd297.jpeg","contentUrl":"https:\/\/nbcs.mx\/wp-content\/uploads\/2018\/09\/057b69485e93575a5c2b1c1dde2dd297.jpeg","width":64,"height":64,"caption":"NBCS Noticias"},"image":{"@id":"https:\/\/nbcs.mx\/#\/schema\/logo\/image\/"},"sameAs":["https:\/\/www.facebook.com\/NBCSnoticias","https:\/\/x.com\/NBCSnoticias"]},{"@type":"Person","@id":"https:\/\/nbcs.mx\/#\/schema\/person\/ece58bab9a7c1e87a4d28ec9ecd79ff4","name":"NBCS Noticias","image":{"@type":"ImageObject","inLanguage":"es","@id":"https:\/\/secure.gravatar.com\/avatar\/4e52110cad1c4054b43271a0d14bbe9e2ea76aecd0e1097edfc670798d9ca1d4?s=96&d=blank&r=g","url":"https:\/\/secure.gravatar.com\/avatar\/4e52110cad1c4054b43271a0d14bbe9e2ea76aecd0e1097edfc670798d9ca1d4?s=96&d=blank&r=g","contentUrl":"https:\/\/secure.gravatar.com\/avatar\/4e52110cad1c4054b43271a0d14bbe9e2ea76aecd0e1097edfc670798d9ca1d4?s=96&d=blank&r=g","caption":"NBCS Noticias"},"description":"\u00bfTienes fotos o video de alg\u00fan acto de posible negligencia, corrupci\u00f3n y abuso de autoridad? M\u00e1ndalo al WhatsApp de NBCS Noticias: 612 141 98 08","sameAs":["https:\/\/www.nbcs.mx","https:\/\/www.facebook.com\/NBCSnoticias","https:\/\/www.instagram.com\/nbcsnoticias\/","https:\/\/x.com\/https:\/\/twitter.com\/NBCSnoticias"]}]}},"jetpack_publicize_connections":[],"jetpack_featured_media_url":"https:\/\/nbcs.mx\/wp-content\/uploads\/2022\/06\/02-Los-Cabos-retrocede-al-color-amarillo-del-Indicador-Epidemeologico-Estatal_-Dr.-Juan-Carlos-Costich-Perez-1.jpg","jetpack_sharing_enabled":true,"_links":{"self":[{"href":"https:\/\/nbcs.mx\/index.php?rest_route=\/wp\/v2\/posts\/107996","targetHints":{"allow":["GET"]}}],"collection":[{"href":"https:\/\/nbcs.mx\/index.php?rest_route=\/wp\/v2\/posts"}],"about":[{"href":"https:\/\/nbcs.mx\/index.php?rest_route=\/wp\/v2\/types\/post"}],"author":[{"embeddable":true,"href":"https:\/\/nbcs.mx\/index.php?rest_route=\/wp\/v2\/users\/1"}],"replies":[{"embeddable":true,"href":"https:\/\/nbcs.mx\/index.php?rest_route=%2Fwp%2Fv2%2Fcomments&post=107996"}],"version-history":[{"count":1,"href":"https:\/\/nbcs.mx\/index.php?rest_route=\/wp\/v2\/posts\/107996\/revisions"}],"predecessor-version":[{"id":107998,"href":"https:\/\/nbcs.mx\/index.php?rest_route=\/wp\/v2\/posts\/107996\/revisions\/107998"}],"wp:featuredmedia":[{"embeddable":true,"href":"https:\/\/nbcs.mx\/index.php?rest_route=\/wp\/v2\/media\/107997"}],"wp:attachment":[{"href":"https:\/\/nbcs.mx\/index.php?rest_route=%2Fwp%2Fv2%2Fmedia&parent=107996"}],"wp:term":[{"taxonomy":"category","embeddable":true,"href":"https:\/\/nbcs.mx\/index.php?rest_route=%2Fwp%2Fv2%2Fcategories&post=107996"},{"taxonomy":"post_tag","embeddable":true,"href":"https:\/\/nbcs.mx\/index.php?rest_route=%2Fwp%2Fv2%2Ftags&post=107996"}],"curies":[{"name":"wp","href":"https:\/\/api.w.org\/{rel}","templated":true}]}}