{"id":108264,"date":"2022-06-22T08:36:12","date_gmt":"2022-06-22T14:36:12","guid":{"rendered":"https:\/\/nbcs.mx\/?p=108264"},"modified":"2022-06-22T08:36:12","modified_gmt":"2022-06-22T14:36:12","slug":"instalan-consejo-municipal-de-prevencion-social-de-la-violencia-y-la-delincuencia-de-los-cabos","status":"publish","type":"post","link":"https:\/\/nbcs.mx\/?p=108264","title":{"rendered":"Instalan Consejo Municipal de Prevenci\u00f3n Social de la Violencia y la Delincuencia de Los Cabos"},"content":{"rendered":"<p style=\"font-weight: 400; text-align: justify;\"><img loading=\"lazy\" decoding=\"async\" class=\" wp-image-108265 alignleft\" src=\"https:\/\/nbcs.mx\/wp-content\/uploads\/2022\/06\/01-Instalan-Consejo-Municipal-de-Prevencion-Social-de-la-Violencia-y-la-Delincuencia-de-Los-Cabos1-755x359.jpeg\" alt=\"\" width=\"385\" height=\"183\" srcset=\"https:\/\/nbcs.mx\/wp-content\/uploads\/2022\/06\/01-Instalan-Consejo-Municipal-de-Prevencion-Social-de-la-Violencia-y-la-Delincuencia-de-Los-Cabos1-755x359.jpeg 755w, https:\/\/nbcs.mx\/wp-content\/uploads\/2022\/06\/01-Instalan-Consejo-Municipal-de-Prevencion-Social-de-la-Violencia-y-la-Delincuencia-de-Los-Cabos1-1024x487.jpeg 1024w, https:\/\/nbcs.mx\/wp-content\/uploads\/2022\/06\/01-Instalan-Consejo-Municipal-de-Prevencion-Social-de-la-Violencia-y-la-Delincuencia-de-Los-Cabos1-150x71.jpeg 150w, https:\/\/nbcs.mx\/wp-content\/uploads\/2022\/06\/01-Instalan-Consejo-Municipal-de-Prevencion-Social-de-la-Violencia-y-la-Delincuencia-de-Los-Cabos1-768x365.jpeg 768w, https:\/\/nbcs.mx\/wp-content\/uploads\/2022\/06\/01-Instalan-Consejo-Municipal-de-Prevencion-Social-de-la-Violencia-y-la-Delincuencia-de-Los-Cabos1.jpeg 1280w\" sizes=\"auto, (max-width: 385px) 100vw, 385px\" \/>Los Cabos, Baja California Sur.- Con la finalidad de establecer el conjunto de pol\u00edticas p\u00fablicas, programas y acciones orientadas a reducir factores de riesgo que favorezcan la generaci\u00f3n de violencia y delincuencia, as\u00ed como a combatir las distintas causas y factores que las generan, el presidente municipal de Los Cabos Oscar Leggs Castro, por medio de la Secretar\u00eda General Municipal y la Direcci\u00f3n General de Seguridad P\u00fablica, Polic\u00eda Preventiva y Tr\u00e1nsito, tom\u00f3 protesta a los miembros del Consejo Municipal de Prevenci\u00f3n Social de la Violencia y la Delincuencia.<\/p>\n<p style=\"font-weight: 400; text-align: justify;\">\n<p style=\"font-weight: 400; text-align: justify;\">Al respecto, el alcalde manifest\u00f3 ser muy importante la conformaci\u00f3n del Consejo de Prevenci\u00f3n, sobre todo en la prevenci\u00f3n del delito en sus diferentes \u00e1mbitos, tanto en las instituciones p\u00fablicas como en la sociedad en general, porque se necesita abarcar todos los sectores involucrando a todas y todos los habitantes: \u201cm\u00e1s all\u00e1 de funcionarios o representantes de asociaciones civiles, necesitamos que se involucren los representantes de las colonias, porque son el pulso de lo que est\u00e1 sucediendo en cada una de las colonias\u201d, destac\u00f3.<\/p>\n<p style=\"font-weight: 400; text-align: justify;\">\n<p style=\"font-weight: 400; text-align: justify;\">Asimismo, se\u00f1al\u00f3 que quienes hoy se integran a este Consejo, estar\u00e1n trabajando de manera coordinada y en conjunto, porque en caso de existir alg\u00fan problema, el Gobierno federal, el estado, los representantes de la iniciativa privada y de la sociedad civil organizada desde sus \u00e1mbitos de su competencia, aportan en todos los aspectos: \u201cno solo es la prevenci\u00f3n, se trabaja en la limpieza, la movilidad e incluso trabajamos fuertemente con ellos para determinar lo mejor y que las cosas funciones\u201d, agreg\u00f3.<\/p>\n<p style=\"font-weight: 400; text-align: justify;\">\n<p style=\"font-weight: 400; text-align: justify;\">Por su parte, la directora del Centro Estatal de Prevenci\u00f3n del Delito con Participaci\u00f3n Ciudadana en Baja California Sur, Mar\u00eda Cruz Aguirre Estrada, se\u00f1al\u00f3 que este evento da muestra de la ocupaci\u00f3n que se tiene por construir una sudcalifornia encaminada hacia nuevas formas de consolidar la seguridad ciudadana con ciudades libres y espacios p\u00fablicos para uso y disfrute de todas y todos.<\/p>\n<p style=\"font-weight: 400; text-align: justify;\">\n<p style=\"font-weight: 400; text-align: justify;\">Finalmente correspondi\u00f3 al presidente municipal Oscar Leggs tomar protesta a la ciudadana Mar\u00eda del Pilar Garc\u00eda Orozco, licenciada con una gran trayectoria como presidenta del Consejo Municipal para la Prevenci\u00f3n Social de la Violencia y la Delincuencia, as\u00ed como a sus dem\u00e1s integrantes entre los que destacan autoridades de los tres \u00f3rdenes de Gobierno, asociaciones civiles y representantes de la ciudadan\u00eda en general.<\/p>\n","protected":false},"excerpt":{"rendered":"<p>Los Cabos, Baja California Sur.- Con la finalidad de establecer el conjunto de pol\u00edticas p\u00fablicas, programas y acciones orientadas a<\/p>\n","protected":false},"author":1,"featured_media":108265,"comment_status":"open","ping_status":"closed","sticky":false,"template":"","format":"standard","meta":{"colormag_page_container_layout":"default_layout","colormag_page_sidebar_layout":"default_layout","_jetpack_memberships_contains_paid_content":false,"footnotes":"","jetpack_publicize_message":"","jetpack_publicize_feature_enabled":true,"jetpack_social_post_already_shared":true,"jetpack_social_options":{"image_generator_settings":{"template":"highway","default_image_id":0,"font":"","enabled":false},"version":2}},"categories":[40],"tags":[],"class_list":["post-108264","post","type-post","status-publish","format-standard","has-post-thumbnail","hentry","category-municipios"],"yoast_head":"<!-- This site is optimized with the Yoast SEO plugin v27.5 - https:\/\/yoast.com\/product\/yoast-seo-wordpress\/ -->\n<title>Instalan Consejo Municipal de Prevenci\u00f3n Social de la Violencia y la Delincuencia de Los Cabos - NBCS Noticias<\/title>\n<meta name=\"robots\" content=\"index, follow, max-snippet:-1, max-image-preview:large, max-video-preview:-1\" \/>\n<link rel=\"canonical\" href=\"https:\/\/nbcs.mx\/?p=108264\" \/>\n<meta property=\"og:locale\" content=\"es_ES\" \/>\n<meta property=\"og:type\" content=\"article\" \/>\n<meta property=\"og:title\" content=\"Instalan Consejo Municipal de Prevenci\u00f3n Social de la Violencia y la Delincuencia de Los Cabos - NBCS Noticias\" \/>\n<meta property=\"og:description\" content=\"Los Cabos, Baja California Sur.- Con la finalidad de establecer el conjunto de pol\u00edticas p\u00fablicas, programas y acciones orientadas a\" \/>\n<meta property=\"og:url\" content=\"https:\/\/nbcs.mx\/?p=108264\" \/>\n<meta property=\"og:site_name\" content=\"NBCS Noticias\" \/>\n<meta property=\"article:publisher\" content=\"https:\/\/www.facebook.com\/NBCSnoticias\" \/>\n<meta property=\"article:author\" content=\"https:\/\/www.facebook.com\/NBCSnoticias\" \/>\n<meta property=\"article:published_time\" content=\"2022-06-22T14:36:12+00:00\" \/>\n<meta property=\"og:image\" content=\"https:\/\/nbcs.mx\/wp-content\/uploads\/2022\/06\/01-Instalan-Consejo-Municipal-de-Prevencion-Social-de-la-Violencia-y-la-Delincuencia-de-Los-Cabos1.jpeg\" \/>\n\t<meta property=\"og:image:width\" content=\"1280\" \/>\n\t<meta property=\"og:image:height\" content=\"609\" \/>\n\t<meta property=\"og:image:type\" content=\"image\/jpeg\" \/>\n<meta name=\"author\" content=\"NBCS Noticias\" \/>\n<meta name=\"twitter:card\" content=\"summary_large_image\" \/>\n<meta name=\"twitter:creator\" content=\"@https:\/\/twitter.com\/NBCSnoticias\" \/>\n<meta name=\"twitter:site\" content=\"@NBCSnoticias\" \/>\n<meta name=\"twitter:label1\" content=\"Escrito por\" \/>\n\t<meta name=\"twitter:data1\" content=\"NBCS Noticias\" \/>\n\t<meta name=\"twitter:label2\" content=\"Tiempo de lectura\" \/>\n\t<meta name=\"twitter:data2\" content=\"2 minutos\" \/>\n<script type=\"application\/ld+json\" class=\"yoast-schema-graph\">{\"@context\":\"https:\\\/\\\/schema.org\",\"@graph\":[{\"@type\":\"Article\",\"@id\":\"https:\\\/\\\/nbcs.mx\\\/?p=108264#article\",\"isPartOf\":{\"@id\":\"https:\\\/\\\/nbcs.mx\\\/?p=108264\"},\"author\":{\"name\":\"NBCS Noticias\",\"@id\":\"https:\\\/\\\/nbcs.mx\\\/#\\\/schema\\\/person\\\/ece58bab9a7c1e87a4d28ec9ecd79ff4\"},\"headline\":\"Instalan Consejo Municipal de Prevenci\u00f3n Social de la Violencia y la Delincuencia de Los Cabos\",\"datePublished\":\"2022-06-22T14:36:12+00:00\",\"mainEntityOfPage\":{\"@id\":\"https:\\\/\\\/nbcs.mx\\\/?p=108264\"},\"wordCount\":424,\"commentCount\":0,\"publisher\":{\"@id\":\"https:\\\/\\\/nbcs.mx\\\/#organization\"},\"image\":{\"@id\":\"https:\\\/\\\/nbcs.mx\\\/?p=108264#primaryimage\"},\"thumbnailUrl\":\"https:\\\/\\\/nbcs.mx\\\/wp-content\\\/uploads\\\/2022\\\/06\\\/01-Instalan-Consejo-Municipal-de-Prevencion-Social-de-la-Violencia-y-la-Delincuencia-de-Los-Cabos1.jpeg\",\"articleSection\":[\"Municipios\"],\"inLanguage\":\"es\",\"potentialAction\":[{\"@type\":\"CommentAction\",\"name\":\"Comment\",\"target\":[\"https:\\\/\\\/nbcs.mx\\\/?p=108264#respond\"]}]},{\"@type\":\"WebPage\",\"@id\":\"https:\\\/\\\/nbcs.mx\\\/?p=108264\",\"url\":\"https:\\\/\\\/nbcs.mx\\\/?p=108264\",\"name\":\"Instalan Consejo Municipal de Prevenci\u00f3n Social de la Violencia y la Delincuencia de Los Cabos - NBCS Noticias\",\"isPartOf\":{\"@id\":\"https:\\\/\\\/nbcs.mx\\\/#website\"},\"primaryImageOfPage\":{\"@id\":\"https:\\\/\\\/nbcs.mx\\\/?p=108264#primaryimage\"},\"image\":{\"@id\":\"https:\\\/\\\/nbcs.mx\\\/?p=108264#primaryimage\"},\"thumbnailUrl\":\"https:\\\/\\\/nbcs.mx\\\/wp-content\\\/uploads\\\/2022\\\/06\\\/01-Instalan-Consejo-Municipal-de-Prevencion-Social-de-la-Violencia-y-la-Delincuencia-de-Los-Cabos1.jpeg\",\"datePublished\":\"2022-06-22T14:36:12+00:00\",\"breadcrumb\":{\"@id\":\"https:\\\/\\\/nbcs.mx\\\/?p=108264#breadcrumb\"},\"inLanguage\":\"es\",\"potentialAction\":[{\"@type\":\"ReadAction\",\"target\":[\"https:\\\/\\\/nbcs.mx\\\/?p=108264\"]}]},{\"@type\":\"ImageObject\",\"inLanguage\":\"es\",\"@id\":\"https:\\\/\\\/nbcs.mx\\\/?p=108264#primaryimage\",\"url\":\"https:\\\/\\\/nbcs.mx\\\/wp-content\\\/uploads\\\/2022\\\/06\\\/01-Instalan-Consejo-Municipal-de-Prevencion-Social-de-la-Violencia-y-la-Delincuencia-de-Los-Cabos1.jpeg\",\"contentUrl\":\"https:\\\/\\\/nbcs.mx\\\/wp-content\\\/uploads\\\/2022\\\/06\\\/01-Instalan-Consejo-Municipal-de-Prevencion-Social-de-la-Violencia-y-la-Delincuencia-de-Los-Cabos1.jpeg\",\"width\":1280,\"height\":609},{\"@type\":\"BreadcrumbList\",\"@id\":\"https:\\\/\\\/nbcs.mx\\\/?p=108264#breadcrumb\",\"itemListElement\":[{\"@type\":\"ListItem\",\"position\":1,\"name\":\"Portada\",\"item\":\"https:\\\/\\\/nbcs.mx\\\/\"},{\"@type\":\"ListItem\",\"position\":2,\"name\":\"Instalan Consejo Municipal de Prevenci\u00f3n Social de la Violencia y la Delincuencia de Los Cabos\"}]},{\"@type\":\"WebSite\",\"@id\":\"https:\\\/\\\/nbcs.mx\\\/#website\",\"url\":\"https:\\\/\\\/nbcs.mx\\\/\",\"name\":\"NBCS Noticias\",\"description\":\"Sitio web de noticias en Baja California Sur\",\"publisher\":{\"@id\":\"https:\\\/\\\/nbcs.mx\\\/#organization\"},\"potentialAction\":[{\"@type\":\"SearchAction\",\"target\":{\"@type\":\"EntryPoint\",\"urlTemplate\":\"https:\\\/\\\/nbcs.mx\\\/?s={search_term_string}\"},\"query-input\":{\"@type\":\"PropertyValueSpecification\",\"valueRequired\":true,\"valueName\":\"search_term_string\"}}],\"inLanguage\":\"es\"},{\"@type\":\"Organization\",\"@id\":\"https:\\\/\\\/nbcs.mx\\\/#organization\",\"name\":\"NBCS Noticias\",\"url\":\"https:\\\/\\\/nbcs.mx\\\/\",\"logo\":{\"@type\":\"ImageObject\",\"inLanguage\":\"es\",\"@id\":\"https:\\\/\\\/nbcs.mx\\\/#\\\/schema\\\/logo\\\/image\\\/\",\"url\":\"https:\\\/\\\/nbcs.mx\\\/wp-content\\\/uploads\\\/2018\\\/09\\\/057b69485e93575a5c2b1c1dde2dd297.jpeg\",\"contentUrl\":\"https:\\\/\\\/nbcs.mx\\\/wp-content\\\/uploads\\\/2018\\\/09\\\/057b69485e93575a5c2b1c1dde2dd297.jpeg\",\"width\":64,\"height\":64,\"caption\":\"NBCS Noticias\"},\"image\":{\"@id\":\"https:\\\/\\\/nbcs.mx\\\/#\\\/schema\\\/logo\\\/image\\\/\"},\"sameAs\":[\"https:\\\/\\\/www.facebook.com\\\/NBCSnoticias\",\"https:\\\/\\\/x.com\\\/NBCSnoticias\"]},{\"@type\":\"Person\",\"@id\":\"https:\\\/\\\/nbcs.mx\\\/#\\\/schema\\\/person\\\/ece58bab9a7c1e87a4d28ec9ecd79ff4\",\"name\":\"NBCS Noticias\",\"image\":{\"@type\":\"ImageObject\",\"inLanguage\":\"es\",\"@id\":\"https:\\\/\\\/secure.gravatar.com\\\/avatar\\\/4e52110cad1c4054b43271a0d14bbe9e2ea76aecd0e1097edfc670798d9ca1d4?s=96&d=blank&r=g\",\"url\":\"https:\\\/\\\/secure.gravatar.com\\\/avatar\\\/4e52110cad1c4054b43271a0d14bbe9e2ea76aecd0e1097edfc670798d9ca1d4?s=96&d=blank&r=g\",\"contentUrl\":\"https:\\\/\\\/secure.gravatar.com\\\/avatar\\\/4e52110cad1c4054b43271a0d14bbe9e2ea76aecd0e1097edfc670798d9ca1d4?s=96&d=blank&r=g\",\"caption\":\"NBCS Noticias\"},\"description\":\"\u00bfTienes fotos o video de alg\u00fan acto de posible negligencia, corrupci\u00f3n y abuso de autoridad? M\u00e1ndalo al WhatsApp de NBCS Noticias: 612 141 98 08\",\"sameAs\":[\"https:\\\/\\\/www.nbcs.mx\",\"https:\\\/\\\/www.facebook.com\\\/NBCSnoticias\",\"https:\\\/\\\/www.instagram.com\\\/nbcsnoticias\\\/\",\"https:\\\/\\\/x.com\\\/https:\\\/\\\/twitter.com\\\/NBCSnoticias\"]}]}<\/script>\n<!-- \/ Yoast SEO plugin. -->","yoast_head_json":{"title":"Instalan Consejo Municipal de Prevenci\u00f3n Social de la Violencia y la Delincuencia de Los Cabos - NBCS Noticias","robots":{"index":"index","follow":"follow","max-snippet":"max-snippet:-1","max-image-preview":"max-image-preview:large","max-video-preview":"max-video-preview:-1"},"canonical":"https:\/\/nbcs.mx\/?p=108264","og_locale":"es_ES","og_type":"article","og_title":"Instalan Consejo Municipal de Prevenci\u00f3n Social de la Violencia y la Delincuencia de Los Cabos - NBCS Noticias","og_description":"Los Cabos, Baja California Sur.- Con la finalidad de establecer el conjunto de pol\u00edticas p\u00fablicas, programas y acciones orientadas a","og_url":"https:\/\/nbcs.mx\/?p=108264","og_site_name":"NBCS Noticias","article_publisher":"https:\/\/www.facebook.com\/NBCSnoticias","article_author":"https:\/\/www.facebook.com\/NBCSnoticias","article_published_time":"2022-06-22T14:36:12+00:00","og_image":[{"width":1280,"height":609,"url":"https:\/\/nbcs.mx\/wp-content\/uploads\/2022\/06\/01-Instalan-Consejo-Municipal-de-Prevencion-Social-de-la-Violencia-y-la-Delincuencia-de-Los-Cabos1.jpeg","type":"image\/jpeg"}],"author":"NBCS Noticias","twitter_card":"summary_large_image","twitter_creator":"@https:\/\/twitter.com\/NBCSnoticias","twitter_site":"@NBCSnoticias","twitter_misc":{"Escrito por":"NBCS Noticias","Tiempo de lectura":"2 minutos"},"schema":{"@context":"https:\/\/schema.org","@graph":[{"@type":"Article","@id":"https:\/\/nbcs.mx\/?p=108264#article","isPartOf":{"@id":"https:\/\/nbcs.mx\/?p=108264"},"author":{"name":"NBCS Noticias","@id":"https:\/\/nbcs.mx\/#\/schema\/person\/ece58bab9a7c1e87a4d28ec9ecd79ff4"},"headline":"Instalan Consejo Municipal de Prevenci\u00f3n Social de la Violencia y la Delincuencia de Los Cabos","datePublished":"2022-06-22T14:36:12+00:00","mainEntityOfPage":{"@id":"https:\/\/nbcs.mx\/?p=108264"},"wordCount":424,"commentCount":0,"publisher":{"@id":"https:\/\/nbcs.mx\/#organization"},"image":{"@id":"https:\/\/nbcs.mx\/?p=108264#primaryimage"},"thumbnailUrl":"https:\/\/nbcs.mx\/wp-content\/uploads\/2022\/06\/01-Instalan-Consejo-Municipal-de-Prevencion-Social-de-la-Violencia-y-la-Delincuencia-de-Los-Cabos1.jpeg","articleSection":["Municipios"],"inLanguage":"es","potentialAction":[{"@type":"CommentAction","name":"Comment","target":["https:\/\/nbcs.mx\/?p=108264#respond"]}]},{"@type":"WebPage","@id":"https:\/\/nbcs.mx\/?p=108264","url":"https:\/\/nbcs.mx\/?p=108264","name":"Instalan Consejo Municipal de Prevenci\u00f3n Social de la Violencia y la Delincuencia de Los Cabos - NBCS Noticias","isPartOf":{"@id":"https:\/\/nbcs.mx\/#website"},"primaryImageOfPage":{"@id":"https:\/\/nbcs.mx\/?p=108264#primaryimage"},"image":{"@id":"https:\/\/nbcs.mx\/?p=108264#primaryimage"},"thumbnailUrl":"https:\/\/nbcs.mx\/wp-content\/uploads\/2022\/06\/01-Instalan-Consejo-Municipal-de-Prevencion-Social-de-la-Violencia-y-la-Delincuencia-de-Los-Cabos1.jpeg","datePublished":"2022-06-22T14:36:12+00:00","breadcrumb":{"@id":"https:\/\/nbcs.mx\/?p=108264#breadcrumb"},"inLanguage":"es","potentialAction":[{"@type":"ReadAction","target":["https:\/\/nbcs.mx\/?p=108264"]}]},{"@type":"ImageObject","inLanguage":"es","@id":"https:\/\/nbcs.mx\/?p=108264#primaryimage","url":"https:\/\/nbcs.mx\/wp-content\/uploads\/2022\/06\/01-Instalan-Consejo-Municipal-de-Prevencion-Social-de-la-Violencia-y-la-Delincuencia-de-Los-Cabos1.jpeg","contentUrl":"https:\/\/nbcs.mx\/wp-content\/uploads\/2022\/06\/01-Instalan-Consejo-Municipal-de-Prevencion-Social-de-la-Violencia-y-la-Delincuencia-de-Los-Cabos1.jpeg","width":1280,"height":609},{"@type":"BreadcrumbList","@id":"https:\/\/nbcs.mx\/?p=108264#breadcrumb","itemListElement":[{"@type":"ListItem","position":1,"name":"Portada","item":"https:\/\/nbcs.mx\/"},{"@type":"ListItem","position":2,"name":"Instalan Consejo Municipal de Prevenci\u00f3n Social de la Violencia y la Delincuencia de Los Cabos"}]},{"@type":"WebSite","@id":"https:\/\/nbcs.mx\/#website","url":"https:\/\/nbcs.mx\/","name":"NBCS Noticias","description":"Sitio web de noticias en Baja California Sur","publisher":{"@id":"https:\/\/nbcs.mx\/#organization"},"potentialAction":[{"@type":"SearchAction","target":{"@type":"EntryPoint","urlTemplate":"https:\/\/nbcs.mx\/?s={search_term_string}"},"query-input":{"@type":"PropertyValueSpecification","valueRequired":true,"valueName":"search_term_string"}}],"inLanguage":"es"},{"@type":"Organization","@id":"https:\/\/nbcs.mx\/#organization","name":"NBCS Noticias","url":"https:\/\/nbcs.mx\/","logo":{"@type":"ImageObject","inLanguage":"es","@id":"https:\/\/nbcs.mx\/#\/schema\/logo\/image\/","url":"https:\/\/nbcs.mx\/wp-content\/uploads\/2018\/09\/057b69485e93575a5c2b1c1dde2dd297.jpeg","contentUrl":"https:\/\/nbcs.mx\/wp-content\/uploads\/2018\/09\/057b69485e93575a5c2b1c1dde2dd297.jpeg","width":64,"height":64,"caption":"NBCS Noticias"},"image":{"@id":"https:\/\/nbcs.mx\/#\/schema\/logo\/image\/"},"sameAs":["https:\/\/www.facebook.com\/NBCSnoticias","https:\/\/x.com\/NBCSnoticias"]},{"@type":"Person","@id":"https:\/\/nbcs.mx\/#\/schema\/person\/ece58bab9a7c1e87a4d28ec9ecd79ff4","name":"NBCS Noticias","image":{"@type":"ImageObject","inLanguage":"es","@id":"https:\/\/secure.gravatar.com\/avatar\/4e52110cad1c4054b43271a0d14bbe9e2ea76aecd0e1097edfc670798d9ca1d4?s=96&d=blank&r=g","url":"https:\/\/secure.gravatar.com\/avatar\/4e52110cad1c4054b43271a0d14bbe9e2ea76aecd0e1097edfc670798d9ca1d4?s=96&d=blank&r=g","contentUrl":"https:\/\/secure.gravatar.com\/avatar\/4e52110cad1c4054b43271a0d14bbe9e2ea76aecd0e1097edfc670798d9ca1d4?s=96&d=blank&r=g","caption":"NBCS Noticias"},"description":"\u00bfTienes fotos o video de alg\u00fan acto de posible negligencia, corrupci\u00f3n y abuso de autoridad? M\u00e1ndalo al WhatsApp de NBCS Noticias: 612 141 98 08","sameAs":["https:\/\/www.nbcs.mx","https:\/\/www.facebook.com\/NBCSnoticias","https:\/\/www.instagram.com\/nbcsnoticias\/","https:\/\/x.com\/https:\/\/twitter.com\/NBCSnoticias"]}]}},"jetpack_publicize_connections":[],"jetpack_featured_media_url":"https:\/\/nbcs.mx\/wp-content\/uploads\/2022\/06\/01-Instalan-Consejo-Municipal-de-Prevencion-Social-de-la-Violencia-y-la-Delincuencia-de-Los-Cabos1.jpeg","jetpack_sharing_enabled":true,"_links":{"self":[{"href":"https:\/\/nbcs.mx\/index.php?rest_route=\/wp\/v2\/posts\/108264","targetHints":{"allow":["GET"]}}],"collection":[{"href":"https:\/\/nbcs.mx\/index.php?rest_route=\/wp\/v2\/posts"}],"about":[{"href":"https:\/\/nbcs.mx\/index.php?rest_route=\/wp\/v2\/types\/post"}],"author":[{"embeddable":true,"href":"https:\/\/nbcs.mx\/index.php?rest_route=\/wp\/v2\/users\/1"}],"replies":[{"embeddable":true,"href":"https:\/\/nbcs.mx\/index.php?rest_route=%2Fwp%2Fv2%2Fcomments&post=108264"}],"version-history":[{"count":1,"href":"https:\/\/nbcs.mx\/index.php?rest_route=\/wp\/v2\/posts\/108264\/revisions"}],"predecessor-version":[{"id":108266,"href":"https:\/\/nbcs.mx\/index.php?rest_route=\/wp\/v2\/posts\/108264\/revisions\/108266"}],"wp:featuredmedia":[{"embeddable":true,"href":"https:\/\/nbcs.mx\/index.php?rest_route=\/wp\/v2\/media\/108265"}],"wp:attachment":[{"href":"https:\/\/nbcs.mx\/index.php?rest_route=%2Fwp%2Fv2%2Fmedia&parent=108264"}],"wp:term":[{"taxonomy":"category","embeddable":true,"href":"https:\/\/nbcs.mx\/index.php?rest_route=%2Fwp%2Fv2%2Fcategories&post=108264"},{"taxonomy":"post_tag","embeddable":true,"href":"https:\/\/nbcs.mx\/index.php?rest_route=%2Fwp%2Fv2%2Ftags&post=108264"}],"curies":[{"name":"wp","href":"https:\/\/api.w.org\/{rel}","templated":true}]}}