{"id":108369,"date":"2022-06-23T15:58:25","date_gmt":"2022-06-23T21:58:25","guid":{"rendered":"https:\/\/nbcs.mx\/?p=108369"},"modified":"2022-06-23T15:58:25","modified_gmt":"2022-06-23T21:58:25","slug":"propone-diputado-nueva-ley-de-equilibrio-ecologico-y-proteccion-al-ambiente-del-estado-de-bcs","status":"publish","type":"post","link":"https:\/\/nbcs.mx\/?p=108369","title":{"rendered":"Propone Diputado nueva Ley de Equilibrio Ecol\u00f3gico y Protecci\u00f3n al Ambiente del Estado de BCS"},"content":{"rendered":"<p style=\"font-weight: 400; text-align: justify;\"><img loading=\"lazy\" decoding=\"async\" class=\" wp-image-108370 alignleft\" src=\"https:\/\/nbcs.mx\/wp-content\/uploads\/2022\/06\/DIP-FERNANDO-HOYOS-230622-2-755x487.jpg\" alt=\"\" width=\"376\" height=\"243\" srcset=\"https:\/\/nbcs.mx\/wp-content\/uploads\/2022\/06\/DIP-FERNANDO-HOYOS-230622-2-755x487.jpg 755w, https:\/\/nbcs.mx\/wp-content\/uploads\/2022\/06\/DIP-FERNANDO-HOYOS-230622-2-150x97.jpg 150w, https:\/\/nbcs.mx\/wp-content\/uploads\/2022\/06\/DIP-FERNANDO-HOYOS-230622-2-768x495.jpg 768w, https:\/\/nbcs.mx\/wp-content\/uploads\/2022\/06\/DIP-FERNANDO-HOYOS-230622-2.jpg 1024w\" sizes=\"auto, (max-width: 376px) 100vw, 376px\" \/>La Paz, Baja California Sur.- El diputado del PT, Fernando Hoyos Aguilar present\u00f3 este jueves 23 de junio ante el pleno de la XVI Legislatura la Iniciativa con proyecto de Decreto para la creaci\u00f3n de la nueva Ley de Equilibrio Ecol\u00f3gico y Protecci\u00f3n al Ambiente del Estado de Baja California Sur.<\/p>\n<p style=\"font-weight: 400; text-align: justify;\">\n<p style=\"font-weight: 400; text-align: justify;\">El Proyecto que se propone,\u00a0 contempla una Ley que nace, se\u00f1al\u00f3\u00a0 el legislador,\u00a0 de las consideraciones que en materia ambiental pondera el Gobernador del Estado en el Plan Estatal de Desarrollo.<\/p>\n<p style=\"font-weight: 400; text-align: justify;\">\n<p style=\"font-weight: 400; text-align: justify;\">La iniciativa consta de ocho t\u00edtulos que agrupan 251 art\u00edculos en los que destacan los que sientan las bases de la instalaci\u00f3n de verificentros para realizar pruebas de verificaci\u00f3n vehicular tanto est\u00e1ticas como din\u00e1micas; la creaci\u00f3n de la Procuradur\u00eda Estatal de Protecci\u00f3n al Ambiente como un organismo encargado del conjunto de pol\u00edticas y medidas para mejorar el ambiente y controlar su deterioro a trav\u00e9s de acciones de vigilancia y supervisi\u00f3n, as\u00ed como la realizaci\u00f3n de visitas de inspecci\u00f3n para verificar el cumplimiento de la normatividad.<\/p>\n<p style=\"font-weight: 400; text-align: justify;\">\n<p style=\"font-weight: 400; text-align: justify;\">Advirti\u00f3,\u00a0 el diputado por el\u00a0 X distrito local electoral, en su exposici\u00f3n de motivos que Baja California Sur posee un amplio y diverso patrimonio biocultural que requiere de un cuidado responsable y ordenado basado en diversas estrategias de manejo sustentable de los valiosos elementos naturales y culturales y que el resultado permitir\u00e1 aumentar la resiliencia del Estado mediante la recuperaci\u00f3n de la seguridad alimentaria y el aprovechamiento durable y colectivo de la impactante y generosa naturaleza sudcaliforniana.<\/p>\n<p style=\"font-weight: 400; text-align: justify;\">\n<p style=\"font-weight: 400; text-align: justify;\">Se\u00f1al\u00f3 que en reuniones de trabajo con la Secretaria de Planeaci\u00f3n Urbana, Infraestructura, Movilidad, Medio Ambiente y Recursos Naturales y la Direcci\u00f3n General de Medio Ambiente y Recursos Naturales se coincidi\u00f3\u00a0 en la necesidad de confeccionar una nueva ley con el doble prop\u00f3sito de revitalizar la importancia de un ambiente sano en Baja California Sur, como Estado dotado de recursos naturales insuperables, pero tambi\u00e9n de recursos, sobre todo h\u00eddricos, que son escasos, y un segundo prop\u00f3sito consistente en contar con elementos jur\u00eddicos que propicien, para el medio ambiente y equilibrio ecol\u00f3gico, la protecci\u00f3n m\u00e1s amplia.<\/p>\n<p style=\"font-weight: 400; text-align: justify;\">\n<p style=\"font-weight: 400; text-align: justify;\">Los t\u00edtulos que\u00a0 integran el proyecto de la nueva Ley de Equilibrio Ecol\u00f3gico y Protecci\u00f3n al Ambiente son: I.- De Disposiciones Generales, II- De la Competencia Ambiental del Gobierno del Estado y de los Municipios, III.- De la Pol\u00edtica Ambiental Estatal y sus Instrumentos, IV.- De la Protecci\u00f3n de la Biodiversidad, V.- De la Protecci\u00f3n al Ambiente, VI.- De la Cultura y Gesti\u00f3n Ambiental,\u00a0 VII.- Del Aprovechamiento Sustentable de los Recursos Naturales y Restauraci\u00f3n Ambiental, y VIII Del Procedimiento Administrativo, Medidas de Control, Sanciones y Recurso de Revisi\u00f3n.<\/p>\n<p style=\"font-weight: 400; text-align: justify;\">\n<p style=\"font-weight: 400; text-align: justify;\">Fernando Hoyos Aguilar se\u00f1al\u00f3 que la iniciativa que propone necesita del involucramiento de todas y todos los legisladores.<\/p>\n<p>&nbsp;<\/p>\n<p style=\"font-weight: 400; text-align: justify;\">Dijo que no es f\u00e1cil romper los viejos paradigmas, y a veces es complicado terminar con las tendencias de anta\u00f1o en que todo se basaba en facilitar el progreso en detrimento del medio ambiente y sin un justo equilibrio.<\/p>\n","protected":false},"excerpt":{"rendered":"<p>La Paz, Baja California Sur.- El diputado del PT, Fernando Hoyos Aguilar present\u00f3 este jueves 23 de junio ante el<\/p>\n","protected":false},"author":1,"featured_media":108370,"comment_status":"open","ping_status":"closed","sticky":false,"template":"","format":"standard","meta":{"colormag_page_container_layout":"default_layout","colormag_page_sidebar_layout":"default_layout","_jetpack_newsletter_access":"","_jetpack_dont_email_post_to_subs":false,"_jetpack_newsletter_tier_id":0,"_jetpack_memberships_contains_paywalled_content":false,"_jetpack_feature_clip_id":0,"_jetpack_memberships_contains_paid_content":false,"footnotes":"","jetpack_publicize_message":"","jetpack_publicize_feature_enabled":true,"jetpack_social_post_already_shared":true,"jetpack_social_options":{"image_generator_settings":{"template":"highway","default_image_id":0,"font":"","enabled":false},"version":2},"jetpack_post_was_ever_published":false},"categories":[48],"tags":[],"class_list":["post-108369","post","type-post","status-publish","format-standard","has-post-thumbnail","hentry","category-congreso-de-bcs"],"yoast_head":"<!-- This site is optimized with the Yoast SEO plugin v28.4 - https:\/\/yoast.com\/product\/yoast-seo-wordpress\/ -->\n<title>Propone Diputado nueva Ley de Equilibrio Ecol\u00f3gico y Protecci\u00f3n al Ambiente del Estado de BCS - NBCS Noticias<\/title>\n<meta name=\"robots\" content=\"index, follow, max-snippet:-1, max-image-preview:large, max-video-preview:-1\" \/>\n<link rel=\"canonical\" href=\"https:\/\/nbcs.mx\/?p=108369\" \/>\n<meta property=\"og:locale\" content=\"es_ES\" \/>\n<meta property=\"og:type\" content=\"article\" \/>\n<meta property=\"og:title\" content=\"Propone Diputado nueva Ley de Equilibrio Ecol\u00f3gico y Protecci\u00f3n al Ambiente del Estado de BCS - NBCS Noticias\" \/>\n<meta property=\"og:description\" content=\"La Paz, Baja California Sur.- El diputado del PT, Fernando Hoyos Aguilar present\u00f3 este jueves 23 de junio ante el\" \/>\n<meta property=\"og:url\" content=\"https:\/\/nbcs.mx\/?p=108369\" \/>\n<meta property=\"og:site_name\" content=\"NBCS Noticias\" \/>\n<meta property=\"article:publisher\" content=\"https:\/\/www.facebook.com\/NBCSnoticias\" \/>\n<meta property=\"article:author\" content=\"https:\/\/www.facebook.com\/NBCSnoticias\" \/>\n<meta property=\"article:published_time\" content=\"2022-06-23T21:58:25+00:00\" \/>\n<meta property=\"og:image\" content=\"https:\/\/nbcs.mx\/wp-content\/uploads\/2022\/06\/DIP-FERNANDO-HOYOS-230622-2.jpg\" \/>\n\t<meta property=\"og:image:width\" content=\"1024\" \/>\n\t<meta property=\"og:image:height\" content=\"660\" \/>\n\t<meta property=\"og:image:type\" content=\"image\/jpeg\" \/>\n<meta name=\"author\" content=\"NBCS Noticias\" \/>\n<meta name=\"twitter:card\" content=\"summary_large_image\" \/>\n<meta name=\"twitter:creator\" content=\"@https:\/\/twitter.com\/NBCSnoticias\" \/>\n<meta name=\"twitter:site\" content=\"@NBCSnoticias\" \/>\n<meta name=\"twitter:label1\" content=\"Escrito por\" \/>\n\t<meta name=\"twitter:data1\" content=\"NBCS Noticias\" \/>\n\t<meta name=\"twitter:label2\" content=\"Tiempo de lectura\" \/>\n\t<meta name=\"twitter:data2\" content=\"3 minutos\" \/>\n<script type=\"application\/ld+json\" class=\"yoast-schema-graph\">{\"@context\":\"https:\\\/\\\/schema.org\",\"@graph\":[{\"@type\":\"Article\",\"@id\":\"https:\\\/\\\/nbcs.mx\\\/?p=108369#article\",\"isPartOf\":{\"@id\":\"https:\\\/\\\/nbcs.mx\\\/?p=108369\"},\"author\":{\"name\":\"NBCS Noticias\",\"@id\":\"https:\\\/\\\/nbcs.mx\\\/#\\\/schema\\\/person\\\/ece58bab9a7c1e87a4d28ec9ecd79ff4\"},\"headline\":\"Propone Diputado nueva Ley de Equilibrio Ecol\u00f3gico y Protecci\u00f3n al Ambiente del Estado de BCS\",\"datePublished\":\"2022-06-23T21:58:25+00:00\",\"mainEntityOfPage\":{\"@id\":\"https:\\\/\\\/nbcs.mx\\\/?p=108369\"},\"wordCount\":550,\"commentCount\":0,\"publisher\":{\"@id\":\"https:\\\/\\\/nbcs.mx\\\/#organization\"},\"image\":{\"@id\":\"https:\\\/\\\/nbcs.mx\\\/?p=108369#primaryimage\"},\"thumbnailUrl\":\"https:\\\/\\\/nbcs.mx\\\/wp-content\\\/uploads\\\/2022\\\/06\\\/DIP-FERNANDO-HOYOS-230622-2.jpg\",\"articleSection\":[\"Congreso de BCS\"],\"inLanguage\":\"es\",\"potentialAction\":[{\"@type\":\"CommentAction\",\"name\":\"Comment\",\"target\":[\"https:\\\/\\\/nbcs.mx\\\/?p=108369#respond\"]}]},{\"@type\":\"WebPage\",\"@id\":\"https:\\\/\\\/nbcs.mx\\\/?p=108369\",\"url\":\"https:\\\/\\\/nbcs.mx\\\/?p=108369\",\"name\":\"Propone Diputado nueva Ley de Equilibrio Ecol\u00f3gico y Protecci\u00f3n al Ambiente del Estado de BCS - NBCS Noticias\",\"isPartOf\":{\"@id\":\"https:\\\/\\\/nbcs.mx\\\/#website\"},\"primaryImageOfPage\":{\"@id\":\"https:\\\/\\\/nbcs.mx\\\/?p=108369#primaryimage\"},\"image\":{\"@id\":\"https:\\\/\\\/nbcs.mx\\\/?p=108369#primaryimage\"},\"thumbnailUrl\":\"https:\\\/\\\/nbcs.mx\\\/wp-content\\\/uploads\\\/2022\\\/06\\\/DIP-FERNANDO-HOYOS-230622-2.jpg\",\"datePublished\":\"2022-06-23T21:58:25+00:00\",\"breadcrumb\":{\"@id\":\"https:\\\/\\\/nbcs.mx\\\/?p=108369#breadcrumb\"},\"inLanguage\":\"es\",\"potentialAction\":[{\"@type\":\"ReadAction\",\"target\":[\"https:\\\/\\\/nbcs.mx\\\/?p=108369\"]}]},{\"@type\":\"ImageObject\",\"inLanguage\":\"es\",\"@id\":\"https:\\\/\\\/nbcs.mx\\\/?p=108369#primaryimage\",\"url\":\"https:\\\/\\\/nbcs.mx\\\/wp-content\\\/uploads\\\/2022\\\/06\\\/DIP-FERNANDO-HOYOS-230622-2.jpg\",\"contentUrl\":\"https:\\\/\\\/nbcs.mx\\\/wp-content\\\/uploads\\\/2022\\\/06\\\/DIP-FERNANDO-HOYOS-230622-2.jpg\",\"width\":1024,\"height\":660},{\"@type\":\"BreadcrumbList\",\"@id\":\"https:\\\/\\\/nbcs.mx\\\/?p=108369#breadcrumb\",\"itemListElement\":[{\"@type\":\"ListItem\",\"position\":1,\"name\":\"Portada\",\"item\":\"https:\\\/\\\/nbcs.mx\\\/\"},{\"@type\":\"ListItem\",\"position\":2,\"name\":\"Propone Diputado nueva Ley de Equilibrio Ecol\u00f3gico y Protecci\u00f3n al Ambiente del Estado de BCS\"}]},{\"@type\":\"WebSite\",\"@id\":\"https:\\\/\\\/nbcs.mx\\\/#website\",\"url\":\"https:\\\/\\\/nbcs.mx\\\/\",\"name\":\"NBCS Noticias\",\"description\":\"Sitio web de noticias en Baja California Sur\",\"publisher\":{\"@id\":\"https:\\\/\\\/nbcs.mx\\\/#organization\"},\"potentialAction\":[{\"@type\":\"SearchAction\",\"target\":{\"@type\":\"EntryPoint\",\"urlTemplate\":\"https:\\\/\\\/nbcs.mx\\\/?s={search_term_string}\"},\"query-input\":{\"@type\":\"PropertyValueSpecification\",\"valueRequired\":true,\"valueName\":\"search_term_string\"}}],\"inLanguage\":\"es\"},{\"@type\":\"Organization\",\"@id\":\"https:\\\/\\\/nbcs.mx\\\/#organization\",\"name\":\"NBCS Noticias\",\"url\":\"https:\\\/\\\/nbcs.mx\\\/\",\"logo\":{\"@type\":\"ImageObject\",\"inLanguage\":\"es\",\"@id\":\"https:\\\/\\\/nbcs.mx\\\/#\\\/schema\\\/logo\\\/image\\\/\",\"url\":\"https:\\\/\\\/nbcs.mx\\\/wp-content\\\/uploads\\\/2018\\\/09\\\/057b69485e93575a5c2b1c1dde2dd297.jpeg\",\"contentUrl\":\"https:\\\/\\\/nbcs.mx\\\/wp-content\\\/uploads\\\/2018\\\/09\\\/057b69485e93575a5c2b1c1dde2dd297.jpeg\",\"width\":64,\"height\":64,\"caption\":\"NBCS Noticias\"},\"image\":{\"@id\":\"https:\\\/\\\/nbcs.mx\\\/#\\\/schema\\\/logo\\\/image\\\/\"},\"sameAs\":[\"https:\\\/\\\/www.facebook.com\\\/NBCSnoticias\",\"https:\\\/\\\/x.com\\\/NBCSnoticias\"]},{\"@type\":\"Person\",\"@id\":\"https:\\\/\\\/nbcs.mx\\\/#\\\/schema\\\/person\\\/ece58bab9a7c1e87a4d28ec9ecd79ff4\",\"name\":\"NBCS Noticias\",\"image\":{\"@type\":\"ImageObject\",\"inLanguage\":\"es\",\"@id\":\"https:\\\/\\\/secure.gravatar.com\\\/avatar\\\/4e52110cad1c4054b43271a0d14bbe9e2ea76aecd0e1097edfc670798d9ca1d4?s=96&d=blank&r=g\",\"url\":\"https:\\\/\\\/secure.gravatar.com\\\/avatar\\\/4e52110cad1c4054b43271a0d14bbe9e2ea76aecd0e1097edfc670798d9ca1d4?s=96&d=blank&r=g\",\"contentUrl\":\"https:\\\/\\\/secure.gravatar.com\\\/avatar\\\/4e52110cad1c4054b43271a0d14bbe9e2ea76aecd0e1097edfc670798d9ca1d4?s=96&d=blank&r=g\",\"caption\":\"NBCS Noticias\"},\"description\":\"\u00bfTienes fotos o video de alg\u00fan acto de posible negligencia, corrupci\u00f3n y abuso de autoridad? M\u00e1ndalo al WhatsApp de NBCS Noticias: 612 141 98 08\",\"sameAs\":[\"https:\\\/\\\/www.nbcs.mx\",\"https:\\\/\\\/www.facebook.com\\\/NBCSnoticias\",\"https:\\\/\\\/www.instagram.com\\\/nbcsnoticias\\\/\",\"https:\\\/\\\/x.com\\\/https:\\\/\\\/twitter.com\\\/NBCSnoticias\"]}]}<\/script>\n<!-- \/ Yoast SEO plugin. -->","yoast_head_json":{"title":"Propone Diputado nueva Ley de Equilibrio Ecol\u00f3gico y Protecci\u00f3n al Ambiente del Estado de BCS - NBCS Noticias","robots":{"index":"index","follow":"follow","max-snippet":"max-snippet:-1","max-image-preview":"max-image-preview:large","max-video-preview":"max-video-preview:-1"},"canonical":"https:\/\/nbcs.mx\/?p=108369","og_locale":"es_ES","og_type":"article","og_title":"Propone Diputado nueva Ley de Equilibrio Ecol\u00f3gico y Protecci\u00f3n al Ambiente del Estado de BCS - NBCS Noticias","og_description":"La Paz, Baja California Sur.- El diputado del PT, Fernando Hoyos Aguilar present\u00f3 este jueves 23 de junio ante el","og_url":"https:\/\/nbcs.mx\/?p=108369","og_site_name":"NBCS Noticias","article_publisher":"https:\/\/www.facebook.com\/NBCSnoticias","article_author":"https:\/\/www.facebook.com\/NBCSnoticias","article_published_time":"2022-06-23T21:58:25+00:00","og_image":[{"width":1024,"height":660,"url":"https:\/\/nbcs.mx\/wp-content\/uploads\/2022\/06\/DIP-FERNANDO-HOYOS-230622-2.jpg","type":"image\/jpeg"}],"author":"NBCS Noticias","twitter_card":"summary_large_image","twitter_creator":"@https:\/\/twitter.com\/NBCSnoticias","twitter_site":"@NBCSnoticias","twitter_misc":{"Escrito por":"NBCS Noticias","Tiempo de lectura":"3 minutos"},"schema":{"@context":"https:\/\/schema.org","@graph":[{"@type":"Article","@id":"https:\/\/nbcs.mx\/?p=108369#article","isPartOf":{"@id":"https:\/\/nbcs.mx\/?p=108369"},"author":{"name":"NBCS Noticias","@id":"https:\/\/nbcs.mx\/#\/schema\/person\/ece58bab9a7c1e87a4d28ec9ecd79ff4"},"headline":"Propone Diputado nueva Ley de Equilibrio Ecol\u00f3gico y Protecci\u00f3n al Ambiente del Estado de BCS","datePublished":"2022-06-23T21:58:25+00:00","mainEntityOfPage":{"@id":"https:\/\/nbcs.mx\/?p=108369"},"wordCount":550,"commentCount":0,"publisher":{"@id":"https:\/\/nbcs.mx\/#organization"},"image":{"@id":"https:\/\/nbcs.mx\/?p=108369#primaryimage"},"thumbnailUrl":"https:\/\/nbcs.mx\/wp-content\/uploads\/2022\/06\/DIP-FERNANDO-HOYOS-230622-2.jpg","articleSection":["Congreso de BCS"],"inLanguage":"es","potentialAction":[{"@type":"CommentAction","name":"Comment","target":["https:\/\/nbcs.mx\/?p=108369#respond"]}]},{"@type":"WebPage","@id":"https:\/\/nbcs.mx\/?p=108369","url":"https:\/\/nbcs.mx\/?p=108369","name":"Propone Diputado nueva Ley de Equilibrio Ecol\u00f3gico y Protecci\u00f3n al Ambiente del Estado de BCS - NBCS Noticias","isPartOf":{"@id":"https:\/\/nbcs.mx\/#website"},"primaryImageOfPage":{"@id":"https:\/\/nbcs.mx\/?p=108369#primaryimage"},"image":{"@id":"https:\/\/nbcs.mx\/?p=108369#primaryimage"},"thumbnailUrl":"https:\/\/nbcs.mx\/wp-content\/uploads\/2022\/06\/DIP-FERNANDO-HOYOS-230622-2.jpg","datePublished":"2022-06-23T21:58:25+00:00","breadcrumb":{"@id":"https:\/\/nbcs.mx\/?p=108369#breadcrumb"},"inLanguage":"es","potentialAction":[{"@type":"ReadAction","target":["https:\/\/nbcs.mx\/?p=108369"]}]},{"@type":"ImageObject","inLanguage":"es","@id":"https:\/\/nbcs.mx\/?p=108369#primaryimage","url":"https:\/\/nbcs.mx\/wp-content\/uploads\/2022\/06\/DIP-FERNANDO-HOYOS-230622-2.jpg","contentUrl":"https:\/\/nbcs.mx\/wp-content\/uploads\/2022\/06\/DIP-FERNANDO-HOYOS-230622-2.jpg","width":1024,"height":660},{"@type":"BreadcrumbList","@id":"https:\/\/nbcs.mx\/?p=108369#breadcrumb","itemListElement":[{"@type":"ListItem","position":1,"name":"Portada","item":"https:\/\/nbcs.mx\/"},{"@type":"ListItem","position":2,"name":"Propone Diputado nueva Ley de Equilibrio Ecol\u00f3gico y Protecci\u00f3n al Ambiente del Estado de BCS"}]},{"@type":"WebSite","@id":"https:\/\/nbcs.mx\/#website","url":"https:\/\/nbcs.mx\/","name":"NBCS Noticias","description":"Sitio web de noticias en Baja California Sur","publisher":{"@id":"https:\/\/nbcs.mx\/#organization"},"potentialAction":[{"@type":"SearchAction","target":{"@type":"EntryPoint","urlTemplate":"https:\/\/nbcs.mx\/?s={search_term_string}"},"query-input":{"@type":"PropertyValueSpecification","valueRequired":true,"valueName":"search_term_string"}}],"inLanguage":"es"},{"@type":"Organization","@id":"https:\/\/nbcs.mx\/#organization","name":"NBCS Noticias","url":"https:\/\/nbcs.mx\/","logo":{"@type":"ImageObject","inLanguage":"es","@id":"https:\/\/nbcs.mx\/#\/schema\/logo\/image\/","url":"https:\/\/nbcs.mx\/wp-content\/uploads\/2018\/09\/057b69485e93575a5c2b1c1dde2dd297.jpeg","contentUrl":"https:\/\/nbcs.mx\/wp-content\/uploads\/2018\/09\/057b69485e93575a5c2b1c1dde2dd297.jpeg","width":64,"height":64,"caption":"NBCS Noticias"},"image":{"@id":"https:\/\/nbcs.mx\/#\/schema\/logo\/image\/"},"sameAs":["https:\/\/www.facebook.com\/NBCSnoticias","https:\/\/x.com\/NBCSnoticias"]},{"@type":"Person","@id":"https:\/\/nbcs.mx\/#\/schema\/person\/ece58bab9a7c1e87a4d28ec9ecd79ff4","name":"NBCS Noticias","image":{"@type":"ImageObject","inLanguage":"es","@id":"https:\/\/secure.gravatar.com\/avatar\/4e52110cad1c4054b43271a0d14bbe9e2ea76aecd0e1097edfc670798d9ca1d4?s=96&d=blank&r=g","url":"https:\/\/secure.gravatar.com\/avatar\/4e52110cad1c4054b43271a0d14bbe9e2ea76aecd0e1097edfc670798d9ca1d4?s=96&d=blank&r=g","contentUrl":"https:\/\/secure.gravatar.com\/avatar\/4e52110cad1c4054b43271a0d14bbe9e2ea76aecd0e1097edfc670798d9ca1d4?s=96&d=blank&r=g","caption":"NBCS Noticias"},"description":"\u00bfTienes fotos o video de alg\u00fan acto de posible negligencia, corrupci\u00f3n y abuso de autoridad? M\u00e1ndalo al WhatsApp de NBCS Noticias: 612 141 98 08","sameAs":["https:\/\/www.nbcs.mx","https:\/\/www.facebook.com\/NBCSnoticias","https:\/\/www.instagram.com\/nbcsnoticias\/","https:\/\/x.com\/https:\/\/twitter.com\/NBCSnoticias"]}]}},"jetpack_publicize_connections":[],"jetpack_sharing_enabled":true,"jetpack_featured_media_url":"https:\/\/nbcs.mx\/wp-content\/uploads\/2022\/06\/DIP-FERNANDO-HOYOS-230622-2.jpg","_links":{"self":[{"href":"https:\/\/nbcs.mx\/index.php?rest_route=\/wp\/v2\/posts\/108369","targetHints":{"allow":["GET"]}}],"collection":[{"href":"https:\/\/nbcs.mx\/index.php?rest_route=\/wp\/v2\/posts"}],"about":[{"href":"https:\/\/nbcs.mx\/index.php?rest_route=\/wp\/v2\/types\/post"}],"author":[{"embeddable":true,"href":"https:\/\/nbcs.mx\/index.php?rest_route=\/wp\/v2\/users\/1"}],"replies":[{"embeddable":true,"href":"https:\/\/nbcs.mx\/index.php?rest_route=%2Fwp%2Fv2%2Fcomments&post=108369"}],"version-history":[{"count":1,"href":"https:\/\/nbcs.mx\/index.php?rest_route=\/wp\/v2\/posts\/108369\/revisions"}],"predecessor-version":[{"id":108371,"href":"https:\/\/nbcs.mx\/index.php?rest_route=\/wp\/v2\/posts\/108369\/revisions\/108371"}],"wp:featuredmedia":[{"embeddable":true,"href":"https:\/\/nbcs.mx\/index.php?rest_route=\/wp\/v2\/media\/108370"}],"wp:attachment":[{"href":"https:\/\/nbcs.mx\/index.php?rest_route=%2Fwp%2Fv2%2Fmedia&parent=108369"}],"wp:term":[{"taxonomy":"category","embeddable":true,"href":"https:\/\/nbcs.mx\/index.php?rest_route=%2Fwp%2Fv2%2Fcategories&post=108369"},{"taxonomy":"post_tag","embeddable":true,"href":"https:\/\/nbcs.mx\/index.php?rest_route=%2Fwp%2Fv2%2Ftags&post=108369"}],"curies":[{"name":"wp","href":"https:\/\/api.w.org\/{rel}","templated":true}]}}