{"id":108479,"date":"2022-06-24T14:55:59","date_gmt":"2022-06-24T20:55:59","guid":{"rendered":"https:\/\/nbcs.mx\/?p=108479"},"modified":"2022-06-24T14:55:59","modified_gmt":"2022-06-24T20:55:59","slug":"se-reune-gobernador-con-mujeres-empresarias-de-los-cabos","status":"publish","type":"post","link":"https:\/\/nbcs.mx\/?p=108479","title":{"rendered":"Se re\u00fane gobernador con Mujeres Empresarias  de Los Cabos"},"content":{"rendered":"<p style=\"font-weight: 400; text-align: justify;\"><img loading=\"lazy\" decoding=\"async\" class=\" wp-image-108480 alignleft\" src=\"https:\/\/nbcs.mx\/wp-content\/uploads\/2022\/06\/FOTO1BOLETIN-354_REUNION-EMPRESARIAS-LOS-CABOS-738x492.jpeg\" alt=\"\" width=\"410\" height=\"273\" srcset=\"https:\/\/nbcs.mx\/wp-content\/uploads\/2022\/06\/FOTO1BOLETIN-354_REUNION-EMPRESARIAS-LOS-CABOS-738x492.jpeg 738w, https:\/\/nbcs.mx\/wp-content\/uploads\/2022\/06\/FOTO1BOLETIN-354_REUNION-EMPRESARIAS-LOS-CABOS-1024x682.jpeg 1024w, https:\/\/nbcs.mx\/wp-content\/uploads\/2022\/06\/FOTO1BOLETIN-354_REUNION-EMPRESARIAS-LOS-CABOS-150x100.jpeg 150w, https:\/\/nbcs.mx\/wp-content\/uploads\/2022\/06\/FOTO1BOLETIN-354_REUNION-EMPRESARIAS-LOS-CABOS-768x512.jpeg 768w, https:\/\/nbcs.mx\/wp-content\/uploads\/2022\/06\/FOTO1BOLETIN-354_REUNION-EMPRESARIAS-LOS-CABOS-1536x1023.jpeg 1536w, https:\/\/nbcs.mx\/wp-content\/uploads\/2022\/06\/FOTO1BOLETIN-354_REUNION-EMPRESARIAS-LOS-CABOS.jpeg 1600w\" sizes=\"auto, (max-width: 410px) 100vw, 410px\" \/>Los Cabos, Baja California Sur.- El gobernador V\u00edctor Castro Cos\u00edo sostuvo un encuentro en el municipio de Los Cabos con socias integrantes de la Direcci\u00f3n de Enlaces Gubernamentales de la Asociaci\u00f3n Mexicana de Mujeres Empresarias (AMEXME), quienes son clave del desarrollo social y econ\u00f3mico de la regi\u00f3n.<\/p>\n<p style=\"font-weight: 400; text-align: justify;\">\n<p style=\"font-weight: 400; text-align: justify;\">Las empresarias manifestaron al Gobernador la importancia del empoderamiento de la mujer en la vida productiva, social, econ\u00f3mica y pol\u00edtica de la entidad, as\u00ed como la disposici\u00f3n a trabajar en conjunto con los tres \u00f3rdenes de gobierno, para que a Baja California Sur le vaya bien.<\/p>\n<p style=\"font-weight: 400; text-align: justify;\">\n<p style=\"font-weight: 400; text-align: justify;\">El mandatario estatal V\u00edctor Castro Cos\u00edo manifest\u00f3 todo su respaldo a la AMEXME para su fortalecimiento, as\u00ed como el apoyo para la realizaci\u00f3n del Congreso Nacional en 2024, donde Los Cabos ser\u00e1 sede, adem\u00e1s de la firma de un convenio de concertaci\u00f3n y acuerdo con el gobierno del Estado.<\/p>\n<p style=\"font-weight: 400; text-align: justify;\">\n<p style=\"font-weight: 400; text-align: justify;\">Castro Cos\u00edo resalt\u00f3 el valor y el trabajo de las mujeres, a quienes invit\u00f3 a exaltar su condici\u00f3n a nivel nacional e internacional; tienen las capacidades, talento, conocimientos y habilidades para construir una naci\u00f3n, solo falta \u2013dijo- cultivarlas para que florezca la econom\u00eda y el desarrollo que juntos queremos para Baja California Sur, enfatiz\u00f3.<\/p>\n<p style=\"font-weight: 400; text-align: justify;\">\n<p style=\"font-weight: 400; text-align: justify;\">El Gobernador se comprometi\u00f3 a que en breve se realice la signa de convenio con la AMEXME y sea en octubre pr\u00f3ximo cuando las 38 integrantes de esta asociaci\u00f3n visiten el municipio de Loreto, con el fin de lograr acuerdos en materia de turismo, uniendo esfuerzos para mayor promoci\u00f3n y fortalecer a este sector, sin olvidar a las comunidades y los pueblos, recalc\u00f3.<\/p>\n<p style=\"font-weight: 400; text-align: justify;\">\n<p style=\"font-weight: 400; text-align: justify;\">En representaci\u00f3n de ellas, Maritza Zatarain Valera, subsecretaria de Enlace Legislativo y Municipal, dijo que si bien es cierto que la incorporaci\u00f3n de las mujeres en el \u00e1mbito laboral muestra cambios sin precedentes, las transformaciones m\u00e1s dr\u00e1sticas se han dado en la esfera educativa y empresarial, est\u00e1n a la par de los hombres. Ratific\u00f3 el compromiso por seguir apoyando las iniciativas de fortalecimiento del papel de la mujer en la esfera social, econ\u00f3mica y pol\u00edtica de nuestro pa\u00eds.<\/p>\n<p style=\"font-weight: 400; text-align: justify;\">\n<p style=\"font-weight: 400; text-align: justify;\">Agreg\u00f3 que ellas se suman al trabajo conjunto del gobierno en sus cuatro ejes rectores: salud, econom\u00eda, salud y educaci\u00f3n, todo ello en beneficio de la poblaci\u00f3n sudcaliforniana y dentro de la competencia respectiva.<\/p>\n<p style=\"font-weight: 400; text-align: justify;\">\n<p style=\"font-weight: 400; text-align: justify;\">El presidente municipal \u00d3scar Leggs, manifest\u00f3 el apoyo de su gobierno para la resoluci\u00f3n de problemas y extern\u00f3 la sinergia que existe con los gobiernos estatal y federal, as\u00ed como con el sector empresarial de Los Cabos, reiterando que se continuar\u00e1 con el trabajo para avanzar en los temas prioritarios para el desarrollo de la regi\u00f3n. Reconoci\u00f3 que para ello es fundamental el talento de las mujeres.<\/p>\n<p style=\"font-weight: 400; text-align: justify;\">\n<p style=\"font-weight: 400; text-align: justify;\">Estuvieron presentes en este encuentro el presidente municipal \u00d3scar Leggs, el representante en Los Cabos del gobierno del Estado, Carlos Castro, as\u00ed como el jefe de la Oficina del Ejecutivo, Omar Castro Cota.<\/p>\n","protected":false},"excerpt":{"rendered":"<p>Los Cabos, Baja California Sur.- El gobernador V\u00edctor Castro Cos\u00edo sostuvo un encuentro en el municipio de Los Cabos con<\/p>\n","protected":false},"author":1,"featured_media":108480,"comment_status":"open","ping_status":"closed","sticky":false,"template":"","format":"standard","meta":{"colormag_page_container_layout":"default_layout","colormag_page_sidebar_layout":"default_layout","_jetpack_newsletter_access":"","_jetpack_dont_email_post_to_subs":false,"_jetpack_newsletter_tier_id":0,"_jetpack_memberships_contains_paywalled_content":false,"_jetpack_feature_clip_id":0,"_jetpack_memberships_contains_paid_content":false,"footnotes":"","jetpack_publicize_message":"","jetpack_publicize_feature_enabled":true,"jetpack_social_post_already_shared":true,"jetpack_social_options":{"image_generator_settings":{"template":"highway","default_image_id":0,"font":"","enabled":false},"version":2},"jetpack_post_was_ever_published":false},"categories":[1],"tags":[],"class_list":["post-108479","post","type-post","status-publish","format-standard","has-post-thumbnail","hentry","category-noticias"],"yoast_head":"<!-- This site is optimized with the Yoast SEO plugin v28.4 - https:\/\/yoast.com\/product\/yoast-seo-wordpress\/ -->\n<title>Se re\u00fane gobernador con Mujeres Empresarias de Los Cabos - NBCS Noticias<\/title>\n<meta name=\"robots\" content=\"index, follow, max-snippet:-1, max-image-preview:large, max-video-preview:-1\" \/>\n<link rel=\"canonical\" href=\"https:\/\/nbcs.mx\/?p=108479\" \/>\n<meta property=\"og:locale\" content=\"es_ES\" \/>\n<meta property=\"og:type\" content=\"article\" \/>\n<meta property=\"og:title\" content=\"Se re\u00fane gobernador con Mujeres Empresarias de Los Cabos - NBCS Noticias\" \/>\n<meta property=\"og:description\" content=\"Los Cabos, Baja California Sur.- El gobernador V\u00edctor Castro Cos\u00edo sostuvo un encuentro en el municipio de Los Cabos con\" \/>\n<meta property=\"og:url\" content=\"https:\/\/nbcs.mx\/?p=108479\" \/>\n<meta property=\"og:site_name\" content=\"NBCS Noticias\" \/>\n<meta property=\"article:publisher\" content=\"https:\/\/www.facebook.com\/NBCSnoticias\" \/>\n<meta property=\"article:author\" content=\"https:\/\/www.facebook.com\/NBCSnoticias\" \/>\n<meta property=\"article:published_time\" content=\"2022-06-24T20:55:59+00:00\" \/>\n<meta property=\"og:image\" content=\"https:\/\/nbcs.mx\/wp-content\/uploads\/2022\/06\/FOTO1BOLETIN-354_REUNION-EMPRESARIAS-LOS-CABOS.jpeg\" \/>\n\t<meta property=\"og:image:width\" content=\"1600\" \/>\n\t<meta property=\"og:image:height\" content=\"1066\" \/>\n\t<meta property=\"og:image:type\" content=\"image\/jpeg\" \/>\n<meta name=\"author\" content=\"NBCS Noticias\" \/>\n<meta name=\"twitter:card\" content=\"summary_large_image\" \/>\n<meta name=\"twitter:creator\" content=\"@https:\/\/twitter.com\/NBCSnoticias\" \/>\n<meta name=\"twitter:site\" content=\"@NBCSnoticias\" \/>\n<meta name=\"twitter:label1\" content=\"Escrito por\" \/>\n\t<meta name=\"twitter:data1\" content=\"NBCS Noticias\" \/>\n\t<meta name=\"twitter:label2\" content=\"Tiempo de lectura\" \/>\n\t<meta name=\"twitter:data2\" content=\"3 minutos\" \/>\n<script type=\"application\/ld+json\" class=\"yoast-schema-graph\">{\"@context\":\"https:\\\/\\\/schema.org\",\"@graph\":[{\"@type\":\"Article\",\"@id\":\"https:\\\/\\\/nbcs.mx\\\/?p=108479#article\",\"isPartOf\":{\"@id\":\"https:\\\/\\\/nbcs.mx\\\/?p=108479\"},\"author\":{\"name\":\"NBCS Noticias\",\"@id\":\"https:\\\/\\\/nbcs.mx\\\/#\\\/schema\\\/person\\\/ece58bab9a7c1e87a4d28ec9ecd79ff4\"},\"headline\":\"Se re\u00fane gobernador con Mujeres Empresarias de Los Cabos\",\"datePublished\":\"2022-06-24T20:55:59+00:00\",\"mainEntityOfPage\":{\"@id\":\"https:\\\/\\\/nbcs.mx\\\/?p=108479\"},\"wordCount\":514,\"commentCount\":0,\"publisher\":{\"@id\":\"https:\\\/\\\/nbcs.mx\\\/#organization\"},\"image\":{\"@id\":\"https:\\\/\\\/nbcs.mx\\\/?p=108479#primaryimage\"},\"thumbnailUrl\":\"https:\\\/\\\/nbcs.mx\\\/wp-content\\\/uploads\\\/2022\\\/06\\\/FOTO1BOLETIN-354_REUNION-EMPRESARIAS-LOS-CABOS.jpeg\",\"articleSection\":[\"Noticias\"],\"inLanguage\":\"es\",\"potentialAction\":[{\"@type\":\"CommentAction\",\"name\":\"Comment\",\"target\":[\"https:\\\/\\\/nbcs.mx\\\/?p=108479#respond\"]}]},{\"@type\":\"WebPage\",\"@id\":\"https:\\\/\\\/nbcs.mx\\\/?p=108479\",\"url\":\"https:\\\/\\\/nbcs.mx\\\/?p=108479\",\"name\":\"Se re\u00fane gobernador con Mujeres Empresarias de Los Cabos - NBCS Noticias\",\"isPartOf\":{\"@id\":\"https:\\\/\\\/nbcs.mx\\\/#website\"},\"primaryImageOfPage\":{\"@id\":\"https:\\\/\\\/nbcs.mx\\\/?p=108479#primaryimage\"},\"image\":{\"@id\":\"https:\\\/\\\/nbcs.mx\\\/?p=108479#primaryimage\"},\"thumbnailUrl\":\"https:\\\/\\\/nbcs.mx\\\/wp-content\\\/uploads\\\/2022\\\/06\\\/FOTO1BOLETIN-354_REUNION-EMPRESARIAS-LOS-CABOS.jpeg\",\"datePublished\":\"2022-06-24T20:55:59+00:00\",\"breadcrumb\":{\"@id\":\"https:\\\/\\\/nbcs.mx\\\/?p=108479#breadcrumb\"},\"inLanguage\":\"es\",\"potentialAction\":[{\"@type\":\"ReadAction\",\"target\":[\"https:\\\/\\\/nbcs.mx\\\/?p=108479\"]}]},{\"@type\":\"ImageObject\",\"inLanguage\":\"es\",\"@id\":\"https:\\\/\\\/nbcs.mx\\\/?p=108479#primaryimage\",\"url\":\"https:\\\/\\\/nbcs.mx\\\/wp-content\\\/uploads\\\/2022\\\/06\\\/FOTO1BOLETIN-354_REUNION-EMPRESARIAS-LOS-CABOS.jpeg\",\"contentUrl\":\"https:\\\/\\\/nbcs.mx\\\/wp-content\\\/uploads\\\/2022\\\/06\\\/FOTO1BOLETIN-354_REUNION-EMPRESARIAS-LOS-CABOS.jpeg\",\"width\":1600,\"height\":1066},{\"@type\":\"BreadcrumbList\",\"@id\":\"https:\\\/\\\/nbcs.mx\\\/?p=108479#breadcrumb\",\"itemListElement\":[{\"@type\":\"ListItem\",\"position\":1,\"name\":\"Portada\",\"item\":\"https:\\\/\\\/nbcs.mx\\\/\"},{\"@type\":\"ListItem\",\"position\":2,\"name\":\"Se re\u00fane gobernador con Mujeres Empresarias de Los Cabos\"}]},{\"@type\":\"WebSite\",\"@id\":\"https:\\\/\\\/nbcs.mx\\\/#website\",\"url\":\"https:\\\/\\\/nbcs.mx\\\/\",\"name\":\"NBCS Noticias\",\"description\":\"Sitio web de noticias en Baja California Sur\",\"publisher\":{\"@id\":\"https:\\\/\\\/nbcs.mx\\\/#organization\"},\"potentialAction\":[{\"@type\":\"SearchAction\",\"target\":{\"@type\":\"EntryPoint\",\"urlTemplate\":\"https:\\\/\\\/nbcs.mx\\\/?s={search_term_string}\"},\"query-input\":{\"@type\":\"PropertyValueSpecification\",\"valueRequired\":true,\"valueName\":\"search_term_string\"}}],\"inLanguage\":\"es\"},{\"@type\":\"Organization\",\"@id\":\"https:\\\/\\\/nbcs.mx\\\/#organization\",\"name\":\"NBCS Noticias\",\"url\":\"https:\\\/\\\/nbcs.mx\\\/\",\"logo\":{\"@type\":\"ImageObject\",\"inLanguage\":\"es\",\"@id\":\"https:\\\/\\\/nbcs.mx\\\/#\\\/schema\\\/logo\\\/image\\\/\",\"url\":\"https:\\\/\\\/nbcs.mx\\\/wp-content\\\/uploads\\\/2018\\\/09\\\/057b69485e93575a5c2b1c1dde2dd297.jpeg\",\"contentUrl\":\"https:\\\/\\\/nbcs.mx\\\/wp-content\\\/uploads\\\/2018\\\/09\\\/057b69485e93575a5c2b1c1dde2dd297.jpeg\",\"width\":64,\"height\":64,\"caption\":\"NBCS Noticias\"},\"image\":{\"@id\":\"https:\\\/\\\/nbcs.mx\\\/#\\\/schema\\\/logo\\\/image\\\/\"},\"sameAs\":[\"https:\\\/\\\/www.facebook.com\\\/NBCSnoticias\",\"https:\\\/\\\/x.com\\\/NBCSnoticias\"]},{\"@type\":\"Person\",\"@id\":\"https:\\\/\\\/nbcs.mx\\\/#\\\/schema\\\/person\\\/ece58bab9a7c1e87a4d28ec9ecd79ff4\",\"name\":\"NBCS Noticias\",\"image\":{\"@type\":\"ImageObject\",\"inLanguage\":\"es\",\"@id\":\"https:\\\/\\\/secure.gravatar.com\\\/avatar\\\/4e52110cad1c4054b43271a0d14bbe9e2ea76aecd0e1097edfc670798d9ca1d4?s=96&d=blank&r=g\",\"url\":\"https:\\\/\\\/secure.gravatar.com\\\/avatar\\\/4e52110cad1c4054b43271a0d14bbe9e2ea76aecd0e1097edfc670798d9ca1d4?s=96&d=blank&r=g\",\"contentUrl\":\"https:\\\/\\\/secure.gravatar.com\\\/avatar\\\/4e52110cad1c4054b43271a0d14bbe9e2ea76aecd0e1097edfc670798d9ca1d4?s=96&d=blank&r=g\",\"caption\":\"NBCS Noticias\"},\"description\":\"\u00bfTienes fotos o video de alg\u00fan acto de posible negligencia, corrupci\u00f3n y abuso de autoridad? M\u00e1ndalo al WhatsApp de NBCS Noticias: 612 141 98 08\",\"sameAs\":[\"https:\\\/\\\/www.nbcs.mx\",\"https:\\\/\\\/www.facebook.com\\\/NBCSnoticias\",\"https:\\\/\\\/www.instagram.com\\\/nbcsnoticias\\\/\",\"https:\\\/\\\/x.com\\\/https:\\\/\\\/twitter.com\\\/NBCSnoticias\"]}]}<\/script>\n<!-- \/ Yoast SEO plugin. -->","yoast_head_json":{"title":"Se re\u00fane gobernador con Mujeres Empresarias de Los Cabos - NBCS Noticias","robots":{"index":"index","follow":"follow","max-snippet":"max-snippet:-1","max-image-preview":"max-image-preview:large","max-video-preview":"max-video-preview:-1"},"canonical":"https:\/\/nbcs.mx\/?p=108479","og_locale":"es_ES","og_type":"article","og_title":"Se re\u00fane gobernador con Mujeres Empresarias de Los Cabos - NBCS Noticias","og_description":"Los Cabos, Baja California Sur.- El gobernador V\u00edctor Castro Cos\u00edo sostuvo un encuentro en el municipio de Los Cabos con","og_url":"https:\/\/nbcs.mx\/?p=108479","og_site_name":"NBCS Noticias","article_publisher":"https:\/\/www.facebook.com\/NBCSnoticias","article_author":"https:\/\/www.facebook.com\/NBCSnoticias","article_published_time":"2022-06-24T20:55:59+00:00","og_image":[{"width":1600,"height":1066,"url":"https:\/\/nbcs.mx\/wp-content\/uploads\/2022\/06\/FOTO1BOLETIN-354_REUNION-EMPRESARIAS-LOS-CABOS.jpeg","type":"image\/jpeg"}],"author":"NBCS Noticias","twitter_card":"summary_large_image","twitter_creator":"@https:\/\/twitter.com\/NBCSnoticias","twitter_site":"@NBCSnoticias","twitter_misc":{"Escrito por":"NBCS Noticias","Tiempo de lectura":"3 minutos"},"schema":{"@context":"https:\/\/schema.org","@graph":[{"@type":"Article","@id":"https:\/\/nbcs.mx\/?p=108479#article","isPartOf":{"@id":"https:\/\/nbcs.mx\/?p=108479"},"author":{"name":"NBCS Noticias","@id":"https:\/\/nbcs.mx\/#\/schema\/person\/ece58bab9a7c1e87a4d28ec9ecd79ff4"},"headline":"Se re\u00fane gobernador con Mujeres Empresarias de Los Cabos","datePublished":"2022-06-24T20:55:59+00:00","mainEntityOfPage":{"@id":"https:\/\/nbcs.mx\/?p=108479"},"wordCount":514,"commentCount":0,"publisher":{"@id":"https:\/\/nbcs.mx\/#organization"},"image":{"@id":"https:\/\/nbcs.mx\/?p=108479#primaryimage"},"thumbnailUrl":"https:\/\/nbcs.mx\/wp-content\/uploads\/2022\/06\/FOTO1BOLETIN-354_REUNION-EMPRESARIAS-LOS-CABOS.jpeg","articleSection":["Noticias"],"inLanguage":"es","potentialAction":[{"@type":"CommentAction","name":"Comment","target":["https:\/\/nbcs.mx\/?p=108479#respond"]}]},{"@type":"WebPage","@id":"https:\/\/nbcs.mx\/?p=108479","url":"https:\/\/nbcs.mx\/?p=108479","name":"Se re\u00fane gobernador con Mujeres Empresarias de Los Cabos - NBCS Noticias","isPartOf":{"@id":"https:\/\/nbcs.mx\/#website"},"primaryImageOfPage":{"@id":"https:\/\/nbcs.mx\/?p=108479#primaryimage"},"image":{"@id":"https:\/\/nbcs.mx\/?p=108479#primaryimage"},"thumbnailUrl":"https:\/\/nbcs.mx\/wp-content\/uploads\/2022\/06\/FOTO1BOLETIN-354_REUNION-EMPRESARIAS-LOS-CABOS.jpeg","datePublished":"2022-06-24T20:55:59+00:00","breadcrumb":{"@id":"https:\/\/nbcs.mx\/?p=108479#breadcrumb"},"inLanguage":"es","potentialAction":[{"@type":"ReadAction","target":["https:\/\/nbcs.mx\/?p=108479"]}]},{"@type":"ImageObject","inLanguage":"es","@id":"https:\/\/nbcs.mx\/?p=108479#primaryimage","url":"https:\/\/nbcs.mx\/wp-content\/uploads\/2022\/06\/FOTO1BOLETIN-354_REUNION-EMPRESARIAS-LOS-CABOS.jpeg","contentUrl":"https:\/\/nbcs.mx\/wp-content\/uploads\/2022\/06\/FOTO1BOLETIN-354_REUNION-EMPRESARIAS-LOS-CABOS.jpeg","width":1600,"height":1066},{"@type":"BreadcrumbList","@id":"https:\/\/nbcs.mx\/?p=108479#breadcrumb","itemListElement":[{"@type":"ListItem","position":1,"name":"Portada","item":"https:\/\/nbcs.mx\/"},{"@type":"ListItem","position":2,"name":"Se re\u00fane gobernador con Mujeres Empresarias de Los Cabos"}]},{"@type":"WebSite","@id":"https:\/\/nbcs.mx\/#website","url":"https:\/\/nbcs.mx\/","name":"NBCS Noticias","description":"Sitio web de noticias en Baja California Sur","publisher":{"@id":"https:\/\/nbcs.mx\/#organization"},"potentialAction":[{"@type":"SearchAction","target":{"@type":"EntryPoint","urlTemplate":"https:\/\/nbcs.mx\/?s={search_term_string}"},"query-input":{"@type":"PropertyValueSpecification","valueRequired":true,"valueName":"search_term_string"}}],"inLanguage":"es"},{"@type":"Organization","@id":"https:\/\/nbcs.mx\/#organization","name":"NBCS Noticias","url":"https:\/\/nbcs.mx\/","logo":{"@type":"ImageObject","inLanguage":"es","@id":"https:\/\/nbcs.mx\/#\/schema\/logo\/image\/","url":"https:\/\/nbcs.mx\/wp-content\/uploads\/2018\/09\/057b69485e93575a5c2b1c1dde2dd297.jpeg","contentUrl":"https:\/\/nbcs.mx\/wp-content\/uploads\/2018\/09\/057b69485e93575a5c2b1c1dde2dd297.jpeg","width":64,"height":64,"caption":"NBCS Noticias"},"image":{"@id":"https:\/\/nbcs.mx\/#\/schema\/logo\/image\/"},"sameAs":["https:\/\/www.facebook.com\/NBCSnoticias","https:\/\/x.com\/NBCSnoticias"]},{"@type":"Person","@id":"https:\/\/nbcs.mx\/#\/schema\/person\/ece58bab9a7c1e87a4d28ec9ecd79ff4","name":"NBCS Noticias","image":{"@type":"ImageObject","inLanguage":"es","@id":"https:\/\/secure.gravatar.com\/avatar\/4e52110cad1c4054b43271a0d14bbe9e2ea76aecd0e1097edfc670798d9ca1d4?s=96&d=blank&r=g","url":"https:\/\/secure.gravatar.com\/avatar\/4e52110cad1c4054b43271a0d14bbe9e2ea76aecd0e1097edfc670798d9ca1d4?s=96&d=blank&r=g","contentUrl":"https:\/\/secure.gravatar.com\/avatar\/4e52110cad1c4054b43271a0d14bbe9e2ea76aecd0e1097edfc670798d9ca1d4?s=96&d=blank&r=g","caption":"NBCS Noticias"},"description":"\u00bfTienes fotos o video de alg\u00fan acto de posible negligencia, corrupci\u00f3n y abuso de autoridad? M\u00e1ndalo al WhatsApp de NBCS Noticias: 612 141 98 08","sameAs":["https:\/\/www.nbcs.mx","https:\/\/www.facebook.com\/NBCSnoticias","https:\/\/www.instagram.com\/nbcsnoticias\/","https:\/\/x.com\/https:\/\/twitter.com\/NBCSnoticias"]}]}},"jetpack_publicize_connections":[],"jetpack_sharing_enabled":true,"jetpack_featured_media_url":"https:\/\/nbcs.mx\/wp-content\/uploads\/2022\/06\/FOTO1BOLETIN-354_REUNION-EMPRESARIAS-LOS-CABOS.jpeg","_links":{"self":[{"href":"https:\/\/nbcs.mx\/index.php?rest_route=\/wp\/v2\/posts\/108479","targetHints":{"allow":["GET"]}}],"collection":[{"href":"https:\/\/nbcs.mx\/index.php?rest_route=\/wp\/v2\/posts"}],"about":[{"href":"https:\/\/nbcs.mx\/index.php?rest_route=\/wp\/v2\/types\/post"}],"author":[{"embeddable":true,"href":"https:\/\/nbcs.mx\/index.php?rest_route=\/wp\/v2\/users\/1"}],"replies":[{"embeddable":true,"href":"https:\/\/nbcs.mx\/index.php?rest_route=%2Fwp%2Fv2%2Fcomments&post=108479"}],"version-history":[{"count":1,"href":"https:\/\/nbcs.mx\/index.php?rest_route=\/wp\/v2\/posts\/108479\/revisions"}],"predecessor-version":[{"id":108481,"href":"https:\/\/nbcs.mx\/index.php?rest_route=\/wp\/v2\/posts\/108479\/revisions\/108481"}],"wp:featuredmedia":[{"embeddable":true,"href":"https:\/\/nbcs.mx\/index.php?rest_route=\/wp\/v2\/media\/108480"}],"wp:attachment":[{"href":"https:\/\/nbcs.mx\/index.php?rest_route=%2Fwp%2Fv2%2Fmedia&parent=108479"}],"wp:term":[{"taxonomy":"category","embeddable":true,"href":"https:\/\/nbcs.mx\/index.php?rest_route=%2Fwp%2Fv2%2Fcategories&post=108479"},{"taxonomy":"post_tag","embeddable":true,"href":"https:\/\/nbcs.mx\/index.php?rest_route=%2Fwp%2Fv2%2Ftags&post=108479"}],"curies":[{"name":"wp","href":"https:\/\/api.w.org\/{rel}","templated":true}]}}