{"id":108502,"date":"2022-06-24T18:57:01","date_gmt":"2022-06-25T00:57:01","guid":{"rendered":"https:\/\/nbcs.mx\/?p=108502"},"modified":"2022-06-24T18:57:21","modified_gmt":"2022-06-25T00:57:21","slug":"aseguran-a-elemento-de-la-policia-auxiliar-por-portar-una-pistola-de-postas","status":"publish","type":"post","link":"https:\/\/nbcs.mx\/?p=108502","title":{"rendered":"Aseguran a elemento de la Polic\u00eda Auxiliar por portar una pistola de postas"},"content":{"rendered":"<p style=\"text-align: justify;\"><img loading=\"lazy\" decoding=\"async\" class=\" wp-image-108503 alignleft\" src=\"https:\/\/nbcs.mx\/wp-content\/uploads\/2022\/06\/15887471827b5fd-755x400.jpeg\" alt=\"\" width=\"360\" height=\"191\" srcset=\"https:\/\/nbcs.mx\/wp-content\/uploads\/2022\/06\/15887471827b5fd-755x400.jpeg 755w, https:\/\/nbcs.mx\/wp-content\/uploads\/2022\/06\/15887471827b5fd-150x79.jpeg 150w, https:\/\/nbcs.mx\/wp-content\/uploads\/2022\/06\/15887471827b5fd-768x407.jpeg 768w, https:\/\/nbcs.mx\/wp-content\/uploads\/2022\/06\/15887471827b5fd.jpeg 850w\" sizes=\"auto, (max-width: 360px) 100vw, 360px\" \/>Por Luis Rold\u00e1n<\/p>\n<p style=\"text-align: justify;\">La Paz, Baja California Sur.- Elementos de la Polic\u00eda Municipal, \u00a0aseguraron la ma\u00f1ana de este viernes a un elemento de la Polic\u00eda Auxiliar, el cual vest\u00eda con equipo t\u00e1ctico y portando un arma, sin que se le observar\u00e1 ninguna insignia de alguna corporaci\u00f3n policial.<\/p>\n<p style=\"text-align: justify;\">Los hechos se registraron, cerca de las 9:45 horas en las calles de 5 de febrero y forjadores, cuando personas en el lugar, reportaran al 911 a una persona con un arma de fuego en el interior de una tienda OXXO.<\/p>\n<p style=\"text-align: justify;\">Al arribar las unidades, tuvieron a la vista a la persona parada sobre la banqueta en las afueras del establecimiento, a quien mediante los protocolos se le solicito se identificara y entregara el arma.<\/p>\n<p style=\"text-align: justify;\">La persona se\u00f1alada, dijo ser polic\u00eda auxiliar de La Paz, con 3 meses de servicio, de nombre Juan Alfredo \u201cN\u201d de 25 a\u00f1os de edad.<\/p>\n<p style=\"text-align: justify;\">Tras una revisi\u00f3n preventiva, los agentes se percataron que se trataba de una arma de postas, la cual estaba fuera de funcionamiento, por lo que cuestionarle el motivo de la portaci\u00f3n de esa arma, coment\u00f3 que se le hab\u00eda hecho f\u00e1cil pon\u00e9rsela en la piernera.<\/p>\n<p style=\"text-align: justify;\">Ante los hechos, la persona, junto con el arma, fueron puestos a disposici\u00f3n de la comandancia general de la polic\u00eda municipal quienes se encargaron del elemento en menci\u00f3n.<\/p>\n<p style=\"text-align: justify;\" aria-label=\"Cuerpo del mensaje\" aria-multiline=\"true\">&#8212;<\/p>\n","protected":false},"excerpt":{"rendered":"<p>Por Luis Rold\u00e1n La Paz, Baja California Sur.- Elementos de la Polic\u00eda Municipal, \u00a0aseguraron la ma\u00f1ana de este viernes a<\/p>\n","protected":false},"author":1,"featured_media":108503,"comment_status":"open","ping_status":"closed","sticky":false,"template":"","format":"standard","meta":{"colormag_page_container_layout":"default_layout","colormag_page_sidebar_layout":"default_layout","_jetpack_memberships_contains_paid_content":false,"footnotes":"","jetpack_publicize_message":"","jetpack_publicize_feature_enabled":true,"jetpack_social_post_already_shared":true,"jetpack_social_options":{"image_generator_settings":{"template":"highway","default_image_id":0,"font":"","enabled":false},"version":2}},"categories":[22],"tags":[],"class_list":["post-108502","post","type-post","status-publish","format-standard","has-post-thumbnail","hentry","category-policiacas"],"yoast_head":"<!-- This site is optimized with the Yoast SEO plugin v27.5 - https:\/\/yoast.com\/product\/yoast-seo-wordpress\/ -->\n<title>Aseguran a elemento de la Polic\u00eda Auxiliar por portar una pistola de postas - NBCS Noticias<\/title>\n<meta name=\"robots\" content=\"index, follow, max-snippet:-1, max-image-preview:large, max-video-preview:-1\" \/>\n<link rel=\"canonical\" href=\"https:\/\/nbcs.mx\/?p=108502\" \/>\n<meta property=\"og:locale\" content=\"es_ES\" \/>\n<meta property=\"og:type\" content=\"article\" \/>\n<meta property=\"og:title\" content=\"Aseguran a elemento de la Polic\u00eda Auxiliar por portar una pistola de postas - NBCS Noticias\" \/>\n<meta property=\"og:description\" content=\"Por Luis Rold\u00e1n La Paz, Baja California Sur.- Elementos de la Polic\u00eda Municipal, \u00a0aseguraron la ma\u00f1ana de este viernes a\" \/>\n<meta property=\"og:url\" content=\"https:\/\/nbcs.mx\/?p=108502\" \/>\n<meta property=\"og:site_name\" content=\"NBCS Noticias\" \/>\n<meta property=\"article:publisher\" content=\"https:\/\/www.facebook.com\/NBCSnoticias\" \/>\n<meta property=\"article:author\" content=\"https:\/\/www.facebook.com\/NBCSnoticias\" \/>\n<meta property=\"article:published_time\" content=\"2022-06-25T00:57:01+00:00\" \/>\n<meta property=\"article:modified_time\" content=\"2022-06-25T00:57:21+00:00\" \/>\n<meta property=\"og:image\" content=\"https:\/\/nbcs.mx\/wp-content\/uploads\/2022\/06\/15887471827b5fd.jpeg\" \/>\n\t<meta property=\"og:image:width\" content=\"850\" \/>\n\t<meta property=\"og:image:height\" content=\"450\" \/>\n\t<meta property=\"og:image:type\" content=\"image\/jpeg\" \/>\n<meta name=\"author\" content=\"NBCS Noticias\" \/>\n<meta name=\"twitter:card\" content=\"summary_large_image\" \/>\n<meta name=\"twitter:creator\" content=\"@https:\/\/twitter.com\/NBCSnoticias\" \/>\n<meta name=\"twitter:site\" content=\"@NBCSnoticias\" \/>\n<meta name=\"twitter:label1\" content=\"Escrito por\" \/>\n\t<meta name=\"twitter:data1\" content=\"NBCS Noticias\" \/>\n\t<meta name=\"twitter:label2\" content=\"Tiempo de lectura\" \/>\n\t<meta name=\"twitter:data2\" content=\"1 minuto\" \/>\n<script type=\"application\/ld+json\" class=\"yoast-schema-graph\">{\"@context\":\"https:\\\/\\\/schema.org\",\"@graph\":[{\"@type\":\"Article\",\"@id\":\"https:\\\/\\\/nbcs.mx\\\/?p=108502#article\",\"isPartOf\":{\"@id\":\"https:\\\/\\\/nbcs.mx\\\/?p=108502\"},\"author\":{\"name\":\"NBCS Noticias\",\"@id\":\"https:\\\/\\\/nbcs.mx\\\/#\\\/schema\\\/person\\\/ece58bab9a7c1e87a4d28ec9ecd79ff4\"},\"headline\":\"Aseguran a elemento de la Polic\u00eda Auxiliar por portar una pistola de postas\",\"datePublished\":\"2022-06-25T00:57:01+00:00\",\"dateModified\":\"2022-06-25T00:57:21+00:00\",\"mainEntityOfPage\":{\"@id\":\"https:\\\/\\\/nbcs.mx\\\/?p=108502\"},\"wordCount\":249,\"commentCount\":0,\"publisher\":{\"@id\":\"https:\\\/\\\/nbcs.mx\\\/#organization\"},\"image\":{\"@id\":\"https:\\\/\\\/nbcs.mx\\\/?p=108502#primaryimage\"},\"thumbnailUrl\":\"https:\\\/\\\/nbcs.mx\\\/wp-content\\\/uploads\\\/2022\\\/06\\\/15887471827b5fd.jpeg\",\"articleSection\":[\"Policiacas\"],\"inLanguage\":\"es\",\"potentialAction\":[{\"@type\":\"CommentAction\",\"name\":\"Comment\",\"target\":[\"https:\\\/\\\/nbcs.mx\\\/?p=108502#respond\"]}]},{\"@type\":\"WebPage\",\"@id\":\"https:\\\/\\\/nbcs.mx\\\/?p=108502\",\"url\":\"https:\\\/\\\/nbcs.mx\\\/?p=108502\",\"name\":\"Aseguran a elemento de la Polic\u00eda Auxiliar por portar una pistola de postas - NBCS Noticias\",\"isPartOf\":{\"@id\":\"https:\\\/\\\/nbcs.mx\\\/#website\"},\"primaryImageOfPage\":{\"@id\":\"https:\\\/\\\/nbcs.mx\\\/?p=108502#primaryimage\"},\"image\":{\"@id\":\"https:\\\/\\\/nbcs.mx\\\/?p=108502#primaryimage\"},\"thumbnailUrl\":\"https:\\\/\\\/nbcs.mx\\\/wp-content\\\/uploads\\\/2022\\\/06\\\/15887471827b5fd.jpeg\",\"datePublished\":\"2022-06-25T00:57:01+00:00\",\"dateModified\":\"2022-06-25T00:57:21+00:00\",\"breadcrumb\":{\"@id\":\"https:\\\/\\\/nbcs.mx\\\/?p=108502#breadcrumb\"},\"inLanguage\":\"es\",\"potentialAction\":[{\"@type\":\"ReadAction\",\"target\":[\"https:\\\/\\\/nbcs.mx\\\/?p=108502\"]}]},{\"@type\":\"ImageObject\",\"inLanguage\":\"es\",\"@id\":\"https:\\\/\\\/nbcs.mx\\\/?p=108502#primaryimage\",\"url\":\"https:\\\/\\\/nbcs.mx\\\/wp-content\\\/uploads\\\/2022\\\/06\\\/15887471827b5fd.jpeg\",\"contentUrl\":\"https:\\\/\\\/nbcs.mx\\\/wp-content\\\/uploads\\\/2022\\\/06\\\/15887471827b5fd.jpeg\",\"width\":850,\"height\":450},{\"@type\":\"BreadcrumbList\",\"@id\":\"https:\\\/\\\/nbcs.mx\\\/?p=108502#breadcrumb\",\"itemListElement\":[{\"@type\":\"ListItem\",\"position\":1,\"name\":\"Portada\",\"item\":\"https:\\\/\\\/nbcs.mx\\\/\"},{\"@type\":\"ListItem\",\"position\":2,\"name\":\"Aseguran a elemento de la Polic\u00eda Auxiliar por portar una pistola de postas\"}]},{\"@type\":\"WebSite\",\"@id\":\"https:\\\/\\\/nbcs.mx\\\/#website\",\"url\":\"https:\\\/\\\/nbcs.mx\\\/\",\"name\":\"NBCS Noticias\",\"description\":\"Sitio web de noticias en Baja California Sur\",\"publisher\":{\"@id\":\"https:\\\/\\\/nbcs.mx\\\/#organization\"},\"potentialAction\":[{\"@type\":\"SearchAction\",\"target\":{\"@type\":\"EntryPoint\",\"urlTemplate\":\"https:\\\/\\\/nbcs.mx\\\/?s={search_term_string}\"},\"query-input\":{\"@type\":\"PropertyValueSpecification\",\"valueRequired\":true,\"valueName\":\"search_term_string\"}}],\"inLanguage\":\"es\"},{\"@type\":\"Organization\",\"@id\":\"https:\\\/\\\/nbcs.mx\\\/#organization\",\"name\":\"NBCS Noticias\",\"url\":\"https:\\\/\\\/nbcs.mx\\\/\",\"logo\":{\"@type\":\"ImageObject\",\"inLanguage\":\"es\",\"@id\":\"https:\\\/\\\/nbcs.mx\\\/#\\\/schema\\\/logo\\\/image\\\/\",\"url\":\"https:\\\/\\\/nbcs.mx\\\/wp-content\\\/uploads\\\/2018\\\/09\\\/057b69485e93575a5c2b1c1dde2dd297.jpeg\",\"contentUrl\":\"https:\\\/\\\/nbcs.mx\\\/wp-content\\\/uploads\\\/2018\\\/09\\\/057b69485e93575a5c2b1c1dde2dd297.jpeg\",\"width\":64,\"height\":64,\"caption\":\"NBCS Noticias\"},\"image\":{\"@id\":\"https:\\\/\\\/nbcs.mx\\\/#\\\/schema\\\/logo\\\/image\\\/\"},\"sameAs\":[\"https:\\\/\\\/www.facebook.com\\\/NBCSnoticias\",\"https:\\\/\\\/x.com\\\/NBCSnoticias\"]},{\"@type\":\"Person\",\"@id\":\"https:\\\/\\\/nbcs.mx\\\/#\\\/schema\\\/person\\\/ece58bab9a7c1e87a4d28ec9ecd79ff4\",\"name\":\"NBCS Noticias\",\"image\":{\"@type\":\"ImageObject\",\"inLanguage\":\"es\",\"@id\":\"https:\\\/\\\/secure.gravatar.com\\\/avatar\\\/4e52110cad1c4054b43271a0d14bbe9e2ea76aecd0e1097edfc670798d9ca1d4?s=96&d=blank&r=g\",\"url\":\"https:\\\/\\\/secure.gravatar.com\\\/avatar\\\/4e52110cad1c4054b43271a0d14bbe9e2ea76aecd0e1097edfc670798d9ca1d4?s=96&d=blank&r=g\",\"contentUrl\":\"https:\\\/\\\/secure.gravatar.com\\\/avatar\\\/4e52110cad1c4054b43271a0d14bbe9e2ea76aecd0e1097edfc670798d9ca1d4?s=96&d=blank&r=g\",\"caption\":\"NBCS Noticias\"},\"description\":\"\u00bfTienes fotos o video de alg\u00fan acto de posible negligencia, corrupci\u00f3n y abuso de autoridad? M\u00e1ndalo al WhatsApp de NBCS Noticias: 612 141 98 08\",\"sameAs\":[\"https:\\\/\\\/www.nbcs.mx\",\"https:\\\/\\\/www.facebook.com\\\/NBCSnoticias\",\"https:\\\/\\\/www.instagram.com\\\/nbcsnoticias\\\/\",\"https:\\\/\\\/x.com\\\/https:\\\/\\\/twitter.com\\\/NBCSnoticias\"]}]}<\/script>\n<!-- \/ Yoast SEO plugin. -->","yoast_head_json":{"title":"Aseguran a elemento de la Polic\u00eda Auxiliar por portar una pistola de postas - NBCS Noticias","robots":{"index":"index","follow":"follow","max-snippet":"max-snippet:-1","max-image-preview":"max-image-preview:large","max-video-preview":"max-video-preview:-1"},"canonical":"https:\/\/nbcs.mx\/?p=108502","og_locale":"es_ES","og_type":"article","og_title":"Aseguran a elemento de la Polic\u00eda Auxiliar por portar una pistola de postas - NBCS Noticias","og_description":"Por Luis Rold\u00e1n La Paz, Baja California Sur.- Elementos de la Polic\u00eda Municipal, \u00a0aseguraron la ma\u00f1ana de este viernes a","og_url":"https:\/\/nbcs.mx\/?p=108502","og_site_name":"NBCS Noticias","article_publisher":"https:\/\/www.facebook.com\/NBCSnoticias","article_author":"https:\/\/www.facebook.com\/NBCSnoticias","article_published_time":"2022-06-25T00:57:01+00:00","article_modified_time":"2022-06-25T00:57:21+00:00","og_image":[{"width":850,"height":450,"url":"https:\/\/nbcs.mx\/wp-content\/uploads\/2022\/06\/15887471827b5fd.jpeg","type":"image\/jpeg"}],"author":"NBCS Noticias","twitter_card":"summary_large_image","twitter_creator":"@https:\/\/twitter.com\/NBCSnoticias","twitter_site":"@NBCSnoticias","twitter_misc":{"Escrito por":"NBCS Noticias","Tiempo de lectura":"1 minuto"},"schema":{"@context":"https:\/\/schema.org","@graph":[{"@type":"Article","@id":"https:\/\/nbcs.mx\/?p=108502#article","isPartOf":{"@id":"https:\/\/nbcs.mx\/?p=108502"},"author":{"name":"NBCS Noticias","@id":"https:\/\/nbcs.mx\/#\/schema\/person\/ece58bab9a7c1e87a4d28ec9ecd79ff4"},"headline":"Aseguran a elemento de la Polic\u00eda Auxiliar por portar una pistola de postas","datePublished":"2022-06-25T00:57:01+00:00","dateModified":"2022-06-25T00:57:21+00:00","mainEntityOfPage":{"@id":"https:\/\/nbcs.mx\/?p=108502"},"wordCount":249,"commentCount":0,"publisher":{"@id":"https:\/\/nbcs.mx\/#organization"},"image":{"@id":"https:\/\/nbcs.mx\/?p=108502#primaryimage"},"thumbnailUrl":"https:\/\/nbcs.mx\/wp-content\/uploads\/2022\/06\/15887471827b5fd.jpeg","articleSection":["Policiacas"],"inLanguage":"es","potentialAction":[{"@type":"CommentAction","name":"Comment","target":["https:\/\/nbcs.mx\/?p=108502#respond"]}]},{"@type":"WebPage","@id":"https:\/\/nbcs.mx\/?p=108502","url":"https:\/\/nbcs.mx\/?p=108502","name":"Aseguran a elemento de la Polic\u00eda Auxiliar por portar una pistola de postas - NBCS Noticias","isPartOf":{"@id":"https:\/\/nbcs.mx\/#website"},"primaryImageOfPage":{"@id":"https:\/\/nbcs.mx\/?p=108502#primaryimage"},"image":{"@id":"https:\/\/nbcs.mx\/?p=108502#primaryimage"},"thumbnailUrl":"https:\/\/nbcs.mx\/wp-content\/uploads\/2022\/06\/15887471827b5fd.jpeg","datePublished":"2022-06-25T00:57:01+00:00","dateModified":"2022-06-25T00:57:21+00:00","breadcrumb":{"@id":"https:\/\/nbcs.mx\/?p=108502#breadcrumb"},"inLanguage":"es","potentialAction":[{"@type":"ReadAction","target":["https:\/\/nbcs.mx\/?p=108502"]}]},{"@type":"ImageObject","inLanguage":"es","@id":"https:\/\/nbcs.mx\/?p=108502#primaryimage","url":"https:\/\/nbcs.mx\/wp-content\/uploads\/2022\/06\/15887471827b5fd.jpeg","contentUrl":"https:\/\/nbcs.mx\/wp-content\/uploads\/2022\/06\/15887471827b5fd.jpeg","width":850,"height":450},{"@type":"BreadcrumbList","@id":"https:\/\/nbcs.mx\/?p=108502#breadcrumb","itemListElement":[{"@type":"ListItem","position":1,"name":"Portada","item":"https:\/\/nbcs.mx\/"},{"@type":"ListItem","position":2,"name":"Aseguran a elemento de la Polic\u00eda Auxiliar por portar una pistola de postas"}]},{"@type":"WebSite","@id":"https:\/\/nbcs.mx\/#website","url":"https:\/\/nbcs.mx\/","name":"NBCS Noticias","description":"Sitio web de noticias en Baja California Sur","publisher":{"@id":"https:\/\/nbcs.mx\/#organization"},"potentialAction":[{"@type":"SearchAction","target":{"@type":"EntryPoint","urlTemplate":"https:\/\/nbcs.mx\/?s={search_term_string}"},"query-input":{"@type":"PropertyValueSpecification","valueRequired":true,"valueName":"search_term_string"}}],"inLanguage":"es"},{"@type":"Organization","@id":"https:\/\/nbcs.mx\/#organization","name":"NBCS Noticias","url":"https:\/\/nbcs.mx\/","logo":{"@type":"ImageObject","inLanguage":"es","@id":"https:\/\/nbcs.mx\/#\/schema\/logo\/image\/","url":"https:\/\/nbcs.mx\/wp-content\/uploads\/2018\/09\/057b69485e93575a5c2b1c1dde2dd297.jpeg","contentUrl":"https:\/\/nbcs.mx\/wp-content\/uploads\/2018\/09\/057b69485e93575a5c2b1c1dde2dd297.jpeg","width":64,"height":64,"caption":"NBCS Noticias"},"image":{"@id":"https:\/\/nbcs.mx\/#\/schema\/logo\/image\/"},"sameAs":["https:\/\/www.facebook.com\/NBCSnoticias","https:\/\/x.com\/NBCSnoticias"]},{"@type":"Person","@id":"https:\/\/nbcs.mx\/#\/schema\/person\/ece58bab9a7c1e87a4d28ec9ecd79ff4","name":"NBCS Noticias","image":{"@type":"ImageObject","inLanguage":"es","@id":"https:\/\/secure.gravatar.com\/avatar\/4e52110cad1c4054b43271a0d14bbe9e2ea76aecd0e1097edfc670798d9ca1d4?s=96&d=blank&r=g","url":"https:\/\/secure.gravatar.com\/avatar\/4e52110cad1c4054b43271a0d14bbe9e2ea76aecd0e1097edfc670798d9ca1d4?s=96&d=blank&r=g","contentUrl":"https:\/\/secure.gravatar.com\/avatar\/4e52110cad1c4054b43271a0d14bbe9e2ea76aecd0e1097edfc670798d9ca1d4?s=96&d=blank&r=g","caption":"NBCS Noticias"},"description":"\u00bfTienes fotos o video de alg\u00fan acto de posible negligencia, corrupci\u00f3n y abuso de autoridad? M\u00e1ndalo al WhatsApp de NBCS Noticias: 612 141 98 08","sameAs":["https:\/\/www.nbcs.mx","https:\/\/www.facebook.com\/NBCSnoticias","https:\/\/www.instagram.com\/nbcsnoticias\/","https:\/\/x.com\/https:\/\/twitter.com\/NBCSnoticias"]}]}},"jetpack_publicize_connections":[],"jetpack_featured_media_url":"https:\/\/nbcs.mx\/wp-content\/uploads\/2022\/06\/15887471827b5fd.jpeg","jetpack_sharing_enabled":true,"_links":{"self":[{"href":"https:\/\/nbcs.mx\/index.php?rest_route=\/wp\/v2\/posts\/108502","targetHints":{"allow":["GET"]}}],"collection":[{"href":"https:\/\/nbcs.mx\/index.php?rest_route=\/wp\/v2\/posts"}],"about":[{"href":"https:\/\/nbcs.mx\/index.php?rest_route=\/wp\/v2\/types\/post"}],"author":[{"embeddable":true,"href":"https:\/\/nbcs.mx\/index.php?rest_route=\/wp\/v2\/users\/1"}],"replies":[{"embeddable":true,"href":"https:\/\/nbcs.mx\/index.php?rest_route=%2Fwp%2Fv2%2Fcomments&post=108502"}],"version-history":[{"count":2,"href":"https:\/\/nbcs.mx\/index.php?rest_route=\/wp\/v2\/posts\/108502\/revisions"}],"predecessor-version":[{"id":108505,"href":"https:\/\/nbcs.mx\/index.php?rest_route=\/wp\/v2\/posts\/108502\/revisions\/108505"}],"wp:featuredmedia":[{"embeddable":true,"href":"https:\/\/nbcs.mx\/index.php?rest_route=\/wp\/v2\/media\/108503"}],"wp:attachment":[{"href":"https:\/\/nbcs.mx\/index.php?rest_route=%2Fwp%2Fv2%2Fmedia&parent=108502"}],"wp:term":[{"taxonomy":"category","embeddable":true,"href":"https:\/\/nbcs.mx\/index.php?rest_route=%2Fwp%2Fv2%2Fcategories&post=108502"},{"taxonomy":"post_tag","embeddable":true,"href":"https:\/\/nbcs.mx\/index.php?rest_route=%2Fwp%2Fv2%2Ftags&post=108502"}],"curies":[{"name":"wp","href":"https:\/\/api.w.org\/{rel}","templated":true}]}}