{"id":108506,"date":"2022-06-25T16:41:53","date_gmt":"2022-06-25T22:41:53","guid":{"rendered":"https:\/\/nbcs.mx\/?p=108506"},"modified":"2022-06-25T16:41:53","modified_gmt":"2022-06-25T22:41:53","slug":"participa-victor-castro-en-ii-reunion-regional-de-seguridad-del-mar-de-cortes","status":"publish","type":"post","link":"https:\/\/nbcs.mx\/?p=108506","title":{"rendered":"Participa V\u00edctor Castro en II Reuni\u00f3n Regional de Seguridad del Mar de Cort\u00e9s"},"content":{"rendered":"<p style=\"font-weight: 400; text-align: justify;\"><img loading=\"lazy\" decoding=\"async\" class=\" wp-image-108507 alignleft\" src=\"https:\/\/nbcs.mx\/wp-content\/uploads\/2022\/06\/FOTO2-BOLETIN-357_REUNION-REGIONAL-SEGURIDAD-750x492.jpeg\" alt=\"\" width=\"394\" height=\"259\" srcset=\"https:\/\/nbcs.mx\/wp-content\/uploads\/2022\/06\/FOTO2-BOLETIN-357_REUNION-REGIONAL-SEGURIDAD-750x492.jpeg 750w, https:\/\/nbcs.mx\/wp-content\/uploads\/2022\/06\/FOTO2-BOLETIN-357_REUNION-REGIONAL-SEGURIDAD-150x98.jpeg 150w, https:\/\/nbcs.mx\/wp-content\/uploads\/2022\/06\/FOTO2-BOLETIN-357_REUNION-REGIONAL-SEGURIDAD-768x504.jpeg 768w, https:\/\/nbcs.mx\/wp-content\/uploads\/2022\/06\/FOTO2-BOLETIN-357_REUNION-REGIONAL-SEGURIDAD.jpeg 1018w\" sizes=\"auto, (max-width: 394px) 100vw, 394px\" \/>Mazatl\u00e1n, Sinaloa.- El gobernador de Baja California Sur, V\u00edctor Castro Cos\u00edo, particip\u00f3 en la II Reuni\u00f3n Regional de Seguridad del Mar de Cort\u00e9s, \u00a0en Mazatl\u00e1n, Sinaloa, en el marco de los trabajos de coordinaci\u00f3n de las entidades que la conforman como son Baja California, Nayarit, Sonora y el estado anfitri\u00f3n.<\/p>\n<p style=\"font-weight: 400; text-align: justify;\">\n<p style=\"font-weight: 400; text-align: justify;\">El mandatario sudcaliforniano coincidi\u00f3 con sus hom\u00f3logos en la importancia de esta iniciativa de hacer un frente com\u00fan para atender de manera m\u00e1s integral el fen\u00f3meno de la delincuencia y definir estrategias de prevenci\u00f3n y persecuci\u00f3n del delito en los estados con los que colinda en el Mar de Cort\u00e9s, buscando adem\u00e1s construir alternativas en temas de desarrollo econ\u00f3mico, salud, turismo, deportivo y cultural.<\/p>\n<p style=\"font-weight: 400; text-align: justify;\">\n<p style=\"font-weight: 400; text-align: justify;\">Castro Cos\u00edo estuvo acompa\u00f1ado por Daniel de la Rosa Anaya, Procurador de Justicia del Estado y por el General Luis Gerardo Meraz Cuevas, Inspector de la Guardia Nacional, correspondiendo exponer avances y resultados de las propuestas y acuerdos de la primera reuni\u00f3n por Baja California Sur al secretario del ramo, capit\u00e1n de Nav\u00edo Luis Alfredo Cancino Vicente.<\/p>\n<p style=\"font-weight: 400; text-align: justify;\">\n<p style=\"font-weight: 400; text-align: justify;\">La reuni\u00f3n tuvo lugar en las instalaciones de la III Regi\u00f3n Militar, donde el gobernador Rub\u00e9n Rocha, junto con el general de Brigada, Enrique Dena Salgado, dio la bienvenida a la gobernadora de Baja California, Marina del Pilar \u00c1vila Olmedo y a los gobernadores de Baja California Sur V\u00edctor Castro Cos\u00edo y de Sonora, Alfonso Durazo Monta\u00f1o, as\u00ed como a altos mandos militares y funcionarios del \u00e1rea de seguridad p\u00fablica de estos estados.<\/p>\n<p style=\"font-weight: 400; text-align: justify;\">\n<p style=\"font-weight: 400; text-align: justify;\">El 21 de abril se celebr\u00f3 en Mazatl\u00e1n la Primera Reuni\u00f3n Operativa de la Regi\u00f3n del Mar de Cort\u00e9s, a la que asistieron los fiscales generales de los estados y los secretarios de Seguridad P\u00fablica.<\/p>\n<p style=\"font-weight: 400; text-align: justify;\">Al respecto, el gobernador Rocha afirm\u00f3 que Sonora, Baja California, Baja California Sur, Nayarit y Sinaloa son estados hermanados desde hace muchos a\u00f1os, y adem\u00e1s del tema de seguridad, hay el inter\u00e9s com\u00fan para avanzar.<\/p>\n<p style=\"font-weight: 400; text-align: justify;\">\n","protected":false},"excerpt":{"rendered":"<p>Mazatl\u00e1n, Sinaloa.- El gobernador de Baja California Sur, V\u00edctor Castro Cos\u00edo, particip\u00f3 en la II Reuni\u00f3n Regional de Seguridad del<\/p>\n","protected":false},"author":1,"featured_media":108507,"comment_status":"open","ping_status":"closed","sticky":false,"template":"","format":"standard","meta":{"colormag_page_container_layout":"default_layout","colormag_page_sidebar_layout":"default_layout","_jetpack_memberships_contains_paid_content":false,"footnotes":"","jetpack_publicize_message":"","jetpack_publicize_feature_enabled":true,"jetpack_social_post_already_shared":true,"jetpack_social_options":{"image_generator_settings":{"template":"highway","default_image_id":0,"font":"","enabled":false},"version":2}},"categories":[1],"tags":[],"class_list":["post-108506","post","type-post","status-publish","format-standard","has-post-thumbnail","hentry","category-noticias"],"yoast_head":"<!-- This site is optimized with the Yoast SEO plugin v27.5 - https:\/\/yoast.com\/product\/yoast-seo-wordpress\/ -->\n<title>Participa V\u00edctor Castro en II Reuni\u00f3n Regional de Seguridad del Mar de Cort\u00e9s - NBCS Noticias<\/title>\n<meta name=\"robots\" content=\"index, follow, max-snippet:-1, max-image-preview:large, max-video-preview:-1\" \/>\n<link rel=\"canonical\" href=\"https:\/\/nbcs.mx\/?p=108506\" \/>\n<meta property=\"og:locale\" content=\"es_ES\" \/>\n<meta property=\"og:type\" content=\"article\" \/>\n<meta property=\"og:title\" content=\"Participa V\u00edctor Castro en II Reuni\u00f3n Regional de Seguridad del Mar de Cort\u00e9s - NBCS Noticias\" \/>\n<meta property=\"og:description\" content=\"Mazatl\u00e1n, Sinaloa.- El gobernador de Baja California Sur, V\u00edctor Castro Cos\u00edo, particip\u00f3 en la II Reuni\u00f3n Regional de Seguridad del\" \/>\n<meta property=\"og:url\" content=\"https:\/\/nbcs.mx\/?p=108506\" \/>\n<meta property=\"og:site_name\" content=\"NBCS Noticias\" \/>\n<meta property=\"article:publisher\" content=\"https:\/\/www.facebook.com\/NBCSnoticias\" \/>\n<meta property=\"article:author\" content=\"https:\/\/www.facebook.com\/NBCSnoticias\" \/>\n<meta property=\"article:published_time\" content=\"2022-06-25T22:41:53+00:00\" \/>\n<meta property=\"og:image\" content=\"https:\/\/nbcs.mx\/wp-content\/uploads\/2022\/06\/FOTO2-BOLETIN-357_REUNION-REGIONAL-SEGURIDAD.jpeg\" \/>\n\t<meta property=\"og:image:width\" content=\"1018\" \/>\n\t<meta property=\"og:image:height\" content=\"668\" \/>\n\t<meta property=\"og:image:type\" content=\"image\/jpeg\" \/>\n<meta name=\"author\" content=\"NBCS Noticias\" \/>\n<meta name=\"twitter:card\" content=\"summary_large_image\" \/>\n<meta name=\"twitter:creator\" content=\"@https:\/\/twitter.com\/NBCSnoticias\" \/>\n<meta name=\"twitter:site\" content=\"@NBCSnoticias\" \/>\n<meta name=\"twitter:label1\" content=\"Escrito por\" \/>\n\t<meta name=\"twitter:data1\" content=\"NBCS Noticias\" \/>\n\t<meta name=\"twitter:label2\" content=\"Tiempo de lectura\" \/>\n\t<meta name=\"twitter:data2\" content=\"2 minutos\" \/>\n<script type=\"application\/ld+json\" class=\"yoast-schema-graph\">{\"@context\":\"https:\\\/\\\/schema.org\",\"@graph\":[{\"@type\":\"Article\",\"@id\":\"https:\\\/\\\/nbcs.mx\\\/?p=108506#article\",\"isPartOf\":{\"@id\":\"https:\\\/\\\/nbcs.mx\\\/?p=108506\"},\"author\":{\"name\":\"NBCS Noticias\",\"@id\":\"https:\\\/\\\/nbcs.mx\\\/#\\\/schema\\\/person\\\/ece58bab9a7c1e87a4d28ec9ecd79ff4\"},\"headline\":\"Participa V\u00edctor Castro en II Reuni\u00f3n Regional de Seguridad del Mar de Cort\u00e9s\",\"datePublished\":\"2022-06-25T22:41:53+00:00\",\"mainEntityOfPage\":{\"@id\":\"https:\\\/\\\/nbcs.mx\\\/?p=108506\"},\"wordCount\":368,\"commentCount\":0,\"publisher\":{\"@id\":\"https:\\\/\\\/nbcs.mx\\\/#organization\"},\"image\":{\"@id\":\"https:\\\/\\\/nbcs.mx\\\/?p=108506#primaryimage\"},\"thumbnailUrl\":\"https:\\\/\\\/nbcs.mx\\\/wp-content\\\/uploads\\\/2022\\\/06\\\/FOTO2-BOLETIN-357_REUNION-REGIONAL-SEGURIDAD.jpeg\",\"articleSection\":[\"Noticias\"],\"inLanguage\":\"es\",\"potentialAction\":[{\"@type\":\"CommentAction\",\"name\":\"Comment\",\"target\":[\"https:\\\/\\\/nbcs.mx\\\/?p=108506#respond\"]}]},{\"@type\":\"WebPage\",\"@id\":\"https:\\\/\\\/nbcs.mx\\\/?p=108506\",\"url\":\"https:\\\/\\\/nbcs.mx\\\/?p=108506\",\"name\":\"Participa V\u00edctor Castro en II Reuni\u00f3n Regional de Seguridad del Mar de Cort\u00e9s - NBCS Noticias\",\"isPartOf\":{\"@id\":\"https:\\\/\\\/nbcs.mx\\\/#website\"},\"primaryImageOfPage\":{\"@id\":\"https:\\\/\\\/nbcs.mx\\\/?p=108506#primaryimage\"},\"image\":{\"@id\":\"https:\\\/\\\/nbcs.mx\\\/?p=108506#primaryimage\"},\"thumbnailUrl\":\"https:\\\/\\\/nbcs.mx\\\/wp-content\\\/uploads\\\/2022\\\/06\\\/FOTO2-BOLETIN-357_REUNION-REGIONAL-SEGURIDAD.jpeg\",\"datePublished\":\"2022-06-25T22:41:53+00:00\",\"breadcrumb\":{\"@id\":\"https:\\\/\\\/nbcs.mx\\\/?p=108506#breadcrumb\"},\"inLanguage\":\"es\",\"potentialAction\":[{\"@type\":\"ReadAction\",\"target\":[\"https:\\\/\\\/nbcs.mx\\\/?p=108506\"]}]},{\"@type\":\"ImageObject\",\"inLanguage\":\"es\",\"@id\":\"https:\\\/\\\/nbcs.mx\\\/?p=108506#primaryimage\",\"url\":\"https:\\\/\\\/nbcs.mx\\\/wp-content\\\/uploads\\\/2022\\\/06\\\/FOTO2-BOLETIN-357_REUNION-REGIONAL-SEGURIDAD.jpeg\",\"contentUrl\":\"https:\\\/\\\/nbcs.mx\\\/wp-content\\\/uploads\\\/2022\\\/06\\\/FOTO2-BOLETIN-357_REUNION-REGIONAL-SEGURIDAD.jpeg\",\"width\":1018,\"height\":668},{\"@type\":\"BreadcrumbList\",\"@id\":\"https:\\\/\\\/nbcs.mx\\\/?p=108506#breadcrumb\",\"itemListElement\":[{\"@type\":\"ListItem\",\"position\":1,\"name\":\"Portada\",\"item\":\"https:\\\/\\\/nbcs.mx\\\/\"},{\"@type\":\"ListItem\",\"position\":2,\"name\":\"Participa V\u00edctor Castro en II Reuni\u00f3n Regional de Seguridad del Mar de Cort\u00e9s\"}]},{\"@type\":\"WebSite\",\"@id\":\"https:\\\/\\\/nbcs.mx\\\/#website\",\"url\":\"https:\\\/\\\/nbcs.mx\\\/\",\"name\":\"NBCS Noticias\",\"description\":\"Sitio web de noticias en Baja California Sur\",\"publisher\":{\"@id\":\"https:\\\/\\\/nbcs.mx\\\/#organization\"},\"potentialAction\":[{\"@type\":\"SearchAction\",\"target\":{\"@type\":\"EntryPoint\",\"urlTemplate\":\"https:\\\/\\\/nbcs.mx\\\/?s={search_term_string}\"},\"query-input\":{\"@type\":\"PropertyValueSpecification\",\"valueRequired\":true,\"valueName\":\"search_term_string\"}}],\"inLanguage\":\"es\"},{\"@type\":\"Organization\",\"@id\":\"https:\\\/\\\/nbcs.mx\\\/#organization\",\"name\":\"NBCS Noticias\",\"url\":\"https:\\\/\\\/nbcs.mx\\\/\",\"logo\":{\"@type\":\"ImageObject\",\"inLanguage\":\"es\",\"@id\":\"https:\\\/\\\/nbcs.mx\\\/#\\\/schema\\\/logo\\\/image\\\/\",\"url\":\"https:\\\/\\\/nbcs.mx\\\/wp-content\\\/uploads\\\/2018\\\/09\\\/057b69485e93575a5c2b1c1dde2dd297.jpeg\",\"contentUrl\":\"https:\\\/\\\/nbcs.mx\\\/wp-content\\\/uploads\\\/2018\\\/09\\\/057b69485e93575a5c2b1c1dde2dd297.jpeg\",\"width\":64,\"height\":64,\"caption\":\"NBCS Noticias\"},\"image\":{\"@id\":\"https:\\\/\\\/nbcs.mx\\\/#\\\/schema\\\/logo\\\/image\\\/\"},\"sameAs\":[\"https:\\\/\\\/www.facebook.com\\\/NBCSnoticias\",\"https:\\\/\\\/x.com\\\/NBCSnoticias\"]},{\"@type\":\"Person\",\"@id\":\"https:\\\/\\\/nbcs.mx\\\/#\\\/schema\\\/person\\\/ece58bab9a7c1e87a4d28ec9ecd79ff4\",\"name\":\"NBCS Noticias\",\"image\":{\"@type\":\"ImageObject\",\"inLanguage\":\"es\",\"@id\":\"https:\\\/\\\/secure.gravatar.com\\\/avatar\\\/4e52110cad1c4054b43271a0d14bbe9e2ea76aecd0e1097edfc670798d9ca1d4?s=96&d=blank&r=g\",\"url\":\"https:\\\/\\\/secure.gravatar.com\\\/avatar\\\/4e52110cad1c4054b43271a0d14bbe9e2ea76aecd0e1097edfc670798d9ca1d4?s=96&d=blank&r=g\",\"contentUrl\":\"https:\\\/\\\/secure.gravatar.com\\\/avatar\\\/4e52110cad1c4054b43271a0d14bbe9e2ea76aecd0e1097edfc670798d9ca1d4?s=96&d=blank&r=g\",\"caption\":\"NBCS Noticias\"},\"description\":\"\u00bfTienes fotos o video de alg\u00fan acto de posible negligencia, corrupci\u00f3n y abuso de autoridad? M\u00e1ndalo al WhatsApp de NBCS Noticias: 612 141 98 08\",\"sameAs\":[\"https:\\\/\\\/www.nbcs.mx\",\"https:\\\/\\\/www.facebook.com\\\/NBCSnoticias\",\"https:\\\/\\\/www.instagram.com\\\/nbcsnoticias\\\/\",\"https:\\\/\\\/x.com\\\/https:\\\/\\\/twitter.com\\\/NBCSnoticias\"]}]}<\/script>\n<!-- \/ Yoast SEO plugin. -->","yoast_head_json":{"title":"Participa V\u00edctor Castro en II Reuni\u00f3n Regional de Seguridad del Mar de Cort\u00e9s - NBCS Noticias","robots":{"index":"index","follow":"follow","max-snippet":"max-snippet:-1","max-image-preview":"max-image-preview:large","max-video-preview":"max-video-preview:-1"},"canonical":"https:\/\/nbcs.mx\/?p=108506","og_locale":"es_ES","og_type":"article","og_title":"Participa V\u00edctor Castro en II Reuni\u00f3n Regional de Seguridad del Mar de Cort\u00e9s - NBCS Noticias","og_description":"Mazatl\u00e1n, Sinaloa.- El gobernador de Baja California Sur, V\u00edctor Castro Cos\u00edo, particip\u00f3 en la II Reuni\u00f3n Regional de Seguridad del","og_url":"https:\/\/nbcs.mx\/?p=108506","og_site_name":"NBCS Noticias","article_publisher":"https:\/\/www.facebook.com\/NBCSnoticias","article_author":"https:\/\/www.facebook.com\/NBCSnoticias","article_published_time":"2022-06-25T22:41:53+00:00","og_image":[{"width":1018,"height":668,"url":"https:\/\/nbcs.mx\/wp-content\/uploads\/2022\/06\/FOTO2-BOLETIN-357_REUNION-REGIONAL-SEGURIDAD.jpeg","type":"image\/jpeg"}],"author":"NBCS Noticias","twitter_card":"summary_large_image","twitter_creator":"@https:\/\/twitter.com\/NBCSnoticias","twitter_site":"@NBCSnoticias","twitter_misc":{"Escrito por":"NBCS Noticias","Tiempo de lectura":"2 minutos"},"schema":{"@context":"https:\/\/schema.org","@graph":[{"@type":"Article","@id":"https:\/\/nbcs.mx\/?p=108506#article","isPartOf":{"@id":"https:\/\/nbcs.mx\/?p=108506"},"author":{"name":"NBCS Noticias","@id":"https:\/\/nbcs.mx\/#\/schema\/person\/ece58bab9a7c1e87a4d28ec9ecd79ff4"},"headline":"Participa V\u00edctor Castro en II Reuni\u00f3n Regional de Seguridad del Mar de Cort\u00e9s","datePublished":"2022-06-25T22:41:53+00:00","mainEntityOfPage":{"@id":"https:\/\/nbcs.mx\/?p=108506"},"wordCount":368,"commentCount":0,"publisher":{"@id":"https:\/\/nbcs.mx\/#organization"},"image":{"@id":"https:\/\/nbcs.mx\/?p=108506#primaryimage"},"thumbnailUrl":"https:\/\/nbcs.mx\/wp-content\/uploads\/2022\/06\/FOTO2-BOLETIN-357_REUNION-REGIONAL-SEGURIDAD.jpeg","articleSection":["Noticias"],"inLanguage":"es","potentialAction":[{"@type":"CommentAction","name":"Comment","target":["https:\/\/nbcs.mx\/?p=108506#respond"]}]},{"@type":"WebPage","@id":"https:\/\/nbcs.mx\/?p=108506","url":"https:\/\/nbcs.mx\/?p=108506","name":"Participa V\u00edctor Castro en II Reuni\u00f3n Regional de Seguridad del Mar de Cort\u00e9s - NBCS Noticias","isPartOf":{"@id":"https:\/\/nbcs.mx\/#website"},"primaryImageOfPage":{"@id":"https:\/\/nbcs.mx\/?p=108506#primaryimage"},"image":{"@id":"https:\/\/nbcs.mx\/?p=108506#primaryimage"},"thumbnailUrl":"https:\/\/nbcs.mx\/wp-content\/uploads\/2022\/06\/FOTO2-BOLETIN-357_REUNION-REGIONAL-SEGURIDAD.jpeg","datePublished":"2022-06-25T22:41:53+00:00","breadcrumb":{"@id":"https:\/\/nbcs.mx\/?p=108506#breadcrumb"},"inLanguage":"es","potentialAction":[{"@type":"ReadAction","target":["https:\/\/nbcs.mx\/?p=108506"]}]},{"@type":"ImageObject","inLanguage":"es","@id":"https:\/\/nbcs.mx\/?p=108506#primaryimage","url":"https:\/\/nbcs.mx\/wp-content\/uploads\/2022\/06\/FOTO2-BOLETIN-357_REUNION-REGIONAL-SEGURIDAD.jpeg","contentUrl":"https:\/\/nbcs.mx\/wp-content\/uploads\/2022\/06\/FOTO2-BOLETIN-357_REUNION-REGIONAL-SEGURIDAD.jpeg","width":1018,"height":668},{"@type":"BreadcrumbList","@id":"https:\/\/nbcs.mx\/?p=108506#breadcrumb","itemListElement":[{"@type":"ListItem","position":1,"name":"Portada","item":"https:\/\/nbcs.mx\/"},{"@type":"ListItem","position":2,"name":"Participa V\u00edctor Castro en II Reuni\u00f3n Regional de Seguridad del Mar de Cort\u00e9s"}]},{"@type":"WebSite","@id":"https:\/\/nbcs.mx\/#website","url":"https:\/\/nbcs.mx\/","name":"NBCS Noticias","description":"Sitio web de noticias en Baja California Sur","publisher":{"@id":"https:\/\/nbcs.mx\/#organization"},"potentialAction":[{"@type":"SearchAction","target":{"@type":"EntryPoint","urlTemplate":"https:\/\/nbcs.mx\/?s={search_term_string}"},"query-input":{"@type":"PropertyValueSpecification","valueRequired":true,"valueName":"search_term_string"}}],"inLanguage":"es"},{"@type":"Organization","@id":"https:\/\/nbcs.mx\/#organization","name":"NBCS Noticias","url":"https:\/\/nbcs.mx\/","logo":{"@type":"ImageObject","inLanguage":"es","@id":"https:\/\/nbcs.mx\/#\/schema\/logo\/image\/","url":"https:\/\/nbcs.mx\/wp-content\/uploads\/2018\/09\/057b69485e93575a5c2b1c1dde2dd297.jpeg","contentUrl":"https:\/\/nbcs.mx\/wp-content\/uploads\/2018\/09\/057b69485e93575a5c2b1c1dde2dd297.jpeg","width":64,"height":64,"caption":"NBCS Noticias"},"image":{"@id":"https:\/\/nbcs.mx\/#\/schema\/logo\/image\/"},"sameAs":["https:\/\/www.facebook.com\/NBCSnoticias","https:\/\/x.com\/NBCSnoticias"]},{"@type":"Person","@id":"https:\/\/nbcs.mx\/#\/schema\/person\/ece58bab9a7c1e87a4d28ec9ecd79ff4","name":"NBCS Noticias","image":{"@type":"ImageObject","inLanguage":"es","@id":"https:\/\/secure.gravatar.com\/avatar\/4e52110cad1c4054b43271a0d14bbe9e2ea76aecd0e1097edfc670798d9ca1d4?s=96&d=blank&r=g","url":"https:\/\/secure.gravatar.com\/avatar\/4e52110cad1c4054b43271a0d14bbe9e2ea76aecd0e1097edfc670798d9ca1d4?s=96&d=blank&r=g","contentUrl":"https:\/\/secure.gravatar.com\/avatar\/4e52110cad1c4054b43271a0d14bbe9e2ea76aecd0e1097edfc670798d9ca1d4?s=96&d=blank&r=g","caption":"NBCS Noticias"},"description":"\u00bfTienes fotos o video de alg\u00fan acto de posible negligencia, corrupci\u00f3n y abuso de autoridad? M\u00e1ndalo al WhatsApp de NBCS Noticias: 612 141 98 08","sameAs":["https:\/\/www.nbcs.mx","https:\/\/www.facebook.com\/NBCSnoticias","https:\/\/www.instagram.com\/nbcsnoticias\/","https:\/\/x.com\/https:\/\/twitter.com\/NBCSnoticias"]}]}},"jetpack_publicize_connections":[],"jetpack_featured_media_url":"https:\/\/nbcs.mx\/wp-content\/uploads\/2022\/06\/FOTO2-BOLETIN-357_REUNION-REGIONAL-SEGURIDAD.jpeg","jetpack_sharing_enabled":true,"_links":{"self":[{"href":"https:\/\/nbcs.mx\/index.php?rest_route=\/wp\/v2\/posts\/108506","targetHints":{"allow":["GET"]}}],"collection":[{"href":"https:\/\/nbcs.mx\/index.php?rest_route=\/wp\/v2\/posts"}],"about":[{"href":"https:\/\/nbcs.mx\/index.php?rest_route=\/wp\/v2\/types\/post"}],"author":[{"embeddable":true,"href":"https:\/\/nbcs.mx\/index.php?rest_route=\/wp\/v2\/users\/1"}],"replies":[{"embeddable":true,"href":"https:\/\/nbcs.mx\/index.php?rest_route=%2Fwp%2Fv2%2Fcomments&post=108506"}],"version-history":[{"count":1,"href":"https:\/\/nbcs.mx\/index.php?rest_route=\/wp\/v2\/posts\/108506\/revisions"}],"predecessor-version":[{"id":108508,"href":"https:\/\/nbcs.mx\/index.php?rest_route=\/wp\/v2\/posts\/108506\/revisions\/108508"}],"wp:featuredmedia":[{"embeddable":true,"href":"https:\/\/nbcs.mx\/index.php?rest_route=\/wp\/v2\/media\/108507"}],"wp:attachment":[{"href":"https:\/\/nbcs.mx\/index.php?rest_route=%2Fwp%2Fv2%2Fmedia&parent=108506"}],"wp:term":[{"taxonomy":"category","embeddable":true,"href":"https:\/\/nbcs.mx\/index.php?rest_route=%2Fwp%2Fv2%2Fcategories&post=108506"},{"taxonomy":"post_tag","embeddable":true,"href":"https:\/\/nbcs.mx\/index.php?rest_route=%2Fwp%2Fv2%2Ftags&post=108506"}],"curies":[{"name":"wp","href":"https:\/\/api.w.org\/{rel}","templated":true}]}}