{"id":109172,"date":"2022-07-05T19:40:14","date_gmt":"2022-07-06T01:40:14","guid":{"rendered":"https:\/\/nbcs.mx\/?p=109172"},"modified":"2022-07-05T19:40:14","modified_gmt":"2022-07-06T01:40:14","slug":"firman-convenio-de-colaboracion-gobierno-de-los-cabos-y-camaras-empresariales","status":"publish","type":"post","link":"https:\/\/nbcs.mx\/?p=109172","title":{"rendered":"Firman convenio de colaboraci\u00f3n Gobierno de Los Cabos y c\u00e1maras empresariales"},"content":{"rendered":"<p style=\"font-weight: 400; text-align: justify;\"><img loading=\"lazy\" decoding=\"async\" class=\" wp-image-109173 alignleft\" src=\"https:\/\/nbcs.mx\/wp-content\/uploads\/2022\/07\/03-Firman-convenio-de-colaboracioin-Gobierno-de-Los-Cabos-y-caimaras-empresariales-en-beneficio-de-personas-con-discapacidad-2-738x492.jpeg\" alt=\"\" width=\"378\" height=\"252\" srcset=\"https:\/\/nbcs.mx\/wp-content\/uploads\/2022\/07\/03-Firman-convenio-de-colaboracioin-Gobierno-de-Los-Cabos-y-caimaras-empresariales-en-beneficio-de-personas-con-discapacidad-2-738x492.jpeg 738w, https:\/\/nbcs.mx\/wp-content\/uploads\/2022\/07\/03-Firman-convenio-de-colaboracioin-Gobierno-de-Los-Cabos-y-caimaras-empresariales-en-beneficio-de-personas-con-discapacidad-2-1024x682.jpeg 1024w, https:\/\/nbcs.mx\/wp-content\/uploads\/2022\/07\/03-Firman-convenio-de-colaboracioin-Gobierno-de-Los-Cabos-y-caimaras-empresariales-en-beneficio-de-personas-con-discapacidad-2-150x100.jpeg 150w, https:\/\/nbcs.mx\/wp-content\/uploads\/2022\/07\/03-Firman-convenio-de-colaboracioin-Gobierno-de-Los-Cabos-y-caimaras-empresariales-en-beneficio-de-personas-con-discapacidad-2-768x512.jpeg 768w, https:\/\/nbcs.mx\/wp-content\/uploads\/2022\/07\/03-Firman-convenio-de-colaboracioin-Gobierno-de-Los-Cabos-y-caimaras-empresariales-en-beneficio-de-personas-con-discapacidad-2.jpeg 1280w\" sizes=\"auto, (max-width: 378px) 100vw, 378px\" \/>Los Cabos, Baja California Sur.- Con la finalidad de incluir a las personas con discapacidad en el sector laboral, la ma\u00f1ana de este martes el presidente municipal de Los Cabos Oscar Leggs Castro, llev\u00f3 a cabo la firma de convenio con los dirigentes de las diversas c\u00e1maras empresariales, como: la C\u00e1mara Nacional de Comercio, Servicios y Turismo de Los Cabos (Canaco Servytur), la C\u00e1mara Nacional de la Industria de la Transformaci\u00f3n (Canacintra), C\u00e1mara Nacional de la Industria de Restaurantes y Alimentos Condimentados (Canirac) y la Confederaci\u00f3n Patronal de la Rep\u00fablica Mexicana (Coparmex), quienes ofertar\u00e1n la lista de vacantes a la directora del Instituto Municipal para el Desarrollo e Inclusi\u00f3n de Personas con Discapacidad en Los Cabos, (IMDIS) Esmeralda Cese\u00f1a Coria.<\/p>\n<p style=\"font-weight: 400; text-align: justify;\">\n<p style=\"font-weight: 400; text-align: justify;\">Dicha firma de convenio se realiz\u00f3 en la explanada del Palacio Municipal, ah\u00ed el alcalde municipal Oscar Leggs Castro agradeci\u00f3 y reconoci\u00f3 la colaboraci\u00f3n de la iniciativa privada en beneficio de la ciudadan\u00eda: \u201csiempre han estado al pendiente de los requerimientos que les hacemos para generar apoyos dirigidos a la ciudadan\u00eda y en esta ocasi\u00f3n, para poder brindar la oportunidad a personas con discapacidad de desarrollarse en el sector laboral; es importate informar que ya tienen contrataciones para este sector de la poblaci\u00f3n. La inclusi\u00f3n es importante, las personas con dicapacidad quieren espacios para trabajar y esa es nuestra tarea\u201d, indic\u00f3.<\/p>\n<p style=\"font-weight: 400; text-align: justify;\">\n<p style=\"font-weight: 400; text-align: justify;\">La directora general del IMDIS Esmeralda Cese\u00f1a destac\u00f3 que hasta el momento se tiene un registro de m\u00e1s de mil 200 personas, por lo que invit\u00f3 a que acudan a las oficinas del IMDIS, cuyas instalaciones est\u00e1n ubicadas en la calle Dr. Ernesto Ch\u00e1nez, manzana 3, lote 9, de la Ampliaci\u00f3n Santa Rosa en San Jos\u00e9 del Cabo, presentando la siguiente documentaci\u00f3n: copia del Acta de Nacimiento y CURP de la persona con discapacidad y tutor, copia actualizada del comprobante de domicilio, solicitud de empleo y copia del INE.<\/p>\n<p style=\"font-weight: 400; text-align: justify;\">\n<p style=\"font-weight: 400; text-align: justify;\">\u201cLas empresas destinar\u00e1n una persona que ser\u00e1 el enlace, quienes nos presentar\u00e1n un n\u00famero de vacantes que estaremos mostrando a las y los solicitantes de acuerdo a lo que ellos necesiten, para enviar a las personas interesadas, aqu\u00ed la finalidad es apoyar ya que ellos quieren ser parte de la poblaci\u00f3n econ\u00f3micamente activa\u201d, concluy\u00f3.<\/p>\n<p style=\"font-weight: 400; text-align: justify;\">\n<p style=\"font-weight: 400; text-align: justify;\">\n<p style=\"font-weight: 400; text-align: justify;\">\n","protected":false},"excerpt":{"rendered":"<p>Los Cabos, Baja California Sur.- Con la finalidad de incluir a las personas con discapacidad en el sector laboral, la<\/p>\n","protected":false},"author":1,"featured_media":109173,"comment_status":"open","ping_status":"closed","sticky":false,"template":"","format":"standard","meta":{"colormag_page_container_layout":"default_layout","colormag_page_sidebar_layout":"default_layout","_jetpack_memberships_contains_paid_content":false,"footnotes":"","jetpack_publicize_message":"","jetpack_publicize_feature_enabled":true,"jetpack_social_post_already_shared":true,"jetpack_social_options":{"image_generator_settings":{"template":"highway","default_image_id":0,"font":"","enabled":false},"version":2}},"categories":[40],"tags":[],"class_list":["post-109172","post","type-post","status-publish","format-standard","has-post-thumbnail","hentry","category-municipios"],"yoast_head":"<!-- This site is optimized with the Yoast SEO plugin v27.4 - https:\/\/yoast.com\/product\/yoast-seo-wordpress\/ -->\n<title>Firman convenio de colaboraci\u00f3n Gobierno de Los Cabos y c\u00e1maras empresariales - NBCS Noticias<\/title>\n<meta name=\"robots\" content=\"index, follow, max-snippet:-1, max-image-preview:large, max-video-preview:-1\" \/>\n<link rel=\"canonical\" href=\"https:\/\/nbcs.mx\/?p=109172\" \/>\n<meta property=\"og:locale\" content=\"es_ES\" \/>\n<meta property=\"og:type\" content=\"article\" \/>\n<meta property=\"og:title\" content=\"Firman convenio de colaboraci\u00f3n Gobierno de Los Cabos y c\u00e1maras empresariales - NBCS Noticias\" \/>\n<meta property=\"og:description\" content=\"Los Cabos, Baja California Sur.- Con la finalidad de incluir a las personas con discapacidad en el sector laboral, la\" \/>\n<meta property=\"og:url\" content=\"https:\/\/nbcs.mx\/?p=109172\" \/>\n<meta property=\"og:site_name\" content=\"NBCS Noticias\" \/>\n<meta property=\"article:publisher\" content=\"https:\/\/www.facebook.com\/NBCSnoticias\" \/>\n<meta property=\"article:author\" content=\"https:\/\/www.facebook.com\/NBCSnoticias\" \/>\n<meta property=\"article:published_time\" content=\"2022-07-06T01:40:14+00:00\" \/>\n<meta property=\"og:image\" content=\"https:\/\/nbcs.mx\/wp-content\/uploads\/2022\/07\/03-Firman-convenio-de-colaboracioin-Gobierno-de-Los-Cabos-y-caimaras-empresariales-en-beneficio-de-personas-con-discapacidad-2.jpeg\" \/>\n\t<meta property=\"og:image:width\" content=\"1280\" \/>\n\t<meta property=\"og:image:height\" content=\"853\" \/>\n\t<meta property=\"og:image:type\" content=\"image\/jpeg\" \/>\n<meta name=\"author\" content=\"NBCS Noticias\" \/>\n<meta name=\"twitter:card\" content=\"summary_large_image\" \/>\n<meta name=\"twitter:creator\" content=\"@https:\/\/twitter.com\/NBCSnoticias\" \/>\n<meta name=\"twitter:site\" content=\"@NBCSnoticias\" \/>\n<meta name=\"twitter:label1\" content=\"Escrito por\" \/>\n\t<meta name=\"twitter:data1\" content=\"NBCS Noticias\" \/>\n\t<meta name=\"twitter:label2\" content=\"Tiempo de lectura\" \/>\n\t<meta name=\"twitter:data2\" content=\"2 minutos\" \/>\n<script type=\"application\/ld+json\" class=\"yoast-schema-graph\">{\"@context\":\"https:\\\/\\\/schema.org\",\"@graph\":[{\"@type\":\"Article\",\"@id\":\"https:\\\/\\\/nbcs.mx\\\/?p=109172#article\",\"isPartOf\":{\"@id\":\"https:\\\/\\\/nbcs.mx\\\/?p=109172\"},\"author\":{\"name\":\"NBCS Noticias\",\"@id\":\"https:\\\/\\\/nbcs.mx\\\/#\\\/schema\\\/person\\\/ece58bab9a7c1e87a4d28ec9ecd79ff4\"},\"headline\":\"Firman convenio de colaboraci\u00f3n Gobierno de Los Cabos y c\u00e1maras empresariales\",\"datePublished\":\"2022-07-06T01:40:14+00:00\",\"mainEntityOfPage\":{\"@id\":\"https:\\\/\\\/nbcs.mx\\\/?p=109172\"},\"wordCount\":403,\"commentCount\":0,\"publisher\":{\"@id\":\"https:\\\/\\\/nbcs.mx\\\/#organization\"},\"image\":{\"@id\":\"https:\\\/\\\/nbcs.mx\\\/?p=109172#primaryimage\"},\"thumbnailUrl\":\"https:\\\/\\\/nbcs.mx\\\/wp-content\\\/uploads\\\/2022\\\/07\\\/03-Firman-convenio-de-colaboracioin-Gobierno-de-Los-Cabos-y-caimaras-empresariales-en-beneficio-de-personas-con-discapacidad-2.jpeg\",\"articleSection\":[\"Municipios\"],\"inLanguage\":\"es\",\"potentialAction\":[{\"@type\":\"CommentAction\",\"name\":\"Comment\",\"target\":[\"https:\\\/\\\/nbcs.mx\\\/?p=109172#respond\"]}]},{\"@type\":\"WebPage\",\"@id\":\"https:\\\/\\\/nbcs.mx\\\/?p=109172\",\"url\":\"https:\\\/\\\/nbcs.mx\\\/?p=109172\",\"name\":\"Firman convenio de colaboraci\u00f3n Gobierno de Los Cabos y c\u00e1maras empresariales - NBCS Noticias\",\"isPartOf\":{\"@id\":\"https:\\\/\\\/nbcs.mx\\\/#website\"},\"primaryImageOfPage\":{\"@id\":\"https:\\\/\\\/nbcs.mx\\\/?p=109172#primaryimage\"},\"image\":{\"@id\":\"https:\\\/\\\/nbcs.mx\\\/?p=109172#primaryimage\"},\"thumbnailUrl\":\"https:\\\/\\\/nbcs.mx\\\/wp-content\\\/uploads\\\/2022\\\/07\\\/03-Firman-convenio-de-colaboracioin-Gobierno-de-Los-Cabos-y-caimaras-empresariales-en-beneficio-de-personas-con-discapacidad-2.jpeg\",\"datePublished\":\"2022-07-06T01:40:14+00:00\",\"breadcrumb\":{\"@id\":\"https:\\\/\\\/nbcs.mx\\\/?p=109172#breadcrumb\"},\"inLanguage\":\"es\",\"potentialAction\":[{\"@type\":\"ReadAction\",\"target\":[\"https:\\\/\\\/nbcs.mx\\\/?p=109172\"]}]},{\"@type\":\"ImageObject\",\"inLanguage\":\"es\",\"@id\":\"https:\\\/\\\/nbcs.mx\\\/?p=109172#primaryimage\",\"url\":\"https:\\\/\\\/nbcs.mx\\\/wp-content\\\/uploads\\\/2022\\\/07\\\/03-Firman-convenio-de-colaboracioin-Gobierno-de-Los-Cabos-y-caimaras-empresariales-en-beneficio-de-personas-con-discapacidad-2.jpeg\",\"contentUrl\":\"https:\\\/\\\/nbcs.mx\\\/wp-content\\\/uploads\\\/2022\\\/07\\\/03-Firman-convenio-de-colaboracioin-Gobierno-de-Los-Cabos-y-caimaras-empresariales-en-beneficio-de-personas-con-discapacidad-2.jpeg\",\"width\":1280,\"height\":853},{\"@type\":\"BreadcrumbList\",\"@id\":\"https:\\\/\\\/nbcs.mx\\\/?p=109172#breadcrumb\",\"itemListElement\":[{\"@type\":\"ListItem\",\"position\":1,\"name\":\"Portada\",\"item\":\"https:\\\/\\\/nbcs.mx\\\/\"},{\"@type\":\"ListItem\",\"position\":2,\"name\":\"Firman convenio de colaboraci\u00f3n Gobierno de Los Cabos y c\u00e1maras empresariales\"}]},{\"@type\":\"WebSite\",\"@id\":\"https:\\\/\\\/nbcs.mx\\\/#website\",\"url\":\"https:\\\/\\\/nbcs.mx\\\/\",\"name\":\"NBCS Noticias\",\"description\":\"Sitio web de noticias en Baja California Sur\",\"publisher\":{\"@id\":\"https:\\\/\\\/nbcs.mx\\\/#organization\"},\"potentialAction\":[{\"@type\":\"SearchAction\",\"target\":{\"@type\":\"EntryPoint\",\"urlTemplate\":\"https:\\\/\\\/nbcs.mx\\\/?s={search_term_string}\"},\"query-input\":{\"@type\":\"PropertyValueSpecification\",\"valueRequired\":true,\"valueName\":\"search_term_string\"}}],\"inLanguage\":\"es\"},{\"@type\":\"Organization\",\"@id\":\"https:\\\/\\\/nbcs.mx\\\/#organization\",\"name\":\"NBCS Noticias\",\"url\":\"https:\\\/\\\/nbcs.mx\\\/\",\"logo\":{\"@type\":\"ImageObject\",\"inLanguage\":\"es\",\"@id\":\"https:\\\/\\\/nbcs.mx\\\/#\\\/schema\\\/logo\\\/image\\\/\",\"url\":\"https:\\\/\\\/nbcs.mx\\\/wp-content\\\/uploads\\\/2018\\\/09\\\/057b69485e93575a5c2b1c1dde2dd297.jpeg\",\"contentUrl\":\"https:\\\/\\\/nbcs.mx\\\/wp-content\\\/uploads\\\/2018\\\/09\\\/057b69485e93575a5c2b1c1dde2dd297.jpeg\",\"width\":64,\"height\":64,\"caption\":\"NBCS Noticias\"},\"image\":{\"@id\":\"https:\\\/\\\/nbcs.mx\\\/#\\\/schema\\\/logo\\\/image\\\/\"},\"sameAs\":[\"https:\\\/\\\/www.facebook.com\\\/NBCSnoticias\",\"https:\\\/\\\/x.com\\\/NBCSnoticias\"]},{\"@type\":\"Person\",\"@id\":\"https:\\\/\\\/nbcs.mx\\\/#\\\/schema\\\/person\\\/ece58bab9a7c1e87a4d28ec9ecd79ff4\",\"name\":\"NBCS Noticias\",\"image\":{\"@type\":\"ImageObject\",\"inLanguage\":\"es\",\"@id\":\"https:\\\/\\\/secure.gravatar.com\\\/avatar\\\/4e52110cad1c4054b43271a0d14bbe9e2ea76aecd0e1097edfc670798d9ca1d4?s=96&d=blank&r=g\",\"url\":\"https:\\\/\\\/secure.gravatar.com\\\/avatar\\\/4e52110cad1c4054b43271a0d14bbe9e2ea76aecd0e1097edfc670798d9ca1d4?s=96&d=blank&r=g\",\"contentUrl\":\"https:\\\/\\\/secure.gravatar.com\\\/avatar\\\/4e52110cad1c4054b43271a0d14bbe9e2ea76aecd0e1097edfc670798d9ca1d4?s=96&d=blank&r=g\",\"caption\":\"NBCS Noticias\"},\"description\":\"\u00bfTienes fotos o video de alg\u00fan acto de posible negligencia, corrupci\u00f3n y abuso de autoridad? M\u00e1ndalo al WhatsApp de NBCS Noticias: 612 141 98 08\",\"sameAs\":[\"https:\\\/\\\/www.nbcs.mx\",\"https:\\\/\\\/www.facebook.com\\\/NBCSnoticias\",\"https:\\\/\\\/www.instagram.com\\\/nbcsnoticias\\\/\",\"https:\\\/\\\/x.com\\\/https:\\\/\\\/twitter.com\\\/NBCSnoticias\"]}]}<\/script>\n<!-- \/ Yoast SEO plugin. -->","yoast_head_json":{"title":"Firman convenio de colaboraci\u00f3n Gobierno de Los Cabos y c\u00e1maras empresariales - NBCS Noticias","robots":{"index":"index","follow":"follow","max-snippet":"max-snippet:-1","max-image-preview":"max-image-preview:large","max-video-preview":"max-video-preview:-1"},"canonical":"https:\/\/nbcs.mx\/?p=109172","og_locale":"es_ES","og_type":"article","og_title":"Firman convenio de colaboraci\u00f3n Gobierno de Los Cabos y c\u00e1maras empresariales - NBCS Noticias","og_description":"Los Cabos, Baja California Sur.- Con la finalidad de incluir a las personas con discapacidad en el sector laboral, la","og_url":"https:\/\/nbcs.mx\/?p=109172","og_site_name":"NBCS Noticias","article_publisher":"https:\/\/www.facebook.com\/NBCSnoticias","article_author":"https:\/\/www.facebook.com\/NBCSnoticias","article_published_time":"2022-07-06T01:40:14+00:00","og_image":[{"width":1280,"height":853,"url":"https:\/\/nbcs.mx\/wp-content\/uploads\/2022\/07\/03-Firman-convenio-de-colaboracioin-Gobierno-de-Los-Cabos-y-caimaras-empresariales-en-beneficio-de-personas-con-discapacidad-2.jpeg","type":"image\/jpeg"}],"author":"NBCS Noticias","twitter_card":"summary_large_image","twitter_creator":"@https:\/\/twitter.com\/NBCSnoticias","twitter_site":"@NBCSnoticias","twitter_misc":{"Escrito por":"NBCS Noticias","Tiempo de lectura":"2 minutos"},"schema":{"@context":"https:\/\/schema.org","@graph":[{"@type":"Article","@id":"https:\/\/nbcs.mx\/?p=109172#article","isPartOf":{"@id":"https:\/\/nbcs.mx\/?p=109172"},"author":{"name":"NBCS Noticias","@id":"https:\/\/nbcs.mx\/#\/schema\/person\/ece58bab9a7c1e87a4d28ec9ecd79ff4"},"headline":"Firman convenio de colaboraci\u00f3n Gobierno de Los Cabos y c\u00e1maras empresariales","datePublished":"2022-07-06T01:40:14+00:00","mainEntityOfPage":{"@id":"https:\/\/nbcs.mx\/?p=109172"},"wordCount":403,"commentCount":0,"publisher":{"@id":"https:\/\/nbcs.mx\/#organization"},"image":{"@id":"https:\/\/nbcs.mx\/?p=109172#primaryimage"},"thumbnailUrl":"https:\/\/nbcs.mx\/wp-content\/uploads\/2022\/07\/03-Firman-convenio-de-colaboracioin-Gobierno-de-Los-Cabos-y-caimaras-empresariales-en-beneficio-de-personas-con-discapacidad-2.jpeg","articleSection":["Municipios"],"inLanguage":"es","potentialAction":[{"@type":"CommentAction","name":"Comment","target":["https:\/\/nbcs.mx\/?p=109172#respond"]}]},{"@type":"WebPage","@id":"https:\/\/nbcs.mx\/?p=109172","url":"https:\/\/nbcs.mx\/?p=109172","name":"Firman convenio de colaboraci\u00f3n Gobierno de Los Cabos y c\u00e1maras empresariales - NBCS Noticias","isPartOf":{"@id":"https:\/\/nbcs.mx\/#website"},"primaryImageOfPage":{"@id":"https:\/\/nbcs.mx\/?p=109172#primaryimage"},"image":{"@id":"https:\/\/nbcs.mx\/?p=109172#primaryimage"},"thumbnailUrl":"https:\/\/nbcs.mx\/wp-content\/uploads\/2022\/07\/03-Firman-convenio-de-colaboracioin-Gobierno-de-Los-Cabos-y-caimaras-empresariales-en-beneficio-de-personas-con-discapacidad-2.jpeg","datePublished":"2022-07-06T01:40:14+00:00","breadcrumb":{"@id":"https:\/\/nbcs.mx\/?p=109172#breadcrumb"},"inLanguage":"es","potentialAction":[{"@type":"ReadAction","target":["https:\/\/nbcs.mx\/?p=109172"]}]},{"@type":"ImageObject","inLanguage":"es","@id":"https:\/\/nbcs.mx\/?p=109172#primaryimage","url":"https:\/\/nbcs.mx\/wp-content\/uploads\/2022\/07\/03-Firman-convenio-de-colaboracioin-Gobierno-de-Los-Cabos-y-caimaras-empresariales-en-beneficio-de-personas-con-discapacidad-2.jpeg","contentUrl":"https:\/\/nbcs.mx\/wp-content\/uploads\/2022\/07\/03-Firman-convenio-de-colaboracioin-Gobierno-de-Los-Cabos-y-caimaras-empresariales-en-beneficio-de-personas-con-discapacidad-2.jpeg","width":1280,"height":853},{"@type":"BreadcrumbList","@id":"https:\/\/nbcs.mx\/?p=109172#breadcrumb","itemListElement":[{"@type":"ListItem","position":1,"name":"Portada","item":"https:\/\/nbcs.mx\/"},{"@type":"ListItem","position":2,"name":"Firman convenio de colaboraci\u00f3n Gobierno de Los Cabos y c\u00e1maras empresariales"}]},{"@type":"WebSite","@id":"https:\/\/nbcs.mx\/#website","url":"https:\/\/nbcs.mx\/","name":"NBCS Noticias","description":"Sitio web de noticias en Baja California Sur","publisher":{"@id":"https:\/\/nbcs.mx\/#organization"},"potentialAction":[{"@type":"SearchAction","target":{"@type":"EntryPoint","urlTemplate":"https:\/\/nbcs.mx\/?s={search_term_string}"},"query-input":{"@type":"PropertyValueSpecification","valueRequired":true,"valueName":"search_term_string"}}],"inLanguage":"es"},{"@type":"Organization","@id":"https:\/\/nbcs.mx\/#organization","name":"NBCS Noticias","url":"https:\/\/nbcs.mx\/","logo":{"@type":"ImageObject","inLanguage":"es","@id":"https:\/\/nbcs.mx\/#\/schema\/logo\/image\/","url":"https:\/\/nbcs.mx\/wp-content\/uploads\/2018\/09\/057b69485e93575a5c2b1c1dde2dd297.jpeg","contentUrl":"https:\/\/nbcs.mx\/wp-content\/uploads\/2018\/09\/057b69485e93575a5c2b1c1dde2dd297.jpeg","width":64,"height":64,"caption":"NBCS Noticias"},"image":{"@id":"https:\/\/nbcs.mx\/#\/schema\/logo\/image\/"},"sameAs":["https:\/\/www.facebook.com\/NBCSnoticias","https:\/\/x.com\/NBCSnoticias"]},{"@type":"Person","@id":"https:\/\/nbcs.mx\/#\/schema\/person\/ece58bab9a7c1e87a4d28ec9ecd79ff4","name":"NBCS Noticias","image":{"@type":"ImageObject","inLanguage":"es","@id":"https:\/\/secure.gravatar.com\/avatar\/4e52110cad1c4054b43271a0d14bbe9e2ea76aecd0e1097edfc670798d9ca1d4?s=96&d=blank&r=g","url":"https:\/\/secure.gravatar.com\/avatar\/4e52110cad1c4054b43271a0d14bbe9e2ea76aecd0e1097edfc670798d9ca1d4?s=96&d=blank&r=g","contentUrl":"https:\/\/secure.gravatar.com\/avatar\/4e52110cad1c4054b43271a0d14bbe9e2ea76aecd0e1097edfc670798d9ca1d4?s=96&d=blank&r=g","caption":"NBCS Noticias"},"description":"\u00bfTienes fotos o video de alg\u00fan acto de posible negligencia, corrupci\u00f3n y abuso de autoridad? M\u00e1ndalo al WhatsApp de NBCS Noticias: 612 141 98 08","sameAs":["https:\/\/www.nbcs.mx","https:\/\/www.facebook.com\/NBCSnoticias","https:\/\/www.instagram.com\/nbcsnoticias\/","https:\/\/x.com\/https:\/\/twitter.com\/NBCSnoticias"]}]}},"jetpack_publicize_connections":[],"jetpack_featured_media_url":"https:\/\/nbcs.mx\/wp-content\/uploads\/2022\/07\/03-Firman-convenio-de-colaboracioin-Gobierno-de-Los-Cabos-y-caimaras-empresariales-en-beneficio-de-personas-con-discapacidad-2.jpeg","jetpack_sharing_enabled":true,"_links":{"self":[{"href":"https:\/\/nbcs.mx\/index.php?rest_route=\/wp\/v2\/posts\/109172","targetHints":{"allow":["GET"]}}],"collection":[{"href":"https:\/\/nbcs.mx\/index.php?rest_route=\/wp\/v2\/posts"}],"about":[{"href":"https:\/\/nbcs.mx\/index.php?rest_route=\/wp\/v2\/types\/post"}],"author":[{"embeddable":true,"href":"https:\/\/nbcs.mx\/index.php?rest_route=\/wp\/v2\/users\/1"}],"replies":[{"embeddable":true,"href":"https:\/\/nbcs.mx\/index.php?rest_route=%2Fwp%2Fv2%2Fcomments&post=109172"}],"version-history":[{"count":1,"href":"https:\/\/nbcs.mx\/index.php?rest_route=\/wp\/v2\/posts\/109172\/revisions"}],"predecessor-version":[{"id":109174,"href":"https:\/\/nbcs.mx\/index.php?rest_route=\/wp\/v2\/posts\/109172\/revisions\/109174"}],"wp:featuredmedia":[{"embeddable":true,"href":"https:\/\/nbcs.mx\/index.php?rest_route=\/wp\/v2\/media\/109173"}],"wp:attachment":[{"href":"https:\/\/nbcs.mx\/index.php?rest_route=%2Fwp%2Fv2%2Fmedia&parent=109172"}],"wp:term":[{"taxonomy":"category","embeddable":true,"href":"https:\/\/nbcs.mx\/index.php?rest_route=%2Fwp%2Fv2%2Fcategories&post=109172"},{"taxonomy":"post_tag","embeddable":true,"href":"https:\/\/nbcs.mx\/index.php?rest_route=%2Fwp%2Fv2%2Ftags&post=109172"}],"curies":[{"name":"wp","href":"https:\/\/api.w.org\/{rel}","templated":true}]}}