{"id":109438,"date":"2022-07-10T20:03:34","date_gmt":"2022-07-11T02:03:34","guid":{"rendered":"https:\/\/nbcs.mx\/?p=109438"},"modified":"2022-07-10T20:03:34","modified_gmt":"2022-07-11T02:03:34","slug":"madrid-tendra-un-vuelo-directo-a-los-cabos-apartir-del-18-de-julio","status":"publish","type":"post","link":"https:\/\/nbcs.mx\/?p=109438","title":{"rendered":"Madrid tendr\u00e1 un vuelo directo a Los Cabos apartir del 18 de julio"},"content":{"rendered":"<p style=\"font-weight: 400; text-align: justify;\"><img loading=\"lazy\" decoding=\"async\" class=\" wp-image-109439 alignleft\" src=\"https:\/\/nbcs.mx\/wp-content\/uploads\/2022\/07\/Vuelo-de-Madrid-a-Los-Cabos-755x471.jpeg\" alt=\"\" width=\"388\" height=\"242\" srcset=\"https:\/\/nbcs.mx\/wp-content\/uploads\/2022\/07\/Vuelo-de-Madrid-a-Los-Cabos-755x471.jpeg 755w, https:\/\/nbcs.mx\/wp-content\/uploads\/2022\/07\/Vuelo-de-Madrid-a-Los-Cabos-150x94.jpeg 150w, https:\/\/nbcs.mx\/wp-content\/uploads\/2022\/07\/Vuelo-de-Madrid-a-Los-Cabos.jpeg 768w\" sizes=\"auto, (max-width: 388px) 100vw, 388px\" \/>La Paz, Baja California Sur.- Como parte de las estrategias de la presente administraci\u00f3n estatal para incrementar la conectividad a\u00e9rea y diversificar los mercados de origen, la titular de la Secretar\u00eda de Turismo y Econom\u00eda (SETUE), Maribel Collins, anunci\u00f3 que el pr\u00f3ximo lunes 18 de julio iniciar\u00e1 operaciones el vuelo Madrid- San Jos\u00e9 del Cabo-Madrid, con una frecuencia semanal.<\/p>\n<p style=\"font-weight: 400; text-align: justify;\">\n<p style=\"font-weight: 400; text-align: justify;\">En ese sentido, destac\u00f3 que este vuelo ser\u00e1 directo y sin escalas; la ruta se realizar\u00e1 a bordo de un Airbus A350 de nueva generaci\u00f3n de Iberojet, aerol\u00ednea de la \u00c1voris Corporaci\u00f3n Empresarial, con capacidad de transportar a 432 pasajeros por operaci\u00f3n.<\/p>\n<p style=\"font-weight: 400; text-align: justify;\">\n<p style=\"font-weight: 400; text-align: justify;\">\u201cEste vuelo marca el inicio de m\u00e1s conexiones hacia Baja California Sur, ya que impulsar\u00e1 la actividad del destino y atraer\u00e1 al mercado emergente europeo, que contempla a m\u00e1s de 8 mil visitantes adicionales en el 2022, quienes podr\u00e1n disfrutar de la diversidad de atractivos tur\u00edsticos con los que contamos, no solamente en Los Cabos, sino en los municipios restantes, considerando adem\u00e1s que el perfil del turista europeo suele consumir bienes y servicios tur\u00edsticos de naturaleza, aventura y cultural, con lo que se generar\u00e1 una derrama econ\u00f3mica muy importante en beneficio de los prestadores de servicios tur\u00edsticos de la regi\u00f3n\u201d, expres\u00f3.<\/p>\n<p style=\"font-weight: 400; text-align: justify;\">\n<p style=\"font-weight: 400; text-align: justify;\">Asimismo, resalt\u00f3 que la ruta operar\u00e1 con \u201cC\u00f3digo compartido\u201d; es decir, que ser\u00e1 posible que otros aeropuertos de Europa que tienen relaci\u00f3n comercial con \u00c1voris, podr\u00e1n hacer conexi\u00f3n en Madrid para llegar hasta Los Cabos.<\/p>\n<p style=\"font-weight: 400; text-align: justify;\">\n<p style=\"font-weight: 400; text-align: justify;\">De igual manera, detall\u00f3 que esta acci\u00f3n es acompa\u00f1ada de una intensa campa\u00f1a de promoci\u00f3n tur\u00edstica realizada con los Fideicomisos de Turismo de Los Cabos, en coordinaci\u00f3n con la empresa espa\u00f1ola \u201cEl Corte Ingl\u00e9s\u201d y \u201cLogitravel\u201d, quienes hacen una extraordinaria campa\u00f1a del vuelo en el continente europeo.<\/p>\n<p style=\"font-weight: 400; text-align: justify;\">\n<p style=\"font-weight: 400; text-align: justify;\">Para finalizar, la titular de la SETUES se\u00f1al\u00f3 que el gobierno del estado y sector privado, trabajan de la mano para fortalecer la conectividad a\u00e9rea, y posicionar a Sudcalifornia entre los destinos m\u00e1s competitivos en materia tur\u00edstica; las bellezas naturales, la calidad del servicio y la calidez de los sudcalifornianos, es la carta de presentaci\u00f3n con la que siempre recibimos a nuestros visitantes.<\/p>\n<p style=\"font-weight: 400; text-align: justify;\">\n<p style=\"font-weight: 400; text-align: justify;\">\n","protected":false},"excerpt":{"rendered":"<p>La Paz, Baja California Sur.- Como parte de las estrategias de la presente administraci\u00f3n estatal para incrementar la conectividad a\u00e9rea<\/p>\n","protected":false},"author":1,"featured_media":109439,"comment_status":"open","ping_status":"closed","sticky":false,"template":"","format":"standard","meta":{"colormag_page_container_layout":"default_layout","colormag_page_sidebar_layout":"default_layout","_jetpack_memberships_contains_paid_content":false,"footnotes":"","jetpack_publicize_message":"","jetpack_publicize_feature_enabled":true,"jetpack_social_post_already_shared":true,"jetpack_social_options":{"image_generator_settings":{"template":"highway","default_image_id":0,"font":"","enabled":false},"version":2}},"categories":[1],"tags":[],"class_list":["post-109438","post","type-post","status-publish","format-standard","has-post-thumbnail","hentry","category-noticias"],"yoast_head":"<!-- This site is optimized with the Yoast SEO plugin v27.5 - https:\/\/yoast.com\/product\/yoast-seo-wordpress\/ -->\n<title>Madrid tendr\u00e1 un vuelo directo a Los Cabos apartir del 18 de julio - NBCS Noticias<\/title>\n<meta name=\"robots\" content=\"index, follow, max-snippet:-1, max-image-preview:large, max-video-preview:-1\" \/>\n<link rel=\"canonical\" href=\"https:\/\/nbcs.mx\/?p=109438\" \/>\n<meta property=\"og:locale\" content=\"es_ES\" \/>\n<meta property=\"og:type\" content=\"article\" \/>\n<meta property=\"og:title\" content=\"Madrid tendr\u00e1 un vuelo directo a Los Cabos apartir del 18 de julio - NBCS Noticias\" \/>\n<meta property=\"og:description\" content=\"La Paz, Baja California Sur.- Como parte de las estrategias de la presente administraci\u00f3n estatal para incrementar la conectividad a\u00e9rea\" \/>\n<meta property=\"og:url\" content=\"https:\/\/nbcs.mx\/?p=109438\" \/>\n<meta property=\"og:site_name\" content=\"NBCS Noticias\" \/>\n<meta property=\"article:publisher\" content=\"https:\/\/www.facebook.com\/NBCSnoticias\" \/>\n<meta property=\"article:author\" content=\"https:\/\/www.facebook.com\/NBCSnoticias\" \/>\n<meta property=\"article:published_time\" content=\"2022-07-11T02:03:34+00:00\" \/>\n<meta property=\"og:image\" content=\"https:\/\/nbcs.mx\/wp-content\/uploads\/2022\/07\/Vuelo-de-Madrid-a-Los-Cabos.jpeg\" \/>\n\t<meta property=\"og:image:width\" content=\"768\" \/>\n\t<meta property=\"og:image:height\" content=\"479\" \/>\n\t<meta property=\"og:image:type\" content=\"image\/jpeg\" \/>\n<meta name=\"author\" content=\"NBCS Noticias\" \/>\n<meta name=\"twitter:card\" content=\"summary_large_image\" \/>\n<meta name=\"twitter:creator\" content=\"@https:\/\/twitter.com\/NBCSnoticias\" \/>\n<meta name=\"twitter:site\" content=\"@NBCSnoticias\" \/>\n<meta name=\"twitter:label1\" content=\"Escrito por\" \/>\n\t<meta name=\"twitter:data1\" content=\"NBCS Noticias\" \/>\n\t<meta name=\"twitter:label2\" content=\"Tiempo de lectura\" \/>\n\t<meta name=\"twitter:data2\" content=\"2 minutos\" \/>\n<script type=\"application\/ld+json\" class=\"yoast-schema-graph\">{\"@context\":\"https:\\\/\\\/schema.org\",\"@graph\":[{\"@type\":\"Article\",\"@id\":\"https:\\\/\\\/nbcs.mx\\\/?p=109438#article\",\"isPartOf\":{\"@id\":\"https:\\\/\\\/nbcs.mx\\\/?p=109438\"},\"author\":{\"name\":\"NBCS Noticias\",\"@id\":\"https:\\\/\\\/nbcs.mx\\\/#\\\/schema\\\/person\\\/ece58bab9a7c1e87a4d28ec9ecd79ff4\"},\"headline\":\"Madrid tendr\u00e1 un vuelo directo a Los Cabos apartir del 18 de julio\",\"datePublished\":\"2022-07-11T02:03:34+00:00\",\"mainEntityOfPage\":{\"@id\":\"https:\\\/\\\/nbcs.mx\\\/?p=109438\"},\"wordCount\":392,\"commentCount\":0,\"publisher\":{\"@id\":\"https:\\\/\\\/nbcs.mx\\\/#organization\"},\"image\":{\"@id\":\"https:\\\/\\\/nbcs.mx\\\/?p=109438#primaryimage\"},\"thumbnailUrl\":\"https:\\\/\\\/nbcs.mx\\\/wp-content\\\/uploads\\\/2022\\\/07\\\/Vuelo-de-Madrid-a-Los-Cabos.jpeg\",\"articleSection\":[\"Noticias\"],\"inLanguage\":\"es\",\"potentialAction\":[{\"@type\":\"CommentAction\",\"name\":\"Comment\",\"target\":[\"https:\\\/\\\/nbcs.mx\\\/?p=109438#respond\"]}]},{\"@type\":\"WebPage\",\"@id\":\"https:\\\/\\\/nbcs.mx\\\/?p=109438\",\"url\":\"https:\\\/\\\/nbcs.mx\\\/?p=109438\",\"name\":\"Madrid tendr\u00e1 un vuelo directo a Los Cabos apartir del 18 de julio - NBCS Noticias\",\"isPartOf\":{\"@id\":\"https:\\\/\\\/nbcs.mx\\\/#website\"},\"primaryImageOfPage\":{\"@id\":\"https:\\\/\\\/nbcs.mx\\\/?p=109438#primaryimage\"},\"image\":{\"@id\":\"https:\\\/\\\/nbcs.mx\\\/?p=109438#primaryimage\"},\"thumbnailUrl\":\"https:\\\/\\\/nbcs.mx\\\/wp-content\\\/uploads\\\/2022\\\/07\\\/Vuelo-de-Madrid-a-Los-Cabos.jpeg\",\"datePublished\":\"2022-07-11T02:03:34+00:00\",\"breadcrumb\":{\"@id\":\"https:\\\/\\\/nbcs.mx\\\/?p=109438#breadcrumb\"},\"inLanguage\":\"es\",\"potentialAction\":[{\"@type\":\"ReadAction\",\"target\":[\"https:\\\/\\\/nbcs.mx\\\/?p=109438\"]}]},{\"@type\":\"ImageObject\",\"inLanguage\":\"es\",\"@id\":\"https:\\\/\\\/nbcs.mx\\\/?p=109438#primaryimage\",\"url\":\"https:\\\/\\\/nbcs.mx\\\/wp-content\\\/uploads\\\/2022\\\/07\\\/Vuelo-de-Madrid-a-Los-Cabos.jpeg\",\"contentUrl\":\"https:\\\/\\\/nbcs.mx\\\/wp-content\\\/uploads\\\/2022\\\/07\\\/Vuelo-de-Madrid-a-Los-Cabos.jpeg\",\"width\":768,\"height\":479},{\"@type\":\"BreadcrumbList\",\"@id\":\"https:\\\/\\\/nbcs.mx\\\/?p=109438#breadcrumb\",\"itemListElement\":[{\"@type\":\"ListItem\",\"position\":1,\"name\":\"Portada\",\"item\":\"https:\\\/\\\/nbcs.mx\\\/\"},{\"@type\":\"ListItem\",\"position\":2,\"name\":\"Madrid tendr\u00e1 un vuelo directo a Los Cabos apartir del 18 de julio\"}]},{\"@type\":\"WebSite\",\"@id\":\"https:\\\/\\\/nbcs.mx\\\/#website\",\"url\":\"https:\\\/\\\/nbcs.mx\\\/\",\"name\":\"NBCS Noticias\",\"description\":\"Sitio web de noticias en Baja California Sur\",\"publisher\":{\"@id\":\"https:\\\/\\\/nbcs.mx\\\/#organization\"},\"potentialAction\":[{\"@type\":\"SearchAction\",\"target\":{\"@type\":\"EntryPoint\",\"urlTemplate\":\"https:\\\/\\\/nbcs.mx\\\/?s={search_term_string}\"},\"query-input\":{\"@type\":\"PropertyValueSpecification\",\"valueRequired\":true,\"valueName\":\"search_term_string\"}}],\"inLanguage\":\"es\"},{\"@type\":\"Organization\",\"@id\":\"https:\\\/\\\/nbcs.mx\\\/#organization\",\"name\":\"NBCS Noticias\",\"url\":\"https:\\\/\\\/nbcs.mx\\\/\",\"logo\":{\"@type\":\"ImageObject\",\"inLanguage\":\"es\",\"@id\":\"https:\\\/\\\/nbcs.mx\\\/#\\\/schema\\\/logo\\\/image\\\/\",\"url\":\"https:\\\/\\\/nbcs.mx\\\/wp-content\\\/uploads\\\/2018\\\/09\\\/057b69485e93575a5c2b1c1dde2dd297.jpeg\",\"contentUrl\":\"https:\\\/\\\/nbcs.mx\\\/wp-content\\\/uploads\\\/2018\\\/09\\\/057b69485e93575a5c2b1c1dde2dd297.jpeg\",\"width\":64,\"height\":64,\"caption\":\"NBCS Noticias\"},\"image\":{\"@id\":\"https:\\\/\\\/nbcs.mx\\\/#\\\/schema\\\/logo\\\/image\\\/\"},\"sameAs\":[\"https:\\\/\\\/www.facebook.com\\\/NBCSnoticias\",\"https:\\\/\\\/x.com\\\/NBCSnoticias\"]},{\"@type\":\"Person\",\"@id\":\"https:\\\/\\\/nbcs.mx\\\/#\\\/schema\\\/person\\\/ece58bab9a7c1e87a4d28ec9ecd79ff4\",\"name\":\"NBCS Noticias\",\"image\":{\"@type\":\"ImageObject\",\"inLanguage\":\"es\",\"@id\":\"https:\\\/\\\/secure.gravatar.com\\\/avatar\\\/4e52110cad1c4054b43271a0d14bbe9e2ea76aecd0e1097edfc670798d9ca1d4?s=96&d=blank&r=g\",\"url\":\"https:\\\/\\\/secure.gravatar.com\\\/avatar\\\/4e52110cad1c4054b43271a0d14bbe9e2ea76aecd0e1097edfc670798d9ca1d4?s=96&d=blank&r=g\",\"contentUrl\":\"https:\\\/\\\/secure.gravatar.com\\\/avatar\\\/4e52110cad1c4054b43271a0d14bbe9e2ea76aecd0e1097edfc670798d9ca1d4?s=96&d=blank&r=g\",\"caption\":\"NBCS Noticias\"},\"description\":\"\u00bfTienes fotos o video de alg\u00fan acto de posible negligencia, corrupci\u00f3n y abuso de autoridad? M\u00e1ndalo al WhatsApp de NBCS Noticias: 612 141 98 08\",\"sameAs\":[\"https:\\\/\\\/www.nbcs.mx\",\"https:\\\/\\\/www.facebook.com\\\/NBCSnoticias\",\"https:\\\/\\\/www.instagram.com\\\/nbcsnoticias\\\/\",\"https:\\\/\\\/x.com\\\/https:\\\/\\\/twitter.com\\\/NBCSnoticias\"]}]}<\/script>\n<!-- \/ Yoast SEO plugin. -->","yoast_head_json":{"title":"Madrid tendr\u00e1 un vuelo directo a Los Cabos apartir del 18 de julio - NBCS Noticias","robots":{"index":"index","follow":"follow","max-snippet":"max-snippet:-1","max-image-preview":"max-image-preview:large","max-video-preview":"max-video-preview:-1"},"canonical":"https:\/\/nbcs.mx\/?p=109438","og_locale":"es_ES","og_type":"article","og_title":"Madrid tendr\u00e1 un vuelo directo a Los Cabos apartir del 18 de julio - NBCS Noticias","og_description":"La Paz, Baja California Sur.- Como parte de las estrategias de la presente administraci\u00f3n estatal para incrementar la conectividad a\u00e9rea","og_url":"https:\/\/nbcs.mx\/?p=109438","og_site_name":"NBCS Noticias","article_publisher":"https:\/\/www.facebook.com\/NBCSnoticias","article_author":"https:\/\/www.facebook.com\/NBCSnoticias","article_published_time":"2022-07-11T02:03:34+00:00","og_image":[{"width":768,"height":479,"url":"https:\/\/nbcs.mx\/wp-content\/uploads\/2022\/07\/Vuelo-de-Madrid-a-Los-Cabos.jpeg","type":"image\/jpeg"}],"author":"NBCS Noticias","twitter_card":"summary_large_image","twitter_creator":"@https:\/\/twitter.com\/NBCSnoticias","twitter_site":"@NBCSnoticias","twitter_misc":{"Escrito por":"NBCS Noticias","Tiempo de lectura":"2 minutos"},"schema":{"@context":"https:\/\/schema.org","@graph":[{"@type":"Article","@id":"https:\/\/nbcs.mx\/?p=109438#article","isPartOf":{"@id":"https:\/\/nbcs.mx\/?p=109438"},"author":{"name":"NBCS Noticias","@id":"https:\/\/nbcs.mx\/#\/schema\/person\/ece58bab9a7c1e87a4d28ec9ecd79ff4"},"headline":"Madrid tendr\u00e1 un vuelo directo a Los Cabos apartir del 18 de julio","datePublished":"2022-07-11T02:03:34+00:00","mainEntityOfPage":{"@id":"https:\/\/nbcs.mx\/?p=109438"},"wordCount":392,"commentCount":0,"publisher":{"@id":"https:\/\/nbcs.mx\/#organization"},"image":{"@id":"https:\/\/nbcs.mx\/?p=109438#primaryimage"},"thumbnailUrl":"https:\/\/nbcs.mx\/wp-content\/uploads\/2022\/07\/Vuelo-de-Madrid-a-Los-Cabos.jpeg","articleSection":["Noticias"],"inLanguage":"es","potentialAction":[{"@type":"CommentAction","name":"Comment","target":["https:\/\/nbcs.mx\/?p=109438#respond"]}]},{"@type":"WebPage","@id":"https:\/\/nbcs.mx\/?p=109438","url":"https:\/\/nbcs.mx\/?p=109438","name":"Madrid tendr\u00e1 un vuelo directo a Los Cabos apartir del 18 de julio - NBCS Noticias","isPartOf":{"@id":"https:\/\/nbcs.mx\/#website"},"primaryImageOfPage":{"@id":"https:\/\/nbcs.mx\/?p=109438#primaryimage"},"image":{"@id":"https:\/\/nbcs.mx\/?p=109438#primaryimage"},"thumbnailUrl":"https:\/\/nbcs.mx\/wp-content\/uploads\/2022\/07\/Vuelo-de-Madrid-a-Los-Cabos.jpeg","datePublished":"2022-07-11T02:03:34+00:00","breadcrumb":{"@id":"https:\/\/nbcs.mx\/?p=109438#breadcrumb"},"inLanguage":"es","potentialAction":[{"@type":"ReadAction","target":["https:\/\/nbcs.mx\/?p=109438"]}]},{"@type":"ImageObject","inLanguage":"es","@id":"https:\/\/nbcs.mx\/?p=109438#primaryimage","url":"https:\/\/nbcs.mx\/wp-content\/uploads\/2022\/07\/Vuelo-de-Madrid-a-Los-Cabos.jpeg","contentUrl":"https:\/\/nbcs.mx\/wp-content\/uploads\/2022\/07\/Vuelo-de-Madrid-a-Los-Cabos.jpeg","width":768,"height":479},{"@type":"BreadcrumbList","@id":"https:\/\/nbcs.mx\/?p=109438#breadcrumb","itemListElement":[{"@type":"ListItem","position":1,"name":"Portada","item":"https:\/\/nbcs.mx\/"},{"@type":"ListItem","position":2,"name":"Madrid tendr\u00e1 un vuelo directo a Los Cabos apartir del 18 de julio"}]},{"@type":"WebSite","@id":"https:\/\/nbcs.mx\/#website","url":"https:\/\/nbcs.mx\/","name":"NBCS Noticias","description":"Sitio web de noticias en Baja California Sur","publisher":{"@id":"https:\/\/nbcs.mx\/#organization"},"potentialAction":[{"@type":"SearchAction","target":{"@type":"EntryPoint","urlTemplate":"https:\/\/nbcs.mx\/?s={search_term_string}"},"query-input":{"@type":"PropertyValueSpecification","valueRequired":true,"valueName":"search_term_string"}}],"inLanguage":"es"},{"@type":"Organization","@id":"https:\/\/nbcs.mx\/#organization","name":"NBCS Noticias","url":"https:\/\/nbcs.mx\/","logo":{"@type":"ImageObject","inLanguage":"es","@id":"https:\/\/nbcs.mx\/#\/schema\/logo\/image\/","url":"https:\/\/nbcs.mx\/wp-content\/uploads\/2018\/09\/057b69485e93575a5c2b1c1dde2dd297.jpeg","contentUrl":"https:\/\/nbcs.mx\/wp-content\/uploads\/2018\/09\/057b69485e93575a5c2b1c1dde2dd297.jpeg","width":64,"height":64,"caption":"NBCS Noticias"},"image":{"@id":"https:\/\/nbcs.mx\/#\/schema\/logo\/image\/"},"sameAs":["https:\/\/www.facebook.com\/NBCSnoticias","https:\/\/x.com\/NBCSnoticias"]},{"@type":"Person","@id":"https:\/\/nbcs.mx\/#\/schema\/person\/ece58bab9a7c1e87a4d28ec9ecd79ff4","name":"NBCS Noticias","image":{"@type":"ImageObject","inLanguage":"es","@id":"https:\/\/secure.gravatar.com\/avatar\/4e52110cad1c4054b43271a0d14bbe9e2ea76aecd0e1097edfc670798d9ca1d4?s=96&d=blank&r=g","url":"https:\/\/secure.gravatar.com\/avatar\/4e52110cad1c4054b43271a0d14bbe9e2ea76aecd0e1097edfc670798d9ca1d4?s=96&d=blank&r=g","contentUrl":"https:\/\/secure.gravatar.com\/avatar\/4e52110cad1c4054b43271a0d14bbe9e2ea76aecd0e1097edfc670798d9ca1d4?s=96&d=blank&r=g","caption":"NBCS Noticias"},"description":"\u00bfTienes fotos o video de alg\u00fan acto de posible negligencia, corrupci\u00f3n y abuso de autoridad? M\u00e1ndalo al WhatsApp de NBCS Noticias: 612 141 98 08","sameAs":["https:\/\/www.nbcs.mx","https:\/\/www.facebook.com\/NBCSnoticias","https:\/\/www.instagram.com\/nbcsnoticias\/","https:\/\/x.com\/https:\/\/twitter.com\/NBCSnoticias"]}]}},"jetpack_publicize_connections":[],"jetpack_featured_media_url":"https:\/\/nbcs.mx\/wp-content\/uploads\/2022\/07\/Vuelo-de-Madrid-a-Los-Cabos.jpeg","jetpack_sharing_enabled":true,"_links":{"self":[{"href":"https:\/\/nbcs.mx\/index.php?rest_route=\/wp\/v2\/posts\/109438","targetHints":{"allow":["GET"]}}],"collection":[{"href":"https:\/\/nbcs.mx\/index.php?rest_route=\/wp\/v2\/posts"}],"about":[{"href":"https:\/\/nbcs.mx\/index.php?rest_route=\/wp\/v2\/types\/post"}],"author":[{"embeddable":true,"href":"https:\/\/nbcs.mx\/index.php?rest_route=\/wp\/v2\/users\/1"}],"replies":[{"embeddable":true,"href":"https:\/\/nbcs.mx\/index.php?rest_route=%2Fwp%2Fv2%2Fcomments&post=109438"}],"version-history":[{"count":1,"href":"https:\/\/nbcs.mx\/index.php?rest_route=\/wp\/v2\/posts\/109438\/revisions"}],"predecessor-version":[{"id":109440,"href":"https:\/\/nbcs.mx\/index.php?rest_route=\/wp\/v2\/posts\/109438\/revisions\/109440"}],"wp:featuredmedia":[{"embeddable":true,"href":"https:\/\/nbcs.mx\/index.php?rest_route=\/wp\/v2\/media\/109439"}],"wp:attachment":[{"href":"https:\/\/nbcs.mx\/index.php?rest_route=%2Fwp%2Fv2%2Fmedia&parent=109438"}],"wp:term":[{"taxonomy":"category","embeddable":true,"href":"https:\/\/nbcs.mx\/index.php?rest_route=%2Fwp%2Fv2%2Fcategories&post=109438"},{"taxonomy":"post_tag","embeddable":true,"href":"https:\/\/nbcs.mx\/index.php?rest_route=%2Fwp%2Fv2%2Ftags&post=109438"}],"curies":[{"name":"wp","href":"https:\/\/api.w.org\/{rel}","templated":true}]}}