{"id":109445,"date":"2022-07-10T20:43:54","date_gmt":"2022-07-11T02:43:54","guid":{"rendered":"https:\/\/nbcs.mx\/?p=109445"},"modified":"2022-07-10T20:43:54","modified_gmt":"2022-07-11T02:43:54","slug":"bcs-de-las-entidades-menos-pobladas-de-mexico-con-798-mil-447-habitantes","status":"publish","type":"post","link":"https:\/\/nbcs.mx\/?p=109445","title":{"rendered":"BCS de las entidades menos pobladas de M\u00e9xico, con 798 mil 447 habitantes"},"content":{"rendered":"<p style=\"font-weight: 400; text-align: justify;\"><img loading=\"lazy\" decoding=\"async\" class=\" wp-image-109446 alignleft\" src=\"https:\/\/nbcs.mx\/wp-content\/uploads\/2022\/07\/Personas-maleocn-de-La-Paz-755x472.jpeg\" alt=\"\" width=\"382\" height=\"239\" srcset=\"https:\/\/nbcs.mx\/wp-content\/uploads\/2022\/07\/Personas-maleocn-de-La-Paz-755x472.jpeg 755w, https:\/\/nbcs.mx\/wp-content\/uploads\/2022\/07\/Personas-maleocn-de-La-Paz-1024x640.jpeg 1024w, https:\/\/nbcs.mx\/wp-content\/uploads\/2022\/07\/Personas-maleocn-de-La-Paz-150x94.jpeg 150w, https:\/\/nbcs.mx\/wp-content\/uploads\/2022\/07\/Personas-maleocn-de-La-Paz-768x480.jpeg 768w, https:\/\/nbcs.mx\/wp-content\/uploads\/2022\/07\/Personas-maleocn-de-La-Paz.jpeg 1140w\" sizes=\"auto, (max-width: 382px) 100vw, 382px\" \/>La Paz, Baja California Sur.- En Baja California Sur, los tres \u00f3rdenes de gobierno, de la mano de la sociedad, estamos transformando nuestro entorno, para garantizar los derechos de nuestra gente y brindar m\u00e1s opciones de desarrollo social y econ\u00f3mico, en beneficio de todas las personas, se\u00f1al\u00f3 el secretario general de Gobierno, Homero Davis Castro, en el marco del D\u00eda Mundial de la Poblaci\u00f3n.<\/p>\n<p style=\"font-weight: 400; text-align: justify;\">Al respecto, mencion\u00f3 que el Gobierno del Estado, a trav\u00e9s del Consejo Estatal de Poblaci\u00f3n (COESPO), fortalece acciones y programas que tienen como principal objetivo, generar el bienestar de todas y todos, por lo que se atienden \u00e1reas prioritarias para tal fin, como la salud, educaci\u00f3n, deporte, trabajo, vivienda, cultura, seguridad, justicia, entre otras.<\/p>\n<p style=\"font-weight: 400; text-align: justify;\">Entre \u00e9stas destaca, el an\u00e1lisis y revisi\u00f3n del convenio de coordinaci\u00f3n que se busca celebrar con la Federaci\u00f3n para proteger, promover y garantizar los derechos de las personas defensoras de derechos humanos, periodistas y quienes ejerzan la libertad de expresi\u00f3n.<\/p>\n<p style=\"font-weight: 400; text-align: justify;\">La capacitaci\u00f3n del personal del COESPO y del Grupo Estatal para la Prevenci\u00f3n del Embarazo en Adolescentes (GEPEA), en temas de educaci\u00f3n integral en sexualidad, bajo un enfoque de perspectiva de g\u00e9nero, juventudes e interculturalidad.<\/p>\n<p style=\"font-weight: 400; text-align: justify;\">As\u00ed como, en pol\u00edtica migratoria y gu\u00edas para la construcci\u00f3n de pol\u00edticas p\u00fablicas y programas en materia de movilidad humana abordando los ejes: gobernanza migratoria a nivel nacional y local; integraci\u00f3n de personas migrantes residentes y personas refugiadas, as\u00ed como desplazamiento forzado interno.<\/p>\n<p style=\"font-weight: 400; text-align: justify;\">Capacitaciones que son promovidas por la Secretar\u00eda General del Consejo Nacional de Poblaci\u00f3n (CONAPO), en modalidad de talleres, cursos y foros, tanto presenciales como de manera virtual.<\/p>\n<p style=\"font-weight: 400; text-align: justify;\">Homero Davis, agreg\u00f3, que tambi\u00e9n se trabaja en la inclusi\u00f3n, paridad de g\u00e9nero, igualdad, as\u00ed como del reconocimiento y ejercicio pleno de los derechos humanos, de cada una de las y los sudcalifornianos, ejemplo de ello, las recientes reformas al marco normativo estatal, en temas de inter\u00e9s social, principalmente, en favor de los grupos m\u00e1s vulnerables.<\/p>\n<p style=\"font-weight: 400; text-align: justify;\">Cabe se\u00f1alar, que de acuerdo al m\u00e1s reciente Censo de Poblaci\u00f3n y Vivienda, realizado por el Instituto Nacional de Estad\u00edstica y Geograf\u00eda (INEGI) en 2020, BCS es una de las tres entidades menos pobladas del pa\u00eds, con 798 mil 447 habitantes, de los cuales, 405 mil 879 son hombres y 392 mil 568 son mujeres.<\/p>\n","protected":false},"excerpt":{"rendered":"<p>La Paz, Baja California Sur.- En Baja California Sur, los tres \u00f3rdenes de gobierno, de la mano de la sociedad,<\/p>\n","protected":false},"author":1,"featured_media":109446,"comment_status":"open","ping_status":"closed","sticky":false,"template":"","format":"standard","meta":{"colormag_page_container_layout":"default_layout","colormag_page_sidebar_layout":"default_layout","_jetpack_memberships_contains_paid_content":false,"footnotes":"","jetpack_publicize_message":"","jetpack_publicize_feature_enabled":true,"jetpack_social_post_already_shared":true,"jetpack_social_options":{"image_generator_settings":{"template":"highway","default_image_id":0,"font":"","enabled":false},"version":2}},"categories":[1],"tags":[],"class_list":["post-109445","post","type-post","status-publish","format-standard","has-post-thumbnail","hentry","category-noticias"],"yoast_head":"<!-- This site is optimized with the Yoast SEO plugin v27.5 - https:\/\/yoast.com\/product\/yoast-seo-wordpress\/ -->\n<title>BCS de las entidades menos pobladas de M\u00e9xico, con 798 mil 447 habitantes - NBCS Noticias<\/title>\n<meta name=\"robots\" content=\"index, follow, max-snippet:-1, max-image-preview:large, max-video-preview:-1\" \/>\n<link rel=\"canonical\" href=\"https:\/\/nbcs.mx\/?p=109445\" \/>\n<meta property=\"og:locale\" content=\"es_ES\" \/>\n<meta property=\"og:type\" content=\"article\" \/>\n<meta property=\"og:title\" content=\"BCS de las entidades menos pobladas de M\u00e9xico, con 798 mil 447 habitantes - NBCS Noticias\" \/>\n<meta property=\"og:description\" content=\"La Paz, Baja California Sur.- En Baja California Sur, los tres \u00f3rdenes de gobierno, de la mano de la sociedad,\" \/>\n<meta property=\"og:url\" content=\"https:\/\/nbcs.mx\/?p=109445\" \/>\n<meta property=\"og:site_name\" content=\"NBCS Noticias\" \/>\n<meta property=\"article:publisher\" content=\"https:\/\/www.facebook.com\/NBCSnoticias\" \/>\n<meta property=\"article:author\" content=\"https:\/\/www.facebook.com\/NBCSnoticias\" \/>\n<meta property=\"article:published_time\" content=\"2022-07-11T02:43:54+00:00\" \/>\n<meta property=\"og:image\" content=\"https:\/\/nbcs.mx\/wp-content\/uploads\/2022\/07\/Personas-maleocn-de-La-Paz.jpeg\" \/>\n\t<meta property=\"og:image:width\" content=\"1140\" \/>\n\t<meta property=\"og:image:height\" content=\"712\" \/>\n\t<meta property=\"og:image:type\" content=\"image\/jpeg\" \/>\n<meta name=\"author\" content=\"NBCS Noticias\" \/>\n<meta name=\"twitter:card\" content=\"summary_large_image\" \/>\n<meta name=\"twitter:creator\" content=\"@https:\/\/twitter.com\/NBCSnoticias\" \/>\n<meta name=\"twitter:site\" content=\"@NBCSnoticias\" \/>\n<meta name=\"twitter:label1\" content=\"Escrito por\" \/>\n\t<meta name=\"twitter:data1\" content=\"NBCS Noticias\" \/>\n\t<meta name=\"twitter:label2\" content=\"Tiempo de lectura\" \/>\n\t<meta name=\"twitter:data2\" content=\"2 minutos\" \/>\n<script type=\"application\/ld+json\" class=\"yoast-schema-graph\">{\"@context\":\"https:\\\/\\\/schema.org\",\"@graph\":[{\"@type\":\"Article\",\"@id\":\"https:\\\/\\\/nbcs.mx\\\/?p=109445#article\",\"isPartOf\":{\"@id\":\"https:\\\/\\\/nbcs.mx\\\/?p=109445\"},\"author\":{\"name\":\"NBCS Noticias\",\"@id\":\"https:\\\/\\\/nbcs.mx\\\/#\\\/schema\\\/person\\\/ece58bab9a7c1e87a4d28ec9ecd79ff4\"},\"headline\":\"BCS de las entidades menos pobladas de M\u00e9xico, con 798 mil 447 habitantes\",\"datePublished\":\"2022-07-11T02:43:54+00:00\",\"mainEntityOfPage\":{\"@id\":\"https:\\\/\\\/nbcs.mx\\\/?p=109445\"},\"wordCount\":416,\"commentCount\":0,\"publisher\":{\"@id\":\"https:\\\/\\\/nbcs.mx\\\/#organization\"},\"image\":{\"@id\":\"https:\\\/\\\/nbcs.mx\\\/?p=109445#primaryimage\"},\"thumbnailUrl\":\"https:\\\/\\\/nbcs.mx\\\/wp-content\\\/uploads\\\/2022\\\/07\\\/Personas-maleocn-de-La-Paz.jpeg\",\"articleSection\":[\"Noticias\"],\"inLanguage\":\"es\",\"potentialAction\":[{\"@type\":\"CommentAction\",\"name\":\"Comment\",\"target\":[\"https:\\\/\\\/nbcs.mx\\\/?p=109445#respond\"]}]},{\"@type\":\"WebPage\",\"@id\":\"https:\\\/\\\/nbcs.mx\\\/?p=109445\",\"url\":\"https:\\\/\\\/nbcs.mx\\\/?p=109445\",\"name\":\"BCS de las entidades menos pobladas de M\u00e9xico, con 798 mil 447 habitantes - NBCS Noticias\",\"isPartOf\":{\"@id\":\"https:\\\/\\\/nbcs.mx\\\/#website\"},\"primaryImageOfPage\":{\"@id\":\"https:\\\/\\\/nbcs.mx\\\/?p=109445#primaryimage\"},\"image\":{\"@id\":\"https:\\\/\\\/nbcs.mx\\\/?p=109445#primaryimage\"},\"thumbnailUrl\":\"https:\\\/\\\/nbcs.mx\\\/wp-content\\\/uploads\\\/2022\\\/07\\\/Personas-maleocn-de-La-Paz.jpeg\",\"datePublished\":\"2022-07-11T02:43:54+00:00\",\"breadcrumb\":{\"@id\":\"https:\\\/\\\/nbcs.mx\\\/?p=109445#breadcrumb\"},\"inLanguage\":\"es\",\"potentialAction\":[{\"@type\":\"ReadAction\",\"target\":[\"https:\\\/\\\/nbcs.mx\\\/?p=109445\"]}]},{\"@type\":\"ImageObject\",\"inLanguage\":\"es\",\"@id\":\"https:\\\/\\\/nbcs.mx\\\/?p=109445#primaryimage\",\"url\":\"https:\\\/\\\/nbcs.mx\\\/wp-content\\\/uploads\\\/2022\\\/07\\\/Personas-maleocn-de-La-Paz.jpeg\",\"contentUrl\":\"https:\\\/\\\/nbcs.mx\\\/wp-content\\\/uploads\\\/2022\\\/07\\\/Personas-maleocn-de-La-Paz.jpeg\",\"width\":1140,\"height\":712},{\"@type\":\"BreadcrumbList\",\"@id\":\"https:\\\/\\\/nbcs.mx\\\/?p=109445#breadcrumb\",\"itemListElement\":[{\"@type\":\"ListItem\",\"position\":1,\"name\":\"Portada\",\"item\":\"https:\\\/\\\/nbcs.mx\\\/\"},{\"@type\":\"ListItem\",\"position\":2,\"name\":\"BCS de las entidades menos pobladas de M\u00e9xico, con 798 mil 447 habitantes\"}]},{\"@type\":\"WebSite\",\"@id\":\"https:\\\/\\\/nbcs.mx\\\/#website\",\"url\":\"https:\\\/\\\/nbcs.mx\\\/\",\"name\":\"NBCS Noticias\",\"description\":\"Sitio web de noticias en Baja California Sur\",\"publisher\":{\"@id\":\"https:\\\/\\\/nbcs.mx\\\/#organization\"},\"potentialAction\":[{\"@type\":\"SearchAction\",\"target\":{\"@type\":\"EntryPoint\",\"urlTemplate\":\"https:\\\/\\\/nbcs.mx\\\/?s={search_term_string}\"},\"query-input\":{\"@type\":\"PropertyValueSpecification\",\"valueRequired\":true,\"valueName\":\"search_term_string\"}}],\"inLanguage\":\"es\"},{\"@type\":\"Organization\",\"@id\":\"https:\\\/\\\/nbcs.mx\\\/#organization\",\"name\":\"NBCS Noticias\",\"url\":\"https:\\\/\\\/nbcs.mx\\\/\",\"logo\":{\"@type\":\"ImageObject\",\"inLanguage\":\"es\",\"@id\":\"https:\\\/\\\/nbcs.mx\\\/#\\\/schema\\\/logo\\\/image\\\/\",\"url\":\"https:\\\/\\\/nbcs.mx\\\/wp-content\\\/uploads\\\/2018\\\/09\\\/057b69485e93575a5c2b1c1dde2dd297.jpeg\",\"contentUrl\":\"https:\\\/\\\/nbcs.mx\\\/wp-content\\\/uploads\\\/2018\\\/09\\\/057b69485e93575a5c2b1c1dde2dd297.jpeg\",\"width\":64,\"height\":64,\"caption\":\"NBCS Noticias\"},\"image\":{\"@id\":\"https:\\\/\\\/nbcs.mx\\\/#\\\/schema\\\/logo\\\/image\\\/\"},\"sameAs\":[\"https:\\\/\\\/www.facebook.com\\\/NBCSnoticias\",\"https:\\\/\\\/x.com\\\/NBCSnoticias\"]},{\"@type\":\"Person\",\"@id\":\"https:\\\/\\\/nbcs.mx\\\/#\\\/schema\\\/person\\\/ece58bab9a7c1e87a4d28ec9ecd79ff4\",\"name\":\"NBCS Noticias\",\"image\":{\"@type\":\"ImageObject\",\"inLanguage\":\"es\",\"@id\":\"https:\\\/\\\/secure.gravatar.com\\\/avatar\\\/4e52110cad1c4054b43271a0d14bbe9e2ea76aecd0e1097edfc670798d9ca1d4?s=96&d=blank&r=g\",\"url\":\"https:\\\/\\\/secure.gravatar.com\\\/avatar\\\/4e52110cad1c4054b43271a0d14bbe9e2ea76aecd0e1097edfc670798d9ca1d4?s=96&d=blank&r=g\",\"contentUrl\":\"https:\\\/\\\/secure.gravatar.com\\\/avatar\\\/4e52110cad1c4054b43271a0d14bbe9e2ea76aecd0e1097edfc670798d9ca1d4?s=96&d=blank&r=g\",\"caption\":\"NBCS Noticias\"},\"description\":\"\u00bfTienes fotos o video de alg\u00fan acto de posible negligencia, corrupci\u00f3n y abuso de autoridad? M\u00e1ndalo al WhatsApp de NBCS Noticias: 612 141 98 08\",\"sameAs\":[\"https:\\\/\\\/www.nbcs.mx\",\"https:\\\/\\\/www.facebook.com\\\/NBCSnoticias\",\"https:\\\/\\\/www.instagram.com\\\/nbcsnoticias\\\/\",\"https:\\\/\\\/x.com\\\/https:\\\/\\\/twitter.com\\\/NBCSnoticias\"]}]}<\/script>\n<!-- \/ Yoast SEO plugin. -->","yoast_head_json":{"title":"BCS de las entidades menos pobladas de M\u00e9xico, con 798 mil 447 habitantes - NBCS Noticias","robots":{"index":"index","follow":"follow","max-snippet":"max-snippet:-1","max-image-preview":"max-image-preview:large","max-video-preview":"max-video-preview:-1"},"canonical":"https:\/\/nbcs.mx\/?p=109445","og_locale":"es_ES","og_type":"article","og_title":"BCS de las entidades menos pobladas de M\u00e9xico, con 798 mil 447 habitantes - NBCS Noticias","og_description":"La Paz, Baja California Sur.- En Baja California Sur, los tres \u00f3rdenes de gobierno, de la mano de la sociedad,","og_url":"https:\/\/nbcs.mx\/?p=109445","og_site_name":"NBCS Noticias","article_publisher":"https:\/\/www.facebook.com\/NBCSnoticias","article_author":"https:\/\/www.facebook.com\/NBCSnoticias","article_published_time":"2022-07-11T02:43:54+00:00","og_image":[{"width":1140,"height":712,"url":"https:\/\/nbcs.mx\/wp-content\/uploads\/2022\/07\/Personas-maleocn-de-La-Paz.jpeg","type":"image\/jpeg"}],"author":"NBCS Noticias","twitter_card":"summary_large_image","twitter_creator":"@https:\/\/twitter.com\/NBCSnoticias","twitter_site":"@NBCSnoticias","twitter_misc":{"Escrito por":"NBCS Noticias","Tiempo de lectura":"2 minutos"},"schema":{"@context":"https:\/\/schema.org","@graph":[{"@type":"Article","@id":"https:\/\/nbcs.mx\/?p=109445#article","isPartOf":{"@id":"https:\/\/nbcs.mx\/?p=109445"},"author":{"name":"NBCS Noticias","@id":"https:\/\/nbcs.mx\/#\/schema\/person\/ece58bab9a7c1e87a4d28ec9ecd79ff4"},"headline":"BCS de las entidades menos pobladas de M\u00e9xico, con 798 mil 447 habitantes","datePublished":"2022-07-11T02:43:54+00:00","mainEntityOfPage":{"@id":"https:\/\/nbcs.mx\/?p=109445"},"wordCount":416,"commentCount":0,"publisher":{"@id":"https:\/\/nbcs.mx\/#organization"},"image":{"@id":"https:\/\/nbcs.mx\/?p=109445#primaryimage"},"thumbnailUrl":"https:\/\/nbcs.mx\/wp-content\/uploads\/2022\/07\/Personas-maleocn-de-La-Paz.jpeg","articleSection":["Noticias"],"inLanguage":"es","potentialAction":[{"@type":"CommentAction","name":"Comment","target":["https:\/\/nbcs.mx\/?p=109445#respond"]}]},{"@type":"WebPage","@id":"https:\/\/nbcs.mx\/?p=109445","url":"https:\/\/nbcs.mx\/?p=109445","name":"BCS de las entidades menos pobladas de M\u00e9xico, con 798 mil 447 habitantes - NBCS Noticias","isPartOf":{"@id":"https:\/\/nbcs.mx\/#website"},"primaryImageOfPage":{"@id":"https:\/\/nbcs.mx\/?p=109445#primaryimage"},"image":{"@id":"https:\/\/nbcs.mx\/?p=109445#primaryimage"},"thumbnailUrl":"https:\/\/nbcs.mx\/wp-content\/uploads\/2022\/07\/Personas-maleocn-de-La-Paz.jpeg","datePublished":"2022-07-11T02:43:54+00:00","breadcrumb":{"@id":"https:\/\/nbcs.mx\/?p=109445#breadcrumb"},"inLanguage":"es","potentialAction":[{"@type":"ReadAction","target":["https:\/\/nbcs.mx\/?p=109445"]}]},{"@type":"ImageObject","inLanguage":"es","@id":"https:\/\/nbcs.mx\/?p=109445#primaryimage","url":"https:\/\/nbcs.mx\/wp-content\/uploads\/2022\/07\/Personas-maleocn-de-La-Paz.jpeg","contentUrl":"https:\/\/nbcs.mx\/wp-content\/uploads\/2022\/07\/Personas-maleocn-de-La-Paz.jpeg","width":1140,"height":712},{"@type":"BreadcrumbList","@id":"https:\/\/nbcs.mx\/?p=109445#breadcrumb","itemListElement":[{"@type":"ListItem","position":1,"name":"Portada","item":"https:\/\/nbcs.mx\/"},{"@type":"ListItem","position":2,"name":"BCS de las entidades menos pobladas de M\u00e9xico, con 798 mil 447 habitantes"}]},{"@type":"WebSite","@id":"https:\/\/nbcs.mx\/#website","url":"https:\/\/nbcs.mx\/","name":"NBCS Noticias","description":"Sitio web de noticias en Baja California Sur","publisher":{"@id":"https:\/\/nbcs.mx\/#organization"},"potentialAction":[{"@type":"SearchAction","target":{"@type":"EntryPoint","urlTemplate":"https:\/\/nbcs.mx\/?s={search_term_string}"},"query-input":{"@type":"PropertyValueSpecification","valueRequired":true,"valueName":"search_term_string"}}],"inLanguage":"es"},{"@type":"Organization","@id":"https:\/\/nbcs.mx\/#organization","name":"NBCS Noticias","url":"https:\/\/nbcs.mx\/","logo":{"@type":"ImageObject","inLanguage":"es","@id":"https:\/\/nbcs.mx\/#\/schema\/logo\/image\/","url":"https:\/\/nbcs.mx\/wp-content\/uploads\/2018\/09\/057b69485e93575a5c2b1c1dde2dd297.jpeg","contentUrl":"https:\/\/nbcs.mx\/wp-content\/uploads\/2018\/09\/057b69485e93575a5c2b1c1dde2dd297.jpeg","width":64,"height":64,"caption":"NBCS Noticias"},"image":{"@id":"https:\/\/nbcs.mx\/#\/schema\/logo\/image\/"},"sameAs":["https:\/\/www.facebook.com\/NBCSnoticias","https:\/\/x.com\/NBCSnoticias"]},{"@type":"Person","@id":"https:\/\/nbcs.mx\/#\/schema\/person\/ece58bab9a7c1e87a4d28ec9ecd79ff4","name":"NBCS Noticias","image":{"@type":"ImageObject","inLanguage":"es","@id":"https:\/\/secure.gravatar.com\/avatar\/4e52110cad1c4054b43271a0d14bbe9e2ea76aecd0e1097edfc670798d9ca1d4?s=96&d=blank&r=g","url":"https:\/\/secure.gravatar.com\/avatar\/4e52110cad1c4054b43271a0d14bbe9e2ea76aecd0e1097edfc670798d9ca1d4?s=96&d=blank&r=g","contentUrl":"https:\/\/secure.gravatar.com\/avatar\/4e52110cad1c4054b43271a0d14bbe9e2ea76aecd0e1097edfc670798d9ca1d4?s=96&d=blank&r=g","caption":"NBCS Noticias"},"description":"\u00bfTienes fotos o video de alg\u00fan acto de posible negligencia, corrupci\u00f3n y abuso de autoridad? M\u00e1ndalo al WhatsApp de NBCS Noticias: 612 141 98 08","sameAs":["https:\/\/www.nbcs.mx","https:\/\/www.facebook.com\/NBCSnoticias","https:\/\/www.instagram.com\/nbcsnoticias\/","https:\/\/x.com\/https:\/\/twitter.com\/NBCSnoticias"]}]}},"jetpack_publicize_connections":[],"jetpack_featured_media_url":"https:\/\/nbcs.mx\/wp-content\/uploads\/2022\/07\/Personas-maleocn-de-La-Paz.jpeg","jetpack_sharing_enabled":true,"_links":{"self":[{"href":"https:\/\/nbcs.mx\/index.php?rest_route=\/wp\/v2\/posts\/109445","targetHints":{"allow":["GET"]}}],"collection":[{"href":"https:\/\/nbcs.mx\/index.php?rest_route=\/wp\/v2\/posts"}],"about":[{"href":"https:\/\/nbcs.mx\/index.php?rest_route=\/wp\/v2\/types\/post"}],"author":[{"embeddable":true,"href":"https:\/\/nbcs.mx\/index.php?rest_route=\/wp\/v2\/users\/1"}],"replies":[{"embeddable":true,"href":"https:\/\/nbcs.mx\/index.php?rest_route=%2Fwp%2Fv2%2Fcomments&post=109445"}],"version-history":[{"count":1,"href":"https:\/\/nbcs.mx\/index.php?rest_route=\/wp\/v2\/posts\/109445\/revisions"}],"predecessor-version":[{"id":109447,"href":"https:\/\/nbcs.mx\/index.php?rest_route=\/wp\/v2\/posts\/109445\/revisions\/109447"}],"wp:featuredmedia":[{"embeddable":true,"href":"https:\/\/nbcs.mx\/index.php?rest_route=\/wp\/v2\/media\/109446"}],"wp:attachment":[{"href":"https:\/\/nbcs.mx\/index.php?rest_route=%2Fwp%2Fv2%2Fmedia&parent=109445"}],"wp:term":[{"taxonomy":"category","embeddable":true,"href":"https:\/\/nbcs.mx\/index.php?rest_route=%2Fwp%2Fv2%2Fcategories&post=109445"},{"taxonomy":"post_tag","embeddable":true,"href":"https:\/\/nbcs.mx\/index.php?rest_route=%2Fwp%2Fv2%2Ftags&post=109445"}],"curies":[{"name":"wp","href":"https:\/\/api.w.org\/{rel}","templated":true}]}}