{"id":110535,"date":"2022-07-29T09:52:53","date_gmt":"2022-07-29T15:52:53","guid":{"rendered":"https:\/\/nbcs.mx\/?p=110535"},"modified":"2022-07-29T09:52:53","modified_gmt":"2022-07-29T15:52:53","slug":"firma-gobierno-del-estado-convenio-para-impulsar-la-creacion-de-la-ley-estatal-de-cambio-climatico","status":"publish","type":"post","link":"https:\/\/nbcs.mx\/?p=110535","title":{"rendered":"Firma gobierno del estado convenio para impulsar la creaci\u00f3n de la Ley Estatal de Cambio Clim\u00e1tico"},"content":{"rendered":"<p style=\"font-weight: 400; text-align: justify;\"><img loading=\"lazy\" decoding=\"async\" class=\" wp-image-110536 alignleft\" src=\"https:\/\/nbcs.mx\/wp-content\/uploads\/2022\/07\/WhatsApp-Image-2022-07-28-at-5.10.39-PM-740x492.jpeg\" alt=\"\" width=\"338\" height=\"225\" srcset=\"https:\/\/nbcs.mx\/wp-content\/uploads\/2022\/07\/WhatsApp-Image-2022-07-28-at-5.10.39-PM-740x492.jpeg 740w, https:\/\/nbcs.mx\/wp-content\/uploads\/2022\/07\/WhatsApp-Image-2022-07-28-at-5.10.39-PM-1024x681.jpeg 1024w, https:\/\/nbcs.mx\/wp-content\/uploads\/2022\/07\/WhatsApp-Image-2022-07-28-at-5.10.39-PM-150x100.jpeg 150w, https:\/\/nbcs.mx\/wp-content\/uploads\/2022\/07\/WhatsApp-Image-2022-07-28-at-5.10.39-PM-768x511.jpeg 768w, https:\/\/nbcs.mx\/wp-content\/uploads\/2022\/07\/WhatsApp-Image-2022-07-28-at-5.10.39-PM-1536x1021.jpeg 1536w, https:\/\/nbcs.mx\/wp-content\/uploads\/2022\/07\/WhatsApp-Image-2022-07-28-at-5.10.39-PM.jpeg 1600w\" sizes=\"auto, (max-width: 338px) 100vw, 338px\" \/>La Paz, Baja California Sur.- Parte de los compromisos establecidos por el gobernador V\u00edctor Manuel Castro Cos\u00edo, fue impulsar una administraci\u00f3n que genere un desarrollo sostenible y el adecuado aprovechamiento de los recursos naturales con los que cuenta el Estado, raz\u00f3n por la cual se impulsar\u00e1 la creaci\u00f3n de Ley de Cambio Clim\u00e1tico para la entidad, destac\u00f3 Marco Antonio Guti\u00e9rrez de la Rosa, titular de la Secretar\u00eda de Planeaci\u00f3n Urbana, Infraestructura, Movilidad, Medio Ambiente y Recursos Naturales (SEPUIMM).<\/p>\n<p style=\"font-weight: 400; text-align: justify;\">\n<p style=\"font-weight: 400; text-align: justify;\">Por ello, se realiz\u00f3 la firma del Memor\u00e1ndum de Entendimiento entre la Secretar\u00eda y la Asociaci\u00f3n Pol\u00edtica y Legislaci\u00f3n Ambiental A.C. (POLEA), que con apoyo de UK PACT M\u00e9xico, promover\u00e1 el dise\u00f1o del marco legal que de manera local incluir\u00e1 la opini\u00f3n de diferentes sectores de la comunidad.<\/p>\n<p style=\"font-weight: 400; text-align: justify;\">\n<p style=\"font-weight: 400; text-align: justify;\">En su intervenci\u00f3n, Andr\u00e9s \u00c1vila director ejecutivo de POLEA, invit\u00f3 a los presentes a sumarse al trabajo para enfrentar el cambio clim\u00e1tico, ya que al tener una legislaci\u00f3n local se podr\u00e1n establecer las bases para que, con independencia de las administraciones estatales y municipales, prevalezca la protecci\u00f3n medio ambiental.<\/p>\n<p style=\"font-weight: 400; text-align: justify;\">\n<p style=\"font-weight: 400; text-align: justify;\">En el evento estuvieron presentes las y los integrantes de la Comisi\u00f3n Intersecretarial de Cambio Clim\u00e1tico del Gobierno del Estado, \u00f3rgano colegiado por medio del cual se coordinar\u00e1n las acciones que permitan fortalecer este enfoque en beneficio de Baja California Sur.<\/p>\n<p style=\"font-weight: 400; text-align: justify;\">\n<p style=\"font-weight: 400; text-align: justify;\">De igual forma acudieron representantes de instancias federales, instituciones educativas y asociaciones civiles que participar\u00e1n en el proceso de construcci\u00f3n de la ley.<\/p>\n<p style=\"font-weight: 400; text-align: justify;\">\n<p style=\"font-weight: 400; text-align: justify;\">Por su parte la Direcci\u00f3n General de Medio Ambiente y Recursos Naturales, estar\u00e1 a cargo de continuar con los trabajos de vinculaci\u00f3n con los diputados y diputadas del H. Congreso del Estado para integrar las diferentes voces que busquen sumar esfuerzos financieros, tecnol\u00f3gicos y pol\u00edticos para apoyar los cambios que son necesarios para reducir las condiciones de vulnerabilidad y los riesgos derivados de los impactos clim\u00e1ticos.<\/p>\n","protected":false},"excerpt":{"rendered":"<p>La Paz, Baja California Sur.- Parte de los compromisos establecidos por el gobernador V\u00edctor Manuel Castro Cos\u00edo, fue impulsar una<\/p>\n","protected":false},"author":1,"featured_media":110536,"comment_status":"open","ping_status":"closed","sticky":false,"template":"","format":"standard","meta":{"colormag_page_container_layout":"default_layout","colormag_page_sidebar_layout":"default_layout","_jetpack_memberships_contains_paid_content":false,"footnotes":"","jetpack_publicize_message":"","jetpack_publicize_feature_enabled":true,"jetpack_social_post_already_shared":true,"jetpack_social_options":{"image_generator_settings":{"template":"highway","default_image_id":0,"font":"","enabled":false},"version":2}},"categories":[1],"tags":[],"class_list":["post-110535","post","type-post","status-publish","format-standard","has-post-thumbnail","hentry","category-noticias"],"yoast_head":"<!-- This site is optimized with the Yoast SEO plugin v27.5 - https:\/\/yoast.com\/product\/yoast-seo-wordpress\/ -->\n<title>Firma gobierno del estado convenio para impulsar la creaci\u00f3n de la Ley Estatal de Cambio Clim\u00e1tico - NBCS Noticias<\/title>\n<meta name=\"robots\" content=\"index, follow, max-snippet:-1, max-image-preview:large, max-video-preview:-1\" \/>\n<link rel=\"canonical\" href=\"https:\/\/nbcs.mx\/?p=110535\" \/>\n<meta property=\"og:locale\" content=\"es_ES\" \/>\n<meta property=\"og:type\" content=\"article\" \/>\n<meta property=\"og:title\" content=\"Firma gobierno del estado convenio para impulsar la creaci\u00f3n de la Ley Estatal de Cambio Clim\u00e1tico - NBCS Noticias\" \/>\n<meta property=\"og:description\" content=\"La Paz, Baja California Sur.- Parte de los compromisos establecidos por el gobernador V\u00edctor Manuel Castro Cos\u00edo, fue impulsar una\" \/>\n<meta property=\"og:url\" content=\"https:\/\/nbcs.mx\/?p=110535\" \/>\n<meta property=\"og:site_name\" content=\"NBCS Noticias\" \/>\n<meta property=\"article:publisher\" content=\"https:\/\/www.facebook.com\/NBCSnoticias\" \/>\n<meta property=\"article:author\" content=\"https:\/\/www.facebook.com\/NBCSnoticias\" \/>\n<meta property=\"article:published_time\" content=\"2022-07-29T15:52:53+00:00\" \/>\n<meta property=\"og:image\" content=\"https:\/\/nbcs.mx\/wp-content\/uploads\/2022\/07\/WhatsApp-Image-2022-07-28-at-5.10.39-PM.jpeg\" \/>\n\t<meta property=\"og:image:width\" content=\"1600\" \/>\n\t<meta property=\"og:image:height\" content=\"1064\" \/>\n\t<meta property=\"og:image:type\" content=\"image\/jpeg\" \/>\n<meta name=\"author\" content=\"NBCS Noticias\" \/>\n<meta name=\"twitter:card\" content=\"summary_large_image\" \/>\n<meta name=\"twitter:creator\" content=\"@https:\/\/twitter.com\/NBCSnoticias\" \/>\n<meta name=\"twitter:site\" content=\"@NBCSnoticias\" \/>\n<meta name=\"twitter:label1\" content=\"Escrito por\" \/>\n\t<meta name=\"twitter:data1\" content=\"NBCS Noticias\" \/>\n\t<meta name=\"twitter:label2\" content=\"Tiempo de lectura\" \/>\n\t<meta name=\"twitter:data2\" content=\"2 minutos\" \/>\n<script type=\"application\/ld+json\" class=\"yoast-schema-graph\">{\"@context\":\"https:\\\/\\\/schema.org\",\"@graph\":[{\"@type\":\"Article\",\"@id\":\"https:\\\/\\\/nbcs.mx\\\/?p=110535#article\",\"isPartOf\":{\"@id\":\"https:\\\/\\\/nbcs.mx\\\/?p=110535\"},\"author\":{\"name\":\"NBCS Noticias\",\"@id\":\"https:\\\/\\\/nbcs.mx\\\/#\\\/schema\\\/person\\\/ece58bab9a7c1e87a4d28ec9ecd79ff4\"},\"headline\":\"Firma gobierno del estado convenio para impulsar la creaci\u00f3n de la Ley Estatal de Cambio Clim\u00e1tico\",\"datePublished\":\"2022-07-29T15:52:53+00:00\",\"mainEntityOfPage\":{\"@id\":\"https:\\\/\\\/nbcs.mx\\\/?p=110535\"},\"wordCount\":358,\"commentCount\":0,\"publisher\":{\"@id\":\"https:\\\/\\\/nbcs.mx\\\/#organization\"},\"image\":{\"@id\":\"https:\\\/\\\/nbcs.mx\\\/?p=110535#primaryimage\"},\"thumbnailUrl\":\"https:\\\/\\\/nbcs.mx\\\/wp-content\\\/uploads\\\/2022\\\/07\\\/WhatsApp-Image-2022-07-28-at-5.10.39-PM.jpeg\",\"articleSection\":[\"Noticias\"],\"inLanguage\":\"es\",\"potentialAction\":[{\"@type\":\"CommentAction\",\"name\":\"Comment\",\"target\":[\"https:\\\/\\\/nbcs.mx\\\/?p=110535#respond\"]}]},{\"@type\":\"WebPage\",\"@id\":\"https:\\\/\\\/nbcs.mx\\\/?p=110535\",\"url\":\"https:\\\/\\\/nbcs.mx\\\/?p=110535\",\"name\":\"Firma gobierno del estado convenio para impulsar la creaci\u00f3n de la Ley Estatal de Cambio Clim\u00e1tico - NBCS Noticias\",\"isPartOf\":{\"@id\":\"https:\\\/\\\/nbcs.mx\\\/#website\"},\"primaryImageOfPage\":{\"@id\":\"https:\\\/\\\/nbcs.mx\\\/?p=110535#primaryimage\"},\"image\":{\"@id\":\"https:\\\/\\\/nbcs.mx\\\/?p=110535#primaryimage\"},\"thumbnailUrl\":\"https:\\\/\\\/nbcs.mx\\\/wp-content\\\/uploads\\\/2022\\\/07\\\/WhatsApp-Image-2022-07-28-at-5.10.39-PM.jpeg\",\"datePublished\":\"2022-07-29T15:52:53+00:00\",\"breadcrumb\":{\"@id\":\"https:\\\/\\\/nbcs.mx\\\/?p=110535#breadcrumb\"},\"inLanguage\":\"es\",\"potentialAction\":[{\"@type\":\"ReadAction\",\"target\":[\"https:\\\/\\\/nbcs.mx\\\/?p=110535\"]}]},{\"@type\":\"ImageObject\",\"inLanguage\":\"es\",\"@id\":\"https:\\\/\\\/nbcs.mx\\\/?p=110535#primaryimage\",\"url\":\"https:\\\/\\\/nbcs.mx\\\/wp-content\\\/uploads\\\/2022\\\/07\\\/WhatsApp-Image-2022-07-28-at-5.10.39-PM.jpeg\",\"contentUrl\":\"https:\\\/\\\/nbcs.mx\\\/wp-content\\\/uploads\\\/2022\\\/07\\\/WhatsApp-Image-2022-07-28-at-5.10.39-PM.jpeg\",\"width\":1600,\"height\":1064},{\"@type\":\"BreadcrumbList\",\"@id\":\"https:\\\/\\\/nbcs.mx\\\/?p=110535#breadcrumb\",\"itemListElement\":[{\"@type\":\"ListItem\",\"position\":1,\"name\":\"Portada\",\"item\":\"https:\\\/\\\/nbcs.mx\\\/\"},{\"@type\":\"ListItem\",\"position\":2,\"name\":\"Firma gobierno del estado convenio para impulsar la creaci\u00f3n de la Ley Estatal de Cambio Clim\u00e1tico\"}]},{\"@type\":\"WebSite\",\"@id\":\"https:\\\/\\\/nbcs.mx\\\/#website\",\"url\":\"https:\\\/\\\/nbcs.mx\\\/\",\"name\":\"NBCS Noticias\",\"description\":\"Sitio web de noticias en Baja California Sur\",\"publisher\":{\"@id\":\"https:\\\/\\\/nbcs.mx\\\/#organization\"},\"potentialAction\":[{\"@type\":\"SearchAction\",\"target\":{\"@type\":\"EntryPoint\",\"urlTemplate\":\"https:\\\/\\\/nbcs.mx\\\/?s={search_term_string}\"},\"query-input\":{\"@type\":\"PropertyValueSpecification\",\"valueRequired\":true,\"valueName\":\"search_term_string\"}}],\"inLanguage\":\"es\"},{\"@type\":\"Organization\",\"@id\":\"https:\\\/\\\/nbcs.mx\\\/#organization\",\"name\":\"NBCS Noticias\",\"url\":\"https:\\\/\\\/nbcs.mx\\\/\",\"logo\":{\"@type\":\"ImageObject\",\"inLanguage\":\"es\",\"@id\":\"https:\\\/\\\/nbcs.mx\\\/#\\\/schema\\\/logo\\\/image\\\/\",\"url\":\"https:\\\/\\\/nbcs.mx\\\/wp-content\\\/uploads\\\/2018\\\/09\\\/057b69485e93575a5c2b1c1dde2dd297.jpeg\",\"contentUrl\":\"https:\\\/\\\/nbcs.mx\\\/wp-content\\\/uploads\\\/2018\\\/09\\\/057b69485e93575a5c2b1c1dde2dd297.jpeg\",\"width\":64,\"height\":64,\"caption\":\"NBCS Noticias\"},\"image\":{\"@id\":\"https:\\\/\\\/nbcs.mx\\\/#\\\/schema\\\/logo\\\/image\\\/\"},\"sameAs\":[\"https:\\\/\\\/www.facebook.com\\\/NBCSnoticias\",\"https:\\\/\\\/x.com\\\/NBCSnoticias\"]},{\"@type\":\"Person\",\"@id\":\"https:\\\/\\\/nbcs.mx\\\/#\\\/schema\\\/person\\\/ece58bab9a7c1e87a4d28ec9ecd79ff4\",\"name\":\"NBCS Noticias\",\"image\":{\"@type\":\"ImageObject\",\"inLanguage\":\"es\",\"@id\":\"https:\\\/\\\/secure.gravatar.com\\\/avatar\\\/4e52110cad1c4054b43271a0d14bbe9e2ea76aecd0e1097edfc670798d9ca1d4?s=96&d=blank&r=g\",\"url\":\"https:\\\/\\\/secure.gravatar.com\\\/avatar\\\/4e52110cad1c4054b43271a0d14bbe9e2ea76aecd0e1097edfc670798d9ca1d4?s=96&d=blank&r=g\",\"contentUrl\":\"https:\\\/\\\/secure.gravatar.com\\\/avatar\\\/4e52110cad1c4054b43271a0d14bbe9e2ea76aecd0e1097edfc670798d9ca1d4?s=96&d=blank&r=g\",\"caption\":\"NBCS Noticias\"},\"description\":\"\u00bfTienes fotos o video de alg\u00fan acto de posible negligencia, corrupci\u00f3n y abuso de autoridad? M\u00e1ndalo al WhatsApp de NBCS Noticias: 612 141 98 08\",\"sameAs\":[\"https:\\\/\\\/www.nbcs.mx\",\"https:\\\/\\\/www.facebook.com\\\/NBCSnoticias\",\"https:\\\/\\\/www.instagram.com\\\/nbcsnoticias\\\/\",\"https:\\\/\\\/x.com\\\/https:\\\/\\\/twitter.com\\\/NBCSnoticias\"]}]}<\/script>\n<!-- \/ Yoast SEO plugin. -->","yoast_head_json":{"title":"Firma gobierno del estado convenio para impulsar la creaci\u00f3n de la Ley Estatal de Cambio Clim\u00e1tico - NBCS Noticias","robots":{"index":"index","follow":"follow","max-snippet":"max-snippet:-1","max-image-preview":"max-image-preview:large","max-video-preview":"max-video-preview:-1"},"canonical":"https:\/\/nbcs.mx\/?p=110535","og_locale":"es_ES","og_type":"article","og_title":"Firma gobierno del estado convenio para impulsar la creaci\u00f3n de la Ley Estatal de Cambio Clim\u00e1tico - NBCS Noticias","og_description":"La Paz, Baja California Sur.- Parte de los compromisos establecidos por el gobernador V\u00edctor Manuel Castro Cos\u00edo, fue impulsar una","og_url":"https:\/\/nbcs.mx\/?p=110535","og_site_name":"NBCS Noticias","article_publisher":"https:\/\/www.facebook.com\/NBCSnoticias","article_author":"https:\/\/www.facebook.com\/NBCSnoticias","article_published_time":"2022-07-29T15:52:53+00:00","og_image":[{"width":1600,"height":1064,"url":"https:\/\/nbcs.mx\/wp-content\/uploads\/2022\/07\/WhatsApp-Image-2022-07-28-at-5.10.39-PM.jpeg","type":"image\/jpeg"}],"author":"NBCS Noticias","twitter_card":"summary_large_image","twitter_creator":"@https:\/\/twitter.com\/NBCSnoticias","twitter_site":"@NBCSnoticias","twitter_misc":{"Escrito por":"NBCS Noticias","Tiempo de lectura":"2 minutos"},"schema":{"@context":"https:\/\/schema.org","@graph":[{"@type":"Article","@id":"https:\/\/nbcs.mx\/?p=110535#article","isPartOf":{"@id":"https:\/\/nbcs.mx\/?p=110535"},"author":{"name":"NBCS Noticias","@id":"https:\/\/nbcs.mx\/#\/schema\/person\/ece58bab9a7c1e87a4d28ec9ecd79ff4"},"headline":"Firma gobierno del estado convenio para impulsar la creaci\u00f3n de la Ley Estatal de Cambio Clim\u00e1tico","datePublished":"2022-07-29T15:52:53+00:00","mainEntityOfPage":{"@id":"https:\/\/nbcs.mx\/?p=110535"},"wordCount":358,"commentCount":0,"publisher":{"@id":"https:\/\/nbcs.mx\/#organization"},"image":{"@id":"https:\/\/nbcs.mx\/?p=110535#primaryimage"},"thumbnailUrl":"https:\/\/nbcs.mx\/wp-content\/uploads\/2022\/07\/WhatsApp-Image-2022-07-28-at-5.10.39-PM.jpeg","articleSection":["Noticias"],"inLanguage":"es","potentialAction":[{"@type":"CommentAction","name":"Comment","target":["https:\/\/nbcs.mx\/?p=110535#respond"]}]},{"@type":"WebPage","@id":"https:\/\/nbcs.mx\/?p=110535","url":"https:\/\/nbcs.mx\/?p=110535","name":"Firma gobierno del estado convenio para impulsar la creaci\u00f3n de la Ley Estatal de Cambio Clim\u00e1tico - NBCS Noticias","isPartOf":{"@id":"https:\/\/nbcs.mx\/#website"},"primaryImageOfPage":{"@id":"https:\/\/nbcs.mx\/?p=110535#primaryimage"},"image":{"@id":"https:\/\/nbcs.mx\/?p=110535#primaryimage"},"thumbnailUrl":"https:\/\/nbcs.mx\/wp-content\/uploads\/2022\/07\/WhatsApp-Image-2022-07-28-at-5.10.39-PM.jpeg","datePublished":"2022-07-29T15:52:53+00:00","breadcrumb":{"@id":"https:\/\/nbcs.mx\/?p=110535#breadcrumb"},"inLanguage":"es","potentialAction":[{"@type":"ReadAction","target":["https:\/\/nbcs.mx\/?p=110535"]}]},{"@type":"ImageObject","inLanguage":"es","@id":"https:\/\/nbcs.mx\/?p=110535#primaryimage","url":"https:\/\/nbcs.mx\/wp-content\/uploads\/2022\/07\/WhatsApp-Image-2022-07-28-at-5.10.39-PM.jpeg","contentUrl":"https:\/\/nbcs.mx\/wp-content\/uploads\/2022\/07\/WhatsApp-Image-2022-07-28-at-5.10.39-PM.jpeg","width":1600,"height":1064},{"@type":"BreadcrumbList","@id":"https:\/\/nbcs.mx\/?p=110535#breadcrumb","itemListElement":[{"@type":"ListItem","position":1,"name":"Portada","item":"https:\/\/nbcs.mx\/"},{"@type":"ListItem","position":2,"name":"Firma gobierno del estado convenio para impulsar la creaci\u00f3n de la Ley Estatal de Cambio Clim\u00e1tico"}]},{"@type":"WebSite","@id":"https:\/\/nbcs.mx\/#website","url":"https:\/\/nbcs.mx\/","name":"NBCS Noticias","description":"Sitio web de noticias en Baja California Sur","publisher":{"@id":"https:\/\/nbcs.mx\/#organization"},"potentialAction":[{"@type":"SearchAction","target":{"@type":"EntryPoint","urlTemplate":"https:\/\/nbcs.mx\/?s={search_term_string}"},"query-input":{"@type":"PropertyValueSpecification","valueRequired":true,"valueName":"search_term_string"}}],"inLanguage":"es"},{"@type":"Organization","@id":"https:\/\/nbcs.mx\/#organization","name":"NBCS Noticias","url":"https:\/\/nbcs.mx\/","logo":{"@type":"ImageObject","inLanguage":"es","@id":"https:\/\/nbcs.mx\/#\/schema\/logo\/image\/","url":"https:\/\/nbcs.mx\/wp-content\/uploads\/2018\/09\/057b69485e93575a5c2b1c1dde2dd297.jpeg","contentUrl":"https:\/\/nbcs.mx\/wp-content\/uploads\/2018\/09\/057b69485e93575a5c2b1c1dde2dd297.jpeg","width":64,"height":64,"caption":"NBCS Noticias"},"image":{"@id":"https:\/\/nbcs.mx\/#\/schema\/logo\/image\/"},"sameAs":["https:\/\/www.facebook.com\/NBCSnoticias","https:\/\/x.com\/NBCSnoticias"]},{"@type":"Person","@id":"https:\/\/nbcs.mx\/#\/schema\/person\/ece58bab9a7c1e87a4d28ec9ecd79ff4","name":"NBCS Noticias","image":{"@type":"ImageObject","inLanguage":"es","@id":"https:\/\/secure.gravatar.com\/avatar\/4e52110cad1c4054b43271a0d14bbe9e2ea76aecd0e1097edfc670798d9ca1d4?s=96&d=blank&r=g","url":"https:\/\/secure.gravatar.com\/avatar\/4e52110cad1c4054b43271a0d14bbe9e2ea76aecd0e1097edfc670798d9ca1d4?s=96&d=blank&r=g","contentUrl":"https:\/\/secure.gravatar.com\/avatar\/4e52110cad1c4054b43271a0d14bbe9e2ea76aecd0e1097edfc670798d9ca1d4?s=96&d=blank&r=g","caption":"NBCS Noticias"},"description":"\u00bfTienes fotos o video de alg\u00fan acto de posible negligencia, corrupci\u00f3n y abuso de autoridad? M\u00e1ndalo al WhatsApp de NBCS Noticias: 612 141 98 08","sameAs":["https:\/\/www.nbcs.mx","https:\/\/www.facebook.com\/NBCSnoticias","https:\/\/www.instagram.com\/nbcsnoticias\/","https:\/\/x.com\/https:\/\/twitter.com\/NBCSnoticias"]}]}},"jetpack_publicize_connections":[],"jetpack_featured_media_url":"https:\/\/nbcs.mx\/wp-content\/uploads\/2022\/07\/WhatsApp-Image-2022-07-28-at-5.10.39-PM.jpeg","jetpack_sharing_enabled":true,"_links":{"self":[{"href":"https:\/\/nbcs.mx\/index.php?rest_route=\/wp\/v2\/posts\/110535","targetHints":{"allow":["GET"]}}],"collection":[{"href":"https:\/\/nbcs.mx\/index.php?rest_route=\/wp\/v2\/posts"}],"about":[{"href":"https:\/\/nbcs.mx\/index.php?rest_route=\/wp\/v2\/types\/post"}],"author":[{"embeddable":true,"href":"https:\/\/nbcs.mx\/index.php?rest_route=\/wp\/v2\/users\/1"}],"replies":[{"embeddable":true,"href":"https:\/\/nbcs.mx\/index.php?rest_route=%2Fwp%2Fv2%2Fcomments&post=110535"}],"version-history":[{"count":1,"href":"https:\/\/nbcs.mx\/index.php?rest_route=\/wp\/v2\/posts\/110535\/revisions"}],"predecessor-version":[{"id":110537,"href":"https:\/\/nbcs.mx\/index.php?rest_route=\/wp\/v2\/posts\/110535\/revisions\/110537"}],"wp:featuredmedia":[{"embeddable":true,"href":"https:\/\/nbcs.mx\/index.php?rest_route=\/wp\/v2\/media\/110536"}],"wp:attachment":[{"href":"https:\/\/nbcs.mx\/index.php?rest_route=%2Fwp%2Fv2%2Fmedia&parent=110535"}],"wp:term":[{"taxonomy":"category","embeddable":true,"href":"https:\/\/nbcs.mx\/index.php?rest_route=%2Fwp%2Fv2%2Fcategories&post=110535"},{"taxonomy":"post_tag","embeddable":true,"href":"https:\/\/nbcs.mx\/index.php?rest_route=%2Fwp%2Fv2%2Ftags&post=110535"}],"curies":[{"name":"wp","href":"https:\/\/api.w.org\/{rel}","templated":true}]}}