{"id":110538,"date":"2022-07-29T09:55:57","date_gmt":"2022-07-29T15:55:57","guid":{"rendered":"https:\/\/nbcs.mx\/?p=110538"},"modified":"2022-07-29T09:55:57","modified_gmt":"2022-07-29T15:55:57","slug":"competiran-cabenos-en-copa-nacional-de-atletismo","status":"publish","type":"post","link":"https:\/\/nbcs.mx\/?p=110538","title":{"rendered":"Competir\u00e1n cabe\u00f1os en \u201cCopa Nacional de Atletismo\u201d"},"content":{"rendered":"<div style=\"text-align: justify;\"><img loading=\"lazy\" decoding=\"async\" class=\" wp-image-110539 alignleft\" src=\"https:\/\/nbcs.mx\/wp-content\/uploads\/2022\/07\/WhatsApp-Image-2022-07-28-at-2.24.49-PM-656x492.jpeg\" alt=\"\" width=\"331\" height=\"248\" srcset=\"https:\/\/nbcs.mx\/wp-content\/uploads\/2022\/07\/WhatsApp-Image-2022-07-28-at-2.24.49-PM-656x492.jpeg 656w, https:\/\/nbcs.mx\/wp-content\/uploads\/2022\/07\/WhatsApp-Image-2022-07-28-at-2.24.49-PM-1024x768.jpeg 1024w, https:\/\/nbcs.mx\/wp-content\/uploads\/2022\/07\/WhatsApp-Image-2022-07-28-at-2.24.49-PM-150x113.jpeg 150w, https:\/\/nbcs.mx\/wp-content\/uploads\/2022\/07\/WhatsApp-Image-2022-07-28-at-2.24.49-PM-768x576.jpeg 768w, https:\/\/nbcs.mx\/wp-content\/uploads\/2022\/07\/WhatsApp-Image-2022-07-28-at-2.24.49-PM.jpeg 1280w\" sizes=\"auto, (max-width: 331px) 100vw, 331px\" \/>Los Cabos, Baja California Sur. Este viernes 29 y s\u00e1bado 30 de julio estar\u00e1n compitiendo en la Ciudad de M\u00e9xico, un selectivo cabe\u00f1o de para atletismo, en una copa que es avalada por la Federaci\u00f3n Mexicana de Deportistas Especiales y el Comit\u00e9 Ol\u00edmpico Mexicano, ya que es clasificatoria a eventos internacionales.<\/div>\n<div style=\"text-align: justify;\"><\/div>\n<div style=\"text-align: justify;\">Los atletas cabe\u00f1os buscar\u00e1n triunfar y dar las marcas oficiales en pruebas de pista y campo; ellos viajaron gracias al apoyo que les brind\u00f3 el Instituto del Deporte Municipal (INDEM) de Los Cabos, y ser\u00e1n dirigidos por los entrenadores Jos\u00e9 Cota y Ricardo Lara.<\/div>\n<div style=\"text-align: justify;\"><\/div>\n<div style=\"text-align: justify;\">El evento nacional y clasificatorio se denominad \u201cCopa Nacional de Atletismo y Nataci\u00f3n para Personas con Discapacidad\u201d, que se desarrollar\u00e1 este viernes y s\u00e1bado en el Centro Deportivo Ol\u00edmpico Mexicano.<\/div>\n<div style=\"text-align: justify;\"><\/div>\n<div style=\"text-align: justify;\">Los atletas cabe\u00f1os que competir\u00e1n y que desde este jueves 28 de julio est\u00e1n ya en la Ciudad de M\u00e9xico son:<\/div>\n<div style=\"text-align: justify;\"><\/div>\n<div style=\"text-align: justify;\">-Mar\u00eda Guadalupe Caballero Cota<\/div>\n<div style=\"text-align: justify;\">Pruebas; Lanzamiento de Bala, Disco y Jabalina<\/div>\n<div style=\"text-align: justify;\">-Marco Antonio S\u00e1nchez<\/div>\n<div style=\"text-align: justify;\">Pruebas: Lanzamiento de Bala, Disco y Jabalina<\/div>\n<div style=\"text-align: justify;\">-Emmanuel Francisco \u00c1lvarez<\/div>\n<div style=\"text-align: justify;\">Pruebas 400 y 800 metros planos, as\u00ed como el Relevo 4&#215;100<\/div>\n<div style=\"text-align: justify;\">-Carlos Sandez Ram\u00edrez<\/div>\n<div style=\"text-align: justify;\">Pruebas: \u00a0Salto de Longitud, 100 y 200 metros y Relevo 4&#215;100<\/div>\n<div style=\"text-align: justify;\">-Rodolfo Sebasti\u00e1n Plascencia Barrag\u00e1n<\/div>\n<div style=\"text-align: justify;\">Pruebas de Lanzamiento de Bala, Disco, Jabalina y Relevo 4&#215;100<\/div>\n<div style=\"text-align: justify;\">-Jes\u00fas Astolfo Murillo Osuna,<\/div>\n<div style=\"text-align: justify;\">Pruebas de 100 y 200 metros planos.<\/div>\n<div style=\"text-align: justify;\"><\/div>\n<div style=\"text-align: justify;\">La presente edici\u00f3n ser\u00e1 de car\u00e1cter selectivo para los diferentes eventos de car\u00e1cter internacional bajo el \u00e1mbito de VIRTUS, SUDS y los que la FEMEDE considere con otros organismos internacionales.<\/div>\n","protected":false},"excerpt":{"rendered":"<p>Los Cabos, Baja California Sur. Este viernes 29 y s\u00e1bado 30 de julio estar\u00e1n compitiendo en la Ciudad de M\u00e9xico,<\/p>\n","protected":false},"author":1,"featured_media":110539,"comment_status":"open","ping_status":"closed","sticky":false,"template":"","format":"standard","meta":{"colormag_page_container_layout":"default_layout","colormag_page_sidebar_layout":"default_layout","_jetpack_memberships_contains_paid_content":false,"footnotes":"","jetpack_publicize_message":"","jetpack_publicize_feature_enabled":true,"jetpack_social_post_already_shared":true,"jetpack_social_options":{"image_generator_settings":{"template":"highway","default_image_id":0,"font":"","enabled":false},"version":2}},"categories":[23],"tags":[],"class_list":["post-110538","post","type-post","status-publish","format-standard","has-post-thumbnail","hentry","category-deportes"],"yoast_head":"<!-- This site is optimized with the Yoast SEO plugin v27.5 - https:\/\/yoast.com\/product\/yoast-seo-wordpress\/ -->\n<title>Competir\u00e1n cabe\u00f1os en \u201cCopa Nacional de Atletismo\u201d - NBCS Noticias<\/title>\n<meta name=\"robots\" content=\"index, follow, max-snippet:-1, max-image-preview:large, max-video-preview:-1\" \/>\n<link rel=\"canonical\" href=\"https:\/\/nbcs.mx\/?p=110538\" \/>\n<meta property=\"og:locale\" content=\"es_ES\" \/>\n<meta property=\"og:type\" content=\"article\" \/>\n<meta property=\"og:title\" content=\"Competir\u00e1n cabe\u00f1os en \u201cCopa Nacional de Atletismo\u201d - NBCS Noticias\" \/>\n<meta property=\"og:description\" content=\"Los Cabos, Baja California Sur. Este viernes 29 y s\u00e1bado 30 de julio estar\u00e1n compitiendo en la Ciudad de M\u00e9xico,\" \/>\n<meta property=\"og:url\" content=\"https:\/\/nbcs.mx\/?p=110538\" \/>\n<meta property=\"og:site_name\" content=\"NBCS Noticias\" \/>\n<meta property=\"article:publisher\" content=\"https:\/\/www.facebook.com\/NBCSnoticias\" \/>\n<meta property=\"article:author\" content=\"https:\/\/www.facebook.com\/NBCSnoticias\" \/>\n<meta property=\"article:published_time\" content=\"2022-07-29T15:55:57+00:00\" \/>\n<meta property=\"og:image\" content=\"https:\/\/nbcs.mx\/wp-content\/uploads\/2022\/07\/WhatsApp-Image-2022-07-28-at-2.24.49-PM.jpeg\" \/>\n\t<meta property=\"og:image:width\" content=\"1280\" \/>\n\t<meta property=\"og:image:height\" content=\"960\" \/>\n\t<meta property=\"og:image:type\" content=\"image\/jpeg\" \/>\n<meta name=\"author\" content=\"NBCS Noticias\" \/>\n<meta name=\"twitter:card\" content=\"summary_large_image\" \/>\n<meta name=\"twitter:creator\" content=\"@https:\/\/twitter.com\/NBCSnoticias\" \/>\n<meta name=\"twitter:site\" content=\"@NBCSnoticias\" \/>\n<meta name=\"twitter:label1\" content=\"Escrito por\" \/>\n\t<meta name=\"twitter:data1\" content=\"NBCS Noticias\" \/>\n\t<meta name=\"twitter:label2\" content=\"Tiempo de lectura\" \/>\n\t<meta name=\"twitter:data2\" content=\"1 minuto\" \/>\n<script type=\"application\/ld+json\" class=\"yoast-schema-graph\">{\"@context\":\"https:\\\/\\\/schema.org\",\"@graph\":[{\"@type\":\"Article\",\"@id\":\"https:\\\/\\\/nbcs.mx\\\/?p=110538#article\",\"isPartOf\":{\"@id\":\"https:\\\/\\\/nbcs.mx\\\/?p=110538\"},\"author\":{\"name\":\"NBCS Noticias\",\"@id\":\"https:\\\/\\\/nbcs.mx\\\/#\\\/schema\\\/person\\\/ece58bab9a7c1e87a4d28ec9ecd79ff4\"},\"headline\":\"Competir\u00e1n cabe\u00f1os en \u201cCopa Nacional de Atletismo\u201d\",\"datePublished\":\"2022-07-29T15:55:57+00:00\",\"mainEntityOfPage\":{\"@id\":\"https:\\\/\\\/nbcs.mx\\\/?p=110538\"},\"wordCount\":275,\"commentCount\":0,\"publisher\":{\"@id\":\"https:\\\/\\\/nbcs.mx\\\/#organization\"},\"image\":{\"@id\":\"https:\\\/\\\/nbcs.mx\\\/?p=110538#primaryimage\"},\"thumbnailUrl\":\"https:\\\/\\\/nbcs.mx\\\/wp-content\\\/uploads\\\/2022\\\/07\\\/WhatsApp-Image-2022-07-28-at-2.24.49-PM.jpeg\",\"articleSection\":[\"Deportes\"],\"inLanguage\":\"es\",\"potentialAction\":[{\"@type\":\"CommentAction\",\"name\":\"Comment\",\"target\":[\"https:\\\/\\\/nbcs.mx\\\/?p=110538#respond\"]}]},{\"@type\":\"WebPage\",\"@id\":\"https:\\\/\\\/nbcs.mx\\\/?p=110538\",\"url\":\"https:\\\/\\\/nbcs.mx\\\/?p=110538\",\"name\":\"Competir\u00e1n cabe\u00f1os en \u201cCopa Nacional de Atletismo\u201d - NBCS Noticias\",\"isPartOf\":{\"@id\":\"https:\\\/\\\/nbcs.mx\\\/#website\"},\"primaryImageOfPage\":{\"@id\":\"https:\\\/\\\/nbcs.mx\\\/?p=110538#primaryimage\"},\"image\":{\"@id\":\"https:\\\/\\\/nbcs.mx\\\/?p=110538#primaryimage\"},\"thumbnailUrl\":\"https:\\\/\\\/nbcs.mx\\\/wp-content\\\/uploads\\\/2022\\\/07\\\/WhatsApp-Image-2022-07-28-at-2.24.49-PM.jpeg\",\"datePublished\":\"2022-07-29T15:55:57+00:00\",\"breadcrumb\":{\"@id\":\"https:\\\/\\\/nbcs.mx\\\/?p=110538#breadcrumb\"},\"inLanguage\":\"es\",\"potentialAction\":[{\"@type\":\"ReadAction\",\"target\":[\"https:\\\/\\\/nbcs.mx\\\/?p=110538\"]}]},{\"@type\":\"ImageObject\",\"inLanguage\":\"es\",\"@id\":\"https:\\\/\\\/nbcs.mx\\\/?p=110538#primaryimage\",\"url\":\"https:\\\/\\\/nbcs.mx\\\/wp-content\\\/uploads\\\/2022\\\/07\\\/WhatsApp-Image-2022-07-28-at-2.24.49-PM.jpeg\",\"contentUrl\":\"https:\\\/\\\/nbcs.mx\\\/wp-content\\\/uploads\\\/2022\\\/07\\\/WhatsApp-Image-2022-07-28-at-2.24.49-PM.jpeg\",\"width\":1280,\"height\":960},{\"@type\":\"BreadcrumbList\",\"@id\":\"https:\\\/\\\/nbcs.mx\\\/?p=110538#breadcrumb\",\"itemListElement\":[{\"@type\":\"ListItem\",\"position\":1,\"name\":\"Portada\",\"item\":\"https:\\\/\\\/nbcs.mx\\\/\"},{\"@type\":\"ListItem\",\"position\":2,\"name\":\"Competir\u00e1n cabe\u00f1os en \u201cCopa Nacional de Atletismo\u201d\"}]},{\"@type\":\"WebSite\",\"@id\":\"https:\\\/\\\/nbcs.mx\\\/#website\",\"url\":\"https:\\\/\\\/nbcs.mx\\\/\",\"name\":\"NBCS Noticias\",\"description\":\"Sitio web de noticias en Baja California Sur\",\"publisher\":{\"@id\":\"https:\\\/\\\/nbcs.mx\\\/#organization\"},\"potentialAction\":[{\"@type\":\"SearchAction\",\"target\":{\"@type\":\"EntryPoint\",\"urlTemplate\":\"https:\\\/\\\/nbcs.mx\\\/?s={search_term_string}\"},\"query-input\":{\"@type\":\"PropertyValueSpecification\",\"valueRequired\":true,\"valueName\":\"search_term_string\"}}],\"inLanguage\":\"es\"},{\"@type\":\"Organization\",\"@id\":\"https:\\\/\\\/nbcs.mx\\\/#organization\",\"name\":\"NBCS Noticias\",\"url\":\"https:\\\/\\\/nbcs.mx\\\/\",\"logo\":{\"@type\":\"ImageObject\",\"inLanguage\":\"es\",\"@id\":\"https:\\\/\\\/nbcs.mx\\\/#\\\/schema\\\/logo\\\/image\\\/\",\"url\":\"https:\\\/\\\/nbcs.mx\\\/wp-content\\\/uploads\\\/2018\\\/09\\\/057b69485e93575a5c2b1c1dde2dd297.jpeg\",\"contentUrl\":\"https:\\\/\\\/nbcs.mx\\\/wp-content\\\/uploads\\\/2018\\\/09\\\/057b69485e93575a5c2b1c1dde2dd297.jpeg\",\"width\":64,\"height\":64,\"caption\":\"NBCS Noticias\"},\"image\":{\"@id\":\"https:\\\/\\\/nbcs.mx\\\/#\\\/schema\\\/logo\\\/image\\\/\"},\"sameAs\":[\"https:\\\/\\\/www.facebook.com\\\/NBCSnoticias\",\"https:\\\/\\\/x.com\\\/NBCSnoticias\"]},{\"@type\":\"Person\",\"@id\":\"https:\\\/\\\/nbcs.mx\\\/#\\\/schema\\\/person\\\/ece58bab9a7c1e87a4d28ec9ecd79ff4\",\"name\":\"NBCS Noticias\",\"image\":{\"@type\":\"ImageObject\",\"inLanguage\":\"es\",\"@id\":\"https:\\\/\\\/secure.gravatar.com\\\/avatar\\\/4e52110cad1c4054b43271a0d14bbe9e2ea76aecd0e1097edfc670798d9ca1d4?s=96&d=blank&r=g\",\"url\":\"https:\\\/\\\/secure.gravatar.com\\\/avatar\\\/4e52110cad1c4054b43271a0d14bbe9e2ea76aecd0e1097edfc670798d9ca1d4?s=96&d=blank&r=g\",\"contentUrl\":\"https:\\\/\\\/secure.gravatar.com\\\/avatar\\\/4e52110cad1c4054b43271a0d14bbe9e2ea76aecd0e1097edfc670798d9ca1d4?s=96&d=blank&r=g\",\"caption\":\"NBCS Noticias\"},\"description\":\"\u00bfTienes fotos o video de alg\u00fan acto de posible negligencia, corrupci\u00f3n y abuso de autoridad? M\u00e1ndalo al WhatsApp de NBCS Noticias: 612 141 98 08\",\"sameAs\":[\"https:\\\/\\\/www.nbcs.mx\",\"https:\\\/\\\/www.facebook.com\\\/NBCSnoticias\",\"https:\\\/\\\/www.instagram.com\\\/nbcsnoticias\\\/\",\"https:\\\/\\\/x.com\\\/https:\\\/\\\/twitter.com\\\/NBCSnoticias\"]}]}<\/script>\n<!-- \/ Yoast SEO plugin. -->","yoast_head_json":{"title":"Competir\u00e1n cabe\u00f1os en \u201cCopa Nacional de Atletismo\u201d - NBCS Noticias","robots":{"index":"index","follow":"follow","max-snippet":"max-snippet:-1","max-image-preview":"max-image-preview:large","max-video-preview":"max-video-preview:-1"},"canonical":"https:\/\/nbcs.mx\/?p=110538","og_locale":"es_ES","og_type":"article","og_title":"Competir\u00e1n cabe\u00f1os en \u201cCopa Nacional de Atletismo\u201d - NBCS Noticias","og_description":"Los Cabos, Baja California Sur. Este viernes 29 y s\u00e1bado 30 de julio estar\u00e1n compitiendo en la Ciudad de M\u00e9xico,","og_url":"https:\/\/nbcs.mx\/?p=110538","og_site_name":"NBCS Noticias","article_publisher":"https:\/\/www.facebook.com\/NBCSnoticias","article_author":"https:\/\/www.facebook.com\/NBCSnoticias","article_published_time":"2022-07-29T15:55:57+00:00","og_image":[{"width":1280,"height":960,"url":"https:\/\/nbcs.mx\/wp-content\/uploads\/2022\/07\/WhatsApp-Image-2022-07-28-at-2.24.49-PM.jpeg","type":"image\/jpeg"}],"author":"NBCS Noticias","twitter_card":"summary_large_image","twitter_creator":"@https:\/\/twitter.com\/NBCSnoticias","twitter_site":"@NBCSnoticias","twitter_misc":{"Escrito por":"NBCS Noticias","Tiempo de lectura":"1 minuto"},"schema":{"@context":"https:\/\/schema.org","@graph":[{"@type":"Article","@id":"https:\/\/nbcs.mx\/?p=110538#article","isPartOf":{"@id":"https:\/\/nbcs.mx\/?p=110538"},"author":{"name":"NBCS Noticias","@id":"https:\/\/nbcs.mx\/#\/schema\/person\/ece58bab9a7c1e87a4d28ec9ecd79ff4"},"headline":"Competir\u00e1n cabe\u00f1os en \u201cCopa Nacional de Atletismo\u201d","datePublished":"2022-07-29T15:55:57+00:00","mainEntityOfPage":{"@id":"https:\/\/nbcs.mx\/?p=110538"},"wordCount":275,"commentCount":0,"publisher":{"@id":"https:\/\/nbcs.mx\/#organization"},"image":{"@id":"https:\/\/nbcs.mx\/?p=110538#primaryimage"},"thumbnailUrl":"https:\/\/nbcs.mx\/wp-content\/uploads\/2022\/07\/WhatsApp-Image-2022-07-28-at-2.24.49-PM.jpeg","articleSection":["Deportes"],"inLanguage":"es","potentialAction":[{"@type":"CommentAction","name":"Comment","target":["https:\/\/nbcs.mx\/?p=110538#respond"]}]},{"@type":"WebPage","@id":"https:\/\/nbcs.mx\/?p=110538","url":"https:\/\/nbcs.mx\/?p=110538","name":"Competir\u00e1n cabe\u00f1os en \u201cCopa Nacional de Atletismo\u201d - NBCS Noticias","isPartOf":{"@id":"https:\/\/nbcs.mx\/#website"},"primaryImageOfPage":{"@id":"https:\/\/nbcs.mx\/?p=110538#primaryimage"},"image":{"@id":"https:\/\/nbcs.mx\/?p=110538#primaryimage"},"thumbnailUrl":"https:\/\/nbcs.mx\/wp-content\/uploads\/2022\/07\/WhatsApp-Image-2022-07-28-at-2.24.49-PM.jpeg","datePublished":"2022-07-29T15:55:57+00:00","breadcrumb":{"@id":"https:\/\/nbcs.mx\/?p=110538#breadcrumb"},"inLanguage":"es","potentialAction":[{"@type":"ReadAction","target":["https:\/\/nbcs.mx\/?p=110538"]}]},{"@type":"ImageObject","inLanguage":"es","@id":"https:\/\/nbcs.mx\/?p=110538#primaryimage","url":"https:\/\/nbcs.mx\/wp-content\/uploads\/2022\/07\/WhatsApp-Image-2022-07-28-at-2.24.49-PM.jpeg","contentUrl":"https:\/\/nbcs.mx\/wp-content\/uploads\/2022\/07\/WhatsApp-Image-2022-07-28-at-2.24.49-PM.jpeg","width":1280,"height":960},{"@type":"BreadcrumbList","@id":"https:\/\/nbcs.mx\/?p=110538#breadcrumb","itemListElement":[{"@type":"ListItem","position":1,"name":"Portada","item":"https:\/\/nbcs.mx\/"},{"@type":"ListItem","position":2,"name":"Competir\u00e1n cabe\u00f1os en \u201cCopa Nacional de Atletismo\u201d"}]},{"@type":"WebSite","@id":"https:\/\/nbcs.mx\/#website","url":"https:\/\/nbcs.mx\/","name":"NBCS Noticias","description":"Sitio web de noticias en Baja California Sur","publisher":{"@id":"https:\/\/nbcs.mx\/#organization"},"potentialAction":[{"@type":"SearchAction","target":{"@type":"EntryPoint","urlTemplate":"https:\/\/nbcs.mx\/?s={search_term_string}"},"query-input":{"@type":"PropertyValueSpecification","valueRequired":true,"valueName":"search_term_string"}}],"inLanguage":"es"},{"@type":"Organization","@id":"https:\/\/nbcs.mx\/#organization","name":"NBCS Noticias","url":"https:\/\/nbcs.mx\/","logo":{"@type":"ImageObject","inLanguage":"es","@id":"https:\/\/nbcs.mx\/#\/schema\/logo\/image\/","url":"https:\/\/nbcs.mx\/wp-content\/uploads\/2018\/09\/057b69485e93575a5c2b1c1dde2dd297.jpeg","contentUrl":"https:\/\/nbcs.mx\/wp-content\/uploads\/2018\/09\/057b69485e93575a5c2b1c1dde2dd297.jpeg","width":64,"height":64,"caption":"NBCS Noticias"},"image":{"@id":"https:\/\/nbcs.mx\/#\/schema\/logo\/image\/"},"sameAs":["https:\/\/www.facebook.com\/NBCSnoticias","https:\/\/x.com\/NBCSnoticias"]},{"@type":"Person","@id":"https:\/\/nbcs.mx\/#\/schema\/person\/ece58bab9a7c1e87a4d28ec9ecd79ff4","name":"NBCS Noticias","image":{"@type":"ImageObject","inLanguage":"es","@id":"https:\/\/secure.gravatar.com\/avatar\/4e52110cad1c4054b43271a0d14bbe9e2ea76aecd0e1097edfc670798d9ca1d4?s=96&d=blank&r=g","url":"https:\/\/secure.gravatar.com\/avatar\/4e52110cad1c4054b43271a0d14bbe9e2ea76aecd0e1097edfc670798d9ca1d4?s=96&d=blank&r=g","contentUrl":"https:\/\/secure.gravatar.com\/avatar\/4e52110cad1c4054b43271a0d14bbe9e2ea76aecd0e1097edfc670798d9ca1d4?s=96&d=blank&r=g","caption":"NBCS Noticias"},"description":"\u00bfTienes fotos o video de alg\u00fan acto de posible negligencia, corrupci\u00f3n y abuso de autoridad? M\u00e1ndalo al WhatsApp de NBCS Noticias: 612 141 98 08","sameAs":["https:\/\/www.nbcs.mx","https:\/\/www.facebook.com\/NBCSnoticias","https:\/\/www.instagram.com\/nbcsnoticias\/","https:\/\/x.com\/https:\/\/twitter.com\/NBCSnoticias"]}]}},"jetpack_publicize_connections":[],"jetpack_featured_media_url":"https:\/\/nbcs.mx\/wp-content\/uploads\/2022\/07\/WhatsApp-Image-2022-07-28-at-2.24.49-PM.jpeg","jetpack_sharing_enabled":true,"_links":{"self":[{"href":"https:\/\/nbcs.mx\/index.php?rest_route=\/wp\/v2\/posts\/110538","targetHints":{"allow":["GET"]}}],"collection":[{"href":"https:\/\/nbcs.mx\/index.php?rest_route=\/wp\/v2\/posts"}],"about":[{"href":"https:\/\/nbcs.mx\/index.php?rest_route=\/wp\/v2\/types\/post"}],"author":[{"embeddable":true,"href":"https:\/\/nbcs.mx\/index.php?rest_route=\/wp\/v2\/users\/1"}],"replies":[{"embeddable":true,"href":"https:\/\/nbcs.mx\/index.php?rest_route=%2Fwp%2Fv2%2Fcomments&post=110538"}],"version-history":[{"count":1,"href":"https:\/\/nbcs.mx\/index.php?rest_route=\/wp\/v2\/posts\/110538\/revisions"}],"predecessor-version":[{"id":110540,"href":"https:\/\/nbcs.mx\/index.php?rest_route=\/wp\/v2\/posts\/110538\/revisions\/110540"}],"wp:featuredmedia":[{"embeddable":true,"href":"https:\/\/nbcs.mx\/index.php?rest_route=\/wp\/v2\/media\/110539"}],"wp:attachment":[{"href":"https:\/\/nbcs.mx\/index.php?rest_route=%2Fwp%2Fv2%2Fmedia&parent=110538"}],"wp:term":[{"taxonomy":"category","embeddable":true,"href":"https:\/\/nbcs.mx\/index.php?rest_route=%2Fwp%2Fv2%2Fcategories&post=110538"},{"taxonomy":"post_tag","embeddable":true,"href":"https:\/\/nbcs.mx\/index.php?rest_route=%2Fwp%2Fv2%2Ftags&post=110538"}],"curies":[{"name":"wp","href":"https:\/\/api.w.org\/{rel}","templated":true}]}}