{"id":110726,"date":"2022-08-02T15:16:26","date_gmt":"2022-08-02T21:16:26","guid":{"rendered":"https:\/\/nbcs.mx\/?p=110726"},"modified":"2022-08-02T15:16:26","modified_gmt":"2022-08-02T21:16:26","slug":"el-rey-del-bolero-carlos-cuevas-estara-en-directo-con-fans-de-bcs","status":"publish","type":"post","link":"https:\/\/nbcs.mx\/?p=110726","title":{"rendered":"\u201cEl rey del bolero\u201d Carlos Cuevas, estar\u00e1 en directo con fans de BCS"},"content":{"rendered":"<p style=\"font-weight: 400; text-align: justify;\"><img loading=\"lazy\" decoding=\"async\" class=\"size-medium wp-image-110727 alignleft\" src=\"https:\/\/nbcs.mx\/wp-content\/uploads\/2022\/08\/FOTO-BOLETIN-428_EN-DIRECTO-CON-CARLOS-CUEVAS-1-copia-277x492.jpeg\" alt=\"\" width=\"277\" height=\"492\" \/>La Paz, Baja California Sur.- Carlos Cuevas, \u201cEl rey del bolero\u201d, estar\u00e1 este martes 2 de agosto en la secci\u00f3n En Directo Con, en la p\u00e1gina oficial de facebook del Gobierno del Estado, con el fin de charlar sobre la presentaci\u00f3n que tendr\u00e1 en el Teatro de la Ciudad el pr\u00f3ximo 13 de agosto.<\/p>\n<p style=\"font-weight: 400; text-align: justify;\">\n<p style=\"font-weight: 400; text-align: justify;\">A trav\u00e9s de este webinar, a las 7:30 de la tarde, su p\u00fablico en Baja California Sur podr\u00e1 tener contacto directo con el tambi\u00e9n galardonado del \u201cMicr\u00f3fono de oro\u201d, hacer preguntas v\u00eda chat en vivo e interactuar con \u00e9l, previo a su presentaci\u00f3n en el Teatro de la Ciudad de La Paz.<\/p>\n<p style=\"font-weight: 400; text-align: justify;\">\n<p style=\"font-weight: 400; text-align: justify;\">Carlos Cuevas ha compartido escenario con artistas internacionales de la talla de Julio Iglesias, Pl\u00e1cido Domingo, Armando Manzanero, A\u00edda Cuevas, Vicente y Alejandro Fern\u00e1ndez, entre muchos otros. En el 2016 le otorgaron un reconocimiento por 35 a\u00f1os de carrera art\u00edstica y por su excepcional trayectoria.<\/p>\n<p style=\"font-weight: 400; text-align: justify;\">\n<p style=\"font-weight: 400; text-align: justify;\">Este acercamiento con el cantante es parte de las actividades que el ISC promueve para fomentar la cultura a trav\u00e9s de la m\u00fasica y as\u00ed generar la creaci\u00f3n de nuevos p\u00fablicos, por lo que invit\u00f3 a sus seguidores a disfrutar de un concierto de boleros, con un toque contempor\u00e1neo y con esencia.<\/p>\n<p style=\"font-weight: 400; text-align: justify;\">\n<p style=\"font-weight: 400; text-align: justify;\">Todas aquellas personas interesadas en adquirir boletos pueden acudir a la taquilla institucional, ubicada en la Unidad Cultural Prof. Jes\u00fas Castro Ag\u00fandez, con horario de lunes a viernes 10:30 a 18:30 horas y para solicitar informaci\u00f3n pueden comunicarse al tel\u00e9fono 612-125-0207.<\/p>\n<p style=\"font-weight: 400; text-align: justify;\">\n","protected":false},"excerpt":{"rendered":"<p>La Paz, Baja California Sur.- Carlos Cuevas, \u201cEl rey del bolero\u201d, estar\u00e1 este martes 2 de agosto en la secci\u00f3n<\/p>\n","protected":false},"author":1,"featured_media":0,"comment_status":"open","ping_status":"closed","sticky":false,"template":"","format":"standard","meta":{"colormag_page_container_layout":"default_layout","colormag_page_sidebar_layout":"default_layout","_jetpack_memberships_contains_paid_content":false,"footnotes":"","jetpack_publicize_message":"","jetpack_publicize_feature_enabled":true,"jetpack_social_post_already_shared":true,"jetpack_social_options":{"image_generator_settings":{"template":"highway","default_image_id":0,"font":"","enabled":false},"version":2}},"categories":[1],"tags":[],"class_list":["post-110726","post","type-post","status-publish","format-standard","hentry","category-noticias"],"yoast_head":"<!-- This site is optimized with the Yoast SEO plugin v27.5 - https:\/\/yoast.com\/product\/yoast-seo-wordpress\/ -->\n<title>\u201cEl rey del bolero\u201d Carlos Cuevas, estar\u00e1 en directo con fans de BCS - NBCS Noticias<\/title>\n<meta name=\"robots\" content=\"index, follow, max-snippet:-1, max-image-preview:large, max-video-preview:-1\" \/>\n<link rel=\"canonical\" href=\"https:\/\/nbcs.mx\/?p=110726\" \/>\n<meta property=\"og:locale\" content=\"es_ES\" \/>\n<meta property=\"og:type\" content=\"article\" \/>\n<meta property=\"og:title\" content=\"\u201cEl rey del bolero\u201d Carlos Cuevas, estar\u00e1 en directo con fans de BCS - NBCS Noticias\" \/>\n<meta property=\"og:description\" content=\"La Paz, Baja California Sur.- Carlos Cuevas, \u201cEl rey del bolero\u201d, estar\u00e1 este martes 2 de agosto en la secci\u00f3n\" \/>\n<meta property=\"og:url\" content=\"https:\/\/nbcs.mx\/?p=110726\" \/>\n<meta property=\"og:site_name\" content=\"NBCS Noticias\" \/>\n<meta property=\"article:publisher\" content=\"https:\/\/www.facebook.com\/NBCSnoticias\" \/>\n<meta property=\"article:author\" content=\"https:\/\/www.facebook.com\/NBCSnoticias\" \/>\n<meta property=\"article:published_time\" content=\"2022-08-02T21:16:26+00:00\" \/>\n<meta property=\"og:image\" content=\"https:\/\/nbcs.mx\/wp-content\/uploads\/2022\/08\/FOTO-BOLETIN-428_EN-DIRECTO-CON-CARLOS-CUEVAS-1-copia-277x492.jpeg\" \/>\n<meta name=\"author\" content=\"NBCS Noticias\" \/>\n<meta name=\"twitter:card\" content=\"summary_large_image\" \/>\n<meta name=\"twitter:creator\" content=\"@https:\/\/twitter.com\/NBCSnoticias\" \/>\n<meta name=\"twitter:site\" content=\"@NBCSnoticias\" \/>\n<meta name=\"twitter:label1\" content=\"Escrito por\" \/>\n\t<meta name=\"twitter:data1\" content=\"NBCS Noticias\" \/>\n\t<meta name=\"twitter:label2\" content=\"Tiempo de lectura\" \/>\n\t<meta name=\"twitter:data2\" content=\"1 minuto\" \/>\n<script type=\"application\/ld+json\" class=\"yoast-schema-graph\">{\"@context\":\"https:\\\/\\\/schema.org\",\"@graph\":[{\"@type\":\"Article\",\"@id\":\"https:\\\/\\\/nbcs.mx\\\/?p=110726#article\",\"isPartOf\":{\"@id\":\"https:\\\/\\\/nbcs.mx\\\/?p=110726\"},\"author\":{\"name\":\"NBCS Noticias\",\"@id\":\"https:\\\/\\\/nbcs.mx\\\/#\\\/schema\\\/person\\\/ece58bab9a7c1e87a4d28ec9ecd79ff4\"},\"headline\":\"\u201cEl rey del bolero\u201d Carlos Cuevas, estar\u00e1 en directo con fans de BCS\",\"datePublished\":\"2022-08-02T21:16:26+00:00\",\"mainEntityOfPage\":{\"@id\":\"https:\\\/\\\/nbcs.mx\\\/?p=110726\"},\"wordCount\":276,\"commentCount\":0,\"publisher\":{\"@id\":\"https:\\\/\\\/nbcs.mx\\\/#organization\"},\"image\":{\"@id\":\"https:\\\/\\\/nbcs.mx\\\/?p=110726#primaryimage\"},\"thumbnailUrl\":\"https:\\\/\\\/nbcs.mx\\\/wp-content\\\/uploads\\\/2022\\\/08\\\/FOTO-BOLETIN-428_EN-DIRECTO-CON-CARLOS-CUEVAS-1-copia-277x492.jpeg\",\"articleSection\":[\"Noticias\"],\"inLanguage\":\"es\",\"potentialAction\":[{\"@type\":\"CommentAction\",\"name\":\"Comment\",\"target\":[\"https:\\\/\\\/nbcs.mx\\\/?p=110726#respond\"]}]},{\"@type\":\"WebPage\",\"@id\":\"https:\\\/\\\/nbcs.mx\\\/?p=110726\",\"url\":\"https:\\\/\\\/nbcs.mx\\\/?p=110726\",\"name\":\"\u201cEl rey del bolero\u201d Carlos Cuevas, estar\u00e1 en directo con fans de BCS - NBCS Noticias\",\"isPartOf\":{\"@id\":\"https:\\\/\\\/nbcs.mx\\\/#website\"},\"primaryImageOfPage\":{\"@id\":\"https:\\\/\\\/nbcs.mx\\\/?p=110726#primaryimage\"},\"image\":{\"@id\":\"https:\\\/\\\/nbcs.mx\\\/?p=110726#primaryimage\"},\"thumbnailUrl\":\"https:\\\/\\\/nbcs.mx\\\/wp-content\\\/uploads\\\/2022\\\/08\\\/FOTO-BOLETIN-428_EN-DIRECTO-CON-CARLOS-CUEVAS-1-copia-277x492.jpeg\",\"datePublished\":\"2022-08-02T21:16:26+00:00\",\"breadcrumb\":{\"@id\":\"https:\\\/\\\/nbcs.mx\\\/?p=110726#breadcrumb\"},\"inLanguage\":\"es\",\"potentialAction\":[{\"@type\":\"ReadAction\",\"target\":[\"https:\\\/\\\/nbcs.mx\\\/?p=110726\"]}]},{\"@type\":\"ImageObject\",\"inLanguage\":\"es\",\"@id\":\"https:\\\/\\\/nbcs.mx\\\/?p=110726#primaryimage\",\"url\":\"https:\\\/\\\/nbcs.mx\\\/wp-content\\\/uploads\\\/2022\\\/08\\\/FOTO-BOLETIN-428_EN-DIRECTO-CON-CARLOS-CUEVAS-1-copia-277x492.jpeg\",\"contentUrl\":\"https:\\\/\\\/nbcs.mx\\\/wp-content\\\/uploads\\\/2022\\\/08\\\/FOTO-BOLETIN-428_EN-DIRECTO-CON-CARLOS-CUEVAS-1-copia-277x492.jpeg\"},{\"@type\":\"BreadcrumbList\",\"@id\":\"https:\\\/\\\/nbcs.mx\\\/?p=110726#breadcrumb\",\"itemListElement\":[{\"@type\":\"ListItem\",\"position\":1,\"name\":\"Portada\",\"item\":\"https:\\\/\\\/nbcs.mx\\\/\"},{\"@type\":\"ListItem\",\"position\":2,\"name\":\"\u201cEl rey del bolero\u201d Carlos Cuevas, estar\u00e1 en directo con fans de BCS\"}]},{\"@type\":\"WebSite\",\"@id\":\"https:\\\/\\\/nbcs.mx\\\/#website\",\"url\":\"https:\\\/\\\/nbcs.mx\\\/\",\"name\":\"NBCS Noticias\",\"description\":\"Sitio web de noticias en Baja California Sur\",\"publisher\":{\"@id\":\"https:\\\/\\\/nbcs.mx\\\/#organization\"},\"potentialAction\":[{\"@type\":\"SearchAction\",\"target\":{\"@type\":\"EntryPoint\",\"urlTemplate\":\"https:\\\/\\\/nbcs.mx\\\/?s={search_term_string}\"},\"query-input\":{\"@type\":\"PropertyValueSpecification\",\"valueRequired\":true,\"valueName\":\"search_term_string\"}}],\"inLanguage\":\"es\"},{\"@type\":\"Organization\",\"@id\":\"https:\\\/\\\/nbcs.mx\\\/#organization\",\"name\":\"NBCS Noticias\",\"url\":\"https:\\\/\\\/nbcs.mx\\\/\",\"logo\":{\"@type\":\"ImageObject\",\"inLanguage\":\"es\",\"@id\":\"https:\\\/\\\/nbcs.mx\\\/#\\\/schema\\\/logo\\\/image\\\/\",\"url\":\"https:\\\/\\\/nbcs.mx\\\/wp-content\\\/uploads\\\/2018\\\/09\\\/057b69485e93575a5c2b1c1dde2dd297.jpeg\",\"contentUrl\":\"https:\\\/\\\/nbcs.mx\\\/wp-content\\\/uploads\\\/2018\\\/09\\\/057b69485e93575a5c2b1c1dde2dd297.jpeg\",\"width\":64,\"height\":64,\"caption\":\"NBCS Noticias\"},\"image\":{\"@id\":\"https:\\\/\\\/nbcs.mx\\\/#\\\/schema\\\/logo\\\/image\\\/\"},\"sameAs\":[\"https:\\\/\\\/www.facebook.com\\\/NBCSnoticias\",\"https:\\\/\\\/x.com\\\/NBCSnoticias\"]},{\"@type\":\"Person\",\"@id\":\"https:\\\/\\\/nbcs.mx\\\/#\\\/schema\\\/person\\\/ece58bab9a7c1e87a4d28ec9ecd79ff4\",\"name\":\"NBCS Noticias\",\"image\":{\"@type\":\"ImageObject\",\"inLanguage\":\"es\",\"@id\":\"https:\\\/\\\/secure.gravatar.com\\\/avatar\\\/4e52110cad1c4054b43271a0d14bbe9e2ea76aecd0e1097edfc670798d9ca1d4?s=96&d=blank&r=g\",\"url\":\"https:\\\/\\\/secure.gravatar.com\\\/avatar\\\/4e52110cad1c4054b43271a0d14bbe9e2ea76aecd0e1097edfc670798d9ca1d4?s=96&d=blank&r=g\",\"contentUrl\":\"https:\\\/\\\/secure.gravatar.com\\\/avatar\\\/4e52110cad1c4054b43271a0d14bbe9e2ea76aecd0e1097edfc670798d9ca1d4?s=96&d=blank&r=g\",\"caption\":\"NBCS Noticias\"},\"description\":\"\u00bfTienes fotos o video de alg\u00fan acto de posible negligencia, corrupci\u00f3n y abuso de autoridad? M\u00e1ndalo al WhatsApp de NBCS Noticias: 612 141 98 08\",\"sameAs\":[\"https:\\\/\\\/www.nbcs.mx\",\"https:\\\/\\\/www.facebook.com\\\/NBCSnoticias\",\"https:\\\/\\\/www.instagram.com\\\/nbcsnoticias\\\/\",\"https:\\\/\\\/x.com\\\/https:\\\/\\\/twitter.com\\\/NBCSnoticias\"]}]}<\/script>\n<!-- \/ Yoast SEO plugin. -->","yoast_head_json":{"title":"\u201cEl rey del bolero\u201d Carlos Cuevas, estar\u00e1 en directo con fans de BCS - NBCS Noticias","robots":{"index":"index","follow":"follow","max-snippet":"max-snippet:-1","max-image-preview":"max-image-preview:large","max-video-preview":"max-video-preview:-1"},"canonical":"https:\/\/nbcs.mx\/?p=110726","og_locale":"es_ES","og_type":"article","og_title":"\u201cEl rey del bolero\u201d Carlos Cuevas, estar\u00e1 en directo con fans de BCS - NBCS Noticias","og_description":"La Paz, Baja California Sur.- Carlos Cuevas, \u201cEl rey del bolero\u201d, estar\u00e1 este martes 2 de agosto en la secci\u00f3n","og_url":"https:\/\/nbcs.mx\/?p=110726","og_site_name":"NBCS Noticias","article_publisher":"https:\/\/www.facebook.com\/NBCSnoticias","article_author":"https:\/\/www.facebook.com\/NBCSnoticias","article_published_time":"2022-08-02T21:16:26+00:00","og_image":[{"url":"https:\/\/nbcs.mx\/wp-content\/uploads\/2022\/08\/FOTO-BOLETIN-428_EN-DIRECTO-CON-CARLOS-CUEVAS-1-copia-277x492.jpeg","type":"","width":"","height":""}],"author":"NBCS Noticias","twitter_card":"summary_large_image","twitter_creator":"@https:\/\/twitter.com\/NBCSnoticias","twitter_site":"@NBCSnoticias","twitter_misc":{"Escrito por":"NBCS Noticias","Tiempo de lectura":"1 minuto"},"schema":{"@context":"https:\/\/schema.org","@graph":[{"@type":"Article","@id":"https:\/\/nbcs.mx\/?p=110726#article","isPartOf":{"@id":"https:\/\/nbcs.mx\/?p=110726"},"author":{"name":"NBCS Noticias","@id":"https:\/\/nbcs.mx\/#\/schema\/person\/ece58bab9a7c1e87a4d28ec9ecd79ff4"},"headline":"\u201cEl rey del bolero\u201d Carlos Cuevas, estar\u00e1 en directo con fans de BCS","datePublished":"2022-08-02T21:16:26+00:00","mainEntityOfPage":{"@id":"https:\/\/nbcs.mx\/?p=110726"},"wordCount":276,"commentCount":0,"publisher":{"@id":"https:\/\/nbcs.mx\/#organization"},"image":{"@id":"https:\/\/nbcs.mx\/?p=110726#primaryimage"},"thumbnailUrl":"https:\/\/nbcs.mx\/wp-content\/uploads\/2022\/08\/FOTO-BOLETIN-428_EN-DIRECTO-CON-CARLOS-CUEVAS-1-copia-277x492.jpeg","articleSection":["Noticias"],"inLanguage":"es","potentialAction":[{"@type":"CommentAction","name":"Comment","target":["https:\/\/nbcs.mx\/?p=110726#respond"]}]},{"@type":"WebPage","@id":"https:\/\/nbcs.mx\/?p=110726","url":"https:\/\/nbcs.mx\/?p=110726","name":"\u201cEl rey del bolero\u201d Carlos Cuevas, estar\u00e1 en directo con fans de BCS - NBCS Noticias","isPartOf":{"@id":"https:\/\/nbcs.mx\/#website"},"primaryImageOfPage":{"@id":"https:\/\/nbcs.mx\/?p=110726#primaryimage"},"image":{"@id":"https:\/\/nbcs.mx\/?p=110726#primaryimage"},"thumbnailUrl":"https:\/\/nbcs.mx\/wp-content\/uploads\/2022\/08\/FOTO-BOLETIN-428_EN-DIRECTO-CON-CARLOS-CUEVAS-1-copia-277x492.jpeg","datePublished":"2022-08-02T21:16:26+00:00","breadcrumb":{"@id":"https:\/\/nbcs.mx\/?p=110726#breadcrumb"},"inLanguage":"es","potentialAction":[{"@type":"ReadAction","target":["https:\/\/nbcs.mx\/?p=110726"]}]},{"@type":"ImageObject","inLanguage":"es","@id":"https:\/\/nbcs.mx\/?p=110726#primaryimage","url":"https:\/\/nbcs.mx\/wp-content\/uploads\/2022\/08\/FOTO-BOLETIN-428_EN-DIRECTO-CON-CARLOS-CUEVAS-1-copia-277x492.jpeg","contentUrl":"https:\/\/nbcs.mx\/wp-content\/uploads\/2022\/08\/FOTO-BOLETIN-428_EN-DIRECTO-CON-CARLOS-CUEVAS-1-copia-277x492.jpeg"},{"@type":"BreadcrumbList","@id":"https:\/\/nbcs.mx\/?p=110726#breadcrumb","itemListElement":[{"@type":"ListItem","position":1,"name":"Portada","item":"https:\/\/nbcs.mx\/"},{"@type":"ListItem","position":2,"name":"\u201cEl rey del bolero\u201d Carlos Cuevas, estar\u00e1 en directo con fans de BCS"}]},{"@type":"WebSite","@id":"https:\/\/nbcs.mx\/#website","url":"https:\/\/nbcs.mx\/","name":"NBCS Noticias","description":"Sitio web de noticias en Baja California Sur","publisher":{"@id":"https:\/\/nbcs.mx\/#organization"},"potentialAction":[{"@type":"SearchAction","target":{"@type":"EntryPoint","urlTemplate":"https:\/\/nbcs.mx\/?s={search_term_string}"},"query-input":{"@type":"PropertyValueSpecification","valueRequired":true,"valueName":"search_term_string"}}],"inLanguage":"es"},{"@type":"Organization","@id":"https:\/\/nbcs.mx\/#organization","name":"NBCS Noticias","url":"https:\/\/nbcs.mx\/","logo":{"@type":"ImageObject","inLanguage":"es","@id":"https:\/\/nbcs.mx\/#\/schema\/logo\/image\/","url":"https:\/\/nbcs.mx\/wp-content\/uploads\/2018\/09\/057b69485e93575a5c2b1c1dde2dd297.jpeg","contentUrl":"https:\/\/nbcs.mx\/wp-content\/uploads\/2018\/09\/057b69485e93575a5c2b1c1dde2dd297.jpeg","width":64,"height":64,"caption":"NBCS Noticias"},"image":{"@id":"https:\/\/nbcs.mx\/#\/schema\/logo\/image\/"},"sameAs":["https:\/\/www.facebook.com\/NBCSnoticias","https:\/\/x.com\/NBCSnoticias"]},{"@type":"Person","@id":"https:\/\/nbcs.mx\/#\/schema\/person\/ece58bab9a7c1e87a4d28ec9ecd79ff4","name":"NBCS Noticias","image":{"@type":"ImageObject","inLanguage":"es","@id":"https:\/\/secure.gravatar.com\/avatar\/4e52110cad1c4054b43271a0d14bbe9e2ea76aecd0e1097edfc670798d9ca1d4?s=96&d=blank&r=g","url":"https:\/\/secure.gravatar.com\/avatar\/4e52110cad1c4054b43271a0d14bbe9e2ea76aecd0e1097edfc670798d9ca1d4?s=96&d=blank&r=g","contentUrl":"https:\/\/secure.gravatar.com\/avatar\/4e52110cad1c4054b43271a0d14bbe9e2ea76aecd0e1097edfc670798d9ca1d4?s=96&d=blank&r=g","caption":"NBCS Noticias"},"description":"\u00bfTienes fotos o video de alg\u00fan acto de posible negligencia, corrupci\u00f3n y abuso de autoridad? M\u00e1ndalo al WhatsApp de NBCS Noticias: 612 141 98 08","sameAs":["https:\/\/www.nbcs.mx","https:\/\/www.facebook.com\/NBCSnoticias","https:\/\/www.instagram.com\/nbcsnoticias\/","https:\/\/x.com\/https:\/\/twitter.com\/NBCSnoticias"]}]}},"jetpack_publicize_connections":[],"jetpack_featured_media_url":"","jetpack_sharing_enabled":true,"_links":{"self":[{"href":"https:\/\/nbcs.mx\/index.php?rest_route=\/wp\/v2\/posts\/110726","targetHints":{"allow":["GET"]}}],"collection":[{"href":"https:\/\/nbcs.mx\/index.php?rest_route=\/wp\/v2\/posts"}],"about":[{"href":"https:\/\/nbcs.mx\/index.php?rest_route=\/wp\/v2\/types\/post"}],"author":[{"embeddable":true,"href":"https:\/\/nbcs.mx\/index.php?rest_route=\/wp\/v2\/users\/1"}],"replies":[{"embeddable":true,"href":"https:\/\/nbcs.mx\/index.php?rest_route=%2Fwp%2Fv2%2Fcomments&post=110726"}],"version-history":[{"count":1,"href":"https:\/\/nbcs.mx\/index.php?rest_route=\/wp\/v2\/posts\/110726\/revisions"}],"predecessor-version":[{"id":110729,"href":"https:\/\/nbcs.mx\/index.php?rest_route=\/wp\/v2\/posts\/110726\/revisions\/110729"}],"wp:attachment":[{"href":"https:\/\/nbcs.mx\/index.php?rest_route=%2Fwp%2Fv2%2Fmedia&parent=110726"}],"wp:term":[{"taxonomy":"category","embeddable":true,"href":"https:\/\/nbcs.mx\/index.php?rest_route=%2Fwp%2Fv2%2Fcategories&post=110726"},{"taxonomy":"post_tag","embeddable":true,"href":"https:\/\/nbcs.mx\/index.php?rest_route=%2Fwp%2Fv2%2Ftags&post=110726"}],"curies":[{"name":"wp","href":"https:\/\/api.w.org\/{rel}","templated":true}]}}