{"id":111868,"date":"2022-08-20T20:48:31","date_gmt":"2022-08-21T02:48:31","guid":{"rendered":"https:\/\/nbcs.mx\/?p=111868"},"modified":"2022-08-20T20:50:41","modified_gmt":"2022-08-21T02:50:41","slug":"inaugura-dif-los-cabos-nuevas-oficinas-de-la-procuraduria-de-la-defensa-del-menor-y-la-familia","status":"publish","type":"post","link":"https:\/\/nbcs.mx\/?p=111868","title":{"rendered":"Inaugura DIF Los Cabos nuevas oficinas de la Procuradur\u00eda de la Defensa del Menor y la Familia"},"content":{"rendered":"<p style=\"font-weight: 400; text-align: justify;\"><img loading=\"lazy\" decoding=\"async\" class=\" wp-image-111869 alignleft\" src=\"https:\/\/nbcs.mx\/wp-content\/uploads\/2022\/08\/02-Inaugura-DIF-Los-Cabos-nuevas-oficinas-de-la-Procuraduria-de-la-Defensa-del-Menor-y-la-Familia9-738x492.jpeg\" alt=\"\" width=\"345\" height=\"230\" \/>Los Cabos, Baja California Sur.- Con el \u00fanico objetivo de seguir dando la atenci\u00f3n profesional, personalizada y de calidad a la ciudadan\u00eda, el presidente municipal, Oscar Leggs Castro, junto a la presidenta honoraria del Sistema Municipal DIF Los Cabos, Flora Aguilar de Leggs, inauguraron las nuevas oficinas de la Procuradur\u00eda de la Defensa del Menor y la Familia, mismas que contin\u00faan dentro de las instalaciones del Sistema Municipal en San Jos\u00e9 del Cabo pero ahora en un espacio donde les permita dar al usuario la privacidad que necesitan, dada la naturaleza de los casos que se atienden.<\/p>\n<p style=\"font-weight: 400; text-align: justify;\">\n<p style=\"font-weight: 400; text-align: justify;\">Cabe destacar que, la Procuradur\u00eda del DIF Los Cabos tiene por objetivo proteger y orientar jur\u00eddica e integralmente a los grupos de atenci\u00f3n prioritaria, as\u00ed como a los integrantes de las familias, especialmente a los ni\u00f1os, ni\u00f1as y adolescentes; en promedio, de manera mensual se atienden a 800 usuarios desde 1995, destacando la atenci\u00f3n mensual de 150 personas mediante su departamento de Trabajo Social, 180 terapias psicol\u00f3gicas, 100 tr\u00e1mites administrativos y de registro ante el ISSSTE y 293 divorcios, restituci\u00f3n de derechos, concubinato, convenios y reconocimientos de paternidad.<\/p>\n<p style=\"font-weight: 400; text-align: justify;\">\n<p style=\"font-weight: 400; text-align: justify;\">Durante su participaci\u00f3n, el presidente municipal de Los Cabos, Oscar Leggs Castro, refrend\u00f3 su compromiso el \u00e1rea m\u00e1s sensible de este Gobierno con sentido humano para ayudar a los grupos de atenci\u00f3n prioritaria. Por su parte, la presidenta honoraria del Sistema Municipal DIF Los Cabos, Flora Aguilar de Leggs, reiter\u00f3 a la ciudadan\u00eda que siempre tendr\u00e1n las puertas abiertas en el organismo, especialmente en la Procuradur\u00eda de la Defensa del Menor y la Familia.<\/p>\n<p style=\"font-weight: 400; text-align: justify;\">\n<p style=\"font-weight: 400; text-align: justify;\">\u201cHoy vemos de manera tangible la uni\u00f3n de esfuerzos y el empe\u00f1o de las diversas instancias del Honorable XIV Ayuntamiento de Los Cabos, en las nuevas instalaciones de la Procuradur\u00eda de la Defensa del Menor y la Familia, que adem\u00e1s de ser un espacio digno para el grupo de profesionales que vela exhaustivamente por el inter\u00e9s jur\u00eddico e integral de los grupos de atenci\u00f3n prioritaria, tambi\u00e9n, ser\u00e1 un espacio digno para que la ciudadan\u00eda siga recibiendo esa atenci\u00f3n de calidad, con ese trato c\u00e1lido y sin distinci\u00f3n alguna\u201d.<\/p>\n<p style=\"font-weight: 400; text-align: justify;\">\n<p style=\"font-weight: 400; text-align: justify;\">Para concluir, se informa la participaci\u00f3n de la directora general del Sistema DIF Los Cabos Perla Valles Cota, as\u00ed como la Procuradora de la Defensa del Menor y la Familia Ivonne Montelongo; la secretaria general del Sindicato de Bur\u00f3cratas secci\u00f3n Los Cabos Marisela Monta\u00f1o; la VI regidora Guillermina D\u00edaz y la X regidora Andrea Hern\u00e1ndez; la s\u00edndica municipal Alondra Torres, as\u00ed como los directores generales que de manera directa se han interesado y apoyado a contribuir mediante el Sistema Municipal, a los grupos de atenci\u00f3n prioritaria.<\/p>\n","protected":false},"excerpt":{"rendered":"<p>Los Cabos, Baja California Sur.- Con el \u00fanico objetivo de seguir dando la atenci\u00f3n profesional, personalizada y de calidad a<\/p>\n","protected":false},"author":1,"featured_media":0,"comment_status":"open","ping_status":"closed","sticky":false,"template":"","format":"standard","meta":{"colormag_page_container_layout":"default_layout","colormag_page_sidebar_layout":"default_layout","_jetpack_memberships_contains_paid_content":false,"footnotes":"","jetpack_publicize_message":"","jetpack_publicize_feature_enabled":true,"jetpack_social_post_already_shared":true,"jetpack_social_options":{"image_generator_settings":{"template":"highway","default_image_id":0,"font":"","enabled":false},"version":2}},"categories":[40],"tags":[],"class_list":["post-111868","post","type-post","status-publish","format-standard","hentry","category-municipios"],"yoast_head":"<!-- This site is optimized with the Yoast SEO plugin v27.5 - https:\/\/yoast.com\/product\/yoast-seo-wordpress\/ -->\n<title>Inaugura DIF Los Cabos nuevas oficinas de la Procuradur\u00eda de la Defensa del Menor y la Familia - NBCS Noticias<\/title>\n<meta name=\"robots\" content=\"index, follow, max-snippet:-1, max-image-preview:large, max-video-preview:-1\" \/>\n<link rel=\"canonical\" href=\"https:\/\/nbcs.mx\/?p=111868\" \/>\n<meta property=\"og:locale\" content=\"es_ES\" \/>\n<meta property=\"og:type\" content=\"article\" \/>\n<meta property=\"og:title\" content=\"Inaugura DIF Los Cabos nuevas oficinas de la Procuradur\u00eda de la Defensa del Menor y la Familia - NBCS Noticias\" \/>\n<meta property=\"og:description\" content=\"Los Cabos, Baja California Sur.- Con el \u00fanico objetivo de seguir dando la atenci\u00f3n profesional, personalizada y de calidad a\" \/>\n<meta property=\"og:url\" content=\"https:\/\/nbcs.mx\/?p=111868\" \/>\n<meta property=\"og:site_name\" content=\"NBCS Noticias\" \/>\n<meta property=\"article:publisher\" content=\"https:\/\/www.facebook.com\/NBCSnoticias\" \/>\n<meta property=\"article:author\" content=\"https:\/\/www.facebook.com\/NBCSnoticias\" \/>\n<meta property=\"article:published_time\" content=\"2022-08-21T02:48:31+00:00\" \/>\n<meta property=\"article:modified_time\" content=\"2022-08-21T02:50:41+00:00\" \/>\n<meta property=\"og:image\" content=\"https:\/\/nbcs.mx\/wp-content\/uploads\/2022\/08\/02-Inaugura-DIF-Los-Cabos-nuevas-oficinas-de-la-Procuraduria-de-la-Defensa-del-Menor-y-la-Familia9-738x492.jpeg\" \/>\n<meta name=\"author\" content=\"NBCS Noticias\" \/>\n<meta name=\"twitter:card\" content=\"summary_large_image\" \/>\n<meta name=\"twitter:creator\" content=\"@https:\/\/twitter.com\/NBCSnoticias\" \/>\n<meta name=\"twitter:site\" content=\"@NBCSnoticias\" \/>\n<meta name=\"twitter:label1\" content=\"Escrito por\" \/>\n\t<meta name=\"twitter:data1\" content=\"NBCS Noticias\" \/>\n\t<meta name=\"twitter:label2\" content=\"Tiempo de lectura\" \/>\n\t<meta name=\"twitter:data2\" content=\"2 minutos\" \/>\n<script type=\"application\/ld+json\" class=\"yoast-schema-graph\">{\"@context\":\"https:\\\/\\\/schema.org\",\"@graph\":[{\"@type\":\"Article\",\"@id\":\"https:\\\/\\\/nbcs.mx\\\/?p=111868#article\",\"isPartOf\":{\"@id\":\"https:\\\/\\\/nbcs.mx\\\/?p=111868\"},\"author\":{\"name\":\"NBCS Noticias\",\"@id\":\"https:\\\/\\\/nbcs.mx\\\/#\\\/schema\\\/person\\\/ece58bab9a7c1e87a4d28ec9ecd79ff4\"},\"headline\":\"Inaugura DIF Los Cabos nuevas oficinas de la Procuradur\u00eda de la Defensa del Menor y la Familia\",\"datePublished\":\"2022-08-21T02:48:31+00:00\",\"dateModified\":\"2022-08-21T02:50:41+00:00\",\"mainEntityOfPage\":{\"@id\":\"https:\\\/\\\/nbcs.mx\\\/?p=111868\"},\"wordCount\":485,\"commentCount\":0,\"publisher\":{\"@id\":\"https:\\\/\\\/nbcs.mx\\\/#organization\"},\"image\":{\"@id\":\"https:\\\/\\\/nbcs.mx\\\/?p=111868#primaryimage\"},\"thumbnailUrl\":\"https:\\\/\\\/nbcs.mx\\\/wp-content\\\/uploads\\\/2022\\\/08\\\/02-Inaugura-DIF-Los-Cabos-nuevas-oficinas-de-la-Procuraduria-de-la-Defensa-del-Menor-y-la-Familia9-738x492.jpeg\",\"articleSection\":[\"Municipios\"],\"inLanguage\":\"es\",\"potentialAction\":[{\"@type\":\"CommentAction\",\"name\":\"Comment\",\"target\":[\"https:\\\/\\\/nbcs.mx\\\/?p=111868#respond\"]}]},{\"@type\":\"WebPage\",\"@id\":\"https:\\\/\\\/nbcs.mx\\\/?p=111868\",\"url\":\"https:\\\/\\\/nbcs.mx\\\/?p=111868\",\"name\":\"Inaugura DIF Los Cabos nuevas oficinas de la Procuradur\u00eda de la Defensa del Menor y la Familia - NBCS Noticias\",\"isPartOf\":{\"@id\":\"https:\\\/\\\/nbcs.mx\\\/#website\"},\"primaryImageOfPage\":{\"@id\":\"https:\\\/\\\/nbcs.mx\\\/?p=111868#primaryimage\"},\"image\":{\"@id\":\"https:\\\/\\\/nbcs.mx\\\/?p=111868#primaryimage\"},\"thumbnailUrl\":\"https:\\\/\\\/nbcs.mx\\\/wp-content\\\/uploads\\\/2022\\\/08\\\/02-Inaugura-DIF-Los-Cabos-nuevas-oficinas-de-la-Procuraduria-de-la-Defensa-del-Menor-y-la-Familia9-738x492.jpeg\",\"datePublished\":\"2022-08-21T02:48:31+00:00\",\"dateModified\":\"2022-08-21T02:50:41+00:00\",\"breadcrumb\":{\"@id\":\"https:\\\/\\\/nbcs.mx\\\/?p=111868#breadcrumb\"},\"inLanguage\":\"es\",\"potentialAction\":[{\"@type\":\"ReadAction\",\"target\":[\"https:\\\/\\\/nbcs.mx\\\/?p=111868\"]}]},{\"@type\":\"ImageObject\",\"inLanguage\":\"es\",\"@id\":\"https:\\\/\\\/nbcs.mx\\\/?p=111868#primaryimage\",\"url\":\"https:\\\/\\\/nbcs.mx\\\/wp-content\\\/uploads\\\/2022\\\/08\\\/02-Inaugura-DIF-Los-Cabos-nuevas-oficinas-de-la-Procuraduria-de-la-Defensa-del-Menor-y-la-Familia9-738x492.jpeg\",\"contentUrl\":\"https:\\\/\\\/nbcs.mx\\\/wp-content\\\/uploads\\\/2022\\\/08\\\/02-Inaugura-DIF-Los-Cabos-nuevas-oficinas-de-la-Procuraduria-de-la-Defensa-del-Menor-y-la-Familia9-738x492.jpeg\"},{\"@type\":\"BreadcrumbList\",\"@id\":\"https:\\\/\\\/nbcs.mx\\\/?p=111868#breadcrumb\",\"itemListElement\":[{\"@type\":\"ListItem\",\"position\":1,\"name\":\"Portada\",\"item\":\"https:\\\/\\\/nbcs.mx\\\/\"},{\"@type\":\"ListItem\",\"position\":2,\"name\":\"Inaugura DIF Los Cabos nuevas oficinas de la Procuradur\u00eda de la Defensa del Menor y la Familia\"}]},{\"@type\":\"WebSite\",\"@id\":\"https:\\\/\\\/nbcs.mx\\\/#website\",\"url\":\"https:\\\/\\\/nbcs.mx\\\/\",\"name\":\"NBCS Noticias\",\"description\":\"Sitio web de noticias en Baja California Sur\",\"publisher\":{\"@id\":\"https:\\\/\\\/nbcs.mx\\\/#organization\"},\"potentialAction\":[{\"@type\":\"SearchAction\",\"target\":{\"@type\":\"EntryPoint\",\"urlTemplate\":\"https:\\\/\\\/nbcs.mx\\\/?s={search_term_string}\"},\"query-input\":{\"@type\":\"PropertyValueSpecification\",\"valueRequired\":true,\"valueName\":\"search_term_string\"}}],\"inLanguage\":\"es\"},{\"@type\":\"Organization\",\"@id\":\"https:\\\/\\\/nbcs.mx\\\/#organization\",\"name\":\"NBCS Noticias\",\"url\":\"https:\\\/\\\/nbcs.mx\\\/\",\"logo\":{\"@type\":\"ImageObject\",\"inLanguage\":\"es\",\"@id\":\"https:\\\/\\\/nbcs.mx\\\/#\\\/schema\\\/logo\\\/image\\\/\",\"url\":\"https:\\\/\\\/nbcs.mx\\\/wp-content\\\/uploads\\\/2018\\\/09\\\/057b69485e93575a5c2b1c1dde2dd297.jpeg\",\"contentUrl\":\"https:\\\/\\\/nbcs.mx\\\/wp-content\\\/uploads\\\/2018\\\/09\\\/057b69485e93575a5c2b1c1dde2dd297.jpeg\",\"width\":64,\"height\":64,\"caption\":\"NBCS Noticias\"},\"image\":{\"@id\":\"https:\\\/\\\/nbcs.mx\\\/#\\\/schema\\\/logo\\\/image\\\/\"},\"sameAs\":[\"https:\\\/\\\/www.facebook.com\\\/NBCSnoticias\",\"https:\\\/\\\/x.com\\\/NBCSnoticias\"]},{\"@type\":\"Person\",\"@id\":\"https:\\\/\\\/nbcs.mx\\\/#\\\/schema\\\/person\\\/ece58bab9a7c1e87a4d28ec9ecd79ff4\",\"name\":\"NBCS Noticias\",\"image\":{\"@type\":\"ImageObject\",\"inLanguage\":\"es\",\"@id\":\"https:\\\/\\\/secure.gravatar.com\\\/avatar\\\/4e52110cad1c4054b43271a0d14bbe9e2ea76aecd0e1097edfc670798d9ca1d4?s=96&d=blank&r=g\",\"url\":\"https:\\\/\\\/secure.gravatar.com\\\/avatar\\\/4e52110cad1c4054b43271a0d14bbe9e2ea76aecd0e1097edfc670798d9ca1d4?s=96&d=blank&r=g\",\"contentUrl\":\"https:\\\/\\\/secure.gravatar.com\\\/avatar\\\/4e52110cad1c4054b43271a0d14bbe9e2ea76aecd0e1097edfc670798d9ca1d4?s=96&d=blank&r=g\",\"caption\":\"NBCS Noticias\"},\"description\":\"\u00bfTienes fotos o video de alg\u00fan acto de posible negligencia, corrupci\u00f3n y abuso de autoridad? M\u00e1ndalo al WhatsApp de NBCS Noticias: 612 141 98 08\",\"sameAs\":[\"https:\\\/\\\/www.nbcs.mx\",\"https:\\\/\\\/www.facebook.com\\\/NBCSnoticias\",\"https:\\\/\\\/www.instagram.com\\\/nbcsnoticias\\\/\",\"https:\\\/\\\/x.com\\\/https:\\\/\\\/twitter.com\\\/NBCSnoticias\"]}]}<\/script>\n<!-- \/ Yoast SEO plugin. -->","yoast_head_json":{"title":"Inaugura DIF Los Cabos nuevas oficinas de la Procuradur\u00eda de la Defensa del Menor y la Familia - NBCS Noticias","robots":{"index":"index","follow":"follow","max-snippet":"max-snippet:-1","max-image-preview":"max-image-preview:large","max-video-preview":"max-video-preview:-1"},"canonical":"https:\/\/nbcs.mx\/?p=111868","og_locale":"es_ES","og_type":"article","og_title":"Inaugura DIF Los Cabos nuevas oficinas de la Procuradur\u00eda de la Defensa del Menor y la Familia - NBCS Noticias","og_description":"Los Cabos, Baja California Sur.- Con el \u00fanico objetivo de seguir dando la atenci\u00f3n profesional, personalizada y de calidad a","og_url":"https:\/\/nbcs.mx\/?p=111868","og_site_name":"NBCS Noticias","article_publisher":"https:\/\/www.facebook.com\/NBCSnoticias","article_author":"https:\/\/www.facebook.com\/NBCSnoticias","article_published_time":"2022-08-21T02:48:31+00:00","article_modified_time":"2022-08-21T02:50:41+00:00","og_image":[{"url":"https:\/\/nbcs.mx\/wp-content\/uploads\/2022\/08\/02-Inaugura-DIF-Los-Cabos-nuevas-oficinas-de-la-Procuraduria-de-la-Defensa-del-Menor-y-la-Familia9-738x492.jpeg","type":"","width":"","height":""}],"author":"NBCS Noticias","twitter_card":"summary_large_image","twitter_creator":"@https:\/\/twitter.com\/NBCSnoticias","twitter_site":"@NBCSnoticias","twitter_misc":{"Escrito por":"NBCS Noticias","Tiempo de lectura":"2 minutos"},"schema":{"@context":"https:\/\/schema.org","@graph":[{"@type":"Article","@id":"https:\/\/nbcs.mx\/?p=111868#article","isPartOf":{"@id":"https:\/\/nbcs.mx\/?p=111868"},"author":{"name":"NBCS Noticias","@id":"https:\/\/nbcs.mx\/#\/schema\/person\/ece58bab9a7c1e87a4d28ec9ecd79ff4"},"headline":"Inaugura DIF Los Cabos nuevas oficinas de la Procuradur\u00eda de la Defensa del Menor y la Familia","datePublished":"2022-08-21T02:48:31+00:00","dateModified":"2022-08-21T02:50:41+00:00","mainEntityOfPage":{"@id":"https:\/\/nbcs.mx\/?p=111868"},"wordCount":485,"commentCount":0,"publisher":{"@id":"https:\/\/nbcs.mx\/#organization"},"image":{"@id":"https:\/\/nbcs.mx\/?p=111868#primaryimage"},"thumbnailUrl":"https:\/\/nbcs.mx\/wp-content\/uploads\/2022\/08\/02-Inaugura-DIF-Los-Cabos-nuevas-oficinas-de-la-Procuraduria-de-la-Defensa-del-Menor-y-la-Familia9-738x492.jpeg","articleSection":["Municipios"],"inLanguage":"es","potentialAction":[{"@type":"CommentAction","name":"Comment","target":["https:\/\/nbcs.mx\/?p=111868#respond"]}]},{"@type":"WebPage","@id":"https:\/\/nbcs.mx\/?p=111868","url":"https:\/\/nbcs.mx\/?p=111868","name":"Inaugura DIF Los Cabos nuevas oficinas de la Procuradur\u00eda de la Defensa del Menor y la Familia - NBCS Noticias","isPartOf":{"@id":"https:\/\/nbcs.mx\/#website"},"primaryImageOfPage":{"@id":"https:\/\/nbcs.mx\/?p=111868#primaryimage"},"image":{"@id":"https:\/\/nbcs.mx\/?p=111868#primaryimage"},"thumbnailUrl":"https:\/\/nbcs.mx\/wp-content\/uploads\/2022\/08\/02-Inaugura-DIF-Los-Cabos-nuevas-oficinas-de-la-Procuraduria-de-la-Defensa-del-Menor-y-la-Familia9-738x492.jpeg","datePublished":"2022-08-21T02:48:31+00:00","dateModified":"2022-08-21T02:50:41+00:00","breadcrumb":{"@id":"https:\/\/nbcs.mx\/?p=111868#breadcrumb"},"inLanguage":"es","potentialAction":[{"@type":"ReadAction","target":["https:\/\/nbcs.mx\/?p=111868"]}]},{"@type":"ImageObject","inLanguage":"es","@id":"https:\/\/nbcs.mx\/?p=111868#primaryimage","url":"https:\/\/nbcs.mx\/wp-content\/uploads\/2022\/08\/02-Inaugura-DIF-Los-Cabos-nuevas-oficinas-de-la-Procuraduria-de-la-Defensa-del-Menor-y-la-Familia9-738x492.jpeg","contentUrl":"https:\/\/nbcs.mx\/wp-content\/uploads\/2022\/08\/02-Inaugura-DIF-Los-Cabos-nuevas-oficinas-de-la-Procuraduria-de-la-Defensa-del-Menor-y-la-Familia9-738x492.jpeg"},{"@type":"BreadcrumbList","@id":"https:\/\/nbcs.mx\/?p=111868#breadcrumb","itemListElement":[{"@type":"ListItem","position":1,"name":"Portada","item":"https:\/\/nbcs.mx\/"},{"@type":"ListItem","position":2,"name":"Inaugura DIF Los Cabos nuevas oficinas de la Procuradur\u00eda de la Defensa del Menor y la Familia"}]},{"@type":"WebSite","@id":"https:\/\/nbcs.mx\/#website","url":"https:\/\/nbcs.mx\/","name":"NBCS Noticias","description":"Sitio web de noticias en Baja California Sur","publisher":{"@id":"https:\/\/nbcs.mx\/#organization"},"potentialAction":[{"@type":"SearchAction","target":{"@type":"EntryPoint","urlTemplate":"https:\/\/nbcs.mx\/?s={search_term_string}"},"query-input":{"@type":"PropertyValueSpecification","valueRequired":true,"valueName":"search_term_string"}}],"inLanguage":"es"},{"@type":"Organization","@id":"https:\/\/nbcs.mx\/#organization","name":"NBCS Noticias","url":"https:\/\/nbcs.mx\/","logo":{"@type":"ImageObject","inLanguage":"es","@id":"https:\/\/nbcs.mx\/#\/schema\/logo\/image\/","url":"https:\/\/nbcs.mx\/wp-content\/uploads\/2018\/09\/057b69485e93575a5c2b1c1dde2dd297.jpeg","contentUrl":"https:\/\/nbcs.mx\/wp-content\/uploads\/2018\/09\/057b69485e93575a5c2b1c1dde2dd297.jpeg","width":64,"height":64,"caption":"NBCS Noticias"},"image":{"@id":"https:\/\/nbcs.mx\/#\/schema\/logo\/image\/"},"sameAs":["https:\/\/www.facebook.com\/NBCSnoticias","https:\/\/x.com\/NBCSnoticias"]},{"@type":"Person","@id":"https:\/\/nbcs.mx\/#\/schema\/person\/ece58bab9a7c1e87a4d28ec9ecd79ff4","name":"NBCS Noticias","image":{"@type":"ImageObject","inLanguage":"es","@id":"https:\/\/secure.gravatar.com\/avatar\/4e52110cad1c4054b43271a0d14bbe9e2ea76aecd0e1097edfc670798d9ca1d4?s=96&d=blank&r=g","url":"https:\/\/secure.gravatar.com\/avatar\/4e52110cad1c4054b43271a0d14bbe9e2ea76aecd0e1097edfc670798d9ca1d4?s=96&d=blank&r=g","contentUrl":"https:\/\/secure.gravatar.com\/avatar\/4e52110cad1c4054b43271a0d14bbe9e2ea76aecd0e1097edfc670798d9ca1d4?s=96&d=blank&r=g","caption":"NBCS Noticias"},"description":"\u00bfTienes fotos o video de alg\u00fan acto de posible negligencia, corrupci\u00f3n y abuso de autoridad? M\u00e1ndalo al WhatsApp de NBCS Noticias: 612 141 98 08","sameAs":["https:\/\/www.nbcs.mx","https:\/\/www.facebook.com\/NBCSnoticias","https:\/\/www.instagram.com\/nbcsnoticias\/","https:\/\/x.com\/https:\/\/twitter.com\/NBCSnoticias"]}]}},"jetpack_publicize_connections":[],"jetpack_featured_media_url":"","jetpack_sharing_enabled":true,"_links":{"self":[{"href":"https:\/\/nbcs.mx\/index.php?rest_route=\/wp\/v2\/posts\/111868","targetHints":{"allow":["GET"]}}],"collection":[{"href":"https:\/\/nbcs.mx\/index.php?rest_route=\/wp\/v2\/posts"}],"about":[{"href":"https:\/\/nbcs.mx\/index.php?rest_route=\/wp\/v2\/types\/post"}],"author":[{"embeddable":true,"href":"https:\/\/nbcs.mx\/index.php?rest_route=\/wp\/v2\/users\/1"}],"replies":[{"embeddable":true,"href":"https:\/\/nbcs.mx\/index.php?rest_route=%2Fwp%2Fv2%2Fcomments&post=111868"}],"version-history":[{"count":1,"href":"https:\/\/nbcs.mx\/index.php?rest_route=\/wp\/v2\/posts\/111868\/revisions"}],"predecessor-version":[{"id":111870,"href":"https:\/\/nbcs.mx\/index.php?rest_route=\/wp\/v2\/posts\/111868\/revisions\/111870"}],"wp:attachment":[{"href":"https:\/\/nbcs.mx\/index.php?rest_route=%2Fwp%2Fv2%2Fmedia&parent=111868"}],"wp:term":[{"taxonomy":"category","embeddable":true,"href":"https:\/\/nbcs.mx\/index.php?rest_route=%2Fwp%2Fv2%2Fcategories&post=111868"},{"taxonomy":"post_tag","embeddable":true,"href":"https:\/\/nbcs.mx\/index.php?rest_route=%2Fwp%2Fv2%2Ftags&post=111868"}],"curies":[{"name":"wp","href":"https:\/\/api.w.org\/{rel}","templated":true}]}}