{"id":112338,"date":"2022-08-28T12:27:04","date_gmt":"2022-08-28T18:27:04","guid":{"rendered":"https:\/\/nbcs.mx\/?p=112338"},"modified":"2022-08-28T12:27:04","modified_gmt":"2022-08-28T18:27:04","slug":"participa-personal-directivo-de-la-uabcs-en-taller-sobre-reestructuracion-de-la-plantilla-del-personal-academico","status":"publish","type":"post","link":"https:\/\/nbcs.mx\/?p=112338","title":{"rendered":"Participa personal directivo de la UABCS en taller sobre reestructuraci\u00f3n de la plantilla del personal acad\u00e9mico"},"content":{"rendered":"<p style=\"font-weight: 400; text-align: justify;\"><img loading=\"lazy\" decoding=\"async\" class=\" wp-image-112339 alignleft\" src=\"https:\/\/nbcs.mx\/wp-content\/uploads\/2022\/08\/Taller-analisis-y-reestructuracion-2-738x492.jpg\" alt=\"\" width=\"341\" height=\"227\" \/>La Paz, Baja California Sur.- Al participar en un taller sobre el an\u00e1lisis y reestructuraci\u00f3n de la plantilla del personal acad\u00e9mico, el Dr. Dante Salgado Gonz\u00e1lez, rector de la Universidad Aut\u00f3noma de Baja California Sur (UABCS), resalt\u00f3 que uno de los grandes retos que tienen hoy las instituciones de educaci\u00f3n superior es la gesti\u00f3n de plazas, la cual debe basarse en perfiles y experiencia que garanticen una base s\u00f3lida en beneficio de la excelencia acad\u00e9mica y calidad educativa.<\/p>\n<p style=\"font-weight: 400; text-align: justify;\">Dicha capacitaci\u00f3n fue impartida por el\u00a0Dr. Eduardo Rojas Gonz\u00e1lez, director de Fortalecimiento Institucional en la Direcci\u00f3n General de Educaci\u00f3n Superior Universitaria e Intercultural de la Secretar\u00eda de Educaci\u00f3n P\u00fablica.<\/p>\n<p style=\"font-weight: 400; text-align: justify;\">Estuvo dirigida a personal de las \u00e1reas involucradas en el manejo del recurso humano acad\u00e9mico, con la intenci\u00f3n de que conocieran cu\u00e1les son los retos presentes y futuros en torno a la plantilla docente, directamente de la dependencia encargada de las pol\u00edticas y operaci\u00f3n de los programas para la actualizaci\u00f3n, formaci\u00f3n y superaci\u00f3n del profesorado en el pa\u00eds.<\/p>\n<p style=\"font-weight: 400; text-align: justify;\">Con ello, la casa de estudios pretende continuar de manera m\u00e1s eficiente con los trabajos que tienen que ver con la actualizaci\u00f3n del estatuto del personal acad\u00e9mico, as\u00ed como con los contratos colectivos de trabajo, atendiendo a las recomendaciones de la propia SEP.<\/p>\n<p style=\"font-weight: 400; text-align: justify;\">Seg\u00fan el rector Dante Salgado, la UABCS ha entendido muy bien la coyuntura reciente y ha comenzado a atender algunos temas en la materia que se vuelven muy relevantes en el mediano y largo plazo.<\/p>\n<p style=\"font-weight: 400; text-align: justify;\">No obstante, con el apoyo de la DGESUI, al igual que de la propia Asociaci\u00f3n Nacional de Universidades e Instituciones de Educaci\u00f3n Superior (ANUIES), podr\u00e1n encaminar este trabajo colectivo en equipo, raz\u00f3n por la cual expres\u00f3 su gratitud institucional a ambas entidades, particularmente a sus titulares, la Dra. Carmen Rodr\u00edguez y Mtro. Jaime Valls, respectivamente.<\/p>\n<p style=\"font-weight: 400; text-align: justify;\">De igual forma, al Dr. Eduardo Rojas por acudir personalmente al campus La Paz a impartir la capacitaci\u00f3n, que seguramente ser\u00e1 de gran ayuda para la comunidad universitaria y sumar\u00e1 en el reforzamiento de las tareas que actualmente llevan a cabo para la reestructuraci\u00f3n de la plantilla del personal acad\u00e9mico.<\/p>\n<p style=\"font-weight: 400; text-align: justify;\">Algunos de los t\u00f3picos que el director de Fortalecimiento Institucional de la DGESUI atendi\u00f3 fueron lo referente a cuerpos acad\u00e9micos, el Programa para el Desarrollo Profesional Docente y aspectos generales sobre el registro de nuevas plazas.<\/p>\n<p style=\"font-weight: 400; text-align: justify;\">Entre las dependencias que tuvieron representaci\u00f3n en el taller estuvieron Rector\u00eda, Secretar\u00eda General, Secretar\u00eda de Administraci\u00f3n y Finanzas, Direcci\u00f3n de Planeaci\u00f3n y Programaci\u00f3n Universitaria, Direcci\u00f3n de Investigaci\u00f3n Interdisciplinaria y Posgrado y Direcci\u00f3n de Recursos Humanos.<\/p>\n","protected":false},"excerpt":{"rendered":"<p>La Paz, Baja California Sur.- Al participar en un taller sobre el an\u00e1lisis y reestructuraci\u00f3n de la plantilla del personal<\/p>\n","protected":false},"author":1,"featured_media":0,"comment_status":"open","ping_status":"closed","sticky":false,"template":"","format":"standard","meta":{"colormag_page_container_layout":"default_layout","colormag_page_sidebar_layout":"default_layout","_jetpack_memberships_contains_paid_content":false,"footnotes":"","jetpack_publicize_message":"","jetpack_publicize_feature_enabled":true,"jetpack_social_post_already_shared":true,"jetpack_social_options":{"image_generator_settings":{"template":"highway","default_image_id":0,"font":"","enabled":false},"version":2}},"categories":[1],"tags":[],"class_list":["post-112338","post","type-post","status-publish","format-standard","hentry","category-noticias"],"yoast_head":"<!-- This site is optimized with the Yoast SEO plugin v27.5 - https:\/\/yoast.com\/product\/yoast-seo-wordpress\/ -->\n<title>Participa personal directivo de la UABCS en taller sobre reestructuraci\u00f3n de la plantilla del personal acad\u00e9mico - NBCS Noticias<\/title>\n<meta name=\"robots\" content=\"index, follow, max-snippet:-1, max-image-preview:large, max-video-preview:-1\" \/>\n<link rel=\"canonical\" href=\"https:\/\/nbcs.mx\/?p=112338\" \/>\n<meta property=\"og:locale\" content=\"es_ES\" \/>\n<meta property=\"og:type\" content=\"article\" \/>\n<meta property=\"og:title\" content=\"Participa personal directivo de la UABCS en taller sobre reestructuraci\u00f3n de la plantilla del personal acad\u00e9mico - NBCS Noticias\" \/>\n<meta property=\"og:description\" content=\"La Paz, Baja California Sur.- Al participar en un taller sobre el an\u00e1lisis y reestructuraci\u00f3n de la plantilla del personal\" \/>\n<meta property=\"og:url\" content=\"https:\/\/nbcs.mx\/?p=112338\" \/>\n<meta property=\"og:site_name\" content=\"NBCS Noticias\" \/>\n<meta property=\"article:publisher\" content=\"https:\/\/www.facebook.com\/NBCSnoticias\" \/>\n<meta property=\"article:author\" content=\"https:\/\/www.facebook.com\/NBCSnoticias\" \/>\n<meta property=\"article:published_time\" content=\"2022-08-28T18:27:04+00:00\" \/>\n<meta property=\"og:image\" content=\"https:\/\/nbcs.mx\/wp-content\/uploads\/2022\/08\/Taller-analisis-y-reestructuracion-2-738x492.jpg\" \/>\n<meta name=\"author\" content=\"NBCS Noticias\" \/>\n<meta name=\"twitter:card\" content=\"summary_large_image\" \/>\n<meta name=\"twitter:creator\" content=\"@https:\/\/twitter.com\/NBCSnoticias\" \/>\n<meta name=\"twitter:site\" content=\"@NBCSnoticias\" \/>\n<meta name=\"twitter:label1\" content=\"Escrito por\" \/>\n\t<meta name=\"twitter:data1\" content=\"NBCS Noticias\" \/>\n\t<meta name=\"twitter:label2\" content=\"Tiempo de lectura\" \/>\n\t<meta name=\"twitter:data2\" content=\"2 minutos\" \/>\n<script type=\"application\/ld+json\" class=\"yoast-schema-graph\">{\"@context\":\"https:\\\/\\\/schema.org\",\"@graph\":[{\"@type\":\"Article\",\"@id\":\"https:\\\/\\\/nbcs.mx\\\/?p=112338#article\",\"isPartOf\":{\"@id\":\"https:\\\/\\\/nbcs.mx\\\/?p=112338\"},\"author\":{\"name\":\"NBCS Noticias\",\"@id\":\"https:\\\/\\\/nbcs.mx\\\/#\\\/schema\\\/person\\\/ece58bab9a7c1e87a4d28ec9ecd79ff4\"},\"headline\":\"Participa personal directivo de la UABCS en taller sobre reestructuraci\u00f3n de la plantilla del personal acad\u00e9mico\",\"datePublished\":\"2022-08-28T18:27:04+00:00\",\"mainEntityOfPage\":{\"@id\":\"https:\\\/\\\/nbcs.mx\\\/?p=112338\"},\"wordCount\":489,\"commentCount\":0,\"publisher\":{\"@id\":\"https:\\\/\\\/nbcs.mx\\\/#organization\"},\"image\":{\"@id\":\"https:\\\/\\\/nbcs.mx\\\/?p=112338#primaryimage\"},\"thumbnailUrl\":\"https:\\\/\\\/nbcs.mx\\\/wp-content\\\/uploads\\\/2022\\\/08\\\/Taller-analisis-y-reestructuracion-2-738x492.jpg\",\"articleSection\":[\"Noticias\"],\"inLanguage\":\"es\",\"potentialAction\":[{\"@type\":\"CommentAction\",\"name\":\"Comment\",\"target\":[\"https:\\\/\\\/nbcs.mx\\\/?p=112338#respond\"]}]},{\"@type\":\"WebPage\",\"@id\":\"https:\\\/\\\/nbcs.mx\\\/?p=112338\",\"url\":\"https:\\\/\\\/nbcs.mx\\\/?p=112338\",\"name\":\"Participa personal directivo de la UABCS en taller sobre reestructuraci\u00f3n de la plantilla del personal acad\u00e9mico - NBCS Noticias\",\"isPartOf\":{\"@id\":\"https:\\\/\\\/nbcs.mx\\\/#website\"},\"primaryImageOfPage\":{\"@id\":\"https:\\\/\\\/nbcs.mx\\\/?p=112338#primaryimage\"},\"image\":{\"@id\":\"https:\\\/\\\/nbcs.mx\\\/?p=112338#primaryimage\"},\"thumbnailUrl\":\"https:\\\/\\\/nbcs.mx\\\/wp-content\\\/uploads\\\/2022\\\/08\\\/Taller-analisis-y-reestructuracion-2-738x492.jpg\",\"datePublished\":\"2022-08-28T18:27:04+00:00\",\"breadcrumb\":{\"@id\":\"https:\\\/\\\/nbcs.mx\\\/?p=112338#breadcrumb\"},\"inLanguage\":\"es\",\"potentialAction\":[{\"@type\":\"ReadAction\",\"target\":[\"https:\\\/\\\/nbcs.mx\\\/?p=112338\"]}]},{\"@type\":\"ImageObject\",\"inLanguage\":\"es\",\"@id\":\"https:\\\/\\\/nbcs.mx\\\/?p=112338#primaryimage\",\"url\":\"https:\\\/\\\/nbcs.mx\\\/wp-content\\\/uploads\\\/2022\\\/08\\\/Taller-analisis-y-reestructuracion-2-738x492.jpg\",\"contentUrl\":\"https:\\\/\\\/nbcs.mx\\\/wp-content\\\/uploads\\\/2022\\\/08\\\/Taller-analisis-y-reestructuracion-2-738x492.jpg\"},{\"@type\":\"BreadcrumbList\",\"@id\":\"https:\\\/\\\/nbcs.mx\\\/?p=112338#breadcrumb\",\"itemListElement\":[{\"@type\":\"ListItem\",\"position\":1,\"name\":\"Portada\",\"item\":\"https:\\\/\\\/nbcs.mx\\\/\"},{\"@type\":\"ListItem\",\"position\":2,\"name\":\"Participa personal directivo de la UABCS en taller sobre reestructuraci\u00f3n de la plantilla del personal acad\u00e9mico\"}]},{\"@type\":\"WebSite\",\"@id\":\"https:\\\/\\\/nbcs.mx\\\/#website\",\"url\":\"https:\\\/\\\/nbcs.mx\\\/\",\"name\":\"NBCS Noticias\",\"description\":\"Sitio web de noticias en Baja California Sur\",\"publisher\":{\"@id\":\"https:\\\/\\\/nbcs.mx\\\/#organization\"},\"potentialAction\":[{\"@type\":\"SearchAction\",\"target\":{\"@type\":\"EntryPoint\",\"urlTemplate\":\"https:\\\/\\\/nbcs.mx\\\/?s={search_term_string}\"},\"query-input\":{\"@type\":\"PropertyValueSpecification\",\"valueRequired\":true,\"valueName\":\"search_term_string\"}}],\"inLanguage\":\"es\"},{\"@type\":\"Organization\",\"@id\":\"https:\\\/\\\/nbcs.mx\\\/#organization\",\"name\":\"NBCS Noticias\",\"url\":\"https:\\\/\\\/nbcs.mx\\\/\",\"logo\":{\"@type\":\"ImageObject\",\"inLanguage\":\"es\",\"@id\":\"https:\\\/\\\/nbcs.mx\\\/#\\\/schema\\\/logo\\\/image\\\/\",\"url\":\"https:\\\/\\\/nbcs.mx\\\/wp-content\\\/uploads\\\/2018\\\/09\\\/057b69485e93575a5c2b1c1dde2dd297.jpeg\",\"contentUrl\":\"https:\\\/\\\/nbcs.mx\\\/wp-content\\\/uploads\\\/2018\\\/09\\\/057b69485e93575a5c2b1c1dde2dd297.jpeg\",\"width\":64,\"height\":64,\"caption\":\"NBCS Noticias\"},\"image\":{\"@id\":\"https:\\\/\\\/nbcs.mx\\\/#\\\/schema\\\/logo\\\/image\\\/\"},\"sameAs\":[\"https:\\\/\\\/www.facebook.com\\\/NBCSnoticias\",\"https:\\\/\\\/x.com\\\/NBCSnoticias\"]},{\"@type\":\"Person\",\"@id\":\"https:\\\/\\\/nbcs.mx\\\/#\\\/schema\\\/person\\\/ece58bab9a7c1e87a4d28ec9ecd79ff4\",\"name\":\"NBCS Noticias\",\"image\":{\"@type\":\"ImageObject\",\"inLanguage\":\"es\",\"@id\":\"https:\\\/\\\/secure.gravatar.com\\\/avatar\\\/4e52110cad1c4054b43271a0d14bbe9e2ea76aecd0e1097edfc670798d9ca1d4?s=96&d=blank&r=g\",\"url\":\"https:\\\/\\\/secure.gravatar.com\\\/avatar\\\/4e52110cad1c4054b43271a0d14bbe9e2ea76aecd0e1097edfc670798d9ca1d4?s=96&d=blank&r=g\",\"contentUrl\":\"https:\\\/\\\/secure.gravatar.com\\\/avatar\\\/4e52110cad1c4054b43271a0d14bbe9e2ea76aecd0e1097edfc670798d9ca1d4?s=96&d=blank&r=g\",\"caption\":\"NBCS Noticias\"},\"description\":\"\u00bfTienes fotos o video de alg\u00fan acto de posible negligencia, corrupci\u00f3n y abuso de autoridad? M\u00e1ndalo al WhatsApp de NBCS Noticias: 612 141 98 08\",\"sameAs\":[\"https:\\\/\\\/www.nbcs.mx\",\"https:\\\/\\\/www.facebook.com\\\/NBCSnoticias\",\"https:\\\/\\\/www.instagram.com\\\/nbcsnoticias\\\/\",\"https:\\\/\\\/x.com\\\/https:\\\/\\\/twitter.com\\\/NBCSnoticias\"]}]}<\/script>\n<!-- \/ Yoast SEO plugin. -->","yoast_head_json":{"title":"Participa personal directivo de la UABCS en taller sobre reestructuraci\u00f3n de la plantilla del personal acad\u00e9mico - NBCS Noticias","robots":{"index":"index","follow":"follow","max-snippet":"max-snippet:-1","max-image-preview":"max-image-preview:large","max-video-preview":"max-video-preview:-1"},"canonical":"https:\/\/nbcs.mx\/?p=112338","og_locale":"es_ES","og_type":"article","og_title":"Participa personal directivo de la UABCS en taller sobre reestructuraci\u00f3n de la plantilla del personal acad\u00e9mico - NBCS Noticias","og_description":"La Paz, Baja California Sur.- Al participar en un taller sobre el an\u00e1lisis y reestructuraci\u00f3n de la plantilla del personal","og_url":"https:\/\/nbcs.mx\/?p=112338","og_site_name":"NBCS Noticias","article_publisher":"https:\/\/www.facebook.com\/NBCSnoticias","article_author":"https:\/\/www.facebook.com\/NBCSnoticias","article_published_time":"2022-08-28T18:27:04+00:00","og_image":[{"url":"https:\/\/nbcs.mx\/wp-content\/uploads\/2022\/08\/Taller-analisis-y-reestructuracion-2-738x492.jpg","type":"","width":"","height":""}],"author":"NBCS Noticias","twitter_card":"summary_large_image","twitter_creator":"@https:\/\/twitter.com\/NBCSnoticias","twitter_site":"@NBCSnoticias","twitter_misc":{"Escrito por":"NBCS Noticias","Tiempo de lectura":"2 minutos"},"schema":{"@context":"https:\/\/schema.org","@graph":[{"@type":"Article","@id":"https:\/\/nbcs.mx\/?p=112338#article","isPartOf":{"@id":"https:\/\/nbcs.mx\/?p=112338"},"author":{"name":"NBCS Noticias","@id":"https:\/\/nbcs.mx\/#\/schema\/person\/ece58bab9a7c1e87a4d28ec9ecd79ff4"},"headline":"Participa personal directivo de la UABCS en taller sobre reestructuraci\u00f3n de la plantilla del personal acad\u00e9mico","datePublished":"2022-08-28T18:27:04+00:00","mainEntityOfPage":{"@id":"https:\/\/nbcs.mx\/?p=112338"},"wordCount":489,"commentCount":0,"publisher":{"@id":"https:\/\/nbcs.mx\/#organization"},"image":{"@id":"https:\/\/nbcs.mx\/?p=112338#primaryimage"},"thumbnailUrl":"https:\/\/nbcs.mx\/wp-content\/uploads\/2022\/08\/Taller-analisis-y-reestructuracion-2-738x492.jpg","articleSection":["Noticias"],"inLanguage":"es","potentialAction":[{"@type":"CommentAction","name":"Comment","target":["https:\/\/nbcs.mx\/?p=112338#respond"]}]},{"@type":"WebPage","@id":"https:\/\/nbcs.mx\/?p=112338","url":"https:\/\/nbcs.mx\/?p=112338","name":"Participa personal directivo de la UABCS en taller sobre reestructuraci\u00f3n de la plantilla del personal acad\u00e9mico - NBCS Noticias","isPartOf":{"@id":"https:\/\/nbcs.mx\/#website"},"primaryImageOfPage":{"@id":"https:\/\/nbcs.mx\/?p=112338#primaryimage"},"image":{"@id":"https:\/\/nbcs.mx\/?p=112338#primaryimage"},"thumbnailUrl":"https:\/\/nbcs.mx\/wp-content\/uploads\/2022\/08\/Taller-analisis-y-reestructuracion-2-738x492.jpg","datePublished":"2022-08-28T18:27:04+00:00","breadcrumb":{"@id":"https:\/\/nbcs.mx\/?p=112338#breadcrumb"},"inLanguage":"es","potentialAction":[{"@type":"ReadAction","target":["https:\/\/nbcs.mx\/?p=112338"]}]},{"@type":"ImageObject","inLanguage":"es","@id":"https:\/\/nbcs.mx\/?p=112338#primaryimage","url":"https:\/\/nbcs.mx\/wp-content\/uploads\/2022\/08\/Taller-analisis-y-reestructuracion-2-738x492.jpg","contentUrl":"https:\/\/nbcs.mx\/wp-content\/uploads\/2022\/08\/Taller-analisis-y-reestructuracion-2-738x492.jpg"},{"@type":"BreadcrumbList","@id":"https:\/\/nbcs.mx\/?p=112338#breadcrumb","itemListElement":[{"@type":"ListItem","position":1,"name":"Portada","item":"https:\/\/nbcs.mx\/"},{"@type":"ListItem","position":2,"name":"Participa personal directivo de la UABCS en taller sobre reestructuraci\u00f3n de la plantilla del personal acad\u00e9mico"}]},{"@type":"WebSite","@id":"https:\/\/nbcs.mx\/#website","url":"https:\/\/nbcs.mx\/","name":"NBCS Noticias","description":"Sitio web de noticias en Baja California Sur","publisher":{"@id":"https:\/\/nbcs.mx\/#organization"},"potentialAction":[{"@type":"SearchAction","target":{"@type":"EntryPoint","urlTemplate":"https:\/\/nbcs.mx\/?s={search_term_string}"},"query-input":{"@type":"PropertyValueSpecification","valueRequired":true,"valueName":"search_term_string"}}],"inLanguage":"es"},{"@type":"Organization","@id":"https:\/\/nbcs.mx\/#organization","name":"NBCS Noticias","url":"https:\/\/nbcs.mx\/","logo":{"@type":"ImageObject","inLanguage":"es","@id":"https:\/\/nbcs.mx\/#\/schema\/logo\/image\/","url":"https:\/\/nbcs.mx\/wp-content\/uploads\/2018\/09\/057b69485e93575a5c2b1c1dde2dd297.jpeg","contentUrl":"https:\/\/nbcs.mx\/wp-content\/uploads\/2018\/09\/057b69485e93575a5c2b1c1dde2dd297.jpeg","width":64,"height":64,"caption":"NBCS Noticias"},"image":{"@id":"https:\/\/nbcs.mx\/#\/schema\/logo\/image\/"},"sameAs":["https:\/\/www.facebook.com\/NBCSnoticias","https:\/\/x.com\/NBCSnoticias"]},{"@type":"Person","@id":"https:\/\/nbcs.mx\/#\/schema\/person\/ece58bab9a7c1e87a4d28ec9ecd79ff4","name":"NBCS Noticias","image":{"@type":"ImageObject","inLanguage":"es","@id":"https:\/\/secure.gravatar.com\/avatar\/4e52110cad1c4054b43271a0d14bbe9e2ea76aecd0e1097edfc670798d9ca1d4?s=96&d=blank&r=g","url":"https:\/\/secure.gravatar.com\/avatar\/4e52110cad1c4054b43271a0d14bbe9e2ea76aecd0e1097edfc670798d9ca1d4?s=96&d=blank&r=g","contentUrl":"https:\/\/secure.gravatar.com\/avatar\/4e52110cad1c4054b43271a0d14bbe9e2ea76aecd0e1097edfc670798d9ca1d4?s=96&d=blank&r=g","caption":"NBCS Noticias"},"description":"\u00bfTienes fotos o video de alg\u00fan acto de posible negligencia, corrupci\u00f3n y abuso de autoridad? M\u00e1ndalo al WhatsApp de NBCS Noticias: 612 141 98 08","sameAs":["https:\/\/www.nbcs.mx","https:\/\/www.facebook.com\/NBCSnoticias","https:\/\/www.instagram.com\/nbcsnoticias\/","https:\/\/x.com\/https:\/\/twitter.com\/NBCSnoticias"]}]}},"jetpack_publicize_connections":[],"jetpack_featured_media_url":"","jetpack_sharing_enabled":true,"_links":{"self":[{"href":"https:\/\/nbcs.mx\/index.php?rest_route=\/wp\/v2\/posts\/112338","targetHints":{"allow":["GET"]}}],"collection":[{"href":"https:\/\/nbcs.mx\/index.php?rest_route=\/wp\/v2\/posts"}],"about":[{"href":"https:\/\/nbcs.mx\/index.php?rest_route=\/wp\/v2\/types\/post"}],"author":[{"embeddable":true,"href":"https:\/\/nbcs.mx\/index.php?rest_route=\/wp\/v2\/users\/1"}],"replies":[{"embeddable":true,"href":"https:\/\/nbcs.mx\/index.php?rest_route=%2Fwp%2Fv2%2Fcomments&post=112338"}],"version-history":[{"count":1,"href":"https:\/\/nbcs.mx\/index.php?rest_route=\/wp\/v2\/posts\/112338\/revisions"}],"predecessor-version":[{"id":112340,"href":"https:\/\/nbcs.mx\/index.php?rest_route=\/wp\/v2\/posts\/112338\/revisions\/112340"}],"wp:attachment":[{"href":"https:\/\/nbcs.mx\/index.php?rest_route=%2Fwp%2Fv2%2Fmedia&parent=112338"}],"wp:term":[{"taxonomy":"category","embeddable":true,"href":"https:\/\/nbcs.mx\/index.php?rest_route=%2Fwp%2Fv2%2Fcategories&post=112338"},{"taxonomy":"post_tag","embeddable":true,"href":"https:\/\/nbcs.mx\/index.php?rest_route=%2Fwp%2Fv2%2Ftags&post=112338"}],"curies":[{"name":"wp","href":"https:\/\/api.w.org\/{rel}","templated":true}]}}