{"id":116172,"date":"2022-10-26T15:08:47","date_gmt":"2022-10-26T21:08:47","guid":{"rendered":"https:\/\/nbcs.mx\/?p=116172"},"modified":"2022-10-26T15:08:47","modified_gmt":"2022-10-26T21:08:47","slug":"capacita-atf-a-peritos-de-bcs-en-investigacion-de-incendios-provocados","status":"publish","type":"post","link":"https:\/\/nbcs.mx\/?p=116172","title":{"rendered":"Capacita ATF a peritos de BCS en \u201cInvestigaci\u00f3n de Incendios Provocados\u201d"},"content":{"rendered":"<p style=\"font-weight: 400; text-align: justify;\"><img loading=\"lazy\" decoding=\"async\" class=\" wp-image-116173 alignleft\" src=\"https:\/\/nbcs.mx\/wp-content\/uploads\/2022\/10\/FOTO-COMUNICADO-729-755x454.jpg\" alt=\"\" width=\"343\" height=\"206\" \/>La Paz, Baja California Sur.- Especialistas forenses de la Procuradur\u00eda General de Justicia del Estado de Baja California Sur, fueron seleccionados para participar en el Curso \u201cInvestigaci\u00f3n de Incendios Provocados\u201d, que se llev\u00f3 a cabo en las instalaciones de la Asociaci\u00f3n Internacional de Capacitaci\u00f3n Contra Desastres (AICACODE) en Guadalajara, Jalisco del 17 al 21 de octubre del presente a\u00f1o.<\/p>\n<p style=\"font-weight: 400; text-align: justify;\">Dicho curso actualiz\u00f3 su conocimiento t\u00e9cnico-cient\u00edfico para procesar una escena posterior a un incendio.<\/p>\n<p style=\"font-weight: 400; text-align: justify;\">Las y los participantes aplicar\u00e1n un enfoque sistem\u00e1tico al realizar una investigaci\u00f3n de incendios, formular\u00e1n una opini\u00f3n sobre el origen, causa o la responsabilidad del incendio, a partir de los hallazgos en la investigaci\u00f3n, avalada por datos, hechos, registros, informes, documentos y evidencia f\u00edsica y objetiva.<\/p>\n<p style=\"font-weight: 400; text-align: justify;\">La capacitaci\u00f3n recibida contempl\u00f3 temas con contenido muy especializado y con instructores de primer nivel, adem\u00e1s de pr\u00e1cticas de los siguientes temas: La ciencia del fuego, qu\u00edmica del fuego, termodin\u00e1mica, termometr\u00eda, din\u00e1mica del fuego, din\u00e1mica de explosi\u00f3n, modelado de incendios por ordenador, investigaci\u00f3n de incendios, materiales peligrosos, sistemas de protecci\u00f3n contra incendios, documentaci\u00f3n, recogido, y preservaci\u00f3n de pruebas, aspectos legales y origen y causas, entre otros.<\/p>\n<p style=\"font-weight: 400; text-align: justify;\">Todo esto basado en las Normas NFPA 921 y 1033, con un enfoque sistem\u00e1tico que proporciona el proceso organizativo, anal\u00edtico deseable y necesario en una investigaci\u00f3n exitosa del fuego.<\/p>\n<p style=\"font-weight: 400; text-align: justify;\">Los 4 peritos de la Direcci\u00f3n de Servicios Periciales, que concluyeron la capacitaci\u00f3n fueron certificados en \u201cT\u00e9cnicas de investigaci\u00f3n de incendios provocados\u201d por la Asociaci\u00f3n Internacional de Investigadores de Incendios Provocados (IAAI, por sus siglas en ingl\u00e9s).<\/p>\n","protected":false},"excerpt":{"rendered":"<p>La Paz, Baja California Sur.- Especialistas forenses de la Procuradur\u00eda General de Justicia del Estado de Baja California Sur, fueron<\/p>\n","protected":false},"author":1,"featured_media":0,"comment_status":"open","ping_status":"closed","sticky":false,"template":"","format":"standard","meta":{"colormag_page_container_layout":"default_layout","colormag_page_sidebar_layout":"default_layout","_jetpack_memberships_contains_paid_content":false,"footnotes":"","jetpack_publicize_message":"","jetpack_publicize_feature_enabled":true,"jetpack_social_post_already_shared":true,"jetpack_social_options":{"image_generator_settings":{"template":"highway","default_image_id":0,"font":"","enabled":false},"version":2}},"categories":[22],"tags":[],"class_list":["post-116172","post","type-post","status-publish","format-standard","hentry","category-policiacas"],"yoast_head":"<!-- This site is optimized with the Yoast SEO plugin v27.5 - https:\/\/yoast.com\/product\/yoast-seo-wordpress\/ -->\n<title>Capacita ATF a peritos de BCS en \u201cInvestigaci\u00f3n de Incendios Provocados\u201d - NBCS Noticias<\/title>\n<meta name=\"robots\" content=\"index, follow, max-snippet:-1, max-image-preview:large, max-video-preview:-1\" \/>\n<link rel=\"canonical\" href=\"https:\/\/nbcs.mx\/?p=116172\" \/>\n<meta property=\"og:locale\" content=\"es_ES\" \/>\n<meta property=\"og:type\" content=\"article\" \/>\n<meta property=\"og:title\" content=\"Capacita ATF a peritos de BCS en \u201cInvestigaci\u00f3n de Incendios Provocados\u201d - NBCS Noticias\" \/>\n<meta property=\"og:description\" content=\"La Paz, Baja California Sur.- Especialistas forenses de la Procuradur\u00eda General de Justicia del Estado de Baja California Sur, fueron\" \/>\n<meta property=\"og:url\" content=\"https:\/\/nbcs.mx\/?p=116172\" \/>\n<meta property=\"og:site_name\" content=\"NBCS Noticias\" \/>\n<meta property=\"article:publisher\" content=\"https:\/\/www.facebook.com\/NBCSnoticias\" \/>\n<meta property=\"article:author\" content=\"https:\/\/www.facebook.com\/NBCSnoticias\" \/>\n<meta property=\"article:published_time\" content=\"2022-10-26T21:08:47+00:00\" \/>\n<meta property=\"og:image\" content=\"https:\/\/nbcs.mx\/wp-content\/uploads\/2022\/10\/FOTO-COMUNICADO-729-755x454.jpg\" \/>\n<meta name=\"author\" content=\"NBCS Noticias\" \/>\n<meta name=\"twitter:card\" content=\"summary_large_image\" \/>\n<meta name=\"twitter:creator\" content=\"@https:\/\/twitter.com\/NBCSnoticias\" \/>\n<meta name=\"twitter:site\" content=\"@NBCSnoticias\" \/>\n<meta name=\"twitter:label1\" content=\"Escrito por\" \/>\n\t<meta name=\"twitter:data1\" content=\"NBCS Noticias\" \/>\n\t<meta name=\"twitter:label2\" content=\"Tiempo de lectura\" \/>\n\t<meta name=\"twitter:data2\" content=\"1 minuto\" \/>\n<script type=\"application\/ld+json\" class=\"yoast-schema-graph\">{\"@context\":\"https:\\\/\\\/schema.org\",\"@graph\":[{\"@type\":\"Article\",\"@id\":\"https:\\\/\\\/nbcs.mx\\\/?p=116172#article\",\"isPartOf\":{\"@id\":\"https:\\\/\\\/nbcs.mx\\\/?p=116172\"},\"author\":{\"name\":\"NBCS Noticias\",\"@id\":\"https:\\\/\\\/nbcs.mx\\\/#\\\/schema\\\/person\\\/ece58bab9a7c1e87a4d28ec9ecd79ff4\"},\"headline\":\"Capacita ATF a peritos de BCS en \u201cInvestigaci\u00f3n de Incendios Provocados\u201d\",\"datePublished\":\"2022-10-26T21:08:47+00:00\",\"mainEntityOfPage\":{\"@id\":\"https:\\\/\\\/nbcs.mx\\\/?p=116172\"},\"wordCount\":295,\"commentCount\":0,\"publisher\":{\"@id\":\"https:\\\/\\\/nbcs.mx\\\/#organization\"},\"image\":{\"@id\":\"https:\\\/\\\/nbcs.mx\\\/?p=116172#primaryimage\"},\"thumbnailUrl\":\"https:\\\/\\\/nbcs.mx\\\/wp-content\\\/uploads\\\/2022\\\/10\\\/FOTO-COMUNICADO-729-755x454.jpg\",\"articleSection\":[\"Policiacas\"],\"inLanguage\":\"es\",\"potentialAction\":[{\"@type\":\"CommentAction\",\"name\":\"Comment\",\"target\":[\"https:\\\/\\\/nbcs.mx\\\/?p=116172#respond\"]}]},{\"@type\":\"WebPage\",\"@id\":\"https:\\\/\\\/nbcs.mx\\\/?p=116172\",\"url\":\"https:\\\/\\\/nbcs.mx\\\/?p=116172\",\"name\":\"Capacita ATF a peritos de BCS en \u201cInvestigaci\u00f3n de Incendios Provocados\u201d - NBCS Noticias\",\"isPartOf\":{\"@id\":\"https:\\\/\\\/nbcs.mx\\\/#website\"},\"primaryImageOfPage\":{\"@id\":\"https:\\\/\\\/nbcs.mx\\\/?p=116172#primaryimage\"},\"image\":{\"@id\":\"https:\\\/\\\/nbcs.mx\\\/?p=116172#primaryimage\"},\"thumbnailUrl\":\"https:\\\/\\\/nbcs.mx\\\/wp-content\\\/uploads\\\/2022\\\/10\\\/FOTO-COMUNICADO-729-755x454.jpg\",\"datePublished\":\"2022-10-26T21:08:47+00:00\",\"breadcrumb\":{\"@id\":\"https:\\\/\\\/nbcs.mx\\\/?p=116172#breadcrumb\"},\"inLanguage\":\"es\",\"potentialAction\":[{\"@type\":\"ReadAction\",\"target\":[\"https:\\\/\\\/nbcs.mx\\\/?p=116172\"]}]},{\"@type\":\"ImageObject\",\"inLanguage\":\"es\",\"@id\":\"https:\\\/\\\/nbcs.mx\\\/?p=116172#primaryimage\",\"url\":\"https:\\\/\\\/nbcs.mx\\\/wp-content\\\/uploads\\\/2022\\\/10\\\/FOTO-COMUNICADO-729-755x454.jpg\",\"contentUrl\":\"https:\\\/\\\/nbcs.mx\\\/wp-content\\\/uploads\\\/2022\\\/10\\\/FOTO-COMUNICADO-729-755x454.jpg\"},{\"@type\":\"BreadcrumbList\",\"@id\":\"https:\\\/\\\/nbcs.mx\\\/?p=116172#breadcrumb\",\"itemListElement\":[{\"@type\":\"ListItem\",\"position\":1,\"name\":\"Portada\",\"item\":\"https:\\\/\\\/nbcs.mx\\\/\"},{\"@type\":\"ListItem\",\"position\":2,\"name\":\"Capacita ATF a peritos de BCS en \u201cInvestigaci\u00f3n de Incendios Provocados\u201d\"}]},{\"@type\":\"WebSite\",\"@id\":\"https:\\\/\\\/nbcs.mx\\\/#website\",\"url\":\"https:\\\/\\\/nbcs.mx\\\/\",\"name\":\"NBCS Noticias\",\"description\":\"Sitio web de noticias en Baja California Sur\",\"publisher\":{\"@id\":\"https:\\\/\\\/nbcs.mx\\\/#organization\"},\"potentialAction\":[{\"@type\":\"SearchAction\",\"target\":{\"@type\":\"EntryPoint\",\"urlTemplate\":\"https:\\\/\\\/nbcs.mx\\\/?s={search_term_string}\"},\"query-input\":{\"@type\":\"PropertyValueSpecification\",\"valueRequired\":true,\"valueName\":\"search_term_string\"}}],\"inLanguage\":\"es\"},{\"@type\":\"Organization\",\"@id\":\"https:\\\/\\\/nbcs.mx\\\/#organization\",\"name\":\"NBCS Noticias\",\"url\":\"https:\\\/\\\/nbcs.mx\\\/\",\"logo\":{\"@type\":\"ImageObject\",\"inLanguage\":\"es\",\"@id\":\"https:\\\/\\\/nbcs.mx\\\/#\\\/schema\\\/logo\\\/image\\\/\",\"url\":\"https:\\\/\\\/nbcs.mx\\\/wp-content\\\/uploads\\\/2018\\\/09\\\/057b69485e93575a5c2b1c1dde2dd297.jpeg\",\"contentUrl\":\"https:\\\/\\\/nbcs.mx\\\/wp-content\\\/uploads\\\/2018\\\/09\\\/057b69485e93575a5c2b1c1dde2dd297.jpeg\",\"width\":64,\"height\":64,\"caption\":\"NBCS Noticias\"},\"image\":{\"@id\":\"https:\\\/\\\/nbcs.mx\\\/#\\\/schema\\\/logo\\\/image\\\/\"},\"sameAs\":[\"https:\\\/\\\/www.facebook.com\\\/NBCSnoticias\",\"https:\\\/\\\/x.com\\\/NBCSnoticias\"]},{\"@type\":\"Person\",\"@id\":\"https:\\\/\\\/nbcs.mx\\\/#\\\/schema\\\/person\\\/ece58bab9a7c1e87a4d28ec9ecd79ff4\",\"name\":\"NBCS Noticias\",\"image\":{\"@type\":\"ImageObject\",\"inLanguage\":\"es\",\"@id\":\"https:\\\/\\\/secure.gravatar.com\\\/avatar\\\/4e52110cad1c4054b43271a0d14bbe9e2ea76aecd0e1097edfc670798d9ca1d4?s=96&d=blank&r=g\",\"url\":\"https:\\\/\\\/secure.gravatar.com\\\/avatar\\\/4e52110cad1c4054b43271a0d14bbe9e2ea76aecd0e1097edfc670798d9ca1d4?s=96&d=blank&r=g\",\"contentUrl\":\"https:\\\/\\\/secure.gravatar.com\\\/avatar\\\/4e52110cad1c4054b43271a0d14bbe9e2ea76aecd0e1097edfc670798d9ca1d4?s=96&d=blank&r=g\",\"caption\":\"NBCS Noticias\"},\"description\":\"\u00bfTienes fotos o video de alg\u00fan acto de posible negligencia, corrupci\u00f3n y abuso de autoridad? M\u00e1ndalo al WhatsApp de NBCS Noticias: 612 141 98 08\",\"sameAs\":[\"https:\\\/\\\/www.nbcs.mx\",\"https:\\\/\\\/www.facebook.com\\\/NBCSnoticias\",\"https:\\\/\\\/www.instagram.com\\\/nbcsnoticias\\\/\",\"https:\\\/\\\/x.com\\\/https:\\\/\\\/twitter.com\\\/NBCSnoticias\"]}]}<\/script>\n<!-- \/ Yoast SEO plugin. -->","yoast_head_json":{"title":"Capacita ATF a peritos de BCS en \u201cInvestigaci\u00f3n de Incendios Provocados\u201d - NBCS Noticias","robots":{"index":"index","follow":"follow","max-snippet":"max-snippet:-1","max-image-preview":"max-image-preview:large","max-video-preview":"max-video-preview:-1"},"canonical":"https:\/\/nbcs.mx\/?p=116172","og_locale":"es_ES","og_type":"article","og_title":"Capacita ATF a peritos de BCS en \u201cInvestigaci\u00f3n de Incendios Provocados\u201d - NBCS Noticias","og_description":"La Paz, Baja California Sur.- Especialistas forenses de la Procuradur\u00eda General de Justicia del Estado de Baja California Sur, fueron","og_url":"https:\/\/nbcs.mx\/?p=116172","og_site_name":"NBCS Noticias","article_publisher":"https:\/\/www.facebook.com\/NBCSnoticias","article_author":"https:\/\/www.facebook.com\/NBCSnoticias","article_published_time":"2022-10-26T21:08:47+00:00","og_image":[{"url":"https:\/\/nbcs.mx\/wp-content\/uploads\/2022\/10\/FOTO-COMUNICADO-729-755x454.jpg","type":"","width":"","height":""}],"author":"NBCS Noticias","twitter_card":"summary_large_image","twitter_creator":"@https:\/\/twitter.com\/NBCSnoticias","twitter_site":"@NBCSnoticias","twitter_misc":{"Escrito por":"NBCS Noticias","Tiempo de lectura":"1 minuto"},"schema":{"@context":"https:\/\/schema.org","@graph":[{"@type":"Article","@id":"https:\/\/nbcs.mx\/?p=116172#article","isPartOf":{"@id":"https:\/\/nbcs.mx\/?p=116172"},"author":{"name":"NBCS Noticias","@id":"https:\/\/nbcs.mx\/#\/schema\/person\/ece58bab9a7c1e87a4d28ec9ecd79ff4"},"headline":"Capacita ATF a peritos de BCS en \u201cInvestigaci\u00f3n de Incendios Provocados\u201d","datePublished":"2022-10-26T21:08:47+00:00","mainEntityOfPage":{"@id":"https:\/\/nbcs.mx\/?p=116172"},"wordCount":295,"commentCount":0,"publisher":{"@id":"https:\/\/nbcs.mx\/#organization"},"image":{"@id":"https:\/\/nbcs.mx\/?p=116172#primaryimage"},"thumbnailUrl":"https:\/\/nbcs.mx\/wp-content\/uploads\/2022\/10\/FOTO-COMUNICADO-729-755x454.jpg","articleSection":["Policiacas"],"inLanguage":"es","potentialAction":[{"@type":"CommentAction","name":"Comment","target":["https:\/\/nbcs.mx\/?p=116172#respond"]}]},{"@type":"WebPage","@id":"https:\/\/nbcs.mx\/?p=116172","url":"https:\/\/nbcs.mx\/?p=116172","name":"Capacita ATF a peritos de BCS en \u201cInvestigaci\u00f3n de Incendios Provocados\u201d - NBCS Noticias","isPartOf":{"@id":"https:\/\/nbcs.mx\/#website"},"primaryImageOfPage":{"@id":"https:\/\/nbcs.mx\/?p=116172#primaryimage"},"image":{"@id":"https:\/\/nbcs.mx\/?p=116172#primaryimage"},"thumbnailUrl":"https:\/\/nbcs.mx\/wp-content\/uploads\/2022\/10\/FOTO-COMUNICADO-729-755x454.jpg","datePublished":"2022-10-26T21:08:47+00:00","breadcrumb":{"@id":"https:\/\/nbcs.mx\/?p=116172#breadcrumb"},"inLanguage":"es","potentialAction":[{"@type":"ReadAction","target":["https:\/\/nbcs.mx\/?p=116172"]}]},{"@type":"ImageObject","inLanguage":"es","@id":"https:\/\/nbcs.mx\/?p=116172#primaryimage","url":"https:\/\/nbcs.mx\/wp-content\/uploads\/2022\/10\/FOTO-COMUNICADO-729-755x454.jpg","contentUrl":"https:\/\/nbcs.mx\/wp-content\/uploads\/2022\/10\/FOTO-COMUNICADO-729-755x454.jpg"},{"@type":"BreadcrumbList","@id":"https:\/\/nbcs.mx\/?p=116172#breadcrumb","itemListElement":[{"@type":"ListItem","position":1,"name":"Portada","item":"https:\/\/nbcs.mx\/"},{"@type":"ListItem","position":2,"name":"Capacita ATF a peritos de BCS en \u201cInvestigaci\u00f3n de Incendios Provocados\u201d"}]},{"@type":"WebSite","@id":"https:\/\/nbcs.mx\/#website","url":"https:\/\/nbcs.mx\/","name":"NBCS Noticias","description":"Sitio web de noticias en Baja California Sur","publisher":{"@id":"https:\/\/nbcs.mx\/#organization"},"potentialAction":[{"@type":"SearchAction","target":{"@type":"EntryPoint","urlTemplate":"https:\/\/nbcs.mx\/?s={search_term_string}"},"query-input":{"@type":"PropertyValueSpecification","valueRequired":true,"valueName":"search_term_string"}}],"inLanguage":"es"},{"@type":"Organization","@id":"https:\/\/nbcs.mx\/#organization","name":"NBCS Noticias","url":"https:\/\/nbcs.mx\/","logo":{"@type":"ImageObject","inLanguage":"es","@id":"https:\/\/nbcs.mx\/#\/schema\/logo\/image\/","url":"https:\/\/nbcs.mx\/wp-content\/uploads\/2018\/09\/057b69485e93575a5c2b1c1dde2dd297.jpeg","contentUrl":"https:\/\/nbcs.mx\/wp-content\/uploads\/2018\/09\/057b69485e93575a5c2b1c1dde2dd297.jpeg","width":64,"height":64,"caption":"NBCS Noticias"},"image":{"@id":"https:\/\/nbcs.mx\/#\/schema\/logo\/image\/"},"sameAs":["https:\/\/www.facebook.com\/NBCSnoticias","https:\/\/x.com\/NBCSnoticias"]},{"@type":"Person","@id":"https:\/\/nbcs.mx\/#\/schema\/person\/ece58bab9a7c1e87a4d28ec9ecd79ff4","name":"NBCS Noticias","image":{"@type":"ImageObject","inLanguage":"es","@id":"https:\/\/secure.gravatar.com\/avatar\/4e52110cad1c4054b43271a0d14bbe9e2ea76aecd0e1097edfc670798d9ca1d4?s=96&d=blank&r=g","url":"https:\/\/secure.gravatar.com\/avatar\/4e52110cad1c4054b43271a0d14bbe9e2ea76aecd0e1097edfc670798d9ca1d4?s=96&d=blank&r=g","contentUrl":"https:\/\/secure.gravatar.com\/avatar\/4e52110cad1c4054b43271a0d14bbe9e2ea76aecd0e1097edfc670798d9ca1d4?s=96&d=blank&r=g","caption":"NBCS Noticias"},"description":"\u00bfTienes fotos o video de alg\u00fan acto de posible negligencia, corrupci\u00f3n y abuso de autoridad? M\u00e1ndalo al WhatsApp de NBCS Noticias: 612 141 98 08","sameAs":["https:\/\/www.nbcs.mx","https:\/\/www.facebook.com\/NBCSnoticias","https:\/\/www.instagram.com\/nbcsnoticias\/","https:\/\/x.com\/https:\/\/twitter.com\/NBCSnoticias"]}]}},"jetpack_publicize_connections":[],"jetpack_featured_media_url":"","jetpack_sharing_enabled":true,"_links":{"self":[{"href":"https:\/\/nbcs.mx\/index.php?rest_route=\/wp\/v2\/posts\/116172","targetHints":{"allow":["GET"]}}],"collection":[{"href":"https:\/\/nbcs.mx\/index.php?rest_route=\/wp\/v2\/posts"}],"about":[{"href":"https:\/\/nbcs.mx\/index.php?rest_route=\/wp\/v2\/types\/post"}],"author":[{"embeddable":true,"href":"https:\/\/nbcs.mx\/index.php?rest_route=\/wp\/v2\/users\/1"}],"replies":[{"embeddable":true,"href":"https:\/\/nbcs.mx\/index.php?rest_route=%2Fwp%2Fv2%2Fcomments&post=116172"}],"version-history":[{"count":1,"href":"https:\/\/nbcs.mx\/index.php?rest_route=\/wp\/v2\/posts\/116172\/revisions"}],"predecessor-version":[{"id":116174,"href":"https:\/\/nbcs.mx\/index.php?rest_route=\/wp\/v2\/posts\/116172\/revisions\/116174"}],"wp:attachment":[{"href":"https:\/\/nbcs.mx\/index.php?rest_route=%2Fwp%2Fv2%2Fmedia&parent=116172"}],"wp:term":[{"taxonomy":"category","embeddable":true,"href":"https:\/\/nbcs.mx\/index.php?rest_route=%2Fwp%2Fv2%2Fcategories&post=116172"},{"taxonomy":"post_tag","embeddable":true,"href":"https:\/\/nbcs.mx\/index.php?rest_route=%2Fwp%2Fv2%2Ftags&post=116172"}],"curies":[{"name":"wp","href":"https:\/\/api.w.org\/{rel}","templated":true}]}}