{"id":116835,"date":"2022-11-05T22:12:23","date_gmt":"2022-11-06T05:12:23","guid":{"rendered":"https:\/\/nbcs.mx\/?p=116835"},"modified":"2022-11-06T08:30:40","modified_gmt":"2022-11-06T15:30:40","slug":"realiza-alcalde-de-los-cabos-oscar-leggs-castro-gira-de-trabajo-en-la-zona-rural-de-los-cabos","status":"publish","type":"post","link":"https:\/\/nbcs.mx\/?p=116835","title":{"rendered":"Realiza alcalde de Los Cabos Oscar Leggs Castro gira de trabajo en la zona rural de Los Cabos"},"content":{"rendered":"<p style=\"font-weight: 400; text-align: justify;\"><img loading=\"lazy\" decoding=\"async\" class=\" wp-image-116857 alignleft\" src=\"https:\/\/nbcs.mx\/wp-content\/uploads\/2022\/11\/01-Realiza-alcalde-de-Los-Cabos-gira-de-trabajo-en-la-zona-rural-de-Los-Cabos-02--755x397.jpeg\" alt=\"\" width=\"339\" height=\"178\" \/>Los Cabos, Baja California Sur.- En gira de trabajo por la zona rural, el presidente municipal Oscar Leggs Castro, hizo entrega de un vivero en la delegaci\u00f3n de Miraflores, as\u00ed como la inauguraci\u00f3n de la palapa ubicada en el Centro de Salud y el corte de list\u00f3n del Mercadito Mujeres Emprendedoras de en dicha comunidad; asimismo, en La Ribera se entreg\u00f3 de una biblioteca.<\/p>\n<p style=\"font-weight: 400; text-align: justify;\">Al respecto, el alcalde Oscar Leggs Castro reiter\u00f3 que con la entrega de estas obras se da cumplimiento a las peticiones y solicitudes hechas por la ciudadan\u00eda: \u201cimportante respaldar el trabajo que realizan los delegados, por ello en esta gira de trabajo llevamos a cabo la entrega de algunas infraestructuras en las instalaciones de salud y contribuimos con la reforestaci\u00f3n al contar con un vivero en la comunidad de Miraflores; de igual forma, con el objetivo de impulsar la econom\u00eda de las familias, inauguramos el Mercadito de Mujeres Emprendedoras, donde tendr\u00e1n un espacio para ofertar los diferentes platillos de comida regional; en La Ribera cortamos el list\u00f3n de la biblioteca y el centro de desarrollo\u2019\u2019, indic\u00f3.<\/p>\n<p style=\"font-weight: 400; text-align: justify;\">Dicho lo anterior, el alcalde de Los Cabos reiter\u00f3 el respaldo del Gobierno Municipal con las delegaciones en las acciones que se realizan para beneficio de la ciudadan\u00eda: \u201cvienen cosas muy buenas para la zona de rural; como siempre lo hemos dicho, ning\u00fan lugar m\u00e1s en el olvido\u2019\u2019, a\u00f1adi\u00f3 .<\/p>\n<p style=\"font-weight: 400; text-align: justify;\">Para finalizar el mun\u00edcipe cabe\u00f1o hizo extensiva la invitaci\u00f3n a la ciudadan\u00eda para que este 11 de noviembre en punto de las 5:00 de la tarde lo acompa\u00f1en en la plaza Teniente Antonio Mijares y sean testigos de las acciones que durante este a\u00f1o se han realizado.<\/p>\n<p style=\"font-weight: 400; text-align: justify;\">\n","protected":false},"excerpt":{"rendered":"<p>Los Cabos, Baja California Sur.- En gira de trabajo por la zona rural, el presidente municipal Oscar Leggs Castro, hizo<\/p>\n","protected":false},"author":1,"featured_media":0,"comment_status":"open","ping_status":"closed","sticky":false,"template":"","format":"standard","meta":{"colormag_page_container_layout":"default_layout","colormag_page_sidebar_layout":"default_layout","_jetpack_memberships_contains_paid_content":false,"footnotes":"","jetpack_publicize_message":"","jetpack_publicize_feature_enabled":true,"jetpack_social_post_already_shared":true,"jetpack_social_options":{"image_generator_settings":{"template":"highway","default_image_id":0,"font":"","enabled":false},"version":2}},"categories":[40],"tags":[],"class_list":["post-116835","post","type-post","status-publish","format-standard","hentry","category-municipios"],"yoast_head":"<!-- This site is optimized with the Yoast SEO plugin v27.5 - https:\/\/yoast.com\/product\/yoast-seo-wordpress\/ -->\n<title>Realiza alcalde de Los Cabos Oscar Leggs Castro gira de trabajo en la zona rural de Los Cabos - NBCS Noticias<\/title>\n<meta name=\"robots\" content=\"index, follow, max-snippet:-1, max-image-preview:large, max-video-preview:-1\" \/>\n<link rel=\"canonical\" href=\"https:\/\/nbcs.mx\/?p=116835\" \/>\n<meta property=\"og:locale\" content=\"es_ES\" \/>\n<meta property=\"og:type\" content=\"article\" \/>\n<meta property=\"og:title\" content=\"Realiza alcalde de Los Cabos Oscar Leggs Castro gira de trabajo en la zona rural de Los Cabos - NBCS Noticias\" \/>\n<meta property=\"og:description\" content=\"Los Cabos, Baja California Sur.- En gira de trabajo por la zona rural, el presidente municipal Oscar Leggs Castro, hizo\" \/>\n<meta property=\"og:url\" content=\"https:\/\/nbcs.mx\/?p=116835\" \/>\n<meta property=\"og:site_name\" content=\"NBCS Noticias\" \/>\n<meta property=\"article:publisher\" content=\"https:\/\/www.facebook.com\/NBCSnoticias\" \/>\n<meta property=\"article:author\" content=\"https:\/\/www.facebook.com\/NBCSnoticias\" \/>\n<meta property=\"article:published_time\" content=\"2022-11-06T05:12:23+00:00\" \/>\n<meta property=\"article:modified_time\" content=\"2022-11-06T15:30:40+00:00\" \/>\n<meta property=\"og:image\" content=\"https:\/\/nbcs.mx\/wp-content\/uploads\/2022\/11\/01-Realiza-alcalde-de-Los-Cabos-gira-de-trabajo-en-la-zona-rural-de-Los-Cabos-02--755x397.jpeg\" \/>\n<meta name=\"author\" content=\"NBCS Noticias\" \/>\n<meta name=\"twitter:card\" content=\"summary_large_image\" \/>\n<meta name=\"twitter:creator\" content=\"@https:\/\/twitter.com\/NBCSnoticias\" \/>\n<meta name=\"twitter:site\" content=\"@NBCSnoticias\" \/>\n<meta name=\"twitter:label1\" content=\"Escrito por\" \/>\n\t<meta name=\"twitter:data1\" content=\"NBCS Noticias\" \/>\n\t<meta name=\"twitter:label2\" content=\"Tiempo de lectura\" \/>\n\t<meta name=\"twitter:data2\" content=\"1 minuto\" \/>\n<script type=\"application\/ld+json\" class=\"yoast-schema-graph\">{\"@context\":\"https:\\\/\\\/schema.org\",\"@graph\":[{\"@type\":\"Article\",\"@id\":\"https:\\\/\\\/nbcs.mx\\\/?p=116835#article\",\"isPartOf\":{\"@id\":\"https:\\\/\\\/nbcs.mx\\\/?p=116835\"},\"author\":{\"name\":\"NBCS Noticias\",\"@id\":\"https:\\\/\\\/nbcs.mx\\\/#\\\/schema\\\/person\\\/ece58bab9a7c1e87a4d28ec9ecd79ff4\"},\"headline\":\"Realiza alcalde de Los Cabos Oscar Leggs Castro gira de trabajo en la zona rural de Los Cabos\",\"datePublished\":\"2022-11-06T05:12:23+00:00\",\"dateModified\":\"2022-11-06T15:30:40+00:00\",\"mainEntityOfPage\":{\"@id\":\"https:\\\/\\\/nbcs.mx\\\/?p=116835\"},\"wordCount\":311,\"commentCount\":0,\"publisher\":{\"@id\":\"https:\\\/\\\/nbcs.mx\\\/#organization\"},\"image\":{\"@id\":\"https:\\\/\\\/nbcs.mx\\\/?p=116835#primaryimage\"},\"thumbnailUrl\":\"https:\\\/\\\/nbcs.mx\\\/wp-content\\\/uploads\\\/2022\\\/11\\\/01-Realiza-alcalde-de-Los-Cabos-gira-de-trabajo-en-la-zona-rural-de-Los-Cabos-02--755x397.jpeg\",\"articleSection\":[\"Municipios\"],\"inLanguage\":\"es\",\"potentialAction\":[{\"@type\":\"CommentAction\",\"name\":\"Comment\",\"target\":[\"https:\\\/\\\/nbcs.mx\\\/?p=116835#respond\"]}]},{\"@type\":\"WebPage\",\"@id\":\"https:\\\/\\\/nbcs.mx\\\/?p=116835\",\"url\":\"https:\\\/\\\/nbcs.mx\\\/?p=116835\",\"name\":\"Realiza alcalde de Los Cabos Oscar Leggs Castro gira de trabajo en la zona rural de Los Cabos - NBCS Noticias\",\"isPartOf\":{\"@id\":\"https:\\\/\\\/nbcs.mx\\\/#website\"},\"primaryImageOfPage\":{\"@id\":\"https:\\\/\\\/nbcs.mx\\\/?p=116835#primaryimage\"},\"image\":{\"@id\":\"https:\\\/\\\/nbcs.mx\\\/?p=116835#primaryimage\"},\"thumbnailUrl\":\"https:\\\/\\\/nbcs.mx\\\/wp-content\\\/uploads\\\/2022\\\/11\\\/01-Realiza-alcalde-de-Los-Cabos-gira-de-trabajo-en-la-zona-rural-de-Los-Cabos-02--755x397.jpeg\",\"datePublished\":\"2022-11-06T05:12:23+00:00\",\"dateModified\":\"2022-11-06T15:30:40+00:00\",\"breadcrumb\":{\"@id\":\"https:\\\/\\\/nbcs.mx\\\/?p=116835#breadcrumb\"},\"inLanguage\":\"es\",\"potentialAction\":[{\"@type\":\"ReadAction\",\"target\":[\"https:\\\/\\\/nbcs.mx\\\/?p=116835\"]}]},{\"@type\":\"ImageObject\",\"inLanguage\":\"es\",\"@id\":\"https:\\\/\\\/nbcs.mx\\\/?p=116835#primaryimage\",\"url\":\"https:\\\/\\\/nbcs.mx\\\/wp-content\\\/uploads\\\/2022\\\/11\\\/01-Realiza-alcalde-de-Los-Cabos-gira-de-trabajo-en-la-zona-rural-de-Los-Cabos-02--755x397.jpeg\",\"contentUrl\":\"https:\\\/\\\/nbcs.mx\\\/wp-content\\\/uploads\\\/2022\\\/11\\\/01-Realiza-alcalde-de-Los-Cabos-gira-de-trabajo-en-la-zona-rural-de-Los-Cabos-02--755x397.jpeg\"},{\"@type\":\"BreadcrumbList\",\"@id\":\"https:\\\/\\\/nbcs.mx\\\/?p=116835#breadcrumb\",\"itemListElement\":[{\"@type\":\"ListItem\",\"position\":1,\"name\":\"Portada\",\"item\":\"https:\\\/\\\/nbcs.mx\\\/\"},{\"@type\":\"ListItem\",\"position\":2,\"name\":\"Realiza alcalde de Los Cabos Oscar Leggs Castro gira de trabajo en la zona rural de Los Cabos\"}]},{\"@type\":\"WebSite\",\"@id\":\"https:\\\/\\\/nbcs.mx\\\/#website\",\"url\":\"https:\\\/\\\/nbcs.mx\\\/\",\"name\":\"NBCS Noticias\",\"description\":\"Sitio web de noticias en Baja California Sur\",\"publisher\":{\"@id\":\"https:\\\/\\\/nbcs.mx\\\/#organization\"},\"potentialAction\":[{\"@type\":\"SearchAction\",\"target\":{\"@type\":\"EntryPoint\",\"urlTemplate\":\"https:\\\/\\\/nbcs.mx\\\/?s={search_term_string}\"},\"query-input\":{\"@type\":\"PropertyValueSpecification\",\"valueRequired\":true,\"valueName\":\"search_term_string\"}}],\"inLanguage\":\"es\"},{\"@type\":\"Organization\",\"@id\":\"https:\\\/\\\/nbcs.mx\\\/#organization\",\"name\":\"NBCS Noticias\",\"url\":\"https:\\\/\\\/nbcs.mx\\\/\",\"logo\":{\"@type\":\"ImageObject\",\"inLanguage\":\"es\",\"@id\":\"https:\\\/\\\/nbcs.mx\\\/#\\\/schema\\\/logo\\\/image\\\/\",\"url\":\"https:\\\/\\\/nbcs.mx\\\/wp-content\\\/uploads\\\/2018\\\/09\\\/057b69485e93575a5c2b1c1dde2dd297.jpeg\",\"contentUrl\":\"https:\\\/\\\/nbcs.mx\\\/wp-content\\\/uploads\\\/2018\\\/09\\\/057b69485e93575a5c2b1c1dde2dd297.jpeg\",\"width\":64,\"height\":64,\"caption\":\"NBCS Noticias\"},\"image\":{\"@id\":\"https:\\\/\\\/nbcs.mx\\\/#\\\/schema\\\/logo\\\/image\\\/\"},\"sameAs\":[\"https:\\\/\\\/www.facebook.com\\\/NBCSnoticias\",\"https:\\\/\\\/x.com\\\/NBCSnoticias\"]},{\"@type\":\"Person\",\"@id\":\"https:\\\/\\\/nbcs.mx\\\/#\\\/schema\\\/person\\\/ece58bab9a7c1e87a4d28ec9ecd79ff4\",\"name\":\"NBCS Noticias\",\"image\":{\"@type\":\"ImageObject\",\"inLanguage\":\"es\",\"@id\":\"https:\\\/\\\/secure.gravatar.com\\\/avatar\\\/4e52110cad1c4054b43271a0d14bbe9e2ea76aecd0e1097edfc670798d9ca1d4?s=96&d=blank&r=g\",\"url\":\"https:\\\/\\\/secure.gravatar.com\\\/avatar\\\/4e52110cad1c4054b43271a0d14bbe9e2ea76aecd0e1097edfc670798d9ca1d4?s=96&d=blank&r=g\",\"contentUrl\":\"https:\\\/\\\/secure.gravatar.com\\\/avatar\\\/4e52110cad1c4054b43271a0d14bbe9e2ea76aecd0e1097edfc670798d9ca1d4?s=96&d=blank&r=g\",\"caption\":\"NBCS Noticias\"},\"description\":\"\u00bfTienes fotos o video de alg\u00fan acto de posible negligencia, corrupci\u00f3n y abuso de autoridad? M\u00e1ndalo al WhatsApp de NBCS Noticias: 612 141 98 08\",\"sameAs\":[\"https:\\\/\\\/www.nbcs.mx\",\"https:\\\/\\\/www.facebook.com\\\/NBCSnoticias\",\"https:\\\/\\\/www.instagram.com\\\/nbcsnoticias\\\/\",\"https:\\\/\\\/x.com\\\/https:\\\/\\\/twitter.com\\\/NBCSnoticias\"]}]}<\/script>\n<!-- \/ Yoast SEO plugin. -->","yoast_head_json":{"title":"Realiza alcalde de Los Cabos Oscar Leggs Castro gira de trabajo en la zona rural de Los Cabos - NBCS Noticias","robots":{"index":"index","follow":"follow","max-snippet":"max-snippet:-1","max-image-preview":"max-image-preview:large","max-video-preview":"max-video-preview:-1"},"canonical":"https:\/\/nbcs.mx\/?p=116835","og_locale":"es_ES","og_type":"article","og_title":"Realiza alcalde de Los Cabos Oscar Leggs Castro gira de trabajo en la zona rural de Los Cabos - NBCS Noticias","og_description":"Los Cabos, Baja California Sur.- En gira de trabajo por la zona rural, el presidente municipal Oscar Leggs Castro, hizo","og_url":"https:\/\/nbcs.mx\/?p=116835","og_site_name":"NBCS Noticias","article_publisher":"https:\/\/www.facebook.com\/NBCSnoticias","article_author":"https:\/\/www.facebook.com\/NBCSnoticias","article_published_time":"2022-11-06T05:12:23+00:00","article_modified_time":"2022-11-06T15:30:40+00:00","og_image":[{"url":"https:\/\/nbcs.mx\/wp-content\/uploads\/2022\/11\/01-Realiza-alcalde-de-Los-Cabos-gira-de-trabajo-en-la-zona-rural-de-Los-Cabos-02--755x397.jpeg","type":"","width":"","height":""}],"author":"NBCS Noticias","twitter_card":"summary_large_image","twitter_creator":"@https:\/\/twitter.com\/NBCSnoticias","twitter_site":"@NBCSnoticias","twitter_misc":{"Escrito por":"NBCS Noticias","Tiempo de lectura":"1 minuto"},"schema":{"@context":"https:\/\/schema.org","@graph":[{"@type":"Article","@id":"https:\/\/nbcs.mx\/?p=116835#article","isPartOf":{"@id":"https:\/\/nbcs.mx\/?p=116835"},"author":{"name":"NBCS Noticias","@id":"https:\/\/nbcs.mx\/#\/schema\/person\/ece58bab9a7c1e87a4d28ec9ecd79ff4"},"headline":"Realiza alcalde de Los Cabos Oscar Leggs Castro gira de trabajo en la zona rural de Los Cabos","datePublished":"2022-11-06T05:12:23+00:00","dateModified":"2022-11-06T15:30:40+00:00","mainEntityOfPage":{"@id":"https:\/\/nbcs.mx\/?p=116835"},"wordCount":311,"commentCount":0,"publisher":{"@id":"https:\/\/nbcs.mx\/#organization"},"image":{"@id":"https:\/\/nbcs.mx\/?p=116835#primaryimage"},"thumbnailUrl":"https:\/\/nbcs.mx\/wp-content\/uploads\/2022\/11\/01-Realiza-alcalde-de-Los-Cabos-gira-de-trabajo-en-la-zona-rural-de-Los-Cabos-02--755x397.jpeg","articleSection":["Municipios"],"inLanguage":"es","potentialAction":[{"@type":"CommentAction","name":"Comment","target":["https:\/\/nbcs.mx\/?p=116835#respond"]}]},{"@type":"WebPage","@id":"https:\/\/nbcs.mx\/?p=116835","url":"https:\/\/nbcs.mx\/?p=116835","name":"Realiza alcalde de Los Cabos Oscar Leggs Castro gira de trabajo en la zona rural de Los Cabos - NBCS Noticias","isPartOf":{"@id":"https:\/\/nbcs.mx\/#website"},"primaryImageOfPage":{"@id":"https:\/\/nbcs.mx\/?p=116835#primaryimage"},"image":{"@id":"https:\/\/nbcs.mx\/?p=116835#primaryimage"},"thumbnailUrl":"https:\/\/nbcs.mx\/wp-content\/uploads\/2022\/11\/01-Realiza-alcalde-de-Los-Cabos-gira-de-trabajo-en-la-zona-rural-de-Los-Cabos-02--755x397.jpeg","datePublished":"2022-11-06T05:12:23+00:00","dateModified":"2022-11-06T15:30:40+00:00","breadcrumb":{"@id":"https:\/\/nbcs.mx\/?p=116835#breadcrumb"},"inLanguage":"es","potentialAction":[{"@type":"ReadAction","target":["https:\/\/nbcs.mx\/?p=116835"]}]},{"@type":"ImageObject","inLanguage":"es","@id":"https:\/\/nbcs.mx\/?p=116835#primaryimage","url":"https:\/\/nbcs.mx\/wp-content\/uploads\/2022\/11\/01-Realiza-alcalde-de-Los-Cabos-gira-de-trabajo-en-la-zona-rural-de-Los-Cabos-02--755x397.jpeg","contentUrl":"https:\/\/nbcs.mx\/wp-content\/uploads\/2022\/11\/01-Realiza-alcalde-de-Los-Cabos-gira-de-trabajo-en-la-zona-rural-de-Los-Cabos-02--755x397.jpeg"},{"@type":"BreadcrumbList","@id":"https:\/\/nbcs.mx\/?p=116835#breadcrumb","itemListElement":[{"@type":"ListItem","position":1,"name":"Portada","item":"https:\/\/nbcs.mx\/"},{"@type":"ListItem","position":2,"name":"Realiza alcalde de Los Cabos Oscar Leggs Castro gira de trabajo en la zona rural de Los Cabos"}]},{"@type":"WebSite","@id":"https:\/\/nbcs.mx\/#website","url":"https:\/\/nbcs.mx\/","name":"NBCS Noticias","description":"Sitio web de noticias en Baja California Sur","publisher":{"@id":"https:\/\/nbcs.mx\/#organization"},"potentialAction":[{"@type":"SearchAction","target":{"@type":"EntryPoint","urlTemplate":"https:\/\/nbcs.mx\/?s={search_term_string}"},"query-input":{"@type":"PropertyValueSpecification","valueRequired":true,"valueName":"search_term_string"}}],"inLanguage":"es"},{"@type":"Organization","@id":"https:\/\/nbcs.mx\/#organization","name":"NBCS Noticias","url":"https:\/\/nbcs.mx\/","logo":{"@type":"ImageObject","inLanguage":"es","@id":"https:\/\/nbcs.mx\/#\/schema\/logo\/image\/","url":"https:\/\/nbcs.mx\/wp-content\/uploads\/2018\/09\/057b69485e93575a5c2b1c1dde2dd297.jpeg","contentUrl":"https:\/\/nbcs.mx\/wp-content\/uploads\/2018\/09\/057b69485e93575a5c2b1c1dde2dd297.jpeg","width":64,"height":64,"caption":"NBCS Noticias"},"image":{"@id":"https:\/\/nbcs.mx\/#\/schema\/logo\/image\/"},"sameAs":["https:\/\/www.facebook.com\/NBCSnoticias","https:\/\/x.com\/NBCSnoticias"]},{"@type":"Person","@id":"https:\/\/nbcs.mx\/#\/schema\/person\/ece58bab9a7c1e87a4d28ec9ecd79ff4","name":"NBCS Noticias","image":{"@type":"ImageObject","inLanguage":"es","@id":"https:\/\/secure.gravatar.com\/avatar\/4e52110cad1c4054b43271a0d14bbe9e2ea76aecd0e1097edfc670798d9ca1d4?s=96&d=blank&r=g","url":"https:\/\/secure.gravatar.com\/avatar\/4e52110cad1c4054b43271a0d14bbe9e2ea76aecd0e1097edfc670798d9ca1d4?s=96&d=blank&r=g","contentUrl":"https:\/\/secure.gravatar.com\/avatar\/4e52110cad1c4054b43271a0d14bbe9e2ea76aecd0e1097edfc670798d9ca1d4?s=96&d=blank&r=g","caption":"NBCS Noticias"},"description":"\u00bfTienes fotos o video de alg\u00fan acto de posible negligencia, corrupci\u00f3n y abuso de autoridad? M\u00e1ndalo al WhatsApp de NBCS Noticias: 612 141 98 08","sameAs":["https:\/\/www.nbcs.mx","https:\/\/www.facebook.com\/NBCSnoticias","https:\/\/www.instagram.com\/nbcsnoticias\/","https:\/\/x.com\/https:\/\/twitter.com\/NBCSnoticias"]}]}},"jetpack_publicize_connections":[],"jetpack_featured_media_url":"","jetpack_sharing_enabled":true,"_links":{"self":[{"href":"https:\/\/nbcs.mx\/index.php?rest_route=\/wp\/v2\/posts\/116835","targetHints":{"allow":["GET"]}}],"collection":[{"href":"https:\/\/nbcs.mx\/index.php?rest_route=\/wp\/v2\/posts"}],"about":[{"href":"https:\/\/nbcs.mx\/index.php?rest_route=\/wp\/v2\/types\/post"}],"author":[{"embeddable":true,"href":"https:\/\/nbcs.mx\/index.php?rest_route=\/wp\/v2\/users\/1"}],"replies":[{"embeddable":true,"href":"https:\/\/nbcs.mx\/index.php?rest_route=%2Fwp%2Fv2%2Fcomments&post=116835"}],"version-history":[{"count":2,"href":"https:\/\/nbcs.mx\/index.php?rest_route=\/wp\/v2\/posts\/116835\/revisions"}],"predecessor-version":[{"id":116858,"href":"https:\/\/nbcs.mx\/index.php?rest_route=\/wp\/v2\/posts\/116835\/revisions\/116858"}],"wp:attachment":[{"href":"https:\/\/nbcs.mx\/index.php?rest_route=%2Fwp%2Fv2%2Fmedia&parent=116835"}],"wp:term":[{"taxonomy":"category","embeddable":true,"href":"https:\/\/nbcs.mx\/index.php?rest_route=%2Fwp%2Fv2%2Fcategories&post=116835"},{"taxonomy":"post_tag","embeddable":true,"href":"https:\/\/nbcs.mx\/index.php?rest_route=%2Fwp%2Fv2%2Ftags&post=116835"}],"curies":[{"name":"wp","href":"https:\/\/api.w.org\/{rel}","templated":true}]}}