{"id":118343,"date":"2022-11-29T19:10:09","date_gmt":"2022-11-30T02:10:09","guid":{"rendered":"https:\/\/nbcs.mx\/?p=118343"},"modified":"2022-11-29T19:10:09","modified_gmt":"2022-11-30T02:10:09","slug":"es-prioridad-seguir-fortaleciendo-las-distintas-areas-municipales-para-la-consolidacion-de-proyectos-y-planes-de-desarrollo","status":"publish","type":"post","link":"https:\/\/nbcs.mx\/?p=118343","title":{"rendered":"Es prioridad seguir fortaleciendo las distintas \u00e1reas municipales para la consolidaci\u00f3n de proyectos y planes de desarrollo"},"content":{"rendered":"<div>\n<p class=\"paragraph\" style=\"text-align: justify;\"><span lang=\"ES\"><img loading=\"lazy\" decoding=\"async\" class=\" wp-image-118344 alignleft\" src=\"https:\/\/nbcs.mx\/wp-content\/uploads\/2022\/11\/04-Es-prioridad-del-Gobierno-de-Los-Cabos-seguir-fortaleciendo-las-distintas-aereas-municipales-para-la-consolidacioen-de-proyectos-y-planes-de-desarrollo-738x492.jpeg\" alt=\"\" width=\"314\" height=\"209\" \/>Los Cabos, Baja California Sur.-<\/span><span lang=\"ES\"> Dentro de la agenda de trabajo de este martes 29 de noviembre, el alcalde de Los Cabos Oscar Leggs Castro tuvo a bien efectuar la ratificaci\u00f3n de nombramientos como asesores honorarios de la presidencia del XIV Ayuntamiento a los ciudadanos Ricardo Reyes Sandoval y Guillermo Marr\u00f3n Rosas.<\/span><\/p>\n<\/div>\n<div style=\"text-align: justify;\">\n<p class=\"paragraph\"><span lang=\"ES\">\u00a0<\/span><\/p>\n<\/div>\n<div style=\"text-align: justify;\">\n<p class=\"paragraph\"><span lang=\"ES\">El presidente municipal, enfatiz\u00f3 que el Gobierno con sentido humano tiene el compromiso de seguir fortaleciendo las instituciones y cada una de las \u00e1reas municipales para bien de la ciudadan\u00eda, dando rumbo y certeza a las acciones emprendidas por la XIV Administraci\u00f3n Municipal que encabeza.<\/span><\/p>\n<\/div>\n<div style=\"text-align: justify;\">\n<p class=\"paragraph\"><span lang=\"ES\">\u00a0<\/span><\/p>\n<\/div>\n<div style=\"text-align: justify;\">\n<p class=\"paragraph\"><span lang=\"ES\">En ese sentido, quien recibi\u00f3 el nombramiento como asesor honorario de presidencia, Ricardo Reyes Sandoval, indic\u00f3 que es prioridad de la XIV Administraci\u00f3n seguir fortaleciendo el trabajo integral para atender y resolver temas de relevancia para el municipio, as\u00ed como necesidades de la poblaci\u00f3n.<\/span><\/p>\n<\/div>\n<div style=\"text-align: justify;\">\n<p class=\"paragraph\"><span lang=\"ES\">\u00a0<\/span><\/p>\n<\/div>\n<div style=\"text-align: justify;\">\n<p class=\"paragraph\"><span lang=\"ES\">\u201cVenimos trabajando ya con el alcalde desde el inicio de la Administraci\u00f3n, hoy se ratifica el compromiso de ser consejero externo para el presidente municipal, los temas que hemos estado atendiendo tienen que ver con desarrollos inmobiliarios y movilidad, en un trabajo con la SCT, Fonatur y el Implan, adem\u00e1s de temas estrat\u00e9gicos de proyectos a largo plazo. Para el Ayuntamiento es muy importante seguir fortaleciendo las acciones del presidente municipal y en ese sentido estamos trabajando de la mano con los regidores y personal t\u00e9cnico de las diferentes \u00e1reas para sumarnos al trabajo del alcalde\u201d, declar\u00f3.<\/span><\/p>\n<\/div>\n<div style=\"text-align: justify;\">\n<p class=\"paragraph\"><span lang=\"ES\">\u00a0<\/span><\/p>\n<\/div>\n<div style=\"text-align: justify;\">\n<p class=\"paragraph\"><span lang=\"ES\">Por su parte, Guillermo Marr\u00f3n Rosas, destac\u00f3 el compromiso del alcalde Oscar Leggs Castro de trabajar de manera coordinada con cada una de las dependencias para seguir consolidando acciones y resultados.<\/span><\/p>\n<\/div>\n<div style=\"text-align: justify;\">\n<p class=\"paragraph\"><span lang=\"ES\">\u00a0<\/span><\/p>\n<\/div>\n<div style=\"text-align: justify;\">\n<p class=\"paragraph\"><span lang=\"ES\">\u201cLa premisa fundamental es que a Los Cabos le vaya bien, que el Gobierno con sentido humano siga fortaleciendo esa atenci\u00f3n de calidad a la ciudadan\u00eda y continuar dando cumplimiento a los prop\u00f3sitos en el plan de desarrollo que se fij\u00f3 desde el inicio de este Gobierno\u201d, expuso Marr\u00f3n Rosas.<\/span><\/p>\n<\/div>\n<div style=\"text-align: justify;\">\n<p class=\"paragraph\"><span lang=\"ES\">\u00a0<\/span><\/p>\n<\/div>\n<div style=\"text-align: justify;\">\n<p class=\"paragraph\"><span lang=\"ES\">De esta forma, el XIV Ayuntamiento de Los Cabos que preside el alcalde Oscar Leggs Castro refrenda la voluntad de seguir rigiendo con un sentido humano y atenci\u00f3n directa con la ciudadan\u00eda, as\u00ed como continuar impulsando acciones y obras dirigidas al desarrollo municipal.<\/span><\/p>\n<\/div>\n<div>\n<p class=\"paragraph\" style=\"text-align: justify;\"><span lang=\"ES\">\u00a0<\/span><\/p>\n<\/div>\n","protected":false},"excerpt":{"rendered":"<p>Los Cabos, Baja California Sur.- Dentro de la agenda de trabajo de este martes 29 de noviembre, el alcalde de<\/p>\n","protected":false},"author":1,"featured_media":0,"comment_status":"open","ping_status":"closed","sticky":false,"template":"","format":"standard","meta":{"colormag_page_container_layout":"default_layout","colormag_page_sidebar_layout":"default_layout","_jetpack_newsletter_access":"","_jetpack_dont_email_post_to_subs":false,"_jetpack_newsletter_tier_id":0,"_jetpack_memberships_contains_paywalled_content":false,"_jetpack_feature_clip_id":0,"_jetpack_memberships_contains_paid_content":false,"footnotes":"","jetpack_publicize_message":"","jetpack_publicize_feature_enabled":true,"jetpack_social_post_already_shared":true,"jetpack_social_options":{"image_generator_settings":{"template":"highway","default_image_id":0,"font":"","enabled":false},"version":2},"jetpack_post_was_ever_published":false},"categories":[40],"tags":[],"class_list":["post-118343","post","type-post","status-publish","format-standard","hentry","category-municipios"],"yoast_head":"<!-- This site is optimized with the Yoast SEO plugin v28.4 - https:\/\/yoast.com\/product\/yoast-seo-wordpress\/ -->\n<title>Es prioridad seguir fortaleciendo las distintas \u00e1reas municipales para la consolidaci\u00f3n de proyectos y planes de desarrollo - NBCS Noticias<\/title>\n<meta name=\"robots\" content=\"index, follow, max-snippet:-1, max-image-preview:large, max-video-preview:-1\" \/>\n<link rel=\"canonical\" href=\"https:\/\/nbcs.mx\/?p=118343\" \/>\n<meta property=\"og:locale\" content=\"es_ES\" \/>\n<meta property=\"og:type\" content=\"article\" \/>\n<meta property=\"og:title\" content=\"Es prioridad seguir fortaleciendo las distintas \u00e1reas municipales para la consolidaci\u00f3n de proyectos y planes de desarrollo - NBCS Noticias\" \/>\n<meta property=\"og:description\" content=\"Los Cabos, Baja California Sur.- Dentro de la agenda de trabajo de este martes 29 de noviembre, el alcalde de\" \/>\n<meta property=\"og:url\" content=\"https:\/\/nbcs.mx\/?p=118343\" \/>\n<meta property=\"og:site_name\" content=\"NBCS Noticias\" \/>\n<meta property=\"article:publisher\" content=\"https:\/\/www.facebook.com\/NBCSnoticias\" \/>\n<meta property=\"article:author\" content=\"https:\/\/www.facebook.com\/NBCSnoticias\" \/>\n<meta property=\"article:published_time\" content=\"2022-11-30T02:10:09+00:00\" \/>\n<meta property=\"og:image\" content=\"https:\/\/nbcs.mx\/wp-content\/uploads\/2022\/11\/04-Es-prioridad-del-Gobierno-de-Los-Cabos-seguir-fortaleciendo-las-distintas-aereas-municipales-para-la-consolidacioen-de-proyectos-y-planes-de-desarrollo-738x492.jpeg\" \/>\n<meta name=\"author\" content=\"NBCS Noticias\" \/>\n<meta name=\"twitter:card\" content=\"summary_large_image\" \/>\n<meta name=\"twitter:creator\" content=\"@https:\/\/twitter.com\/NBCSnoticias\" \/>\n<meta name=\"twitter:site\" content=\"@NBCSnoticias\" \/>\n<meta name=\"twitter:label1\" content=\"Escrito por\" \/>\n\t<meta name=\"twitter:data1\" content=\"NBCS Noticias\" \/>\n\t<meta name=\"twitter:label2\" content=\"Tiempo de lectura\" \/>\n\t<meta name=\"twitter:data2\" content=\"2 minutos\" \/>\n<script type=\"application\/ld+json\" class=\"yoast-schema-graph\">{\"@context\":\"https:\\\/\\\/schema.org\",\"@graph\":[{\"@type\":\"Article\",\"@id\":\"https:\\\/\\\/nbcs.mx\\\/?p=118343#article\",\"isPartOf\":{\"@id\":\"https:\\\/\\\/nbcs.mx\\\/?p=118343\"},\"author\":{\"name\":\"NBCS Noticias\",\"@id\":\"https:\\\/\\\/nbcs.mx\\\/#\\\/schema\\\/person\\\/ece58bab9a7c1e87a4d28ec9ecd79ff4\"},\"headline\":\"Es prioridad seguir fortaleciendo las distintas \u00e1reas municipales para la consolidaci\u00f3n de proyectos y planes de desarrollo\",\"datePublished\":\"2022-11-30T02:10:09+00:00\",\"mainEntityOfPage\":{\"@id\":\"https:\\\/\\\/nbcs.mx\\\/?p=118343\"},\"wordCount\":397,\"commentCount\":0,\"publisher\":{\"@id\":\"https:\\\/\\\/nbcs.mx\\\/#organization\"},\"image\":{\"@id\":\"https:\\\/\\\/nbcs.mx\\\/?p=118343#primaryimage\"},\"thumbnailUrl\":\"https:\\\/\\\/nbcs.mx\\\/wp-content\\\/uploads\\\/2022\\\/11\\\/04-Es-prioridad-del-Gobierno-de-Los-Cabos-seguir-fortaleciendo-las-distintas-aereas-municipales-para-la-consolidacioen-de-proyectos-y-planes-de-desarrollo-738x492.jpeg\",\"articleSection\":[\"Municipios\"],\"inLanguage\":\"es\",\"potentialAction\":[{\"@type\":\"CommentAction\",\"name\":\"Comment\",\"target\":[\"https:\\\/\\\/nbcs.mx\\\/?p=118343#respond\"]}]},{\"@type\":\"WebPage\",\"@id\":\"https:\\\/\\\/nbcs.mx\\\/?p=118343\",\"url\":\"https:\\\/\\\/nbcs.mx\\\/?p=118343\",\"name\":\"Es prioridad seguir fortaleciendo las distintas \u00e1reas municipales para la consolidaci\u00f3n de proyectos y planes de desarrollo - NBCS Noticias\",\"isPartOf\":{\"@id\":\"https:\\\/\\\/nbcs.mx\\\/#website\"},\"primaryImageOfPage\":{\"@id\":\"https:\\\/\\\/nbcs.mx\\\/?p=118343#primaryimage\"},\"image\":{\"@id\":\"https:\\\/\\\/nbcs.mx\\\/?p=118343#primaryimage\"},\"thumbnailUrl\":\"https:\\\/\\\/nbcs.mx\\\/wp-content\\\/uploads\\\/2022\\\/11\\\/04-Es-prioridad-del-Gobierno-de-Los-Cabos-seguir-fortaleciendo-las-distintas-aereas-municipales-para-la-consolidacioen-de-proyectos-y-planes-de-desarrollo-738x492.jpeg\",\"datePublished\":\"2022-11-30T02:10:09+00:00\",\"breadcrumb\":{\"@id\":\"https:\\\/\\\/nbcs.mx\\\/?p=118343#breadcrumb\"},\"inLanguage\":\"es\",\"potentialAction\":[{\"@type\":\"ReadAction\",\"target\":[\"https:\\\/\\\/nbcs.mx\\\/?p=118343\"]}]},{\"@type\":\"ImageObject\",\"inLanguage\":\"es\",\"@id\":\"https:\\\/\\\/nbcs.mx\\\/?p=118343#primaryimage\",\"url\":\"https:\\\/\\\/nbcs.mx\\\/wp-content\\\/uploads\\\/2022\\\/11\\\/04-Es-prioridad-del-Gobierno-de-Los-Cabos-seguir-fortaleciendo-las-distintas-aereas-municipales-para-la-consolidacioen-de-proyectos-y-planes-de-desarrollo-738x492.jpeg\",\"contentUrl\":\"https:\\\/\\\/nbcs.mx\\\/wp-content\\\/uploads\\\/2022\\\/11\\\/04-Es-prioridad-del-Gobierno-de-Los-Cabos-seguir-fortaleciendo-las-distintas-aereas-municipales-para-la-consolidacioen-de-proyectos-y-planes-de-desarrollo-738x492.jpeg\"},{\"@type\":\"BreadcrumbList\",\"@id\":\"https:\\\/\\\/nbcs.mx\\\/?p=118343#breadcrumb\",\"itemListElement\":[{\"@type\":\"ListItem\",\"position\":1,\"name\":\"Portada\",\"item\":\"https:\\\/\\\/nbcs.mx\\\/\"},{\"@type\":\"ListItem\",\"position\":2,\"name\":\"Es prioridad seguir fortaleciendo las distintas \u00e1reas municipales para la consolidaci\u00f3n de proyectos y planes de desarrollo\"}]},{\"@type\":\"WebSite\",\"@id\":\"https:\\\/\\\/nbcs.mx\\\/#website\",\"url\":\"https:\\\/\\\/nbcs.mx\\\/\",\"name\":\"NBCS Noticias\",\"description\":\"Sitio web de noticias en Baja California Sur\",\"publisher\":{\"@id\":\"https:\\\/\\\/nbcs.mx\\\/#organization\"},\"potentialAction\":[{\"@type\":\"SearchAction\",\"target\":{\"@type\":\"EntryPoint\",\"urlTemplate\":\"https:\\\/\\\/nbcs.mx\\\/?s={search_term_string}\"},\"query-input\":{\"@type\":\"PropertyValueSpecification\",\"valueRequired\":true,\"valueName\":\"search_term_string\"}}],\"inLanguage\":\"es\"},{\"@type\":\"Organization\",\"@id\":\"https:\\\/\\\/nbcs.mx\\\/#organization\",\"name\":\"NBCS Noticias\",\"url\":\"https:\\\/\\\/nbcs.mx\\\/\",\"logo\":{\"@type\":\"ImageObject\",\"inLanguage\":\"es\",\"@id\":\"https:\\\/\\\/nbcs.mx\\\/#\\\/schema\\\/logo\\\/image\\\/\",\"url\":\"https:\\\/\\\/nbcs.mx\\\/wp-content\\\/uploads\\\/2018\\\/09\\\/057b69485e93575a5c2b1c1dde2dd297.jpeg\",\"contentUrl\":\"https:\\\/\\\/nbcs.mx\\\/wp-content\\\/uploads\\\/2018\\\/09\\\/057b69485e93575a5c2b1c1dde2dd297.jpeg\",\"width\":64,\"height\":64,\"caption\":\"NBCS Noticias\"},\"image\":{\"@id\":\"https:\\\/\\\/nbcs.mx\\\/#\\\/schema\\\/logo\\\/image\\\/\"},\"sameAs\":[\"https:\\\/\\\/www.facebook.com\\\/NBCSnoticias\",\"https:\\\/\\\/x.com\\\/NBCSnoticias\"]},{\"@type\":\"Person\",\"@id\":\"https:\\\/\\\/nbcs.mx\\\/#\\\/schema\\\/person\\\/ece58bab9a7c1e87a4d28ec9ecd79ff4\",\"name\":\"NBCS Noticias\",\"image\":{\"@type\":\"ImageObject\",\"inLanguage\":\"es\",\"@id\":\"https:\\\/\\\/secure.gravatar.com\\\/avatar\\\/4e52110cad1c4054b43271a0d14bbe9e2ea76aecd0e1097edfc670798d9ca1d4?s=96&d=blank&r=g\",\"url\":\"https:\\\/\\\/secure.gravatar.com\\\/avatar\\\/4e52110cad1c4054b43271a0d14bbe9e2ea76aecd0e1097edfc670798d9ca1d4?s=96&d=blank&r=g\",\"contentUrl\":\"https:\\\/\\\/secure.gravatar.com\\\/avatar\\\/4e52110cad1c4054b43271a0d14bbe9e2ea76aecd0e1097edfc670798d9ca1d4?s=96&d=blank&r=g\",\"caption\":\"NBCS Noticias\"},\"description\":\"\u00bfTienes fotos o video de alg\u00fan acto de posible negligencia, corrupci\u00f3n y abuso de autoridad? M\u00e1ndalo al WhatsApp de NBCS Noticias: 612 141 98 08\",\"sameAs\":[\"https:\\\/\\\/www.nbcs.mx\",\"https:\\\/\\\/www.facebook.com\\\/NBCSnoticias\",\"https:\\\/\\\/www.instagram.com\\\/nbcsnoticias\\\/\",\"https:\\\/\\\/x.com\\\/https:\\\/\\\/twitter.com\\\/NBCSnoticias\"]}]}<\/script>\n<!-- \/ Yoast SEO plugin. -->","yoast_head_json":{"title":"Es prioridad seguir fortaleciendo las distintas \u00e1reas municipales para la consolidaci\u00f3n de proyectos y planes de desarrollo - NBCS Noticias","robots":{"index":"index","follow":"follow","max-snippet":"max-snippet:-1","max-image-preview":"max-image-preview:large","max-video-preview":"max-video-preview:-1"},"canonical":"https:\/\/nbcs.mx\/?p=118343","og_locale":"es_ES","og_type":"article","og_title":"Es prioridad seguir fortaleciendo las distintas \u00e1reas municipales para la consolidaci\u00f3n de proyectos y planes de desarrollo - NBCS Noticias","og_description":"Los Cabos, Baja California Sur.- Dentro de la agenda de trabajo de este martes 29 de noviembre, el alcalde de","og_url":"https:\/\/nbcs.mx\/?p=118343","og_site_name":"NBCS Noticias","article_publisher":"https:\/\/www.facebook.com\/NBCSnoticias","article_author":"https:\/\/www.facebook.com\/NBCSnoticias","article_published_time":"2022-11-30T02:10:09+00:00","og_image":[{"url":"https:\/\/nbcs.mx\/wp-content\/uploads\/2022\/11\/04-Es-prioridad-del-Gobierno-de-Los-Cabos-seguir-fortaleciendo-las-distintas-aereas-municipales-para-la-consolidacioen-de-proyectos-y-planes-de-desarrollo-738x492.jpeg","type":"","width":"","height":""}],"author":"NBCS Noticias","twitter_card":"summary_large_image","twitter_creator":"@https:\/\/twitter.com\/NBCSnoticias","twitter_site":"@NBCSnoticias","twitter_misc":{"Escrito por":"NBCS Noticias","Tiempo de lectura":"2 minutos"},"schema":{"@context":"https:\/\/schema.org","@graph":[{"@type":"Article","@id":"https:\/\/nbcs.mx\/?p=118343#article","isPartOf":{"@id":"https:\/\/nbcs.mx\/?p=118343"},"author":{"name":"NBCS Noticias","@id":"https:\/\/nbcs.mx\/#\/schema\/person\/ece58bab9a7c1e87a4d28ec9ecd79ff4"},"headline":"Es prioridad seguir fortaleciendo las distintas \u00e1reas municipales para la consolidaci\u00f3n de proyectos y planes de desarrollo","datePublished":"2022-11-30T02:10:09+00:00","mainEntityOfPage":{"@id":"https:\/\/nbcs.mx\/?p=118343"},"wordCount":397,"commentCount":0,"publisher":{"@id":"https:\/\/nbcs.mx\/#organization"},"image":{"@id":"https:\/\/nbcs.mx\/?p=118343#primaryimage"},"thumbnailUrl":"https:\/\/nbcs.mx\/wp-content\/uploads\/2022\/11\/04-Es-prioridad-del-Gobierno-de-Los-Cabos-seguir-fortaleciendo-las-distintas-aereas-municipales-para-la-consolidacioen-de-proyectos-y-planes-de-desarrollo-738x492.jpeg","articleSection":["Municipios"],"inLanguage":"es","potentialAction":[{"@type":"CommentAction","name":"Comment","target":["https:\/\/nbcs.mx\/?p=118343#respond"]}]},{"@type":"WebPage","@id":"https:\/\/nbcs.mx\/?p=118343","url":"https:\/\/nbcs.mx\/?p=118343","name":"Es prioridad seguir fortaleciendo las distintas \u00e1reas municipales para la consolidaci\u00f3n de proyectos y planes de desarrollo - NBCS Noticias","isPartOf":{"@id":"https:\/\/nbcs.mx\/#website"},"primaryImageOfPage":{"@id":"https:\/\/nbcs.mx\/?p=118343#primaryimage"},"image":{"@id":"https:\/\/nbcs.mx\/?p=118343#primaryimage"},"thumbnailUrl":"https:\/\/nbcs.mx\/wp-content\/uploads\/2022\/11\/04-Es-prioridad-del-Gobierno-de-Los-Cabos-seguir-fortaleciendo-las-distintas-aereas-municipales-para-la-consolidacioen-de-proyectos-y-planes-de-desarrollo-738x492.jpeg","datePublished":"2022-11-30T02:10:09+00:00","breadcrumb":{"@id":"https:\/\/nbcs.mx\/?p=118343#breadcrumb"},"inLanguage":"es","potentialAction":[{"@type":"ReadAction","target":["https:\/\/nbcs.mx\/?p=118343"]}]},{"@type":"ImageObject","inLanguage":"es","@id":"https:\/\/nbcs.mx\/?p=118343#primaryimage","url":"https:\/\/nbcs.mx\/wp-content\/uploads\/2022\/11\/04-Es-prioridad-del-Gobierno-de-Los-Cabos-seguir-fortaleciendo-las-distintas-aereas-municipales-para-la-consolidacioen-de-proyectos-y-planes-de-desarrollo-738x492.jpeg","contentUrl":"https:\/\/nbcs.mx\/wp-content\/uploads\/2022\/11\/04-Es-prioridad-del-Gobierno-de-Los-Cabos-seguir-fortaleciendo-las-distintas-aereas-municipales-para-la-consolidacioen-de-proyectos-y-planes-de-desarrollo-738x492.jpeg"},{"@type":"BreadcrumbList","@id":"https:\/\/nbcs.mx\/?p=118343#breadcrumb","itemListElement":[{"@type":"ListItem","position":1,"name":"Portada","item":"https:\/\/nbcs.mx\/"},{"@type":"ListItem","position":2,"name":"Es prioridad seguir fortaleciendo las distintas \u00e1reas municipales para la consolidaci\u00f3n de proyectos y planes de desarrollo"}]},{"@type":"WebSite","@id":"https:\/\/nbcs.mx\/#website","url":"https:\/\/nbcs.mx\/","name":"NBCS Noticias","description":"Sitio web de noticias en Baja California Sur","publisher":{"@id":"https:\/\/nbcs.mx\/#organization"},"potentialAction":[{"@type":"SearchAction","target":{"@type":"EntryPoint","urlTemplate":"https:\/\/nbcs.mx\/?s={search_term_string}"},"query-input":{"@type":"PropertyValueSpecification","valueRequired":true,"valueName":"search_term_string"}}],"inLanguage":"es"},{"@type":"Organization","@id":"https:\/\/nbcs.mx\/#organization","name":"NBCS Noticias","url":"https:\/\/nbcs.mx\/","logo":{"@type":"ImageObject","inLanguage":"es","@id":"https:\/\/nbcs.mx\/#\/schema\/logo\/image\/","url":"https:\/\/nbcs.mx\/wp-content\/uploads\/2018\/09\/057b69485e93575a5c2b1c1dde2dd297.jpeg","contentUrl":"https:\/\/nbcs.mx\/wp-content\/uploads\/2018\/09\/057b69485e93575a5c2b1c1dde2dd297.jpeg","width":64,"height":64,"caption":"NBCS Noticias"},"image":{"@id":"https:\/\/nbcs.mx\/#\/schema\/logo\/image\/"},"sameAs":["https:\/\/www.facebook.com\/NBCSnoticias","https:\/\/x.com\/NBCSnoticias"]},{"@type":"Person","@id":"https:\/\/nbcs.mx\/#\/schema\/person\/ece58bab9a7c1e87a4d28ec9ecd79ff4","name":"NBCS Noticias","image":{"@type":"ImageObject","inLanguage":"es","@id":"https:\/\/secure.gravatar.com\/avatar\/4e52110cad1c4054b43271a0d14bbe9e2ea76aecd0e1097edfc670798d9ca1d4?s=96&d=blank&r=g","url":"https:\/\/secure.gravatar.com\/avatar\/4e52110cad1c4054b43271a0d14bbe9e2ea76aecd0e1097edfc670798d9ca1d4?s=96&d=blank&r=g","contentUrl":"https:\/\/secure.gravatar.com\/avatar\/4e52110cad1c4054b43271a0d14bbe9e2ea76aecd0e1097edfc670798d9ca1d4?s=96&d=blank&r=g","caption":"NBCS Noticias"},"description":"\u00bfTienes fotos o video de alg\u00fan acto de posible negligencia, corrupci\u00f3n y abuso de autoridad? M\u00e1ndalo al WhatsApp de NBCS Noticias: 612 141 98 08","sameAs":["https:\/\/www.nbcs.mx","https:\/\/www.facebook.com\/NBCSnoticias","https:\/\/www.instagram.com\/nbcsnoticias\/","https:\/\/x.com\/https:\/\/twitter.com\/NBCSnoticias"]}]}},"jetpack_publicize_connections":[],"jetpack_sharing_enabled":true,"jetpack_featured_media_url":"","_links":{"self":[{"href":"https:\/\/nbcs.mx\/index.php?rest_route=\/wp\/v2\/posts\/118343","targetHints":{"allow":["GET"]}}],"collection":[{"href":"https:\/\/nbcs.mx\/index.php?rest_route=\/wp\/v2\/posts"}],"about":[{"href":"https:\/\/nbcs.mx\/index.php?rest_route=\/wp\/v2\/types\/post"}],"author":[{"embeddable":true,"href":"https:\/\/nbcs.mx\/index.php?rest_route=\/wp\/v2\/users\/1"}],"replies":[{"embeddable":true,"href":"https:\/\/nbcs.mx\/index.php?rest_route=%2Fwp%2Fv2%2Fcomments&post=118343"}],"version-history":[{"count":1,"href":"https:\/\/nbcs.mx\/index.php?rest_route=\/wp\/v2\/posts\/118343\/revisions"}],"predecessor-version":[{"id":118345,"href":"https:\/\/nbcs.mx\/index.php?rest_route=\/wp\/v2\/posts\/118343\/revisions\/118345"}],"wp:attachment":[{"href":"https:\/\/nbcs.mx\/index.php?rest_route=%2Fwp%2Fv2%2Fmedia&parent=118343"}],"wp:term":[{"taxonomy":"category","embeddable":true,"href":"https:\/\/nbcs.mx\/index.php?rest_route=%2Fwp%2Fv2%2Fcategories&post=118343"},{"taxonomy":"post_tag","embeddable":true,"href":"https:\/\/nbcs.mx\/index.php?rest_route=%2Fwp%2Fv2%2Ftags&post=118343"}],"curies":[{"name":"wp","href":"https:\/\/api.w.org\/{rel}","templated":true}]}}