{"id":118404,"date":"2022-11-30T18:35:53","date_gmt":"2022-12-01T01:35:53","guid":{"rendered":"https:\/\/nbcs.mx\/?p=118404"},"modified":"2022-11-30T18:35:53","modified_gmt":"2022-12-01T01:35:53","slug":"asiste-mulegino-al-congreso-nacional-del-sordo-y-lengua-de-senas-mexicana-2022","status":"publish","type":"post","link":"https:\/\/nbcs.mx\/?p=118404","title":{"rendered":"Asiste mulegino al Congreso Nacional del Sordo y Lengua de Se\u00f1as Mexicana 2022"},"content":{"rendered":"<p style=\"text-align: justify;\"><img loading=\"lazy\" decoding=\"async\" class=\" wp-image-118405 alignleft\" src=\"https:\/\/nbcs.mx\/wp-content\/uploads\/2022\/11\/Foto-1-750x375-1.jpeg\" alt=\"\" width=\"344\" height=\"172\" \/>Santa Rosal\u00eda, Baja California Sur.-\u00a0En el marco del D\u00eda de las Personas Sordas, que se conmemora el 28 de noviembre de cada a\u00f1o, el mulegino Ulisses Alejandro Becerra Zazueta, instructor de Lenguaje de Se\u00f1as Mexicanas (LSM) del H. XVII Ayuntamiento de Muleg\u00e9, particip\u00f3 en el Congreso Nacional de la Educaci\u00f3n del Sordo y Lengua de Se\u00f1as Mexicana 2022 llevado a cabo del 28 al 30 de noviembre en la Ciudad de M\u00e9xico.<\/p>\n<p style=\"text-align: justify;\">Becerra Zazueta, destac\u00f3 que, al ser convocado por la C\u00e1mara de Diputados, solicit\u00f3 apoyo a la actual administraci\u00f3n municipal con el objetivo de estar en posibilidad de trasladarse y ser parte de la actividad, recibiendo como respuesta, una serie de facilidades que garantizaron su participaci\u00f3n en este congreso desarrollado en el Palacio Legislativo de San L\u00e1zaro, as\u00ed como en la exposici\u00f3n de artesan\u00edas realizada en el marco de la conmemoraci\u00f3n.<\/p>\n<p style=\"text-align: justify;\">Al respecto, la alcaldesa, Edith Aguilar Villavicencio, manifest\u00f3 su benepl\u00e1cito y se congratul\u00f3 de la destacada participaci\u00f3n del joven en dicho coloquio, \u201cenhorabuena a nuestro representante en el Congreso de Educaci\u00f3n del Sordo 2022. Con mucho gusto lo seguiremos respaldando para que contin\u00fae impartiendo talleres de lengua de se\u00f1as, con el apoyo de su esposa Mar\u00eda Jos\u00e9. Grandes ejemplos al m\u00e9rito educativo y al impulso de la inclusi\u00f3n\u201d.<\/p>\n<p style=\"text-align: justify;\">El int\u00e9rprete de se\u00f1as indic\u00f3 que, las actividades del Congreso Nacional de la Educaci\u00f3n del Sordo y Lengua de Se\u00f1as Mexicana de este 2022, incluyeron una serie de conferencias y charlas sobre la importancia de este patrimonio ling\u00fc\u00edstico en nuestro pa\u00eds, donde se exhort\u00f3 a las y los presentes a seguir impulsando su ense\u00f1anza para as\u00ed promover la plena inclusi\u00f3n de todas las personas.<\/p>\n<p style=\"text-align: justify;\">\u201cSeguimos trabajando para construir un municipio totalmente incluyente, donde todas y todos podamos desarrollarnos en plenitud. Vamos a continuar impulsando la generaci\u00f3n de espacios igualitarios que derrumben estereotipos y eliminen brechas de comunicaci\u00f3n\u201d, extern\u00f3 la alcaldesa.<\/p>\n<p style=\"text-align: justify;\">Ulisses Alejandro Becerra Zazueta se ha destacado por su trabajo en pro de la inclusi\u00f3n, siendo reconocido por el H. XVII Ayuntamiento de Muleg\u00e9 al m\u00e9rito educativo por impartir el primer taller de lenguaje de se\u00f1as en el municipio, adem\u00e1s de promover la ense\u00f1anza de la LSM en instituciones p\u00fablicas y privadas para la atenci\u00f3n de personas con discapacidad auditiva; galard\u00f3n que le fue entregado el pasado 7 de noviembre durante el primer informe de gobierno de Edith Aguilar\u00a0Villavicencio.<\/p>\n","protected":false},"excerpt":{"rendered":"<p>Santa Rosal\u00eda, Baja California Sur.-\u00a0En el marco del D\u00eda de las Personas Sordas, que se conmemora el 28 de noviembre<\/p>\n","protected":false},"author":1,"featured_media":0,"comment_status":"open","ping_status":"closed","sticky":false,"template":"","format":"standard","meta":{"colormag_page_container_layout":"default_layout","colormag_page_sidebar_layout":"default_layout","_jetpack_newsletter_access":"","_jetpack_dont_email_post_to_subs":false,"_jetpack_newsletter_tier_id":0,"_jetpack_memberships_contains_paywalled_content":false,"_jetpack_feature_clip_id":0,"_jetpack_memberships_contains_paid_content":false,"footnotes":"","jetpack_publicize_message":"","jetpack_publicize_feature_enabled":true,"jetpack_social_post_already_shared":true,"jetpack_social_options":{"image_generator_settings":{"template":"highway","default_image_id":0,"font":"","enabled":false},"version":2},"jetpack_post_was_ever_published":false},"categories":[1],"tags":[],"class_list":["post-118404","post","type-post","status-publish","format-standard","hentry","category-noticias"],"yoast_head":"<!-- This site is optimized with the Yoast SEO plugin v28.4 - https:\/\/yoast.com\/product\/yoast-seo-wordpress\/ -->\n<title>Asiste mulegino al Congreso Nacional del Sordo y Lengua de Se\u00f1as Mexicana 2022 - NBCS Noticias<\/title>\n<meta name=\"robots\" content=\"index, follow, max-snippet:-1, max-image-preview:large, max-video-preview:-1\" \/>\n<link rel=\"canonical\" href=\"https:\/\/nbcs.mx\/?p=118404\" \/>\n<meta property=\"og:locale\" content=\"es_ES\" \/>\n<meta property=\"og:type\" content=\"article\" \/>\n<meta property=\"og:title\" content=\"Asiste mulegino al Congreso Nacional del Sordo y Lengua de Se\u00f1as Mexicana 2022 - NBCS Noticias\" \/>\n<meta property=\"og:description\" content=\"Santa Rosal\u00eda, Baja California Sur.-\u00a0En el marco del D\u00eda de las Personas Sordas, que se conmemora el 28 de noviembre\" \/>\n<meta property=\"og:url\" content=\"https:\/\/nbcs.mx\/?p=118404\" \/>\n<meta property=\"og:site_name\" content=\"NBCS Noticias\" \/>\n<meta property=\"article:publisher\" content=\"https:\/\/www.facebook.com\/NBCSnoticias\" \/>\n<meta property=\"article:author\" content=\"https:\/\/www.facebook.com\/NBCSnoticias\" \/>\n<meta property=\"article:published_time\" content=\"2022-12-01T01:35:53+00:00\" \/>\n<meta property=\"og:image\" content=\"https:\/\/nbcs.mx\/wp-content\/uploads\/2022\/11\/Foto-1-750x375-1.jpeg\" \/>\n<meta name=\"author\" content=\"NBCS Noticias\" \/>\n<meta name=\"twitter:card\" content=\"summary_large_image\" \/>\n<meta name=\"twitter:creator\" content=\"@https:\/\/twitter.com\/NBCSnoticias\" \/>\n<meta name=\"twitter:site\" content=\"@NBCSnoticias\" \/>\n<meta name=\"twitter:label1\" content=\"Escrito por\" \/>\n\t<meta name=\"twitter:data1\" content=\"NBCS Noticias\" \/>\n\t<meta name=\"twitter:label2\" content=\"Tiempo de lectura\" \/>\n\t<meta name=\"twitter:data2\" content=\"2 minutos\" \/>\n<script type=\"application\/ld+json\" class=\"yoast-schema-graph\">{\"@context\":\"https:\\\/\\\/schema.org\",\"@graph\":[{\"@type\":\"Article\",\"@id\":\"https:\\\/\\\/nbcs.mx\\\/?p=118404#article\",\"isPartOf\":{\"@id\":\"https:\\\/\\\/nbcs.mx\\\/?p=118404\"},\"author\":{\"name\":\"NBCS Noticias\",\"@id\":\"https:\\\/\\\/nbcs.mx\\\/#\\\/schema\\\/person\\\/ece58bab9a7c1e87a4d28ec9ecd79ff4\"},\"headline\":\"Asiste mulegino al Congreso Nacional del Sordo y Lengua de Se\u00f1as Mexicana 2022\",\"datePublished\":\"2022-12-01T01:35:53+00:00\",\"mainEntityOfPage\":{\"@id\":\"https:\\\/\\\/nbcs.mx\\\/?p=118404\"},\"wordCount\":438,\"commentCount\":0,\"publisher\":{\"@id\":\"https:\\\/\\\/nbcs.mx\\\/#organization\"},\"image\":{\"@id\":\"https:\\\/\\\/nbcs.mx\\\/?p=118404#primaryimage\"},\"thumbnailUrl\":\"https:\\\/\\\/nbcs.mx\\\/wp-content\\\/uploads\\\/2022\\\/11\\\/Foto-1-750x375-1.jpeg\",\"articleSection\":[\"Noticias\"],\"inLanguage\":\"es\",\"potentialAction\":[{\"@type\":\"CommentAction\",\"name\":\"Comment\",\"target\":[\"https:\\\/\\\/nbcs.mx\\\/?p=118404#respond\"]}]},{\"@type\":\"WebPage\",\"@id\":\"https:\\\/\\\/nbcs.mx\\\/?p=118404\",\"url\":\"https:\\\/\\\/nbcs.mx\\\/?p=118404\",\"name\":\"Asiste mulegino al Congreso Nacional del Sordo y Lengua de Se\u00f1as Mexicana 2022 - NBCS Noticias\",\"isPartOf\":{\"@id\":\"https:\\\/\\\/nbcs.mx\\\/#website\"},\"primaryImageOfPage\":{\"@id\":\"https:\\\/\\\/nbcs.mx\\\/?p=118404#primaryimage\"},\"image\":{\"@id\":\"https:\\\/\\\/nbcs.mx\\\/?p=118404#primaryimage\"},\"thumbnailUrl\":\"https:\\\/\\\/nbcs.mx\\\/wp-content\\\/uploads\\\/2022\\\/11\\\/Foto-1-750x375-1.jpeg\",\"datePublished\":\"2022-12-01T01:35:53+00:00\",\"breadcrumb\":{\"@id\":\"https:\\\/\\\/nbcs.mx\\\/?p=118404#breadcrumb\"},\"inLanguage\":\"es\",\"potentialAction\":[{\"@type\":\"ReadAction\",\"target\":[\"https:\\\/\\\/nbcs.mx\\\/?p=118404\"]}]},{\"@type\":\"ImageObject\",\"inLanguage\":\"es\",\"@id\":\"https:\\\/\\\/nbcs.mx\\\/?p=118404#primaryimage\",\"url\":\"https:\\\/\\\/nbcs.mx\\\/wp-content\\\/uploads\\\/2022\\\/11\\\/Foto-1-750x375-1.jpeg\",\"contentUrl\":\"https:\\\/\\\/nbcs.mx\\\/wp-content\\\/uploads\\\/2022\\\/11\\\/Foto-1-750x375-1.jpeg\"},{\"@type\":\"BreadcrumbList\",\"@id\":\"https:\\\/\\\/nbcs.mx\\\/?p=118404#breadcrumb\",\"itemListElement\":[{\"@type\":\"ListItem\",\"position\":1,\"name\":\"Portada\",\"item\":\"https:\\\/\\\/nbcs.mx\\\/\"},{\"@type\":\"ListItem\",\"position\":2,\"name\":\"Asiste mulegino al Congreso Nacional del Sordo y Lengua de Se\u00f1as Mexicana 2022\"}]},{\"@type\":\"WebSite\",\"@id\":\"https:\\\/\\\/nbcs.mx\\\/#website\",\"url\":\"https:\\\/\\\/nbcs.mx\\\/\",\"name\":\"NBCS Noticias\",\"description\":\"Sitio web de noticias en Baja California Sur\",\"publisher\":{\"@id\":\"https:\\\/\\\/nbcs.mx\\\/#organization\"},\"potentialAction\":[{\"@type\":\"SearchAction\",\"target\":{\"@type\":\"EntryPoint\",\"urlTemplate\":\"https:\\\/\\\/nbcs.mx\\\/?s={search_term_string}\"},\"query-input\":{\"@type\":\"PropertyValueSpecification\",\"valueRequired\":true,\"valueName\":\"search_term_string\"}}],\"inLanguage\":\"es\"},{\"@type\":\"Organization\",\"@id\":\"https:\\\/\\\/nbcs.mx\\\/#organization\",\"name\":\"NBCS Noticias\",\"url\":\"https:\\\/\\\/nbcs.mx\\\/\",\"logo\":{\"@type\":\"ImageObject\",\"inLanguage\":\"es\",\"@id\":\"https:\\\/\\\/nbcs.mx\\\/#\\\/schema\\\/logo\\\/image\\\/\",\"url\":\"https:\\\/\\\/nbcs.mx\\\/wp-content\\\/uploads\\\/2018\\\/09\\\/057b69485e93575a5c2b1c1dde2dd297.jpeg\",\"contentUrl\":\"https:\\\/\\\/nbcs.mx\\\/wp-content\\\/uploads\\\/2018\\\/09\\\/057b69485e93575a5c2b1c1dde2dd297.jpeg\",\"width\":64,\"height\":64,\"caption\":\"NBCS Noticias\"},\"image\":{\"@id\":\"https:\\\/\\\/nbcs.mx\\\/#\\\/schema\\\/logo\\\/image\\\/\"},\"sameAs\":[\"https:\\\/\\\/www.facebook.com\\\/NBCSnoticias\",\"https:\\\/\\\/x.com\\\/NBCSnoticias\"]},{\"@type\":\"Person\",\"@id\":\"https:\\\/\\\/nbcs.mx\\\/#\\\/schema\\\/person\\\/ece58bab9a7c1e87a4d28ec9ecd79ff4\",\"name\":\"NBCS Noticias\",\"image\":{\"@type\":\"ImageObject\",\"inLanguage\":\"es\",\"@id\":\"https:\\\/\\\/secure.gravatar.com\\\/avatar\\\/4e52110cad1c4054b43271a0d14bbe9e2ea76aecd0e1097edfc670798d9ca1d4?s=96&d=blank&r=g\",\"url\":\"https:\\\/\\\/secure.gravatar.com\\\/avatar\\\/4e52110cad1c4054b43271a0d14bbe9e2ea76aecd0e1097edfc670798d9ca1d4?s=96&d=blank&r=g\",\"contentUrl\":\"https:\\\/\\\/secure.gravatar.com\\\/avatar\\\/4e52110cad1c4054b43271a0d14bbe9e2ea76aecd0e1097edfc670798d9ca1d4?s=96&d=blank&r=g\",\"caption\":\"NBCS Noticias\"},\"description\":\"\u00bfTienes fotos o video de alg\u00fan acto de posible negligencia, corrupci\u00f3n y abuso de autoridad? M\u00e1ndalo al WhatsApp de NBCS Noticias: 612 141 98 08\",\"sameAs\":[\"https:\\\/\\\/www.nbcs.mx\",\"https:\\\/\\\/www.facebook.com\\\/NBCSnoticias\",\"https:\\\/\\\/www.instagram.com\\\/nbcsnoticias\\\/\",\"https:\\\/\\\/x.com\\\/https:\\\/\\\/twitter.com\\\/NBCSnoticias\"]}]}<\/script>\n<!-- \/ Yoast SEO plugin. -->","yoast_head_json":{"title":"Asiste mulegino al Congreso Nacional del Sordo y Lengua de Se\u00f1as Mexicana 2022 - NBCS Noticias","robots":{"index":"index","follow":"follow","max-snippet":"max-snippet:-1","max-image-preview":"max-image-preview:large","max-video-preview":"max-video-preview:-1"},"canonical":"https:\/\/nbcs.mx\/?p=118404","og_locale":"es_ES","og_type":"article","og_title":"Asiste mulegino al Congreso Nacional del Sordo y Lengua de Se\u00f1as Mexicana 2022 - NBCS Noticias","og_description":"Santa Rosal\u00eda, Baja California Sur.-\u00a0En el marco del D\u00eda de las Personas Sordas, que se conmemora el 28 de noviembre","og_url":"https:\/\/nbcs.mx\/?p=118404","og_site_name":"NBCS Noticias","article_publisher":"https:\/\/www.facebook.com\/NBCSnoticias","article_author":"https:\/\/www.facebook.com\/NBCSnoticias","article_published_time":"2022-12-01T01:35:53+00:00","og_image":[{"url":"https:\/\/nbcs.mx\/wp-content\/uploads\/2022\/11\/Foto-1-750x375-1.jpeg","type":"","width":"","height":""}],"author":"NBCS Noticias","twitter_card":"summary_large_image","twitter_creator":"@https:\/\/twitter.com\/NBCSnoticias","twitter_site":"@NBCSnoticias","twitter_misc":{"Escrito por":"NBCS Noticias","Tiempo de lectura":"2 minutos"},"schema":{"@context":"https:\/\/schema.org","@graph":[{"@type":"Article","@id":"https:\/\/nbcs.mx\/?p=118404#article","isPartOf":{"@id":"https:\/\/nbcs.mx\/?p=118404"},"author":{"name":"NBCS Noticias","@id":"https:\/\/nbcs.mx\/#\/schema\/person\/ece58bab9a7c1e87a4d28ec9ecd79ff4"},"headline":"Asiste mulegino al Congreso Nacional del Sordo y Lengua de Se\u00f1as Mexicana 2022","datePublished":"2022-12-01T01:35:53+00:00","mainEntityOfPage":{"@id":"https:\/\/nbcs.mx\/?p=118404"},"wordCount":438,"commentCount":0,"publisher":{"@id":"https:\/\/nbcs.mx\/#organization"},"image":{"@id":"https:\/\/nbcs.mx\/?p=118404#primaryimage"},"thumbnailUrl":"https:\/\/nbcs.mx\/wp-content\/uploads\/2022\/11\/Foto-1-750x375-1.jpeg","articleSection":["Noticias"],"inLanguage":"es","potentialAction":[{"@type":"CommentAction","name":"Comment","target":["https:\/\/nbcs.mx\/?p=118404#respond"]}]},{"@type":"WebPage","@id":"https:\/\/nbcs.mx\/?p=118404","url":"https:\/\/nbcs.mx\/?p=118404","name":"Asiste mulegino al Congreso Nacional del Sordo y Lengua de Se\u00f1as Mexicana 2022 - NBCS Noticias","isPartOf":{"@id":"https:\/\/nbcs.mx\/#website"},"primaryImageOfPage":{"@id":"https:\/\/nbcs.mx\/?p=118404#primaryimage"},"image":{"@id":"https:\/\/nbcs.mx\/?p=118404#primaryimage"},"thumbnailUrl":"https:\/\/nbcs.mx\/wp-content\/uploads\/2022\/11\/Foto-1-750x375-1.jpeg","datePublished":"2022-12-01T01:35:53+00:00","breadcrumb":{"@id":"https:\/\/nbcs.mx\/?p=118404#breadcrumb"},"inLanguage":"es","potentialAction":[{"@type":"ReadAction","target":["https:\/\/nbcs.mx\/?p=118404"]}]},{"@type":"ImageObject","inLanguage":"es","@id":"https:\/\/nbcs.mx\/?p=118404#primaryimage","url":"https:\/\/nbcs.mx\/wp-content\/uploads\/2022\/11\/Foto-1-750x375-1.jpeg","contentUrl":"https:\/\/nbcs.mx\/wp-content\/uploads\/2022\/11\/Foto-1-750x375-1.jpeg"},{"@type":"BreadcrumbList","@id":"https:\/\/nbcs.mx\/?p=118404#breadcrumb","itemListElement":[{"@type":"ListItem","position":1,"name":"Portada","item":"https:\/\/nbcs.mx\/"},{"@type":"ListItem","position":2,"name":"Asiste mulegino al Congreso Nacional del Sordo y Lengua de Se\u00f1as Mexicana 2022"}]},{"@type":"WebSite","@id":"https:\/\/nbcs.mx\/#website","url":"https:\/\/nbcs.mx\/","name":"NBCS Noticias","description":"Sitio web de noticias en Baja California Sur","publisher":{"@id":"https:\/\/nbcs.mx\/#organization"},"potentialAction":[{"@type":"SearchAction","target":{"@type":"EntryPoint","urlTemplate":"https:\/\/nbcs.mx\/?s={search_term_string}"},"query-input":{"@type":"PropertyValueSpecification","valueRequired":true,"valueName":"search_term_string"}}],"inLanguage":"es"},{"@type":"Organization","@id":"https:\/\/nbcs.mx\/#organization","name":"NBCS Noticias","url":"https:\/\/nbcs.mx\/","logo":{"@type":"ImageObject","inLanguage":"es","@id":"https:\/\/nbcs.mx\/#\/schema\/logo\/image\/","url":"https:\/\/nbcs.mx\/wp-content\/uploads\/2018\/09\/057b69485e93575a5c2b1c1dde2dd297.jpeg","contentUrl":"https:\/\/nbcs.mx\/wp-content\/uploads\/2018\/09\/057b69485e93575a5c2b1c1dde2dd297.jpeg","width":64,"height":64,"caption":"NBCS Noticias"},"image":{"@id":"https:\/\/nbcs.mx\/#\/schema\/logo\/image\/"},"sameAs":["https:\/\/www.facebook.com\/NBCSnoticias","https:\/\/x.com\/NBCSnoticias"]},{"@type":"Person","@id":"https:\/\/nbcs.mx\/#\/schema\/person\/ece58bab9a7c1e87a4d28ec9ecd79ff4","name":"NBCS Noticias","image":{"@type":"ImageObject","inLanguage":"es","@id":"https:\/\/secure.gravatar.com\/avatar\/4e52110cad1c4054b43271a0d14bbe9e2ea76aecd0e1097edfc670798d9ca1d4?s=96&d=blank&r=g","url":"https:\/\/secure.gravatar.com\/avatar\/4e52110cad1c4054b43271a0d14bbe9e2ea76aecd0e1097edfc670798d9ca1d4?s=96&d=blank&r=g","contentUrl":"https:\/\/secure.gravatar.com\/avatar\/4e52110cad1c4054b43271a0d14bbe9e2ea76aecd0e1097edfc670798d9ca1d4?s=96&d=blank&r=g","caption":"NBCS Noticias"},"description":"\u00bfTienes fotos o video de alg\u00fan acto de posible negligencia, corrupci\u00f3n y abuso de autoridad? M\u00e1ndalo al WhatsApp de NBCS Noticias: 612 141 98 08","sameAs":["https:\/\/www.nbcs.mx","https:\/\/www.facebook.com\/NBCSnoticias","https:\/\/www.instagram.com\/nbcsnoticias\/","https:\/\/x.com\/https:\/\/twitter.com\/NBCSnoticias"]}]}},"jetpack_publicize_connections":[],"jetpack_sharing_enabled":true,"jetpack_featured_media_url":"","_links":{"self":[{"href":"https:\/\/nbcs.mx\/index.php?rest_route=\/wp\/v2\/posts\/118404","targetHints":{"allow":["GET"]}}],"collection":[{"href":"https:\/\/nbcs.mx\/index.php?rest_route=\/wp\/v2\/posts"}],"about":[{"href":"https:\/\/nbcs.mx\/index.php?rest_route=\/wp\/v2\/types\/post"}],"author":[{"embeddable":true,"href":"https:\/\/nbcs.mx\/index.php?rest_route=\/wp\/v2\/users\/1"}],"replies":[{"embeddable":true,"href":"https:\/\/nbcs.mx\/index.php?rest_route=%2Fwp%2Fv2%2Fcomments&post=118404"}],"version-history":[{"count":1,"href":"https:\/\/nbcs.mx\/index.php?rest_route=\/wp\/v2\/posts\/118404\/revisions"}],"predecessor-version":[{"id":118406,"href":"https:\/\/nbcs.mx\/index.php?rest_route=\/wp\/v2\/posts\/118404\/revisions\/118406"}],"wp:attachment":[{"href":"https:\/\/nbcs.mx\/index.php?rest_route=%2Fwp%2Fv2%2Fmedia&parent=118404"}],"wp:term":[{"taxonomy":"category","embeddable":true,"href":"https:\/\/nbcs.mx\/index.php?rest_route=%2Fwp%2Fv2%2Fcategories&post=118404"},{"taxonomy":"post_tag","embeddable":true,"href":"https:\/\/nbcs.mx\/index.php?rest_route=%2Fwp%2Fv2%2Ftags&post=118404"}],"curies":[{"name":"wp","href":"https:\/\/api.w.org\/{rel}","templated":true}]}}