{"id":118790,"date":"2022-12-06T06:28:22","date_gmt":"2022-12-06T13:28:22","guid":{"rendered":"https:\/\/nbcs.mx\/?p=118790"},"modified":"2022-12-06T06:28:22","modified_gmt":"2022-12-06T13:28:22","slug":"inician-en-san-jose-del-cabo-los-festejos-decembrinos","status":"publish","type":"post","link":"https:\/\/nbcs.mx\/?p=118790","title":{"rendered":"Inician en San Jos\u00e9 del Cabo los festejos decembrinos"},"content":{"rendered":"<p style=\"font-weight: 400; text-align: justify;\"><img loading=\"lazy\" decoding=\"async\" class=\" wp-image-118791 alignleft\" src=\"https:\/\/nbcs.mx\/wp-content\/uploads\/2022\/12\/11-Inician-en-San-Jose-del-Cabo-los-festejos-decembrinos-del-XIV-Ayuntamiento_-encienden-el-arbol-navideno-3-738x492.jpg\" alt=\"\" width=\"342\" height=\"228\" \/>Los Cabos, Baja California Sur.- En un ambiente familiar y navide\u00f1o, el alcalde de Los Cabos Oscar Leggs Castro y su esposa, la presidenta honoraria del Sistema Municipal DIF, Flora Aguilar de Leggs, encendieron las luces que adornan el \u00e1rbol de navidad en San Jos\u00e9 del Cabo, con ello es como inician las festividades decembrinas en el destino; cabe destacar que el encendido del \u00e1rbol se realizar\u00e1 en todas las delegaciones, culminando en Cabo San Lucas el d\u00eda domingo 11 de diciembre.<\/p>\n<p style=\"font-weight: 400; text-align: justify;\">En su mensaje, el presidente municipal Oscar Leggs Castro, invit\u00f3 a la ciudadan\u00eda a disfrutar de las fiestas decembrinas de una manera pac\u00edfica y en armon\u00eda, ya que es una \u00e9poca de uni\u00f3n familiar, donde se fomentan los valores y la fraternidad, por lo que espera que esta temporada de fiestas sea tranquila y de convivencia.<\/p>\n<p style=\"font-weight: 400; text-align: justify;\">La presidenta honoraria del Sistema DIF Los Cabos, Flora Aguilar de Leggs, durante su participaci\u00f3n en el encendido del \u00e1rbol navide\u00f1o, enfatiz\u00f3 que desde el XIV Ayuntamiento de Los Cabos, quisieron volver a lo tradicional, a la esencia de la navidad, que es justamente la reuni\u00f3n familiar.<\/p>\n<p style=\"font-weight: 400; text-align: justify;\">\u201cEstos a\u00f1os nos han servido para valorar m\u00e1s que nunca la salud y el bienestar de los nuestros seres queridos, y aprender que la familia es nuestro principal baluarte y nuestro refugio. Tambi\u00e9n quiero agradecer esta ocasi\u00f3n para desearle a la ciudadan\u00eda amor, paz y armon\u00eda; esta temporada es la apropiada para estar en familia y para decirle a nuestros seres queridos cuanto nos importan. De igual manera, el esp\u00edritu de la navidad nos invita a desearle paz a los y las cabe\u00f1as, as\u00ed como que la felicidad entre en cada uno de sus hogares y que la esperanza brille m\u00e1s fuerte que nunca\u201d, coment\u00f3 la servidora p\u00fablica.<\/p>\n<p style=\"font-weight: 400; text-align: justify;\">Para finalizar, la presidenta honoraria del Sistema DIF Los Cabos, destac\u00f3\u00a0 que tras el encendido del \u00e1rbol en la cabecera municipal, se present\u00f3 un espect\u00e1culo musical caracter\u00edstico de la \u00e9poca navide\u00f1a, con la participaci\u00f3n de j\u00f3venes de la localidad; asimismo, se exhibi\u00f3 una pastorela y bailes, brindado con ello un ambiente de fiesta; por \u00faltimo, la servidora p\u00fablica invit\u00f3 a la poblaci\u00f3n cabe\u00f1a a acompa\u00f1arles durante encendidos de los \u00e1rboles navide\u00f1os, el d\u00eda martes en la delegaci\u00f3n de La Ribera, el mi\u00e9rcoles 7 en Santiago, 8 en Miraflores\u00a0 y domingo 11 en Cabo San Lucas.<\/p>\n","protected":false},"excerpt":{"rendered":"<p>Los Cabos, Baja California Sur.- En un ambiente familiar y navide\u00f1o, el alcalde de Los Cabos Oscar Leggs Castro y<\/p>\n","protected":false},"author":1,"featured_media":0,"comment_status":"open","ping_status":"closed","sticky":false,"template":"","format":"standard","meta":{"colormag_page_container_layout":"default_layout","colormag_page_sidebar_layout":"default_layout","_jetpack_newsletter_access":"","_jetpack_dont_email_post_to_subs":false,"_jetpack_newsletter_tier_id":0,"_jetpack_memberships_contains_paywalled_content":false,"_jetpack_feature_clip_id":0,"_jetpack_memberships_contains_paid_content":false,"footnotes":"","jetpack_publicize_message":"","jetpack_publicize_feature_enabled":true,"jetpack_social_post_already_shared":true,"jetpack_social_options":{"image_generator_settings":{"template":"highway","default_image_id":0,"font":"","enabled":false},"version":2},"jetpack_post_was_ever_published":false},"categories":[40],"tags":[],"class_list":["post-118790","post","type-post","status-publish","format-standard","hentry","category-municipios"],"yoast_head":"<!-- This site is optimized with the Yoast SEO plugin v28.4 - https:\/\/yoast.com\/product\/yoast-seo-wordpress\/ -->\n<title>Inician en San Jos\u00e9 del Cabo los festejos decembrinos - NBCS Noticias<\/title>\n<meta name=\"robots\" content=\"index, follow, max-snippet:-1, max-image-preview:large, max-video-preview:-1\" \/>\n<link rel=\"canonical\" href=\"https:\/\/nbcs.mx\/?p=118790\" \/>\n<meta property=\"og:locale\" content=\"es_ES\" \/>\n<meta property=\"og:type\" content=\"article\" \/>\n<meta property=\"og:title\" content=\"Inician en San Jos\u00e9 del Cabo los festejos decembrinos - NBCS Noticias\" \/>\n<meta property=\"og:description\" content=\"Los Cabos, Baja California Sur.- En un ambiente familiar y navide\u00f1o, el alcalde de Los Cabos Oscar Leggs Castro y\" \/>\n<meta property=\"og:url\" content=\"https:\/\/nbcs.mx\/?p=118790\" \/>\n<meta property=\"og:site_name\" content=\"NBCS Noticias\" \/>\n<meta property=\"article:publisher\" content=\"https:\/\/www.facebook.com\/NBCSnoticias\" \/>\n<meta property=\"article:author\" content=\"https:\/\/www.facebook.com\/NBCSnoticias\" \/>\n<meta property=\"article:published_time\" content=\"2022-12-06T13:28:22+00:00\" \/>\n<meta property=\"og:image\" content=\"https:\/\/nbcs.mx\/wp-content\/uploads\/2022\/12\/11-Inician-en-San-Jose-del-Cabo-los-festejos-decembrinos-del-XIV-Ayuntamiento_-encienden-el-arbol-navideno-3-738x492.jpg\" \/>\n<meta name=\"author\" content=\"NBCS Noticias\" \/>\n<meta name=\"twitter:card\" content=\"summary_large_image\" \/>\n<meta name=\"twitter:creator\" content=\"@https:\/\/twitter.com\/NBCSnoticias\" \/>\n<meta name=\"twitter:site\" content=\"@NBCSnoticias\" \/>\n<meta name=\"twitter:label1\" content=\"Escrito por\" \/>\n\t<meta name=\"twitter:data1\" content=\"NBCS Noticias\" \/>\n\t<meta name=\"twitter:label2\" content=\"Tiempo de lectura\" \/>\n\t<meta name=\"twitter:data2\" content=\"2 minutos\" \/>\n<script type=\"application\/ld+json\" class=\"yoast-schema-graph\">{\"@context\":\"https:\\\/\\\/schema.org\",\"@graph\":[{\"@type\":\"Article\",\"@id\":\"https:\\\/\\\/nbcs.mx\\\/?p=118790#article\",\"isPartOf\":{\"@id\":\"https:\\\/\\\/nbcs.mx\\\/?p=118790\"},\"author\":{\"name\":\"NBCS Noticias\",\"@id\":\"https:\\\/\\\/nbcs.mx\\\/#\\\/schema\\\/person\\\/ece58bab9a7c1e87a4d28ec9ecd79ff4\"},\"headline\":\"Inician en San Jos\u00e9 del Cabo los festejos decembrinos\",\"datePublished\":\"2022-12-06T13:28:22+00:00\",\"mainEntityOfPage\":{\"@id\":\"https:\\\/\\\/nbcs.mx\\\/?p=118790\"},\"wordCount\":426,\"commentCount\":0,\"publisher\":{\"@id\":\"https:\\\/\\\/nbcs.mx\\\/#organization\"},\"image\":{\"@id\":\"https:\\\/\\\/nbcs.mx\\\/?p=118790#primaryimage\"},\"thumbnailUrl\":\"https:\\\/\\\/nbcs.mx\\\/wp-content\\\/uploads\\\/2022\\\/12\\\/11-Inician-en-San-Jose-del-Cabo-los-festejos-decembrinos-del-XIV-Ayuntamiento_-encienden-el-arbol-navideno-3-738x492.jpg\",\"articleSection\":[\"Municipios\"],\"inLanguage\":\"es\",\"potentialAction\":[{\"@type\":\"CommentAction\",\"name\":\"Comment\",\"target\":[\"https:\\\/\\\/nbcs.mx\\\/?p=118790#respond\"]}]},{\"@type\":\"WebPage\",\"@id\":\"https:\\\/\\\/nbcs.mx\\\/?p=118790\",\"url\":\"https:\\\/\\\/nbcs.mx\\\/?p=118790\",\"name\":\"Inician en San Jos\u00e9 del Cabo los festejos decembrinos - NBCS Noticias\",\"isPartOf\":{\"@id\":\"https:\\\/\\\/nbcs.mx\\\/#website\"},\"primaryImageOfPage\":{\"@id\":\"https:\\\/\\\/nbcs.mx\\\/?p=118790#primaryimage\"},\"image\":{\"@id\":\"https:\\\/\\\/nbcs.mx\\\/?p=118790#primaryimage\"},\"thumbnailUrl\":\"https:\\\/\\\/nbcs.mx\\\/wp-content\\\/uploads\\\/2022\\\/12\\\/11-Inician-en-San-Jose-del-Cabo-los-festejos-decembrinos-del-XIV-Ayuntamiento_-encienden-el-arbol-navideno-3-738x492.jpg\",\"datePublished\":\"2022-12-06T13:28:22+00:00\",\"breadcrumb\":{\"@id\":\"https:\\\/\\\/nbcs.mx\\\/?p=118790#breadcrumb\"},\"inLanguage\":\"es\",\"potentialAction\":[{\"@type\":\"ReadAction\",\"target\":[\"https:\\\/\\\/nbcs.mx\\\/?p=118790\"]}]},{\"@type\":\"ImageObject\",\"inLanguage\":\"es\",\"@id\":\"https:\\\/\\\/nbcs.mx\\\/?p=118790#primaryimage\",\"url\":\"https:\\\/\\\/nbcs.mx\\\/wp-content\\\/uploads\\\/2022\\\/12\\\/11-Inician-en-San-Jose-del-Cabo-los-festejos-decembrinos-del-XIV-Ayuntamiento_-encienden-el-arbol-navideno-3-738x492.jpg\",\"contentUrl\":\"https:\\\/\\\/nbcs.mx\\\/wp-content\\\/uploads\\\/2022\\\/12\\\/11-Inician-en-San-Jose-del-Cabo-los-festejos-decembrinos-del-XIV-Ayuntamiento_-encienden-el-arbol-navideno-3-738x492.jpg\"},{\"@type\":\"BreadcrumbList\",\"@id\":\"https:\\\/\\\/nbcs.mx\\\/?p=118790#breadcrumb\",\"itemListElement\":[{\"@type\":\"ListItem\",\"position\":1,\"name\":\"Portada\",\"item\":\"https:\\\/\\\/nbcs.mx\\\/\"},{\"@type\":\"ListItem\",\"position\":2,\"name\":\"Inician en San Jos\u00e9 del Cabo los festejos decembrinos\"}]},{\"@type\":\"WebSite\",\"@id\":\"https:\\\/\\\/nbcs.mx\\\/#website\",\"url\":\"https:\\\/\\\/nbcs.mx\\\/\",\"name\":\"NBCS Noticias\",\"description\":\"Sitio web de noticias en Baja California Sur\",\"publisher\":{\"@id\":\"https:\\\/\\\/nbcs.mx\\\/#organization\"},\"potentialAction\":[{\"@type\":\"SearchAction\",\"target\":{\"@type\":\"EntryPoint\",\"urlTemplate\":\"https:\\\/\\\/nbcs.mx\\\/?s={search_term_string}\"},\"query-input\":{\"@type\":\"PropertyValueSpecification\",\"valueRequired\":true,\"valueName\":\"search_term_string\"}}],\"inLanguage\":\"es\"},{\"@type\":\"Organization\",\"@id\":\"https:\\\/\\\/nbcs.mx\\\/#organization\",\"name\":\"NBCS Noticias\",\"url\":\"https:\\\/\\\/nbcs.mx\\\/\",\"logo\":{\"@type\":\"ImageObject\",\"inLanguage\":\"es\",\"@id\":\"https:\\\/\\\/nbcs.mx\\\/#\\\/schema\\\/logo\\\/image\\\/\",\"url\":\"https:\\\/\\\/nbcs.mx\\\/wp-content\\\/uploads\\\/2018\\\/09\\\/057b69485e93575a5c2b1c1dde2dd297.jpeg\",\"contentUrl\":\"https:\\\/\\\/nbcs.mx\\\/wp-content\\\/uploads\\\/2018\\\/09\\\/057b69485e93575a5c2b1c1dde2dd297.jpeg\",\"width\":64,\"height\":64,\"caption\":\"NBCS Noticias\"},\"image\":{\"@id\":\"https:\\\/\\\/nbcs.mx\\\/#\\\/schema\\\/logo\\\/image\\\/\"},\"sameAs\":[\"https:\\\/\\\/www.facebook.com\\\/NBCSnoticias\",\"https:\\\/\\\/x.com\\\/NBCSnoticias\"]},{\"@type\":\"Person\",\"@id\":\"https:\\\/\\\/nbcs.mx\\\/#\\\/schema\\\/person\\\/ece58bab9a7c1e87a4d28ec9ecd79ff4\",\"name\":\"NBCS Noticias\",\"image\":{\"@type\":\"ImageObject\",\"inLanguage\":\"es\",\"@id\":\"https:\\\/\\\/secure.gravatar.com\\\/avatar\\\/4e52110cad1c4054b43271a0d14bbe9e2ea76aecd0e1097edfc670798d9ca1d4?s=96&d=blank&r=g\",\"url\":\"https:\\\/\\\/secure.gravatar.com\\\/avatar\\\/4e52110cad1c4054b43271a0d14bbe9e2ea76aecd0e1097edfc670798d9ca1d4?s=96&d=blank&r=g\",\"contentUrl\":\"https:\\\/\\\/secure.gravatar.com\\\/avatar\\\/4e52110cad1c4054b43271a0d14bbe9e2ea76aecd0e1097edfc670798d9ca1d4?s=96&d=blank&r=g\",\"caption\":\"NBCS Noticias\"},\"description\":\"\u00bfTienes fotos o video de alg\u00fan acto de posible negligencia, corrupci\u00f3n y abuso de autoridad? M\u00e1ndalo al WhatsApp de NBCS Noticias: 612 141 98 08\",\"sameAs\":[\"https:\\\/\\\/www.nbcs.mx\",\"https:\\\/\\\/www.facebook.com\\\/NBCSnoticias\",\"https:\\\/\\\/www.instagram.com\\\/nbcsnoticias\\\/\",\"https:\\\/\\\/x.com\\\/https:\\\/\\\/twitter.com\\\/NBCSnoticias\"]}]}<\/script>\n<!-- \/ Yoast SEO plugin. -->","yoast_head_json":{"title":"Inician en San Jos\u00e9 del Cabo los festejos decembrinos - NBCS Noticias","robots":{"index":"index","follow":"follow","max-snippet":"max-snippet:-1","max-image-preview":"max-image-preview:large","max-video-preview":"max-video-preview:-1"},"canonical":"https:\/\/nbcs.mx\/?p=118790","og_locale":"es_ES","og_type":"article","og_title":"Inician en San Jos\u00e9 del Cabo los festejos decembrinos - NBCS Noticias","og_description":"Los Cabos, Baja California Sur.- En un ambiente familiar y navide\u00f1o, el alcalde de Los Cabos Oscar Leggs Castro y","og_url":"https:\/\/nbcs.mx\/?p=118790","og_site_name":"NBCS Noticias","article_publisher":"https:\/\/www.facebook.com\/NBCSnoticias","article_author":"https:\/\/www.facebook.com\/NBCSnoticias","article_published_time":"2022-12-06T13:28:22+00:00","og_image":[{"url":"https:\/\/nbcs.mx\/wp-content\/uploads\/2022\/12\/11-Inician-en-San-Jose-del-Cabo-los-festejos-decembrinos-del-XIV-Ayuntamiento_-encienden-el-arbol-navideno-3-738x492.jpg","type":"","width":"","height":""}],"author":"NBCS Noticias","twitter_card":"summary_large_image","twitter_creator":"@https:\/\/twitter.com\/NBCSnoticias","twitter_site":"@NBCSnoticias","twitter_misc":{"Escrito por":"NBCS Noticias","Tiempo de lectura":"2 minutos"},"schema":{"@context":"https:\/\/schema.org","@graph":[{"@type":"Article","@id":"https:\/\/nbcs.mx\/?p=118790#article","isPartOf":{"@id":"https:\/\/nbcs.mx\/?p=118790"},"author":{"name":"NBCS Noticias","@id":"https:\/\/nbcs.mx\/#\/schema\/person\/ece58bab9a7c1e87a4d28ec9ecd79ff4"},"headline":"Inician en San Jos\u00e9 del Cabo los festejos decembrinos","datePublished":"2022-12-06T13:28:22+00:00","mainEntityOfPage":{"@id":"https:\/\/nbcs.mx\/?p=118790"},"wordCount":426,"commentCount":0,"publisher":{"@id":"https:\/\/nbcs.mx\/#organization"},"image":{"@id":"https:\/\/nbcs.mx\/?p=118790#primaryimage"},"thumbnailUrl":"https:\/\/nbcs.mx\/wp-content\/uploads\/2022\/12\/11-Inician-en-San-Jose-del-Cabo-los-festejos-decembrinos-del-XIV-Ayuntamiento_-encienden-el-arbol-navideno-3-738x492.jpg","articleSection":["Municipios"],"inLanguage":"es","potentialAction":[{"@type":"CommentAction","name":"Comment","target":["https:\/\/nbcs.mx\/?p=118790#respond"]}]},{"@type":"WebPage","@id":"https:\/\/nbcs.mx\/?p=118790","url":"https:\/\/nbcs.mx\/?p=118790","name":"Inician en San Jos\u00e9 del Cabo los festejos decembrinos - NBCS Noticias","isPartOf":{"@id":"https:\/\/nbcs.mx\/#website"},"primaryImageOfPage":{"@id":"https:\/\/nbcs.mx\/?p=118790#primaryimage"},"image":{"@id":"https:\/\/nbcs.mx\/?p=118790#primaryimage"},"thumbnailUrl":"https:\/\/nbcs.mx\/wp-content\/uploads\/2022\/12\/11-Inician-en-San-Jose-del-Cabo-los-festejos-decembrinos-del-XIV-Ayuntamiento_-encienden-el-arbol-navideno-3-738x492.jpg","datePublished":"2022-12-06T13:28:22+00:00","breadcrumb":{"@id":"https:\/\/nbcs.mx\/?p=118790#breadcrumb"},"inLanguage":"es","potentialAction":[{"@type":"ReadAction","target":["https:\/\/nbcs.mx\/?p=118790"]}]},{"@type":"ImageObject","inLanguage":"es","@id":"https:\/\/nbcs.mx\/?p=118790#primaryimage","url":"https:\/\/nbcs.mx\/wp-content\/uploads\/2022\/12\/11-Inician-en-San-Jose-del-Cabo-los-festejos-decembrinos-del-XIV-Ayuntamiento_-encienden-el-arbol-navideno-3-738x492.jpg","contentUrl":"https:\/\/nbcs.mx\/wp-content\/uploads\/2022\/12\/11-Inician-en-San-Jose-del-Cabo-los-festejos-decembrinos-del-XIV-Ayuntamiento_-encienden-el-arbol-navideno-3-738x492.jpg"},{"@type":"BreadcrumbList","@id":"https:\/\/nbcs.mx\/?p=118790#breadcrumb","itemListElement":[{"@type":"ListItem","position":1,"name":"Portada","item":"https:\/\/nbcs.mx\/"},{"@type":"ListItem","position":2,"name":"Inician en San Jos\u00e9 del Cabo los festejos decembrinos"}]},{"@type":"WebSite","@id":"https:\/\/nbcs.mx\/#website","url":"https:\/\/nbcs.mx\/","name":"NBCS Noticias","description":"Sitio web de noticias en Baja California Sur","publisher":{"@id":"https:\/\/nbcs.mx\/#organization"},"potentialAction":[{"@type":"SearchAction","target":{"@type":"EntryPoint","urlTemplate":"https:\/\/nbcs.mx\/?s={search_term_string}"},"query-input":{"@type":"PropertyValueSpecification","valueRequired":true,"valueName":"search_term_string"}}],"inLanguage":"es"},{"@type":"Organization","@id":"https:\/\/nbcs.mx\/#organization","name":"NBCS Noticias","url":"https:\/\/nbcs.mx\/","logo":{"@type":"ImageObject","inLanguage":"es","@id":"https:\/\/nbcs.mx\/#\/schema\/logo\/image\/","url":"https:\/\/nbcs.mx\/wp-content\/uploads\/2018\/09\/057b69485e93575a5c2b1c1dde2dd297.jpeg","contentUrl":"https:\/\/nbcs.mx\/wp-content\/uploads\/2018\/09\/057b69485e93575a5c2b1c1dde2dd297.jpeg","width":64,"height":64,"caption":"NBCS Noticias"},"image":{"@id":"https:\/\/nbcs.mx\/#\/schema\/logo\/image\/"},"sameAs":["https:\/\/www.facebook.com\/NBCSnoticias","https:\/\/x.com\/NBCSnoticias"]},{"@type":"Person","@id":"https:\/\/nbcs.mx\/#\/schema\/person\/ece58bab9a7c1e87a4d28ec9ecd79ff4","name":"NBCS Noticias","image":{"@type":"ImageObject","inLanguage":"es","@id":"https:\/\/secure.gravatar.com\/avatar\/4e52110cad1c4054b43271a0d14bbe9e2ea76aecd0e1097edfc670798d9ca1d4?s=96&d=blank&r=g","url":"https:\/\/secure.gravatar.com\/avatar\/4e52110cad1c4054b43271a0d14bbe9e2ea76aecd0e1097edfc670798d9ca1d4?s=96&d=blank&r=g","contentUrl":"https:\/\/secure.gravatar.com\/avatar\/4e52110cad1c4054b43271a0d14bbe9e2ea76aecd0e1097edfc670798d9ca1d4?s=96&d=blank&r=g","caption":"NBCS Noticias"},"description":"\u00bfTienes fotos o video de alg\u00fan acto de posible negligencia, corrupci\u00f3n y abuso de autoridad? M\u00e1ndalo al WhatsApp de NBCS Noticias: 612 141 98 08","sameAs":["https:\/\/www.nbcs.mx","https:\/\/www.facebook.com\/NBCSnoticias","https:\/\/www.instagram.com\/nbcsnoticias\/","https:\/\/x.com\/https:\/\/twitter.com\/NBCSnoticias"]}]}},"jetpack_publicize_connections":[],"jetpack_sharing_enabled":true,"jetpack_featured_media_url":"","_links":{"self":[{"href":"https:\/\/nbcs.mx\/index.php?rest_route=\/wp\/v2\/posts\/118790","targetHints":{"allow":["GET"]}}],"collection":[{"href":"https:\/\/nbcs.mx\/index.php?rest_route=\/wp\/v2\/posts"}],"about":[{"href":"https:\/\/nbcs.mx\/index.php?rest_route=\/wp\/v2\/types\/post"}],"author":[{"embeddable":true,"href":"https:\/\/nbcs.mx\/index.php?rest_route=\/wp\/v2\/users\/1"}],"replies":[{"embeddable":true,"href":"https:\/\/nbcs.mx\/index.php?rest_route=%2Fwp%2Fv2%2Fcomments&post=118790"}],"version-history":[{"count":1,"href":"https:\/\/nbcs.mx\/index.php?rest_route=\/wp\/v2\/posts\/118790\/revisions"}],"predecessor-version":[{"id":118792,"href":"https:\/\/nbcs.mx\/index.php?rest_route=\/wp\/v2\/posts\/118790\/revisions\/118792"}],"wp:attachment":[{"href":"https:\/\/nbcs.mx\/index.php?rest_route=%2Fwp%2Fv2%2Fmedia&parent=118790"}],"wp:term":[{"taxonomy":"category","embeddable":true,"href":"https:\/\/nbcs.mx\/index.php?rest_route=%2Fwp%2Fv2%2Fcategories&post=118790"},{"taxonomy":"post_tag","embeddable":true,"href":"https:\/\/nbcs.mx\/index.php?rest_route=%2Fwp%2Fv2%2Ftags&post=118790"}],"curies":[{"name":"wp","href":"https:\/\/api.w.org\/{rel}","templated":true}]}}