{"id":119673,"date":"2022-12-19T16:22:21","date_gmt":"2022-12-19T23:22:21","guid":{"rendered":"https:\/\/nbcs.mx\/?p=119673"},"modified":"2022-12-19T16:22:21","modified_gmt":"2022-12-19T23:22:21","slug":"un-dia-historico-en-los-cabos-colocan-la-1ra-piedra-de-la-nueva-desaladora","status":"publish","type":"post","link":"https:\/\/nbcs.mx\/?p=119673","title":{"rendered":"Un d\u00eda hist\u00f3rico en Los Cabos; Colocan la 1ra piedra de la nueva desaladora"},"content":{"rendered":"<p style=\"font-weight: 400; text-align: justify;\"><img loading=\"lazy\" decoding=\"async\" class=\" wp-image-119674 alignleft\" src=\"https:\/\/nbcs.mx\/wp-content\/uploads\/2022\/12\/Un-dia-historico-en-Los-Cabos_-Oscar-Leggs-Castro-pone-la-1ra-piedra-de-la-nueva-desaladora3-656x492.jpeg\" alt=\"\" width=\"331\" height=\"248\" \/>Los Cabos, Baja California Sur.- Luego de varios a\u00f1os de gesti\u00f3n ante el Gobierno Federal, tr\u00e1mites y conciliaci\u00f3n con las empresas constructoras involucradas en la obra, el presidente municipal de Los Cabos Oscar Leggs Castro, de la mano de su esposa y presidenta honoraria del SMDIF Flora Aguilar de Leggs, coloc\u00f3 la 1ra piedra de lo que ser\u00e1 la nueva planta desaladora en Cabo San Lucas, con una capacidad total de 250 litros por segundo de agua potable, lo que representa una inversi\u00f3n total de $1 mil 221 millones 500 mil 814 pesos.<\/p>\n<p style=\"font-weight: 400; text-align: justify;\">\n<p style=\"font-weight: 400; text-align: justify;\">Acompa\u00f1ado por el Gobernador del Estado V\u00edctor Manuel Castro Cos\u00edo, as\u00ed como del director general del Oomsapaslc Ismael Rodr\u00edguez Pi\u00f1a, representantes de Grupo Diamante, empresarios y autoridades de los tres \u00f3rdenes de Gobierno, el alcalde, -a nombre del pueblo de Los Cabos-, agradeci\u00f3 al presidente de la Rep\u00fablica Andr\u00e9s Manuel L\u00f3pez Obrador por honrar su palabra con los cabe\u00f1os y mostrar con el ejemplo que los Gobiernos emanados de la 4T tienen un real compromiso con el pueblo: \u201cporque sin agua no hay desarrollo; gracias amigo presidente, con esta obra el pueblo de Los Cabos le recordar\u00e1 por siempre\u201d, acentu\u00f3.<\/p>\n<p style=\"font-weight: 400; text-align: justify;\">\n<p style=\"font-weight: 400; text-align: justify;\">Asimismo, el alcalde inform\u00f3 que tras 34 viajes a la CDMX para cumplir cada requisito y tr\u00e1mite necesario, los mayores obst\u00e1culos fueron internos, no obstante, rendirse no fue una opci\u00f3n: \u201choy, iniciamos la construcci\u00f3n de la nueva desaladora que nos permitir\u00e1 a\u00f1adir 250 litros por segundo m\u00e1s a la red de agua potable beneficiando a 351 mil 111 habitantes y que permitir\u00e1 un abasto por los pr\u00f3ximos 25 a\u00f1os. De esta manera el Gobierno con sentido humano sigue escribiendo una historia de desarrollo sustentable, sostenible y de \u00e9xito como destino tur\u00edstico. Con esta obra, trabajamos para dar certeza al futuro de las nuevas generaciones. Nada ni nadie nos detendr\u00e1 para lograr una mejor calidad de vida para todos los cabe\u00f1os\u201d, sentenci\u00f3 Oscar Leggs Castro.<\/p>\n<p style=\"font-weight: 400; text-align: justify;\">\n<p style=\"font-weight: 400; text-align: justify;\">Por su parte, el director general del Oomsapas Los Cabos Ismael Rodr\u00edguez Pi\u00f1a, record\u00f3 que el alcalde como candidato, asumi\u00f3 el compromiso de dotar de m\u00e1s agua para las familias y con esta obra lo est\u00e1 cumpliendo: \u201cde igual forma estaremos trabajando paralelamente el Mejoramiento Integral de la Gesti\u00f3n en enero de 2023, con obras de nuevas l\u00edneas de conducci\u00f3n para el nuevo volumen que estaremos incorporando a la red de agua potable. Mientras tanto, seguimos poniendo en funcionamiento nuevas redes de agua potable, reponiendo y explorando nuevos pozos, como la 1ra de 4 perforaciones exploratorias que nos autoriz\u00f3 la Conagua en el acu\u00edfero del Arroyo Salto Seco en Cabo San Lucas y que ya se encuentra a 55 metros de profundidad con buen resultado en el aforo\u201d, destac\u00f3.<\/p>\n<p style=\"font-weight: 400; text-align: justify;\">\n<p style=\"font-weight: 400; text-align: justify;\">Por su parte, el Gobernador V\u00edctor Castro Cos\u00edo, celebr\u00f3 el inicio de una obra que marca un antes y un despu\u00e9s en la historia, haciendo hincapi\u00e9 en que todos los servidores p\u00fablicos deben entender que son tiempos de unir esfuerzos entre los 3 \u00f3rdenes de Gobierno por encima de cualquier diferencia: \u201cporque primero est\u00e1 la gente, la comunidad y los m\u00e1s necesitados en Baja California Sur\u201d, precis\u00f3.<\/p>\n<p style=\"font-weight: 400; text-align: justify;\">\n<p style=\"font-weight: 400; text-align: justify;\">Finalmente y de frente a donde en los pr\u00f3ximos 2 a\u00f1os se estar\u00e1 desarrollando una magna obra con la mejor tecnolog\u00eda en el mundo para desalar agua de mar, el alcalde Oscar Leggs y dem\u00e1s invitados especiales, procedieron a colocar la 1ra piedra como muestra simb\u00f3lica del inicio de una construcci\u00f3n tan importante para el futuro de las familias en Los Cabos.<\/p>\n","protected":false},"excerpt":{"rendered":"<p>Los Cabos, Baja California Sur.- Luego de varios a\u00f1os de gesti\u00f3n ante el Gobierno Federal, tr\u00e1mites y conciliaci\u00f3n con las<\/p>\n","protected":false},"author":1,"featured_media":0,"comment_status":"open","ping_status":"closed","sticky":false,"template":"","format":"standard","meta":{"colormag_page_container_layout":"default_layout","colormag_page_sidebar_layout":"default_layout","_jetpack_memberships_contains_paid_content":false,"footnotes":"","jetpack_publicize_message":"","jetpack_publicize_feature_enabled":true,"jetpack_social_post_already_shared":true,"jetpack_social_options":{"image_generator_settings":{"template":"highway","default_image_id":0,"font":"","enabled":false},"version":2}},"categories":[40],"tags":[],"class_list":["post-119673","post","type-post","status-publish","format-standard","hentry","category-municipios"],"yoast_head":"<!-- This site is optimized with the Yoast SEO plugin v27.5 - https:\/\/yoast.com\/product\/yoast-seo-wordpress\/ -->\n<title>Un d\u00eda hist\u00f3rico en Los Cabos; Colocan la 1ra piedra de la nueva desaladora - NBCS Noticias<\/title>\n<meta name=\"robots\" content=\"index, follow, max-snippet:-1, max-image-preview:large, max-video-preview:-1\" \/>\n<link rel=\"canonical\" href=\"https:\/\/nbcs.mx\/?p=119673\" \/>\n<meta property=\"og:locale\" content=\"es_ES\" \/>\n<meta property=\"og:type\" content=\"article\" \/>\n<meta property=\"og:title\" content=\"Un d\u00eda hist\u00f3rico en Los Cabos; Colocan la 1ra piedra de la nueva desaladora - NBCS Noticias\" \/>\n<meta property=\"og:description\" content=\"Los Cabos, Baja California Sur.- Luego de varios a\u00f1os de gesti\u00f3n ante el Gobierno Federal, tr\u00e1mites y conciliaci\u00f3n con las\" \/>\n<meta property=\"og:url\" content=\"https:\/\/nbcs.mx\/?p=119673\" \/>\n<meta property=\"og:site_name\" content=\"NBCS Noticias\" \/>\n<meta property=\"article:publisher\" content=\"https:\/\/www.facebook.com\/NBCSnoticias\" \/>\n<meta property=\"article:author\" content=\"https:\/\/www.facebook.com\/NBCSnoticias\" \/>\n<meta property=\"article:published_time\" content=\"2022-12-19T23:22:21+00:00\" \/>\n<meta property=\"og:image\" content=\"https:\/\/nbcs.mx\/wp-content\/uploads\/2022\/12\/Un-dia-historico-en-Los-Cabos_-Oscar-Leggs-Castro-pone-la-1ra-piedra-de-la-nueva-desaladora3-656x492.jpeg\" \/>\n<meta name=\"author\" content=\"NBCS Noticias\" \/>\n<meta name=\"twitter:card\" content=\"summary_large_image\" \/>\n<meta name=\"twitter:creator\" content=\"@https:\/\/twitter.com\/NBCSnoticias\" \/>\n<meta name=\"twitter:site\" content=\"@NBCSnoticias\" \/>\n<meta name=\"twitter:label1\" content=\"Escrito por\" \/>\n\t<meta name=\"twitter:data1\" content=\"NBCS Noticias\" \/>\n\t<meta name=\"twitter:label2\" content=\"Tiempo de lectura\" \/>\n\t<meta name=\"twitter:data2\" content=\"3 minutos\" \/>\n<script type=\"application\/ld+json\" class=\"yoast-schema-graph\">{\"@context\":\"https:\\\/\\\/schema.org\",\"@graph\":[{\"@type\":\"Article\",\"@id\":\"https:\\\/\\\/nbcs.mx\\\/?p=119673#article\",\"isPartOf\":{\"@id\":\"https:\\\/\\\/nbcs.mx\\\/?p=119673\"},\"author\":{\"name\":\"NBCS Noticias\",\"@id\":\"https:\\\/\\\/nbcs.mx\\\/#\\\/schema\\\/person\\\/ece58bab9a7c1e87a4d28ec9ecd79ff4\"},\"headline\":\"Un d\u00eda hist\u00f3rico en Los Cabos; Colocan la 1ra piedra de la nueva desaladora\",\"datePublished\":\"2022-12-19T23:22:21+00:00\",\"mainEntityOfPage\":{\"@id\":\"https:\\\/\\\/nbcs.mx\\\/?p=119673\"},\"wordCount\":619,\"commentCount\":0,\"publisher\":{\"@id\":\"https:\\\/\\\/nbcs.mx\\\/#organization\"},\"image\":{\"@id\":\"https:\\\/\\\/nbcs.mx\\\/?p=119673#primaryimage\"},\"thumbnailUrl\":\"https:\\\/\\\/nbcs.mx\\\/wp-content\\\/uploads\\\/2022\\\/12\\\/Un-dia-historico-en-Los-Cabos_-Oscar-Leggs-Castro-pone-la-1ra-piedra-de-la-nueva-desaladora3-656x492.jpeg\",\"articleSection\":[\"Municipios\"],\"inLanguage\":\"es\",\"potentialAction\":[{\"@type\":\"CommentAction\",\"name\":\"Comment\",\"target\":[\"https:\\\/\\\/nbcs.mx\\\/?p=119673#respond\"]}]},{\"@type\":\"WebPage\",\"@id\":\"https:\\\/\\\/nbcs.mx\\\/?p=119673\",\"url\":\"https:\\\/\\\/nbcs.mx\\\/?p=119673\",\"name\":\"Un d\u00eda hist\u00f3rico en Los Cabos; Colocan la 1ra piedra de la nueva desaladora - NBCS Noticias\",\"isPartOf\":{\"@id\":\"https:\\\/\\\/nbcs.mx\\\/#website\"},\"primaryImageOfPage\":{\"@id\":\"https:\\\/\\\/nbcs.mx\\\/?p=119673#primaryimage\"},\"image\":{\"@id\":\"https:\\\/\\\/nbcs.mx\\\/?p=119673#primaryimage\"},\"thumbnailUrl\":\"https:\\\/\\\/nbcs.mx\\\/wp-content\\\/uploads\\\/2022\\\/12\\\/Un-dia-historico-en-Los-Cabos_-Oscar-Leggs-Castro-pone-la-1ra-piedra-de-la-nueva-desaladora3-656x492.jpeg\",\"datePublished\":\"2022-12-19T23:22:21+00:00\",\"breadcrumb\":{\"@id\":\"https:\\\/\\\/nbcs.mx\\\/?p=119673#breadcrumb\"},\"inLanguage\":\"es\",\"potentialAction\":[{\"@type\":\"ReadAction\",\"target\":[\"https:\\\/\\\/nbcs.mx\\\/?p=119673\"]}]},{\"@type\":\"ImageObject\",\"inLanguage\":\"es\",\"@id\":\"https:\\\/\\\/nbcs.mx\\\/?p=119673#primaryimage\",\"url\":\"https:\\\/\\\/nbcs.mx\\\/wp-content\\\/uploads\\\/2022\\\/12\\\/Un-dia-historico-en-Los-Cabos_-Oscar-Leggs-Castro-pone-la-1ra-piedra-de-la-nueva-desaladora3-656x492.jpeg\",\"contentUrl\":\"https:\\\/\\\/nbcs.mx\\\/wp-content\\\/uploads\\\/2022\\\/12\\\/Un-dia-historico-en-Los-Cabos_-Oscar-Leggs-Castro-pone-la-1ra-piedra-de-la-nueva-desaladora3-656x492.jpeg\"},{\"@type\":\"BreadcrumbList\",\"@id\":\"https:\\\/\\\/nbcs.mx\\\/?p=119673#breadcrumb\",\"itemListElement\":[{\"@type\":\"ListItem\",\"position\":1,\"name\":\"Portada\",\"item\":\"https:\\\/\\\/nbcs.mx\\\/\"},{\"@type\":\"ListItem\",\"position\":2,\"name\":\"Un d\u00eda hist\u00f3rico en Los Cabos; Colocan la 1ra piedra de la nueva desaladora\"}]},{\"@type\":\"WebSite\",\"@id\":\"https:\\\/\\\/nbcs.mx\\\/#website\",\"url\":\"https:\\\/\\\/nbcs.mx\\\/\",\"name\":\"NBCS Noticias\",\"description\":\"Sitio web de noticias en Baja California Sur\",\"publisher\":{\"@id\":\"https:\\\/\\\/nbcs.mx\\\/#organization\"},\"potentialAction\":[{\"@type\":\"SearchAction\",\"target\":{\"@type\":\"EntryPoint\",\"urlTemplate\":\"https:\\\/\\\/nbcs.mx\\\/?s={search_term_string}\"},\"query-input\":{\"@type\":\"PropertyValueSpecification\",\"valueRequired\":true,\"valueName\":\"search_term_string\"}}],\"inLanguage\":\"es\"},{\"@type\":\"Organization\",\"@id\":\"https:\\\/\\\/nbcs.mx\\\/#organization\",\"name\":\"NBCS Noticias\",\"url\":\"https:\\\/\\\/nbcs.mx\\\/\",\"logo\":{\"@type\":\"ImageObject\",\"inLanguage\":\"es\",\"@id\":\"https:\\\/\\\/nbcs.mx\\\/#\\\/schema\\\/logo\\\/image\\\/\",\"url\":\"https:\\\/\\\/nbcs.mx\\\/wp-content\\\/uploads\\\/2018\\\/09\\\/057b69485e93575a5c2b1c1dde2dd297.jpeg\",\"contentUrl\":\"https:\\\/\\\/nbcs.mx\\\/wp-content\\\/uploads\\\/2018\\\/09\\\/057b69485e93575a5c2b1c1dde2dd297.jpeg\",\"width\":64,\"height\":64,\"caption\":\"NBCS Noticias\"},\"image\":{\"@id\":\"https:\\\/\\\/nbcs.mx\\\/#\\\/schema\\\/logo\\\/image\\\/\"},\"sameAs\":[\"https:\\\/\\\/www.facebook.com\\\/NBCSnoticias\",\"https:\\\/\\\/x.com\\\/NBCSnoticias\"]},{\"@type\":\"Person\",\"@id\":\"https:\\\/\\\/nbcs.mx\\\/#\\\/schema\\\/person\\\/ece58bab9a7c1e87a4d28ec9ecd79ff4\",\"name\":\"NBCS Noticias\",\"image\":{\"@type\":\"ImageObject\",\"inLanguage\":\"es\",\"@id\":\"https:\\\/\\\/secure.gravatar.com\\\/avatar\\\/4e52110cad1c4054b43271a0d14bbe9e2ea76aecd0e1097edfc670798d9ca1d4?s=96&d=blank&r=g\",\"url\":\"https:\\\/\\\/secure.gravatar.com\\\/avatar\\\/4e52110cad1c4054b43271a0d14bbe9e2ea76aecd0e1097edfc670798d9ca1d4?s=96&d=blank&r=g\",\"contentUrl\":\"https:\\\/\\\/secure.gravatar.com\\\/avatar\\\/4e52110cad1c4054b43271a0d14bbe9e2ea76aecd0e1097edfc670798d9ca1d4?s=96&d=blank&r=g\",\"caption\":\"NBCS Noticias\"},\"description\":\"\u00bfTienes fotos o video de alg\u00fan acto de posible negligencia, corrupci\u00f3n y abuso de autoridad? M\u00e1ndalo al WhatsApp de NBCS Noticias: 612 141 98 08\",\"sameAs\":[\"https:\\\/\\\/www.nbcs.mx\",\"https:\\\/\\\/www.facebook.com\\\/NBCSnoticias\",\"https:\\\/\\\/www.instagram.com\\\/nbcsnoticias\\\/\",\"https:\\\/\\\/x.com\\\/https:\\\/\\\/twitter.com\\\/NBCSnoticias\"]}]}<\/script>\n<!-- \/ Yoast SEO plugin. -->","yoast_head_json":{"title":"Un d\u00eda hist\u00f3rico en Los Cabos; Colocan la 1ra piedra de la nueva desaladora - NBCS Noticias","robots":{"index":"index","follow":"follow","max-snippet":"max-snippet:-1","max-image-preview":"max-image-preview:large","max-video-preview":"max-video-preview:-1"},"canonical":"https:\/\/nbcs.mx\/?p=119673","og_locale":"es_ES","og_type":"article","og_title":"Un d\u00eda hist\u00f3rico en Los Cabos; Colocan la 1ra piedra de la nueva desaladora - NBCS Noticias","og_description":"Los Cabos, Baja California Sur.- Luego de varios a\u00f1os de gesti\u00f3n ante el Gobierno Federal, tr\u00e1mites y conciliaci\u00f3n con las","og_url":"https:\/\/nbcs.mx\/?p=119673","og_site_name":"NBCS Noticias","article_publisher":"https:\/\/www.facebook.com\/NBCSnoticias","article_author":"https:\/\/www.facebook.com\/NBCSnoticias","article_published_time":"2022-12-19T23:22:21+00:00","og_image":[{"url":"https:\/\/nbcs.mx\/wp-content\/uploads\/2022\/12\/Un-dia-historico-en-Los-Cabos_-Oscar-Leggs-Castro-pone-la-1ra-piedra-de-la-nueva-desaladora3-656x492.jpeg","type":"","width":"","height":""}],"author":"NBCS Noticias","twitter_card":"summary_large_image","twitter_creator":"@https:\/\/twitter.com\/NBCSnoticias","twitter_site":"@NBCSnoticias","twitter_misc":{"Escrito por":"NBCS Noticias","Tiempo de lectura":"3 minutos"},"schema":{"@context":"https:\/\/schema.org","@graph":[{"@type":"Article","@id":"https:\/\/nbcs.mx\/?p=119673#article","isPartOf":{"@id":"https:\/\/nbcs.mx\/?p=119673"},"author":{"name":"NBCS Noticias","@id":"https:\/\/nbcs.mx\/#\/schema\/person\/ece58bab9a7c1e87a4d28ec9ecd79ff4"},"headline":"Un d\u00eda hist\u00f3rico en Los Cabos; Colocan la 1ra piedra de la nueva desaladora","datePublished":"2022-12-19T23:22:21+00:00","mainEntityOfPage":{"@id":"https:\/\/nbcs.mx\/?p=119673"},"wordCount":619,"commentCount":0,"publisher":{"@id":"https:\/\/nbcs.mx\/#organization"},"image":{"@id":"https:\/\/nbcs.mx\/?p=119673#primaryimage"},"thumbnailUrl":"https:\/\/nbcs.mx\/wp-content\/uploads\/2022\/12\/Un-dia-historico-en-Los-Cabos_-Oscar-Leggs-Castro-pone-la-1ra-piedra-de-la-nueva-desaladora3-656x492.jpeg","articleSection":["Municipios"],"inLanguage":"es","potentialAction":[{"@type":"CommentAction","name":"Comment","target":["https:\/\/nbcs.mx\/?p=119673#respond"]}]},{"@type":"WebPage","@id":"https:\/\/nbcs.mx\/?p=119673","url":"https:\/\/nbcs.mx\/?p=119673","name":"Un d\u00eda hist\u00f3rico en Los Cabos; Colocan la 1ra piedra de la nueva desaladora - NBCS Noticias","isPartOf":{"@id":"https:\/\/nbcs.mx\/#website"},"primaryImageOfPage":{"@id":"https:\/\/nbcs.mx\/?p=119673#primaryimage"},"image":{"@id":"https:\/\/nbcs.mx\/?p=119673#primaryimage"},"thumbnailUrl":"https:\/\/nbcs.mx\/wp-content\/uploads\/2022\/12\/Un-dia-historico-en-Los-Cabos_-Oscar-Leggs-Castro-pone-la-1ra-piedra-de-la-nueva-desaladora3-656x492.jpeg","datePublished":"2022-12-19T23:22:21+00:00","breadcrumb":{"@id":"https:\/\/nbcs.mx\/?p=119673#breadcrumb"},"inLanguage":"es","potentialAction":[{"@type":"ReadAction","target":["https:\/\/nbcs.mx\/?p=119673"]}]},{"@type":"ImageObject","inLanguage":"es","@id":"https:\/\/nbcs.mx\/?p=119673#primaryimage","url":"https:\/\/nbcs.mx\/wp-content\/uploads\/2022\/12\/Un-dia-historico-en-Los-Cabos_-Oscar-Leggs-Castro-pone-la-1ra-piedra-de-la-nueva-desaladora3-656x492.jpeg","contentUrl":"https:\/\/nbcs.mx\/wp-content\/uploads\/2022\/12\/Un-dia-historico-en-Los-Cabos_-Oscar-Leggs-Castro-pone-la-1ra-piedra-de-la-nueva-desaladora3-656x492.jpeg"},{"@type":"BreadcrumbList","@id":"https:\/\/nbcs.mx\/?p=119673#breadcrumb","itemListElement":[{"@type":"ListItem","position":1,"name":"Portada","item":"https:\/\/nbcs.mx\/"},{"@type":"ListItem","position":2,"name":"Un d\u00eda hist\u00f3rico en Los Cabos; Colocan la 1ra piedra de la nueva desaladora"}]},{"@type":"WebSite","@id":"https:\/\/nbcs.mx\/#website","url":"https:\/\/nbcs.mx\/","name":"NBCS Noticias","description":"Sitio web de noticias en Baja California Sur","publisher":{"@id":"https:\/\/nbcs.mx\/#organization"},"potentialAction":[{"@type":"SearchAction","target":{"@type":"EntryPoint","urlTemplate":"https:\/\/nbcs.mx\/?s={search_term_string}"},"query-input":{"@type":"PropertyValueSpecification","valueRequired":true,"valueName":"search_term_string"}}],"inLanguage":"es"},{"@type":"Organization","@id":"https:\/\/nbcs.mx\/#organization","name":"NBCS Noticias","url":"https:\/\/nbcs.mx\/","logo":{"@type":"ImageObject","inLanguage":"es","@id":"https:\/\/nbcs.mx\/#\/schema\/logo\/image\/","url":"https:\/\/nbcs.mx\/wp-content\/uploads\/2018\/09\/057b69485e93575a5c2b1c1dde2dd297.jpeg","contentUrl":"https:\/\/nbcs.mx\/wp-content\/uploads\/2018\/09\/057b69485e93575a5c2b1c1dde2dd297.jpeg","width":64,"height":64,"caption":"NBCS Noticias"},"image":{"@id":"https:\/\/nbcs.mx\/#\/schema\/logo\/image\/"},"sameAs":["https:\/\/www.facebook.com\/NBCSnoticias","https:\/\/x.com\/NBCSnoticias"]},{"@type":"Person","@id":"https:\/\/nbcs.mx\/#\/schema\/person\/ece58bab9a7c1e87a4d28ec9ecd79ff4","name":"NBCS Noticias","image":{"@type":"ImageObject","inLanguage":"es","@id":"https:\/\/secure.gravatar.com\/avatar\/4e52110cad1c4054b43271a0d14bbe9e2ea76aecd0e1097edfc670798d9ca1d4?s=96&d=blank&r=g","url":"https:\/\/secure.gravatar.com\/avatar\/4e52110cad1c4054b43271a0d14bbe9e2ea76aecd0e1097edfc670798d9ca1d4?s=96&d=blank&r=g","contentUrl":"https:\/\/secure.gravatar.com\/avatar\/4e52110cad1c4054b43271a0d14bbe9e2ea76aecd0e1097edfc670798d9ca1d4?s=96&d=blank&r=g","caption":"NBCS Noticias"},"description":"\u00bfTienes fotos o video de alg\u00fan acto de posible negligencia, corrupci\u00f3n y abuso de autoridad? M\u00e1ndalo al WhatsApp de NBCS Noticias: 612 141 98 08","sameAs":["https:\/\/www.nbcs.mx","https:\/\/www.facebook.com\/NBCSnoticias","https:\/\/www.instagram.com\/nbcsnoticias\/","https:\/\/x.com\/https:\/\/twitter.com\/NBCSnoticias"]}]}},"jetpack_publicize_connections":[],"jetpack_featured_media_url":"","jetpack_sharing_enabled":true,"_links":{"self":[{"href":"https:\/\/nbcs.mx\/index.php?rest_route=\/wp\/v2\/posts\/119673","targetHints":{"allow":["GET"]}}],"collection":[{"href":"https:\/\/nbcs.mx\/index.php?rest_route=\/wp\/v2\/posts"}],"about":[{"href":"https:\/\/nbcs.mx\/index.php?rest_route=\/wp\/v2\/types\/post"}],"author":[{"embeddable":true,"href":"https:\/\/nbcs.mx\/index.php?rest_route=\/wp\/v2\/users\/1"}],"replies":[{"embeddable":true,"href":"https:\/\/nbcs.mx\/index.php?rest_route=%2Fwp%2Fv2%2Fcomments&post=119673"}],"version-history":[{"count":1,"href":"https:\/\/nbcs.mx\/index.php?rest_route=\/wp\/v2\/posts\/119673\/revisions"}],"predecessor-version":[{"id":119675,"href":"https:\/\/nbcs.mx\/index.php?rest_route=\/wp\/v2\/posts\/119673\/revisions\/119675"}],"wp:attachment":[{"href":"https:\/\/nbcs.mx\/index.php?rest_route=%2Fwp%2Fv2%2Fmedia&parent=119673"}],"wp:term":[{"taxonomy":"category","embeddable":true,"href":"https:\/\/nbcs.mx\/index.php?rest_route=%2Fwp%2Fv2%2Fcategories&post=119673"},{"taxonomy":"post_tag","embeddable":true,"href":"https:\/\/nbcs.mx\/index.php?rest_route=%2Fwp%2Fv2%2Ftags&post=119673"}],"curies":[{"name":"wp","href":"https:\/\/api.w.org\/{rel}","templated":true}]}}