{"id":120349,"date":"2023-01-14T13:46:26","date_gmt":"2023-01-14T20:46:26","guid":{"rendered":"https:\/\/nbcs.mx\/?p=120349"},"modified":"2023-01-14T13:51:08","modified_gmt":"2023-01-14T20:51:08","slug":"realizan-jornada-social-y-audiencias-publicas-en-laguna-san-ignacio","status":"publish","type":"post","link":"https:\/\/nbcs.mx\/?p=120349","title":{"rendered":"Encabeza alcaldesa de Muleg\u00e9  jornada social y audiencias p\u00fablicas en Laguna San Ignacio"},"content":{"rendered":"<p style=\"font-weight: 400; text-align: justify;\"><img loading=\"lazy\" decoding=\"async\" class=\" wp-image-120350 alignleft\" src=\"https:\/\/nbcs.mx\/wp-content\/uploads\/2023\/01\/Foto-1-1-1-666x492.jpg\" alt=\"\" width=\"325\" height=\"240\" \/>En el marco del arranque de la temporada de la ballena gris en Laguna San Ignacio, la alcaldesa de Muleg\u00e9, Edith Aguilar Villavicencio, encabezo una serie de audiencias p\u00fablicas, as\u00ed como una jornada social dirigida a las y los habitantes de la zona.<\/p>\n<p style=\"font-weight: 400; text-align: justify;\">En compa\u00f1\u00eda de Francisco Javier Arce, secretario general del H. XVII Ayuntamiento de Muleg\u00e9, Jos\u00e9 de Jes\u00fas Varela Galv\u00e1n, Presidente del Consejo de Administraci\u00f3n Ecoturismo Kuyima; Deysi Montoya y Bel\u00e9n L\u00f3pez, subdelegadas de Laguna San Ignacio y El D\u00e1til, respectivamente; la presidenta municipal, particip\u00f3 en el inicio de actividades de la temporada de la Ballena Gris 2023 en el campo Kuyima, \u201cque venga el desarrollo y crecimiento para nuestras comunidades, con el aprovechamiento responsable de nuestras riquezas naturales\u201d expres\u00f3 Aguilar Villavicencio durante un recorrido mar\u00edtimo por el \u00e1rea.<\/p>\n<p style=\"font-weight: 400; text-align: justify;\">Al concluir con la experiencia del avistamiento de ballenas, la alcaldesa mulegina inaugur\u00f3 oficialmente los trabajos de la primera jornada de salud del 2023 en la zona, misma que fue encabezada por personal de la coordinaci\u00f3n municipal de salud y donde se brindaron servicios m\u00e9dicos, nutricionales y atenci\u00f3n ciudadana de manera gratuita.<\/p>\n<p style=\"font-weight: 400; text-align: justify;\">\u201cNos llevamos a todo el equipo de la coordinaci\u00f3n municipal de salud y m\u00e1s doctores y doctoras que se sumaron a la Jornada de Salud y Audiencias P\u00fablicas en la Laguna de San Ignacio. Consultas m\u00e9dicas, nutri\u00f3loga, y toda la atenci\u00f3n con calidez para nuestras familias\u201d, extern\u00f3 Edith Aguilar.<\/p>\n<p style=\"font-weight: 400; text-align: justify;\">Finalmente, la alcaldesa dio a conocer que se estar\u00e1n realizando jornadas de salud y audiencias p\u00fablicas en todas las comunidades del municipio, esperando amplia convocatoria, \u201cen esta primera del a\u00f1o, contamos con la asistencia de un importante n\u00famero de ni\u00f1as, ni\u00f1os, mujeres y personas adultas mayores. Seguiremos desarrollando estas actividades en rancher\u00edas, zona costera del norte y sur, con el fin de beneficiar a las familias m\u00e1s alejadas de Muleg\u00e9 y brindarles, de manera gratuita, estos servicios\u201d, concluy\u00f3 la alcaldesa.<\/p>\n<p style=\"font-weight: 400; text-align: justify;\">Durante estas actividades, estuvieron presentes los regidores Luis S\u00e1ndez y Yahaira Contreras, presidenta de la comisi\u00f3n edilicia de Salud; as\u00ed como Agust\u00edn Eliosa, coordinador de salud en Muleg\u00e9; la doctora Diana M\u00e1rquez Garc\u00eda, m\u00e9dico voluntaria y la nutri\u00f3loga Perla Murillo.<\/p>\n","protected":false},"excerpt":{"rendered":"<p>En el marco del arranque de la temporada de la ballena gris en Laguna San Ignacio, la alcaldesa de Muleg\u00e9,<\/p>\n","protected":false},"author":1,"featured_media":0,"comment_status":"open","ping_status":"closed","sticky":false,"template":"","format":"standard","meta":{"colormag_page_container_layout":"default_layout","colormag_page_sidebar_layout":"default_layout","_jetpack_memberships_contains_paid_content":false,"footnotes":"","jetpack_publicize_message":"","jetpack_publicize_feature_enabled":true,"jetpack_social_post_already_shared":true,"jetpack_social_options":{"image_generator_settings":{"template":"highway","default_image_id":0,"font":"","enabled":false},"version":2}},"categories":[40],"tags":[],"class_list":["post-120349","post","type-post","status-publish","format-standard","hentry","category-municipios"],"yoast_head":"<!-- This site is optimized with the Yoast SEO plugin v27.5 - https:\/\/yoast.com\/product\/yoast-seo-wordpress\/ -->\n<title>Encabeza alcaldesa de Muleg\u00e9 jornada social y audiencias p\u00fablicas en Laguna San Ignacio - NBCS Noticias<\/title>\n<meta name=\"robots\" content=\"index, follow, max-snippet:-1, max-image-preview:large, max-video-preview:-1\" \/>\n<link rel=\"canonical\" href=\"https:\/\/nbcs.mx\/?p=120349\" \/>\n<meta property=\"og:locale\" content=\"es_ES\" \/>\n<meta property=\"og:type\" content=\"article\" \/>\n<meta property=\"og:title\" content=\"Encabeza alcaldesa de Muleg\u00e9 jornada social y audiencias p\u00fablicas en Laguna San Ignacio - NBCS Noticias\" \/>\n<meta property=\"og:description\" content=\"En el marco del arranque de la temporada de la ballena gris en Laguna San Ignacio, la alcaldesa de Muleg\u00e9,\" \/>\n<meta property=\"og:url\" content=\"https:\/\/nbcs.mx\/?p=120349\" \/>\n<meta property=\"og:site_name\" content=\"NBCS Noticias\" \/>\n<meta property=\"article:publisher\" content=\"https:\/\/www.facebook.com\/NBCSnoticias\" \/>\n<meta property=\"article:author\" content=\"https:\/\/www.facebook.com\/NBCSnoticias\" \/>\n<meta property=\"article:published_time\" content=\"2023-01-14T20:46:26+00:00\" \/>\n<meta property=\"article:modified_time\" content=\"2023-01-14T20:51:08+00:00\" \/>\n<meta property=\"og:image\" content=\"https:\/\/nbcs.mx\/wp-content\/uploads\/2023\/01\/Foto-1-1-1-666x492.jpg\" \/>\n<meta name=\"author\" content=\"NBCS Noticias\" \/>\n<meta name=\"twitter:card\" content=\"summary_large_image\" \/>\n<meta name=\"twitter:creator\" content=\"@https:\/\/twitter.com\/NBCSnoticias\" \/>\n<meta name=\"twitter:site\" content=\"@NBCSnoticias\" \/>\n<meta name=\"twitter:label1\" content=\"Escrito por\" \/>\n\t<meta name=\"twitter:data1\" content=\"NBCS Noticias\" \/>\n\t<meta name=\"twitter:label2\" content=\"Tiempo de lectura\" \/>\n\t<meta name=\"twitter:data2\" content=\"2 minutos\" \/>\n<script type=\"application\/ld+json\" class=\"yoast-schema-graph\">{\"@context\":\"https:\\\/\\\/schema.org\",\"@graph\":[{\"@type\":\"Article\",\"@id\":\"https:\\\/\\\/nbcs.mx\\\/?p=120349#article\",\"isPartOf\":{\"@id\":\"https:\\\/\\\/nbcs.mx\\\/?p=120349\"},\"author\":{\"name\":\"NBCS Noticias\",\"@id\":\"https:\\\/\\\/nbcs.mx\\\/#\\\/schema\\\/person\\\/ece58bab9a7c1e87a4d28ec9ecd79ff4\"},\"headline\":\"Encabeza alcaldesa de Muleg\u00e9 jornada social y audiencias p\u00fablicas en Laguna San Ignacio\",\"datePublished\":\"2023-01-14T20:46:26+00:00\",\"dateModified\":\"2023-01-14T20:51:08+00:00\",\"mainEntityOfPage\":{\"@id\":\"https:\\\/\\\/nbcs.mx\\\/?p=120349\"},\"wordCount\":397,\"commentCount\":0,\"publisher\":{\"@id\":\"https:\\\/\\\/nbcs.mx\\\/#organization\"},\"image\":{\"@id\":\"https:\\\/\\\/nbcs.mx\\\/?p=120349#primaryimage\"},\"thumbnailUrl\":\"https:\\\/\\\/nbcs.mx\\\/wp-content\\\/uploads\\\/2023\\\/01\\\/Foto-1-1-1-666x492.jpg\",\"articleSection\":[\"Municipios\"],\"inLanguage\":\"es\",\"potentialAction\":[{\"@type\":\"CommentAction\",\"name\":\"Comment\",\"target\":[\"https:\\\/\\\/nbcs.mx\\\/?p=120349#respond\"]}]},{\"@type\":\"WebPage\",\"@id\":\"https:\\\/\\\/nbcs.mx\\\/?p=120349\",\"url\":\"https:\\\/\\\/nbcs.mx\\\/?p=120349\",\"name\":\"Encabeza alcaldesa de Muleg\u00e9 jornada social y audiencias p\u00fablicas en Laguna San Ignacio - NBCS Noticias\",\"isPartOf\":{\"@id\":\"https:\\\/\\\/nbcs.mx\\\/#website\"},\"primaryImageOfPage\":{\"@id\":\"https:\\\/\\\/nbcs.mx\\\/?p=120349#primaryimage\"},\"image\":{\"@id\":\"https:\\\/\\\/nbcs.mx\\\/?p=120349#primaryimage\"},\"thumbnailUrl\":\"https:\\\/\\\/nbcs.mx\\\/wp-content\\\/uploads\\\/2023\\\/01\\\/Foto-1-1-1-666x492.jpg\",\"datePublished\":\"2023-01-14T20:46:26+00:00\",\"dateModified\":\"2023-01-14T20:51:08+00:00\",\"breadcrumb\":{\"@id\":\"https:\\\/\\\/nbcs.mx\\\/?p=120349#breadcrumb\"},\"inLanguage\":\"es\",\"potentialAction\":[{\"@type\":\"ReadAction\",\"target\":[\"https:\\\/\\\/nbcs.mx\\\/?p=120349\"]}]},{\"@type\":\"ImageObject\",\"inLanguage\":\"es\",\"@id\":\"https:\\\/\\\/nbcs.mx\\\/?p=120349#primaryimage\",\"url\":\"https:\\\/\\\/nbcs.mx\\\/wp-content\\\/uploads\\\/2023\\\/01\\\/Foto-1-1-1-666x492.jpg\",\"contentUrl\":\"https:\\\/\\\/nbcs.mx\\\/wp-content\\\/uploads\\\/2023\\\/01\\\/Foto-1-1-1-666x492.jpg\"},{\"@type\":\"BreadcrumbList\",\"@id\":\"https:\\\/\\\/nbcs.mx\\\/?p=120349#breadcrumb\",\"itemListElement\":[{\"@type\":\"ListItem\",\"position\":1,\"name\":\"Portada\",\"item\":\"https:\\\/\\\/nbcs.mx\\\/\"},{\"@type\":\"ListItem\",\"position\":2,\"name\":\"Encabeza alcaldesa de Muleg\u00e9 jornada social y audiencias p\u00fablicas en Laguna San Ignacio\"}]},{\"@type\":\"WebSite\",\"@id\":\"https:\\\/\\\/nbcs.mx\\\/#website\",\"url\":\"https:\\\/\\\/nbcs.mx\\\/\",\"name\":\"NBCS Noticias\",\"description\":\"Sitio web de noticias en Baja California Sur\",\"publisher\":{\"@id\":\"https:\\\/\\\/nbcs.mx\\\/#organization\"},\"potentialAction\":[{\"@type\":\"SearchAction\",\"target\":{\"@type\":\"EntryPoint\",\"urlTemplate\":\"https:\\\/\\\/nbcs.mx\\\/?s={search_term_string}\"},\"query-input\":{\"@type\":\"PropertyValueSpecification\",\"valueRequired\":true,\"valueName\":\"search_term_string\"}}],\"inLanguage\":\"es\"},{\"@type\":\"Organization\",\"@id\":\"https:\\\/\\\/nbcs.mx\\\/#organization\",\"name\":\"NBCS Noticias\",\"url\":\"https:\\\/\\\/nbcs.mx\\\/\",\"logo\":{\"@type\":\"ImageObject\",\"inLanguage\":\"es\",\"@id\":\"https:\\\/\\\/nbcs.mx\\\/#\\\/schema\\\/logo\\\/image\\\/\",\"url\":\"https:\\\/\\\/nbcs.mx\\\/wp-content\\\/uploads\\\/2018\\\/09\\\/057b69485e93575a5c2b1c1dde2dd297.jpeg\",\"contentUrl\":\"https:\\\/\\\/nbcs.mx\\\/wp-content\\\/uploads\\\/2018\\\/09\\\/057b69485e93575a5c2b1c1dde2dd297.jpeg\",\"width\":64,\"height\":64,\"caption\":\"NBCS Noticias\"},\"image\":{\"@id\":\"https:\\\/\\\/nbcs.mx\\\/#\\\/schema\\\/logo\\\/image\\\/\"},\"sameAs\":[\"https:\\\/\\\/www.facebook.com\\\/NBCSnoticias\",\"https:\\\/\\\/x.com\\\/NBCSnoticias\"]},{\"@type\":\"Person\",\"@id\":\"https:\\\/\\\/nbcs.mx\\\/#\\\/schema\\\/person\\\/ece58bab9a7c1e87a4d28ec9ecd79ff4\",\"name\":\"NBCS Noticias\",\"image\":{\"@type\":\"ImageObject\",\"inLanguage\":\"es\",\"@id\":\"https:\\\/\\\/secure.gravatar.com\\\/avatar\\\/4e52110cad1c4054b43271a0d14bbe9e2ea76aecd0e1097edfc670798d9ca1d4?s=96&d=blank&r=g\",\"url\":\"https:\\\/\\\/secure.gravatar.com\\\/avatar\\\/4e52110cad1c4054b43271a0d14bbe9e2ea76aecd0e1097edfc670798d9ca1d4?s=96&d=blank&r=g\",\"contentUrl\":\"https:\\\/\\\/secure.gravatar.com\\\/avatar\\\/4e52110cad1c4054b43271a0d14bbe9e2ea76aecd0e1097edfc670798d9ca1d4?s=96&d=blank&r=g\",\"caption\":\"NBCS Noticias\"},\"description\":\"\u00bfTienes fotos o video de alg\u00fan acto de posible negligencia, corrupci\u00f3n y abuso de autoridad? M\u00e1ndalo al WhatsApp de NBCS Noticias: 612 141 98 08\",\"sameAs\":[\"https:\\\/\\\/www.nbcs.mx\",\"https:\\\/\\\/www.facebook.com\\\/NBCSnoticias\",\"https:\\\/\\\/www.instagram.com\\\/nbcsnoticias\\\/\",\"https:\\\/\\\/x.com\\\/https:\\\/\\\/twitter.com\\\/NBCSnoticias\"]}]}<\/script>\n<!-- \/ Yoast SEO plugin. -->","yoast_head_json":{"title":"Encabeza alcaldesa de Muleg\u00e9 jornada social y audiencias p\u00fablicas en Laguna San Ignacio - NBCS Noticias","robots":{"index":"index","follow":"follow","max-snippet":"max-snippet:-1","max-image-preview":"max-image-preview:large","max-video-preview":"max-video-preview:-1"},"canonical":"https:\/\/nbcs.mx\/?p=120349","og_locale":"es_ES","og_type":"article","og_title":"Encabeza alcaldesa de Muleg\u00e9 jornada social y audiencias p\u00fablicas en Laguna San Ignacio - NBCS Noticias","og_description":"En el marco del arranque de la temporada de la ballena gris en Laguna San Ignacio, la alcaldesa de Muleg\u00e9,","og_url":"https:\/\/nbcs.mx\/?p=120349","og_site_name":"NBCS Noticias","article_publisher":"https:\/\/www.facebook.com\/NBCSnoticias","article_author":"https:\/\/www.facebook.com\/NBCSnoticias","article_published_time":"2023-01-14T20:46:26+00:00","article_modified_time":"2023-01-14T20:51:08+00:00","og_image":[{"url":"https:\/\/nbcs.mx\/wp-content\/uploads\/2023\/01\/Foto-1-1-1-666x492.jpg","type":"","width":"","height":""}],"author":"NBCS Noticias","twitter_card":"summary_large_image","twitter_creator":"@https:\/\/twitter.com\/NBCSnoticias","twitter_site":"@NBCSnoticias","twitter_misc":{"Escrito por":"NBCS Noticias","Tiempo de lectura":"2 minutos"},"schema":{"@context":"https:\/\/schema.org","@graph":[{"@type":"Article","@id":"https:\/\/nbcs.mx\/?p=120349#article","isPartOf":{"@id":"https:\/\/nbcs.mx\/?p=120349"},"author":{"name":"NBCS Noticias","@id":"https:\/\/nbcs.mx\/#\/schema\/person\/ece58bab9a7c1e87a4d28ec9ecd79ff4"},"headline":"Encabeza alcaldesa de Muleg\u00e9 jornada social y audiencias p\u00fablicas en Laguna San Ignacio","datePublished":"2023-01-14T20:46:26+00:00","dateModified":"2023-01-14T20:51:08+00:00","mainEntityOfPage":{"@id":"https:\/\/nbcs.mx\/?p=120349"},"wordCount":397,"commentCount":0,"publisher":{"@id":"https:\/\/nbcs.mx\/#organization"},"image":{"@id":"https:\/\/nbcs.mx\/?p=120349#primaryimage"},"thumbnailUrl":"https:\/\/nbcs.mx\/wp-content\/uploads\/2023\/01\/Foto-1-1-1-666x492.jpg","articleSection":["Municipios"],"inLanguage":"es","potentialAction":[{"@type":"CommentAction","name":"Comment","target":["https:\/\/nbcs.mx\/?p=120349#respond"]}]},{"@type":"WebPage","@id":"https:\/\/nbcs.mx\/?p=120349","url":"https:\/\/nbcs.mx\/?p=120349","name":"Encabeza alcaldesa de Muleg\u00e9 jornada social y audiencias p\u00fablicas en Laguna San Ignacio - NBCS Noticias","isPartOf":{"@id":"https:\/\/nbcs.mx\/#website"},"primaryImageOfPage":{"@id":"https:\/\/nbcs.mx\/?p=120349#primaryimage"},"image":{"@id":"https:\/\/nbcs.mx\/?p=120349#primaryimage"},"thumbnailUrl":"https:\/\/nbcs.mx\/wp-content\/uploads\/2023\/01\/Foto-1-1-1-666x492.jpg","datePublished":"2023-01-14T20:46:26+00:00","dateModified":"2023-01-14T20:51:08+00:00","breadcrumb":{"@id":"https:\/\/nbcs.mx\/?p=120349#breadcrumb"},"inLanguage":"es","potentialAction":[{"@type":"ReadAction","target":["https:\/\/nbcs.mx\/?p=120349"]}]},{"@type":"ImageObject","inLanguage":"es","@id":"https:\/\/nbcs.mx\/?p=120349#primaryimage","url":"https:\/\/nbcs.mx\/wp-content\/uploads\/2023\/01\/Foto-1-1-1-666x492.jpg","contentUrl":"https:\/\/nbcs.mx\/wp-content\/uploads\/2023\/01\/Foto-1-1-1-666x492.jpg"},{"@type":"BreadcrumbList","@id":"https:\/\/nbcs.mx\/?p=120349#breadcrumb","itemListElement":[{"@type":"ListItem","position":1,"name":"Portada","item":"https:\/\/nbcs.mx\/"},{"@type":"ListItem","position":2,"name":"Encabeza alcaldesa de Muleg\u00e9 jornada social y audiencias p\u00fablicas en Laguna San Ignacio"}]},{"@type":"WebSite","@id":"https:\/\/nbcs.mx\/#website","url":"https:\/\/nbcs.mx\/","name":"NBCS Noticias","description":"Sitio web de noticias en Baja California Sur","publisher":{"@id":"https:\/\/nbcs.mx\/#organization"},"potentialAction":[{"@type":"SearchAction","target":{"@type":"EntryPoint","urlTemplate":"https:\/\/nbcs.mx\/?s={search_term_string}"},"query-input":{"@type":"PropertyValueSpecification","valueRequired":true,"valueName":"search_term_string"}}],"inLanguage":"es"},{"@type":"Organization","@id":"https:\/\/nbcs.mx\/#organization","name":"NBCS Noticias","url":"https:\/\/nbcs.mx\/","logo":{"@type":"ImageObject","inLanguage":"es","@id":"https:\/\/nbcs.mx\/#\/schema\/logo\/image\/","url":"https:\/\/nbcs.mx\/wp-content\/uploads\/2018\/09\/057b69485e93575a5c2b1c1dde2dd297.jpeg","contentUrl":"https:\/\/nbcs.mx\/wp-content\/uploads\/2018\/09\/057b69485e93575a5c2b1c1dde2dd297.jpeg","width":64,"height":64,"caption":"NBCS Noticias"},"image":{"@id":"https:\/\/nbcs.mx\/#\/schema\/logo\/image\/"},"sameAs":["https:\/\/www.facebook.com\/NBCSnoticias","https:\/\/x.com\/NBCSnoticias"]},{"@type":"Person","@id":"https:\/\/nbcs.mx\/#\/schema\/person\/ece58bab9a7c1e87a4d28ec9ecd79ff4","name":"NBCS Noticias","image":{"@type":"ImageObject","inLanguage":"es","@id":"https:\/\/secure.gravatar.com\/avatar\/4e52110cad1c4054b43271a0d14bbe9e2ea76aecd0e1097edfc670798d9ca1d4?s=96&d=blank&r=g","url":"https:\/\/secure.gravatar.com\/avatar\/4e52110cad1c4054b43271a0d14bbe9e2ea76aecd0e1097edfc670798d9ca1d4?s=96&d=blank&r=g","contentUrl":"https:\/\/secure.gravatar.com\/avatar\/4e52110cad1c4054b43271a0d14bbe9e2ea76aecd0e1097edfc670798d9ca1d4?s=96&d=blank&r=g","caption":"NBCS Noticias"},"description":"\u00bfTienes fotos o video de alg\u00fan acto de posible negligencia, corrupci\u00f3n y abuso de autoridad? M\u00e1ndalo al WhatsApp de NBCS Noticias: 612 141 98 08","sameAs":["https:\/\/www.nbcs.mx","https:\/\/www.facebook.com\/NBCSnoticias","https:\/\/www.instagram.com\/nbcsnoticias\/","https:\/\/x.com\/https:\/\/twitter.com\/NBCSnoticias"]}]}},"jetpack_publicize_connections":[],"jetpack_featured_media_url":"","jetpack_sharing_enabled":true,"_links":{"self":[{"href":"https:\/\/nbcs.mx\/index.php?rest_route=\/wp\/v2\/posts\/120349","targetHints":{"allow":["GET"]}}],"collection":[{"href":"https:\/\/nbcs.mx\/index.php?rest_route=\/wp\/v2\/posts"}],"about":[{"href":"https:\/\/nbcs.mx\/index.php?rest_route=\/wp\/v2\/types\/post"}],"author":[{"embeddable":true,"href":"https:\/\/nbcs.mx\/index.php?rest_route=\/wp\/v2\/users\/1"}],"replies":[{"embeddable":true,"href":"https:\/\/nbcs.mx\/index.php?rest_route=%2Fwp%2Fv2%2Fcomments&post=120349"}],"version-history":[{"count":2,"href":"https:\/\/nbcs.mx\/index.php?rest_route=\/wp\/v2\/posts\/120349\/revisions"}],"predecessor-version":[{"id":120352,"href":"https:\/\/nbcs.mx\/index.php?rest_route=\/wp\/v2\/posts\/120349\/revisions\/120352"}],"wp:attachment":[{"href":"https:\/\/nbcs.mx\/index.php?rest_route=%2Fwp%2Fv2%2Fmedia&parent=120349"}],"wp:term":[{"taxonomy":"category","embeddable":true,"href":"https:\/\/nbcs.mx\/index.php?rest_route=%2Fwp%2Fv2%2Fcategories&post=120349"},{"taxonomy":"post_tag","embeddable":true,"href":"https:\/\/nbcs.mx\/index.php?rest_route=%2Fwp%2Fv2%2Ftags&post=120349"}],"curies":[{"name":"wp","href":"https:\/\/api.w.org\/{rel}","templated":true}]}}