{"id":120530,"date":"2023-01-18T20:31:43","date_gmt":"2023-01-19T03:31:43","guid":{"rendered":"https:\/\/nbcs.mx\/?p=120530"},"modified":"2023-01-18T20:31:43","modified_gmt":"2023-01-19T03:31:43","slug":"por-acuerdo-del-comite-de-salud-continuara-el-uso-obligatorio-de-cubrebocas-en-lugares-cerrados","status":"publish","type":"post","link":"https:\/\/nbcs.mx\/?p=120530","title":{"rendered":"Por acuerdo del comit\u00e9 de salud continuar\u00e1 el uso obligatorio de cubrebocas en lugares cerrados"},"content":{"rendered":"<p style=\"font-weight: 400; text-align: justify;\"><img loading=\"lazy\" decoding=\"async\" class=\"size-medium wp-image-120531 aligncenter\" src=\"https:\/\/nbcs.mx\/wp-content\/uploads\/2023\/01\/FOTO-BOLETIN-SSA-USO-CUBREBOCAS-755x401.jpg\" alt=\"\" width=\"755\" height=\"401\" \/><\/p>\n<p style=\"font-weight: 400; text-align: justify;\">Las y los integrantes del Comit\u00e9 Estatal para la Seguridad en Salud votaron de manera un\u00e1nime para que contin\u00fae el uso obligatorio del cubrebocas en espacios cerrados, recintos educativos, de salud y en el servicio del transporte p\u00fablico de los cinco municipios de la entidad, con la finalidad de reducir riesgos por infecciones respiratorias agudas (IRAS) a las personas que por ser mayores de 60 a\u00f1os o por presentar comorbilidades son m\u00e1s vulnerables a los efectos de estos padecimientos.<\/p>\n<p style=\"font-weight: 400; text-align: justify;\">\n<p style=\"font-weight: 400; text-align: justify;\">Si bien la entidad muestra una estabilidad en la incidencia de enfermedades como Covid-19, influenza y otras de car\u00e1cter respiratorio, es necesario mantener la aplicaci\u00f3n de medidas de higiene b\u00e1sicas en tanto se confirma esta tendencia de desaceleraci\u00f3n, expres\u00f3 la titular del ramo, Zazil Flores Aldape durante este encuentro que, con la representaci\u00f3n del gobernador V\u00edctor Castro Cos\u00edo, fue presidido por el secretario del Trabajo, Bienestar y Desarrollo Social, Omar Zavala Ag\u00fandez.<\/p>\n<p style=\"font-weight: 400; text-align: justify;\">\n<p style=\"font-weight: 400; text-align: justify;\">En esta sesi\u00f3n a la que acudieron autoridades m\u00e9dicas de IMSS, ISSSTE, SEDENA y SEMAR, as\u00ed como representantes de los cinco gobiernos municipales, Flores Aldape enfatiz\u00f3 que adem\u00e1s de la utilizaci\u00f3n correcta de la mascarilla en interiores, es importante que la poblaci\u00f3n priorice la ventilaci\u00f3n de espacios, el lavado frecuente de manos, as\u00ed como la desinfecci\u00f3n de superficies y objetos de uso com\u00fan para prevenir estas patolog\u00edas, que pueden generar complicaciones severas en personas con un sistema inmunol\u00f3gico debilitado.<\/p>\n<p style=\"font-weight: 400; text-align: justify;\">\n<p style=\"font-weight: 400; text-align: justify;\">Durante esta reuni\u00f3n, en la que se inform\u00f3 que la positividad por Covid-19 de BCS ha mantenido una fluctuaci\u00f3n del 18.9 al 33.6 por ciento en las \u00faltimas ocho semanas epidemiol\u00f3gicas, as\u00ed como una ocupaci\u00f3n hospitalaria de entre nueve y 11 pacientes, la m\u00e9dica reiter\u00f3 el llamado para que todas y todos colaboremos en los esfuerzos para cortar cadenas de transmisi\u00f3n, al tener en cuenta que en lo que va de 2023 ya se presentaron dos defunciones por esta causa.<\/p>\n<p style=\"font-weight: 400; text-align: justify;\">\n<p style=\"font-weight: 400; text-align: justify;\">La secretaria de Salud convoc\u00f3 a quienes forman parte de los grupos de riesgo para que acudan a recibir la vacuna contra la influenza en la unidad de salud m\u00e1s cercana a su domicilio, al puntualizar que en pr\u00f3ximas fechas se desarrollar\u00e1n nuevas jornadas de vacunaci\u00f3n contra Covid para personas de cinco a 11 a\u00f1os de edad, mediante la suma de esfuerzos entre el sector salud y la autoridad educativa con la Secretar\u00eda de Bienestar.<\/p>\n","protected":false},"excerpt":{"rendered":"<p>Las y los integrantes del Comit\u00e9 Estatal para la Seguridad en Salud votaron de manera un\u00e1nime para que contin\u00fae el<\/p>\n","protected":false},"author":1,"featured_media":0,"comment_status":"open","ping_status":"closed","sticky":false,"template":"","format":"standard","meta":{"colormag_page_container_layout":"default_layout","colormag_page_sidebar_layout":"default_layout","_jetpack_memberships_contains_paid_content":false,"footnotes":"","jetpack_publicize_message":"","jetpack_publicize_feature_enabled":true,"jetpack_social_post_already_shared":true,"jetpack_social_options":{"image_generator_settings":{"template":"highway","default_image_id":0,"font":"","enabled":false},"version":2}},"categories":[1],"tags":[],"class_list":["post-120530","post","type-post","status-publish","format-standard","hentry","category-noticias"],"yoast_head":"<!-- This site is optimized with the Yoast SEO plugin v27.5 - https:\/\/yoast.com\/product\/yoast-seo-wordpress\/ -->\n<title>Por acuerdo del comit\u00e9 de salud continuar\u00e1 el uso obligatorio de cubrebocas en lugares cerrados - NBCS Noticias<\/title>\n<meta name=\"robots\" content=\"index, follow, max-snippet:-1, max-image-preview:large, max-video-preview:-1\" \/>\n<link rel=\"canonical\" href=\"https:\/\/nbcs.mx\/?p=120530\" \/>\n<meta property=\"og:locale\" content=\"es_ES\" \/>\n<meta property=\"og:type\" content=\"article\" \/>\n<meta property=\"og:title\" content=\"Por acuerdo del comit\u00e9 de salud continuar\u00e1 el uso obligatorio de cubrebocas en lugares cerrados - NBCS Noticias\" \/>\n<meta property=\"og:description\" content=\"Las y los integrantes del Comit\u00e9 Estatal para la Seguridad en Salud votaron de manera un\u00e1nime para que contin\u00fae el\" \/>\n<meta property=\"og:url\" content=\"https:\/\/nbcs.mx\/?p=120530\" \/>\n<meta property=\"og:site_name\" content=\"NBCS Noticias\" \/>\n<meta property=\"article:publisher\" content=\"https:\/\/www.facebook.com\/NBCSnoticias\" \/>\n<meta property=\"article:author\" content=\"https:\/\/www.facebook.com\/NBCSnoticias\" \/>\n<meta property=\"article:published_time\" content=\"2023-01-19T03:31:43+00:00\" \/>\n<meta property=\"og:image\" content=\"https:\/\/nbcs.mx\/wp-content\/uploads\/2023\/01\/FOTO-BOLETIN-SSA-USO-CUBREBOCAS-755x401.jpg\" \/>\n<meta name=\"author\" content=\"NBCS Noticias\" \/>\n<meta name=\"twitter:card\" content=\"summary_large_image\" \/>\n<meta name=\"twitter:creator\" content=\"@https:\/\/twitter.com\/NBCSnoticias\" \/>\n<meta name=\"twitter:site\" content=\"@NBCSnoticias\" \/>\n<meta name=\"twitter:label1\" content=\"Escrito por\" \/>\n\t<meta name=\"twitter:data1\" content=\"NBCS Noticias\" \/>\n\t<meta name=\"twitter:label2\" content=\"Tiempo de lectura\" \/>\n\t<meta name=\"twitter:data2\" content=\"2 minutos\" \/>\n<script type=\"application\/ld+json\" class=\"yoast-schema-graph\">{\"@context\":\"https:\\\/\\\/schema.org\",\"@graph\":[{\"@type\":\"Article\",\"@id\":\"https:\\\/\\\/nbcs.mx\\\/?p=120530#article\",\"isPartOf\":{\"@id\":\"https:\\\/\\\/nbcs.mx\\\/?p=120530\"},\"author\":{\"name\":\"NBCS Noticias\",\"@id\":\"https:\\\/\\\/nbcs.mx\\\/#\\\/schema\\\/person\\\/ece58bab9a7c1e87a4d28ec9ecd79ff4\"},\"headline\":\"Por acuerdo del comit\u00e9 de salud continuar\u00e1 el uso obligatorio de cubrebocas en lugares cerrados\",\"datePublished\":\"2023-01-19T03:31:43+00:00\",\"mainEntityOfPage\":{\"@id\":\"https:\\\/\\\/nbcs.mx\\\/?p=120530\"},\"wordCount\":429,\"commentCount\":0,\"publisher\":{\"@id\":\"https:\\\/\\\/nbcs.mx\\\/#organization\"},\"image\":{\"@id\":\"https:\\\/\\\/nbcs.mx\\\/?p=120530#primaryimage\"},\"thumbnailUrl\":\"https:\\\/\\\/nbcs.mx\\\/wp-content\\\/uploads\\\/2023\\\/01\\\/FOTO-BOLETIN-SSA-USO-CUBREBOCAS-755x401.jpg\",\"articleSection\":[\"Noticias\"],\"inLanguage\":\"es\",\"potentialAction\":[{\"@type\":\"CommentAction\",\"name\":\"Comment\",\"target\":[\"https:\\\/\\\/nbcs.mx\\\/?p=120530#respond\"]}]},{\"@type\":\"WebPage\",\"@id\":\"https:\\\/\\\/nbcs.mx\\\/?p=120530\",\"url\":\"https:\\\/\\\/nbcs.mx\\\/?p=120530\",\"name\":\"Por acuerdo del comit\u00e9 de salud continuar\u00e1 el uso obligatorio de cubrebocas en lugares cerrados - NBCS Noticias\",\"isPartOf\":{\"@id\":\"https:\\\/\\\/nbcs.mx\\\/#website\"},\"primaryImageOfPage\":{\"@id\":\"https:\\\/\\\/nbcs.mx\\\/?p=120530#primaryimage\"},\"image\":{\"@id\":\"https:\\\/\\\/nbcs.mx\\\/?p=120530#primaryimage\"},\"thumbnailUrl\":\"https:\\\/\\\/nbcs.mx\\\/wp-content\\\/uploads\\\/2023\\\/01\\\/FOTO-BOLETIN-SSA-USO-CUBREBOCAS-755x401.jpg\",\"datePublished\":\"2023-01-19T03:31:43+00:00\",\"breadcrumb\":{\"@id\":\"https:\\\/\\\/nbcs.mx\\\/?p=120530#breadcrumb\"},\"inLanguage\":\"es\",\"potentialAction\":[{\"@type\":\"ReadAction\",\"target\":[\"https:\\\/\\\/nbcs.mx\\\/?p=120530\"]}]},{\"@type\":\"ImageObject\",\"inLanguage\":\"es\",\"@id\":\"https:\\\/\\\/nbcs.mx\\\/?p=120530#primaryimage\",\"url\":\"https:\\\/\\\/nbcs.mx\\\/wp-content\\\/uploads\\\/2023\\\/01\\\/FOTO-BOLETIN-SSA-USO-CUBREBOCAS-755x401.jpg\",\"contentUrl\":\"https:\\\/\\\/nbcs.mx\\\/wp-content\\\/uploads\\\/2023\\\/01\\\/FOTO-BOLETIN-SSA-USO-CUBREBOCAS-755x401.jpg\"},{\"@type\":\"BreadcrumbList\",\"@id\":\"https:\\\/\\\/nbcs.mx\\\/?p=120530#breadcrumb\",\"itemListElement\":[{\"@type\":\"ListItem\",\"position\":1,\"name\":\"Portada\",\"item\":\"https:\\\/\\\/nbcs.mx\\\/\"},{\"@type\":\"ListItem\",\"position\":2,\"name\":\"Por acuerdo del comit\u00e9 de salud continuar\u00e1 el uso obligatorio de cubrebocas en lugares cerrados\"}]},{\"@type\":\"WebSite\",\"@id\":\"https:\\\/\\\/nbcs.mx\\\/#website\",\"url\":\"https:\\\/\\\/nbcs.mx\\\/\",\"name\":\"NBCS Noticias\",\"description\":\"Sitio web de noticias en Baja California Sur\",\"publisher\":{\"@id\":\"https:\\\/\\\/nbcs.mx\\\/#organization\"},\"potentialAction\":[{\"@type\":\"SearchAction\",\"target\":{\"@type\":\"EntryPoint\",\"urlTemplate\":\"https:\\\/\\\/nbcs.mx\\\/?s={search_term_string}\"},\"query-input\":{\"@type\":\"PropertyValueSpecification\",\"valueRequired\":true,\"valueName\":\"search_term_string\"}}],\"inLanguage\":\"es\"},{\"@type\":\"Organization\",\"@id\":\"https:\\\/\\\/nbcs.mx\\\/#organization\",\"name\":\"NBCS Noticias\",\"url\":\"https:\\\/\\\/nbcs.mx\\\/\",\"logo\":{\"@type\":\"ImageObject\",\"inLanguage\":\"es\",\"@id\":\"https:\\\/\\\/nbcs.mx\\\/#\\\/schema\\\/logo\\\/image\\\/\",\"url\":\"https:\\\/\\\/nbcs.mx\\\/wp-content\\\/uploads\\\/2018\\\/09\\\/057b69485e93575a5c2b1c1dde2dd297.jpeg\",\"contentUrl\":\"https:\\\/\\\/nbcs.mx\\\/wp-content\\\/uploads\\\/2018\\\/09\\\/057b69485e93575a5c2b1c1dde2dd297.jpeg\",\"width\":64,\"height\":64,\"caption\":\"NBCS Noticias\"},\"image\":{\"@id\":\"https:\\\/\\\/nbcs.mx\\\/#\\\/schema\\\/logo\\\/image\\\/\"},\"sameAs\":[\"https:\\\/\\\/www.facebook.com\\\/NBCSnoticias\",\"https:\\\/\\\/x.com\\\/NBCSnoticias\"]},{\"@type\":\"Person\",\"@id\":\"https:\\\/\\\/nbcs.mx\\\/#\\\/schema\\\/person\\\/ece58bab9a7c1e87a4d28ec9ecd79ff4\",\"name\":\"NBCS Noticias\",\"image\":{\"@type\":\"ImageObject\",\"inLanguage\":\"es\",\"@id\":\"https:\\\/\\\/secure.gravatar.com\\\/avatar\\\/4e52110cad1c4054b43271a0d14bbe9e2ea76aecd0e1097edfc670798d9ca1d4?s=96&d=blank&r=g\",\"url\":\"https:\\\/\\\/secure.gravatar.com\\\/avatar\\\/4e52110cad1c4054b43271a0d14bbe9e2ea76aecd0e1097edfc670798d9ca1d4?s=96&d=blank&r=g\",\"contentUrl\":\"https:\\\/\\\/secure.gravatar.com\\\/avatar\\\/4e52110cad1c4054b43271a0d14bbe9e2ea76aecd0e1097edfc670798d9ca1d4?s=96&d=blank&r=g\",\"caption\":\"NBCS Noticias\"},\"description\":\"\u00bfTienes fotos o video de alg\u00fan acto de posible negligencia, corrupci\u00f3n y abuso de autoridad? M\u00e1ndalo al WhatsApp de NBCS Noticias: 612 141 98 08\",\"sameAs\":[\"https:\\\/\\\/www.nbcs.mx\",\"https:\\\/\\\/www.facebook.com\\\/NBCSnoticias\",\"https:\\\/\\\/www.instagram.com\\\/nbcsnoticias\\\/\",\"https:\\\/\\\/x.com\\\/https:\\\/\\\/twitter.com\\\/NBCSnoticias\"]}]}<\/script>\n<!-- \/ Yoast SEO plugin. -->","yoast_head_json":{"title":"Por acuerdo del comit\u00e9 de salud continuar\u00e1 el uso obligatorio de cubrebocas en lugares cerrados - NBCS Noticias","robots":{"index":"index","follow":"follow","max-snippet":"max-snippet:-1","max-image-preview":"max-image-preview:large","max-video-preview":"max-video-preview:-1"},"canonical":"https:\/\/nbcs.mx\/?p=120530","og_locale":"es_ES","og_type":"article","og_title":"Por acuerdo del comit\u00e9 de salud continuar\u00e1 el uso obligatorio de cubrebocas en lugares cerrados - NBCS Noticias","og_description":"Las y los integrantes del Comit\u00e9 Estatal para la Seguridad en Salud votaron de manera un\u00e1nime para que contin\u00fae el","og_url":"https:\/\/nbcs.mx\/?p=120530","og_site_name":"NBCS Noticias","article_publisher":"https:\/\/www.facebook.com\/NBCSnoticias","article_author":"https:\/\/www.facebook.com\/NBCSnoticias","article_published_time":"2023-01-19T03:31:43+00:00","og_image":[{"url":"https:\/\/nbcs.mx\/wp-content\/uploads\/2023\/01\/FOTO-BOLETIN-SSA-USO-CUBREBOCAS-755x401.jpg","type":"","width":"","height":""}],"author":"NBCS Noticias","twitter_card":"summary_large_image","twitter_creator":"@https:\/\/twitter.com\/NBCSnoticias","twitter_site":"@NBCSnoticias","twitter_misc":{"Escrito por":"NBCS Noticias","Tiempo de lectura":"2 minutos"},"schema":{"@context":"https:\/\/schema.org","@graph":[{"@type":"Article","@id":"https:\/\/nbcs.mx\/?p=120530#article","isPartOf":{"@id":"https:\/\/nbcs.mx\/?p=120530"},"author":{"name":"NBCS Noticias","@id":"https:\/\/nbcs.mx\/#\/schema\/person\/ece58bab9a7c1e87a4d28ec9ecd79ff4"},"headline":"Por acuerdo del comit\u00e9 de salud continuar\u00e1 el uso obligatorio de cubrebocas en lugares cerrados","datePublished":"2023-01-19T03:31:43+00:00","mainEntityOfPage":{"@id":"https:\/\/nbcs.mx\/?p=120530"},"wordCount":429,"commentCount":0,"publisher":{"@id":"https:\/\/nbcs.mx\/#organization"},"image":{"@id":"https:\/\/nbcs.mx\/?p=120530#primaryimage"},"thumbnailUrl":"https:\/\/nbcs.mx\/wp-content\/uploads\/2023\/01\/FOTO-BOLETIN-SSA-USO-CUBREBOCAS-755x401.jpg","articleSection":["Noticias"],"inLanguage":"es","potentialAction":[{"@type":"CommentAction","name":"Comment","target":["https:\/\/nbcs.mx\/?p=120530#respond"]}]},{"@type":"WebPage","@id":"https:\/\/nbcs.mx\/?p=120530","url":"https:\/\/nbcs.mx\/?p=120530","name":"Por acuerdo del comit\u00e9 de salud continuar\u00e1 el uso obligatorio de cubrebocas en lugares cerrados - NBCS Noticias","isPartOf":{"@id":"https:\/\/nbcs.mx\/#website"},"primaryImageOfPage":{"@id":"https:\/\/nbcs.mx\/?p=120530#primaryimage"},"image":{"@id":"https:\/\/nbcs.mx\/?p=120530#primaryimage"},"thumbnailUrl":"https:\/\/nbcs.mx\/wp-content\/uploads\/2023\/01\/FOTO-BOLETIN-SSA-USO-CUBREBOCAS-755x401.jpg","datePublished":"2023-01-19T03:31:43+00:00","breadcrumb":{"@id":"https:\/\/nbcs.mx\/?p=120530#breadcrumb"},"inLanguage":"es","potentialAction":[{"@type":"ReadAction","target":["https:\/\/nbcs.mx\/?p=120530"]}]},{"@type":"ImageObject","inLanguage":"es","@id":"https:\/\/nbcs.mx\/?p=120530#primaryimage","url":"https:\/\/nbcs.mx\/wp-content\/uploads\/2023\/01\/FOTO-BOLETIN-SSA-USO-CUBREBOCAS-755x401.jpg","contentUrl":"https:\/\/nbcs.mx\/wp-content\/uploads\/2023\/01\/FOTO-BOLETIN-SSA-USO-CUBREBOCAS-755x401.jpg"},{"@type":"BreadcrumbList","@id":"https:\/\/nbcs.mx\/?p=120530#breadcrumb","itemListElement":[{"@type":"ListItem","position":1,"name":"Portada","item":"https:\/\/nbcs.mx\/"},{"@type":"ListItem","position":2,"name":"Por acuerdo del comit\u00e9 de salud continuar\u00e1 el uso obligatorio de cubrebocas en lugares cerrados"}]},{"@type":"WebSite","@id":"https:\/\/nbcs.mx\/#website","url":"https:\/\/nbcs.mx\/","name":"NBCS Noticias","description":"Sitio web de noticias en Baja California Sur","publisher":{"@id":"https:\/\/nbcs.mx\/#organization"},"potentialAction":[{"@type":"SearchAction","target":{"@type":"EntryPoint","urlTemplate":"https:\/\/nbcs.mx\/?s={search_term_string}"},"query-input":{"@type":"PropertyValueSpecification","valueRequired":true,"valueName":"search_term_string"}}],"inLanguage":"es"},{"@type":"Organization","@id":"https:\/\/nbcs.mx\/#organization","name":"NBCS Noticias","url":"https:\/\/nbcs.mx\/","logo":{"@type":"ImageObject","inLanguage":"es","@id":"https:\/\/nbcs.mx\/#\/schema\/logo\/image\/","url":"https:\/\/nbcs.mx\/wp-content\/uploads\/2018\/09\/057b69485e93575a5c2b1c1dde2dd297.jpeg","contentUrl":"https:\/\/nbcs.mx\/wp-content\/uploads\/2018\/09\/057b69485e93575a5c2b1c1dde2dd297.jpeg","width":64,"height":64,"caption":"NBCS Noticias"},"image":{"@id":"https:\/\/nbcs.mx\/#\/schema\/logo\/image\/"},"sameAs":["https:\/\/www.facebook.com\/NBCSnoticias","https:\/\/x.com\/NBCSnoticias"]},{"@type":"Person","@id":"https:\/\/nbcs.mx\/#\/schema\/person\/ece58bab9a7c1e87a4d28ec9ecd79ff4","name":"NBCS Noticias","image":{"@type":"ImageObject","inLanguage":"es","@id":"https:\/\/secure.gravatar.com\/avatar\/4e52110cad1c4054b43271a0d14bbe9e2ea76aecd0e1097edfc670798d9ca1d4?s=96&d=blank&r=g","url":"https:\/\/secure.gravatar.com\/avatar\/4e52110cad1c4054b43271a0d14bbe9e2ea76aecd0e1097edfc670798d9ca1d4?s=96&d=blank&r=g","contentUrl":"https:\/\/secure.gravatar.com\/avatar\/4e52110cad1c4054b43271a0d14bbe9e2ea76aecd0e1097edfc670798d9ca1d4?s=96&d=blank&r=g","caption":"NBCS Noticias"},"description":"\u00bfTienes fotos o video de alg\u00fan acto de posible negligencia, corrupci\u00f3n y abuso de autoridad? M\u00e1ndalo al WhatsApp de NBCS Noticias: 612 141 98 08","sameAs":["https:\/\/www.nbcs.mx","https:\/\/www.facebook.com\/NBCSnoticias","https:\/\/www.instagram.com\/nbcsnoticias\/","https:\/\/x.com\/https:\/\/twitter.com\/NBCSnoticias"]}]}},"jetpack_publicize_connections":[],"jetpack_featured_media_url":"","jetpack_sharing_enabled":true,"_links":{"self":[{"href":"https:\/\/nbcs.mx\/index.php?rest_route=\/wp\/v2\/posts\/120530","targetHints":{"allow":["GET"]}}],"collection":[{"href":"https:\/\/nbcs.mx\/index.php?rest_route=\/wp\/v2\/posts"}],"about":[{"href":"https:\/\/nbcs.mx\/index.php?rest_route=\/wp\/v2\/types\/post"}],"author":[{"embeddable":true,"href":"https:\/\/nbcs.mx\/index.php?rest_route=\/wp\/v2\/users\/1"}],"replies":[{"embeddable":true,"href":"https:\/\/nbcs.mx\/index.php?rest_route=%2Fwp%2Fv2%2Fcomments&post=120530"}],"version-history":[{"count":1,"href":"https:\/\/nbcs.mx\/index.php?rest_route=\/wp\/v2\/posts\/120530\/revisions"}],"predecessor-version":[{"id":120532,"href":"https:\/\/nbcs.mx\/index.php?rest_route=\/wp\/v2\/posts\/120530\/revisions\/120532"}],"wp:attachment":[{"href":"https:\/\/nbcs.mx\/index.php?rest_route=%2Fwp%2Fv2%2Fmedia&parent=120530"}],"wp:term":[{"taxonomy":"category","embeddable":true,"href":"https:\/\/nbcs.mx\/index.php?rest_route=%2Fwp%2Fv2%2Fcategories&post=120530"},{"taxonomy":"post_tag","embeddable":true,"href":"https:\/\/nbcs.mx\/index.php?rest_route=%2Fwp%2Fv2%2Ftags&post=120530"}],"curies":[{"name":"wp","href":"https:\/\/api.w.org\/{rel}","templated":true}]}}