{"id":120536,"date":"2023-01-18T20:36:09","date_gmt":"2023-01-19T03:36:09","guid":{"rendered":"https:\/\/nbcs.mx\/?p=120536"},"modified":"2023-01-18T20:36:09","modified_gmt":"2023-01-19T03:36:09","slug":"inaugura-alcaldesa-rehabilitacion-del-centro-de-desarrollo-comunitario-en-los-barriles","status":"publish","type":"post","link":"https:\/\/nbcs.mx\/?p=120536","title":{"rendered":"Inaugura Alcaldesa rehabilitaci\u00f3n del Centro de Desarrollo Comunitario en Los Barriles"},"content":{"rendered":"<p style=\"font-weight: 400; text-align: justify;\"><img loading=\"lazy\" decoding=\"async\" class=\" wp-image-120537 alignleft\" src=\"https:\/\/nbcs.mx\/wp-content\/uploads\/2023\/01\/Inaugura-Alcaldesa-rehabilitacion-del-Centro-de-Desarrollo-Comunitario-en-Los-Barriles-755x461.jpeg\" alt=\"\" width=\"343\" height=\"209\" \/>La Presidenta Municipal, Milena Quiroga Romero acompa\u00f1ada del Presidente Honorario del Sistema Municipal DIF La Paz, Ing. Alberto Camberos y su directora, Carla Jonguitud, encabezaron la inauguraci\u00f3n de la rehabilitaci\u00f3n del Centro de Desarrollo Comunitario (CDC) en la delegaci\u00f3n de Los Barriles, obra en la que el Ayuntamiento de La Paz invirti\u00f3 cerca de 473 mil pesos para beneficio de la poblaci\u00f3n.<\/p>\n<p style=\"font-weight: 400; text-align: justify;\">\n<p style=\"font-weight: 400; text-align: justify;\">El Presidente Honorario del DIF La Paz expres\u00f3 \u201cagradecerles la confianza que le han brindado a la administraci\u00f3n municipal, reiterarles que estamos para brindarles las mejores condiciones y servirles, cuando gusten visitar las nuevas instalaciones estaremos con los brazos abiertos para que disfruten de los servicios\u201d.<\/p>\n<p style=\"font-weight: 400; text-align: justify;\">\n<p style=\"font-weight: 400; text-align: justify;\">Las mejoras en el espacio consistieron en la reconstrucci\u00f3n total del \u00e1rea de oficinas principales, piso trasero y techumbre, arreglo del cerco, se instal\u00f3 un ba\u00f1o nuevo y rampas de acceso para personas con discapacidad, realiz\u00e1ndose trabajos de pintura, electricidad, y jardiner\u00eda.<\/p>\n<p style=\"font-weight: 400; text-align: justify;\">\n<p style=\"font-weight: 400; text-align: justify;\">Todo esto permitir\u00e1 que los usuarios tengan instalaciones dignas para poder realizar actividades de esparcimiento, cumpliendo con los requerimientos b\u00e1sicos de seguridad, con la finalidad de brindar comodidad para sus usuarios, especialmente en el \u00e1rea del patio donde las y los ni\u00f1os llevan a cabo sus actividades de talleres de verano, manualidades e incluso para\u00a0 los alumnos de preescolar de la escuela CONAFE donde toman sus clases.<\/p>\n<p style=\"font-weight: 400; text-align: justify;\">\n<p style=\"font-weight: 400; text-align: justify;\">Es preciso se\u00f1alar, que el Centro de Desarrollo Comunitario llega a atender hasta 800 personas al mes de acuerdo a las actividades de la temporada, ha sido de gran ayuda para las familias de la comunidad, siendo una instalaci\u00f3n en la que se imparten diversos cursos como punto de enlace y vinculaci\u00f3n con programas de asistencia y bienestar social.<\/p>\n<p style=\"font-weight: 400; text-align: justify;\">\n<p style=\"font-weight: 400; text-align: justify;\">Finalmente, los servidores p\u00fablicos municipales realizaron el simb\u00f3lico corte de list\u00f3n de entrega, destacando que el Centro de Desarrollo Comunitario de Los Barriles abre nuevamente sus puertas para todas y todos los habitantes.<\/p>\n","protected":false},"excerpt":{"rendered":"<p>La Presidenta Municipal, Milena Quiroga Romero acompa\u00f1ada del Presidente Honorario del Sistema Municipal DIF La Paz, Ing. Alberto Camberos y<\/p>\n","protected":false},"author":1,"featured_media":0,"comment_status":"open","ping_status":"closed","sticky":false,"template":"","format":"standard","meta":{"colormag_page_container_layout":"default_layout","colormag_page_sidebar_layout":"default_layout","_jetpack_memberships_contains_paid_content":false,"footnotes":"","jetpack_publicize_message":"","jetpack_publicize_feature_enabled":true,"jetpack_social_post_already_shared":true,"jetpack_social_options":{"image_generator_settings":{"template":"highway","default_image_id":0,"font":"","enabled":false},"version":2}},"categories":[40],"tags":[],"class_list":["post-120536","post","type-post","status-publish","format-standard","hentry","category-municipios"],"yoast_head":"<!-- This site is optimized with the Yoast SEO plugin v27.5 - https:\/\/yoast.com\/product\/yoast-seo-wordpress\/ -->\n<title>Inaugura Alcaldesa rehabilitaci\u00f3n del Centro de Desarrollo Comunitario en Los Barriles - NBCS Noticias<\/title>\n<meta name=\"robots\" content=\"index, follow, max-snippet:-1, max-image-preview:large, max-video-preview:-1\" \/>\n<link rel=\"canonical\" href=\"https:\/\/nbcs.mx\/?p=120536\" \/>\n<meta property=\"og:locale\" content=\"es_ES\" \/>\n<meta property=\"og:type\" content=\"article\" \/>\n<meta property=\"og:title\" content=\"Inaugura Alcaldesa rehabilitaci\u00f3n del Centro de Desarrollo Comunitario en Los Barriles - NBCS Noticias\" \/>\n<meta property=\"og:description\" content=\"La Presidenta Municipal, Milena Quiroga Romero acompa\u00f1ada del Presidente Honorario del Sistema Municipal DIF La Paz, Ing. Alberto Camberos y\" \/>\n<meta property=\"og:url\" content=\"https:\/\/nbcs.mx\/?p=120536\" \/>\n<meta property=\"og:site_name\" content=\"NBCS Noticias\" \/>\n<meta property=\"article:publisher\" content=\"https:\/\/www.facebook.com\/NBCSnoticias\" \/>\n<meta property=\"article:author\" content=\"https:\/\/www.facebook.com\/NBCSnoticias\" \/>\n<meta property=\"article:published_time\" content=\"2023-01-19T03:36:09+00:00\" \/>\n<meta property=\"og:image\" content=\"https:\/\/nbcs.mx\/wp-content\/uploads\/2023\/01\/Inaugura-Alcaldesa-rehabilitacion-del-Centro-de-Desarrollo-Comunitario-en-Los-Barriles-755x461.jpeg\" \/>\n<meta name=\"author\" content=\"NBCS Noticias\" \/>\n<meta name=\"twitter:card\" content=\"summary_large_image\" \/>\n<meta name=\"twitter:creator\" content=\"@https:\/\/twitter.com\/NBCSnoticias\" \/>\n<meta name=\"twitter:site\" content=\"@NBCSnoticias\" \/>\n<meta name=\"twitter:label1\" content=\"Escrito por\" \/>\n\t<meta name=\"twitter:data1\" content=\"NBCS Noticias\" \/>\n\t<meta name=\"twitter:label2\" content=\"Tiempo de lectura\" \/>\n\t<meta name=\"twitter:data2\" content=\"2 minutos\" \/>\n<script type=\"application\/ld+json\" class=\"yoast-schema-graph\">{\"@context\":\"https:\\\/\\\/schema.org\",\"@graph\":[{\"@type\":\"Article\",\"@id\":\"https:\\\/\\\/nbcs.mx\\\/?p=120536#article\",\"isPartOf\":{\"@id\":\"https:\\\/\\\/nbcs.mx\\\/?p=120536\"},\"author\":{\"name\":\"NBCS Noticias\",\"@id\":\"https:\\\/\\\/nbcs.mx\\\/#\\\/schema\\\/person\\\/ece58bab9a7c1e87a4d28ec9ecd79ff4\"},\"headline\":\"Inaugura Alcaldesa rehabilitaci\u00f3n del Centro de Desarrollo Comunitario en Los Barriles\",\"datePublished\":\"2023-01-19T03:36:09+00:00\",\"mainEntityOfPage\":{\"@id\":\"https:\\\/\\\/nbcs.mx\\\/?p=120536\"},\"wordCount\":337,\"commentCount\":0,\"publisher\":{\"@id\":\"https:\\\/\\\/nbcs.mx\\\/#organization\"},\"image\":{\"@id\":\"https:\\\/\\\/nbcs.mx\\\/?p=120536#primaryimage\"},\"thumbnailUrl\":\"https:\\\/\\\/nbcs.mx\\\/wp-content\\\/uploads\\\/2023\\\/01\\\/Inaugura-Alcaldesa-rehabilitacion-del-Centro-de-Desarrollo-Comunitario-en-Los-Barriles-755x461.jpeg\",\"articleSection\":[\"Municipios\"],\"inLanguage\":\"es\",\"potentialAction\":[{\"@type\":\"CommentAction\",\"name\":\"Comment\",\"target\":[\"https:\\\/\\\/nbcs.mx\\\/?p=120536#respond\"]}]},{\"@type\":\"WebPage\",\"@id\":\"https:\\\/\\\/nbcs.mx\\\/?p=120536\",\"url\":\"https:\\\/\\\/nbcs.mx\\\/?p=120536\",\"name\":\"Inaugura Alcaldesa rehabilitaci\u00f3n del Centro de Desarrollo Comunitario en Los Barriles - NBCS Noticias\",\"isPartOf\":{\"@id\":\"https:\\\/\\\/nbcs.mx\\\/#website\"},\"primaryImageOfPage\":{\"@id\":\"https:\\\/\\\/nbcs.mx\\\/?p=120536#primaryimage\"},\"image\":{\"@id\":\"https:\\\/\\\/nbcs.mx\\\/?p=120536#primaryimage\"},\"thumbnailUrl\":\"https:\\\/\\\/nbcs.mx\\\/wp-content\\\/uploads\\\/2023\\\/01\\\/Inaugura-Alcaldesa-rehabilitacion-del-Centro-de-Desarrollo-Comunitario-en-Los-Barriles-755x461.jpeg\",\"datePublished\":\"2023-01-19T03:36:09+00:00\",\"breadcrumb\":{\"@id\":\"https:\\\/\\\/nbcs.mx\\\/?p=120536#breadcrumb\"},\"inLanguage\":\"es\",\"potentialAction\":[{\"@type\":\"ReadAction\",\"target\":[\"https:\\\/\\\/nbcs.mx\\\/?p=120536\"]}]},{\"@type\":\"ImageObject\",\"inLanguage\":\"es\",\"@id\":\"https:\\\/\\\/nbcs.mx\\\/?p=120536#primaryimage\",\"url\":\"https:\\\/\\\/nbcs.mx\\\/wp-content\\\/uploads\\\/2023\\\/01\\\/Inaugura-Alcaldesa-rehabilitacion-del-Centro-de-Desarrollo-Comunitario-en-Los-Barriles-755x461.jpeg\",\"contentUrl\":\"https:\\\/\\\/nbcs.mx\\\/wp-content\\\/uploads\\\/2023\\\/01\\\/Inaugura-Alcaldesa-rehabilitacion-del-Centro-de-Desarrollo-Comunitario-en-Los-Barriles-755x461.jpeg\"},{\"@type\":\"BreadcrumbList\",\"@id\":\"https:\\\/\\\/nbcs.mx\\\/?p=120536#breadcrumb\",\"itemListElement\":[{\"@type\":\"ListItem\",\"position\":1,\"name\":\"Portada\",\"item\":\"https:\\\/\\\/nbcs.mx\\\/\"},{\"@type\":\"ListItem\",\"position\":2,\"name\":\"Inaugura Alcaldesa rehabilitaci\u00f3n del Centro de Desarrollo Comunitario en Los Barriles\"}]},{\"@type\":\"WebSite\",\"@id\":\"https:\\\/\\\/nbcs.mx\\\/#website\",\"url\":\"https:\\\/\\\/nbcs.mx\\\/\",\"name\":\"NBCS Noticias\",\"description\":\"Sitio web de noticias en Baja California Sur\",\"publisher\":{\"@id\":\"https:\\\/\\\/nbcs.mx\\\/#organization\"},\"potentialAction\":[{\"@type\":\"SearchAction\",\"target\":{\"@type\":\"EntryPoint\",\"urlTemplate\":\"https:\\\/\\\/nbcs.mx\\\/?s={search_term_string}\"},\"query-input\":{\"@type\":\"PropertyValueSpecification\",\"valueRequired\":true,\"valueName\":\"search_term_string\"}}],\"inLanguage\":\"es\"},{\"@type\":\"Organization\",\"@id\":\"https:\\\/\\\/nbcs.mx\\\/#organization\",\"name\":\"NBCS Noticias\",\"url\":\"https:\\\/\\\/nbcs.mx\\\/\",\"logo\":{\"@type\":\"ImageObject\",\"inLanguage\":\"es\",\"@id\":\"https:\\\/\\\/nbcs.mx\\\/#\\\/schema\\\/logo\\\/image\\\/\",\"url\":\"https:\\\/\\\/nbcs.mx\\\/wp-content\\\/uploads\\\/2018\\\/09\\\/057b69485e93575a5c2b1c1dde2dd297.jpeg\",\"contentUrl\":\"https:\\\/\\\/nbcs.mx\\\/wp-content\\\/uploads\\\/2018\\\/09\\\/057b69485e93575a5c2b1c1dde2dd297.jpeg\",\"width\":64,\"height\":64,\"caption\":\"NBCS Noticias\"},\"image\":{\"@id\":\"https:\\\/\\\/nbcs.mx\\\/#\\\/schema\\\/logo\\\/image\\\/\"},\"sameAs\":[\"https:\\\/\\\/www.facebook.com\\\/NBCSnoticias\",\"https:\\\/\\\/x.com\\\/NBCSnoticias\"]},{\"@type\":\"Person\",\"@id\":\"https:\\\/\\\/nbcs.mx\\\/#\\\/schema\\\/person\\\/ece58bab9a7c1e87a4d28ec9ecd79ff4\",\"name\":\"NBCS Noticias\",\"image\":{\"@type\":\"ImageObject\",\"inLanguage\":\"es\",\"@id\":\"https:\\\/\\\/secure.gravatar.com\\\/avatar\\\/4e52110cad1c4054b43271a0d14bbe9e2ea76aecd0e1097edfc670798d9ca1d4?s=96&d=blank&r=g\",\"url\":\"https:\\\/\\\/secure.gravatar.com\\\/avatar\\\/4e52110cad1c4054b43271a0d14bbe9e2ea76aecd0e1097edfc670798d9ca1d4?s=96&d=blank&r=g\",\"contentUrl\":\"https:\\\/\\\/secure.gravatar.com\\\/avatar\\\/4e52110cad1c4054b43271a0d14bbe9e2ea76aecd0e1097edfc670798d9ca1d4?s=96&d=blank&r=g\",\"caption\":\"NBCS Noticias\"},\"description\":\"\u00bfTienes fotos o video de alg\u00fan acto de posible negligencia, corrupci\u00f3n y abuso de autoridad? M\u00e1ndalo al WhatsApp de NBCS Noticias: 612 141 98 08\",\"sameAs\":[\"https:\\\/\\\/www.nbcs.mx\",\"https:\\\/\\\/www.facebook.com\\\/NBCSnoticias\",\"https:\\\/\\\/www.instagram.com\\\/nbcsnoticias\\\/\",\"https:\\\/\\\/x.com\\\/https:\\\/\\\/twitter.com\\\/NBCSnoticias\"]}]}<\/script>\n<!-- \/ Yoast SEO plugin. -->","yoast_head_json":{"title":"Inaugura Alcaldesa rehabilitaci\u00f3n del Centro de Desarrollo Comunitario en Los Barriles - NBCS Noticias","robots":{"index":"index","follow":"follow","max-snippet":"max-snippet:-1","max-image-preview":"max-image-preview:large","max-video-preview":"max-video-preview:-1"},"canonical":"https:\/\/nbcs.mx\/?p=120536","og_locale":"es_ES","og_type":"article","og_title":"Inaugura Alcaldesa rehabilitaci\u00f3n del Centro de Desarrollo Comunitario en Los Barriles - NBCS Noticias","og_description":"La Presidenta Municipal, Milena Quiroga Romero acompa\u00f1ada del Presidente Honorario del Sistema Municipal DIF La Paz, Ing. Alberto Camberos y","og_url":"https:\/\/nbcs.mx\/?p=120536","og_site_name":"NBCS Noticias","article_publisher":"https:\/\/www.facebook.com\/NBCSnoticias","article_author":"https:\/\/www.facebook.com\/NBCSnoticias","article_published_time":"2023-01-19T03:36:09+00:00","og_image":[{"url":"https:\/\/nbcs.mx\/wp-content\/uploads\/2023\/01\/Inaugura-Alcaldesa-rehabilitacion-del-Centro-de-Desarrollo-Comunitario-en-Los-Barriles-755x461.jpeg","type":"","width":"","height":""}],"author":"NBCS Noticias","twitter_card":"summary_large_image","twitter_creator":"@https:\/\/twitter.com\/NBCSnoticias","twitter_site":"@NBCSnoticias","twitter_misc":{"Escrito por":"NBCS Noticias","Tiempo de lectura":"2 minutos"},"schema":{"@context":"https:\/\/schema.org","@graph":[{"@type":"Article","@id":"https:\/\/nbcs.mx\/?p=120536#article","isPartOf":{"@id":"https:\/\/nbcs.mx\/?p=120536"},"author":{"name":"NBCS Noticias","@id":"https:\/\/nbcs.mx\/#\/schema\/person\/ece58bab9a7c1e87a4d28ec9ecd79ff4"},"headline":"Inaugura Alcaldesa rehabilitaci\u00f3n del Centro de Desarrollo Comunitario en Los Barriles","datePublished":"2023-01-19T03:36:09+00:00","mainEntityOfPage":{"@id":"https:\/\/nbcs.mx\/?p=120536"},"wordCount":337,"commentCount":0,"publisher":{"@id":"https:\/\/nbcs.mx\/#organization"},"image":{"@id":"https:\/\/nbcs.mx\/?p=120536#primaryimage"},"thumbnailUrl":"https:\/\/nbcs.mx\/wp-content\/uploads\/2023\/01\/Inaugura-Alcaldesa-rehabilitacion-del-Centro-de-Desarrollo-Comunitario-en-Los-Barriles-755x461.jpeg","articleSection":["Municipios"],"inLanguage":"es","potentialAction":[{"@type":"CommentAction","name":"Comment","target":["https:\/\/nbcs.mx\/?p=120536#respond"]}]},{"@type":"WebPage","@id":"https:\/\/nbcs.mx\/?p=120536","url":"https:\/\/nbcs.mx\/?p=120536","name":"Inaugura Alcaldesa rehabilitaci\u00f3n del Centro de Desarrollo Comunitario en Los Barriles - NBCS Noticias","isPartOf":{"@id":"https:\/\/nbcs.mx\/#website"},"primaryImageOfPage":{"@id":"https:\/\/nbcs.mx\/?p=120536#primaryimage"},"image":{"@id":"https:\/\/nbcs.mx\/?p=120536#primaryimage"},"thumbnailUrl":"https:\/\/nbcs.mx\/wp-content\/uploads\/2023\/01\/Inaugura-Alcaldesa-rehabilitacion-del-Centro-de-Desarrollo-Comunitario-en-Los-Barriles-755x461.jpeg","datePublished":"2023-01-19T03:36:09+00:00","breadcrumb":{"@id":"https:\/\/nbcs.mx\/?p=120536#breadcrumb"},"inLanguage":"es","potentialAction":[{"@type":"ReadAction","target":["https:\/\/nbcs.mx\/?p=120536"]}]},{"@type":"ImageObject","inLanguage":"es","@id":"https:\/\/nbcs.mx\/?p=120536#primaryimage","url":"https:\/\/nbcs.mx\/wp-content\/uploads\/2023\/01\/Inaugura-Alcaldesa-rehabilitacion-del-Centro-de-Desarrollo-Comunitario-en-Los-Barriles-755x461.jpeg","contentUrl":"https:\/\/nbcs.mx\/wp-content\/uploads\/2023\/01\/Inaugura-Alcaldesa-rehabilitacion-del-Centro-de-Desarrollo-Comunitario-en-Los-Barriles-755x461.jpeg"},{"@type":"BreadcrumbList","@id":"https:\/\/nbcs.mx\/?p=120536#breadcrumb","itemListElement":[{"@type":"ListItem","position":1,"name":"Portada","item":"https:\/\/nbcs.mx\/"},{"@type":"ListItem","position":2,"name":"Inaugura Alcaldesa rehabilitaci\u00f3n del Centro de Desarrollo Comunitario en Los Barriles"}]},{"@type":"WebSite","@id":"https:\/\/nbcs.mx\/#website","url":"https:\/\/nbcs.mx\/","name":"NBCS Noticias","description":"Sitio web de noticias en Baja California Sur","publisher":{"@id":"https:\/\/nbcs.mx\/#organization"},"potentialAction":[{"@type":"SearchAction","target":{"@type":"EntryPoint","urlTemplate":"https:\/\/nbcs.mx\/?s={search_term_string}"},"query-input":{"@type":"PropertyValueSpecification","valueRequired":true,"valueName":"search_term_string"}}],"inLanguage":"es"},{"@type":"Organization","@id":"https:\/\/nbcs.mx\/#organization","name":"NBCS Noticias","url":"https:\/\/nbcs.mx\/","logo":{"@type":"ImageObject","inLanguage":"es","@id":"https:\/\/nbcs.mx\/#\/schema\/logo\/image\/","url":"https:\/\/nbcs.mx\/wp-content\/uploads\/2018\/09\/057b69485e93575a5c2b1c1dde2dd297.jpeg","contentUrl":"https:\/\/nbcs.mx\/wp-content\/uploads\/2018\/09\/057b69485e93575a5c2b1c1dde2dd297.jpeg","width":64,"height":64,"caption":"NBCS Noticias"},"image":{"@id":"https:\/\/nbcs.mx\/#\/schema\/logo\/image\/"},"sameAs":["https:\/\/www.facebook.com\/NBCSnoticias","https:\/\/x.com\/NBCSnoticias"]},{"@type":"Person","@id":"https:\/\/nbcs.mx\/#\/schema\/person\/ece58bab9a7c1e87a4d28ec9ecd79ff4","name":"NBCS Noticias","image":{"@type":"ImageObject","inLanguage":"es","@id":"https:\/\/secure.gravatar.com\/avatar\/4e52110cad1c4054b43271a0d14bbe9e2ea76aecd0e1097edfc670798d9ca1d4?s=96&d=blank&r=g","url":"https:\/\/secure.gravatar.com\/avatar\/4e52110cad1c4054b43271a0d14bbe9e2ea76aecd0e1097edfc670798d9ca1d4?s=96&d=blank&r=g","contentUrl":"https:\/\/secure.gravatar.com\/avatar\/4e52110cad1c4054b43271a0d14bbe9e2ea76aecd0e1097edfc670798d9ca1d4?s=96&d=blank&r=g","caption":"NBCS Noticias"},"description":"\u00bfTienes fotos o video de alg\u00fan acto de posible negligencia, corrupci\u00f3n y abuso de autoridad? M\u00e1ndalo al WhatsApp de NBCS Noticias: 612 141 98 08","sameAs":["https:\/\/www.nbcs.mx","https:\/\/www.facebook.com\/NBCSnoticias","https:\/\/www.instagram.com\/nbcsnoticias\/","https:\/\/x.com\/https:\/\/twitter.com\/NBCSnoticias"]}]}},"jetpack_publicize_connections":[],"jetpack_featured_media_url":"","jetpack_sharing_enabled":true,"_links":{"self":[{"href":"https:\/\/nbcs.mx\/index.php?rest_route=\/wp\/v2\/posts\/120536","targetHints":{"allow":["GET"]}}],"collection":[{"href":"https:\/\/nbcs.mx\/index.php?rest_route=\/wp\/v2\/posts"}],"about":[{"href":"https:\/\/nbcs.mx\/index.php?rest_route=\/wp\/v2\/types\/post"}],"author":[{"embeddable":true,"href":"https:\/\/nbcs.mx\/index.php?rest_route=\/wp\/v2\/users\/1"}],"replies":[{"embeddable":true,"href":"https:\/\/nbcs.mx\/index.php?rest_route=%2Fwp%2Fv2%2Fcomments&post=120536"}],"version-history":[{"count":1,"href":"https:\/\/nbcs.mx\/index.php?rest_route=\/wp\/v2\/posts\/120536\/revisions"}],"predecessor-version":[{"id":120538,"href":"https:\/\/nbcs.mx\/index.php?rest_route=\/wp\/v2\/posts\/120536\/revisions\/120538"}],"wp:attachment":[{"href":"https:\/\/nbcs.mx\/index.php?rest_route=%2Fwp%2Fv2%2Fmedia&parent=120536"}],"wp:term":[{"taxonomy":"category","embeddable":true,"href":"https:\/\/nbcs.mx\/index.php?rest_route=%2Fwp%2Fv2%2Fcategories&post=120536"},{"taxonomy":"post_tag","embeddable":true,"href":"https:\/\/nbcs.mx\/index.php?rest_route=%2Fwp%2Fv2%2Ftags&post=120536"}],"curies":[{"name":"wp","href":"https:\/\/api.w.org\/{rel}","templated":true}]}}