{"id":120579,"date":"2023-01-18T21:27:21","date_gmt":"2023-01-19T04:27:21","guid":{"rendered":"https:\/\/nbcs.mx\/?p=120579"},"modified":"2023-01-18T21:27:21","modified_gmt":"2023-01-19T04:27:21","slug":"trabajan-dif-los-cabos-y-sedif-bcs-en-acciones-que-garanticen-el-maximo-aprovechamiento-de-los-desayunadores-escolares","status":"publish","type":"post","link":"https:\/\/nbcs.mx\/?p=120579","title":{"rendered":"Trabajan DIF Los Cabos y SEDIF BCS, en acciones que garanticen el m\u00e1ximo aprovechamiento de los desayunadores escolares"},"content":{"rendered":"<p style=\"font-weight: 400; text-align: justify;\"><img loading=\"lazy\" decoding=\"async\" class=\" wp-image-120580 alignleft\" src=\"https:\/\/nbcs.mx\/wp-content\/uploads\/2023\/01\/08-Trabajan-DIF-Los-Cabos-y-SEDIF-BCS-en-acciones-que-garanticen-el-maximo-aprovechamiento-de-los-desayunadores-escolares-5-738x492.jpg\" alt=\"\" width=\"345\" height=\"230\" \/>Teniendo como meta que este 2023, los ni\u00f1os, ni\u00f1as y adolescentes de los grupos de atenci\u00f3n prioritaria tengan un m\u00e1ximo aprovechamiento de los desayunadores escolares que opera el DIF, integrantes de los Sistemas Estatal y Municipal sostuvieron una mesa de trabajo que fue encabezada por las presidentas honorarias Patricia L\u00f3pez de Castro y Flora Aguilar de Leggs, donde acordaron establecer una ruta a corto plazo para llevar a cabo la transici\u00f3n del Programa de Desayunos Escolares, solamente a la modalidad caliente.<\/p>\n<p style=\"font-weight: 400; text-align: justify;\">\n<p style=\"font-weight: 400; text-align: justify;\">Por su parte, la presidenta honoraria del DIF Los Cabos Flora Aguilar, precis\u00f3 que es de suma importancia apegarse a los lineamientos del Sistema Nacional y Estatal, adem\u00e1s de subsanar aquellas \u00e1reas de oportunidad que puede haber heredado el organismo que representa, contribuyendo a la par, al apoyo directo de los beneficiarios: \u201cNosotros estamos en la mejor disposici\u00f3n de esta transici\u00f3n, porque tambi\u00e9n nos ayuda a asegurarnos de que la ni\u00f1ez y juventud est\u00e1 aprovechando al m\u00e1ximo este apoyo\u201d.<\/p>\n<p style=\"font-weight: 400; text-align: justify;\">\n<p style=\"font-weight: 400; text-align: justify;\">\u201cLa indicaci\u00f3n del DIF Nacional, el Gobierno del Estado y por convicci\u00f3n del Sistema Estatal, es que tenemos todos los desayunos calientes, fr\u00edos o empacados, a \u00fanicamente calientes, el cual, sabemos que es un reto gigante pero como autoridades tenemos todo resuelto para evitar que se les dificulte el aprendizaje a los ni\u00f1os, ni\u00f1as y adolescentes, sin embargo, estamos invitando a los padres y madres de familia, as\u00ed como tutores a que se organicen en las escuelas para que se conformen los comit\u00e9s y se les otorgue desayuno caliente diarios a sus hijos e hijas adscritas al padr\u00f3n\u201d, detall\u00f3 la presidenta honoraria del SEDIF BCS, Patricia L\u00f3pez.<\/p>\n<p style=\"font-weight: 400; text-align: justify;\">\n<p style=\"font-weight: 400; text-align: justify;\">Cabe recordar a la ciudadan\u00eda que el programa de los desayunos calientes busca contribuir a que la poblaci\u00f3n de ni\u00f1as, ni\u00f1os y adolescentes que asisten a las escuelas del nivel b\u00e1sico, tengan una alimentaci\u00f3n sana, suficiente y de calidad que contribuya a su \u00f3ptimo desempe\u00f1o y aprendizaje educativo, mediante raciones de comidas dise\u00f1adas con base en criterios de calidad nutricional, y acompa\u00f1ados de acciones de orientaci\u00f3n alimentaria, aseguramiento de calidad y producci\u00f3n de alimentos, que son otorgados a los y las beneficiarios mediante una recuperaci\u00f3n de cuota m\u00ednima.<\/p>\n<p style=\"font-weight: 400; text-align: justify;\">Para concluir, las autoridades del Sistema Municipal acordaron retomar el tema\u00a0 de la democratizaci\u00f3n familiar, una iniciativa que surgi\u00f3 en el DIF en Baja California Sur, con el objetivo de crear consciencia, reflexi\u00f3n y abonar al criterio de la individualidad de cada uno de los miembros del n\u00facleo familiar, contribuyendo de esta manera a la detecci\u00f3n, prevenci\u00f3n y erradicaci\u00f3n de las diversas problem\u00e1ticas que lleguen a surgir en el seno de la familia.<\/p>\n","protected":false},"excerpt":{"rendered":"<p>Teniendo como meta que este 2023, los ni\u00f1os, ni\u00f1as y adolescentes de los grupos de atenci\u00f3n prioritaria tengan un m\u00e1ximo<\/p>\n","protected":false},"author":1,"featured_media":0,"comment_status":"open","ping_status":"closed","sticky":false,"template":"","format":"standard","meta":{"colormag_page_container_layout":"default_layout","colormag_page_sidebar_layout":"default_layout","_jetpack_newsletter_access":"","_jetpack_dont_email_post_to_subs":false,"_jetpack_newsletter_tier_id":0,"_jetpack_memberships_contains_paywalled_content":false,"_jetpack_feature_clip_id":0,"_jetpack_memberships_contains_paid_content":false,"footnotes":"","jetpack_publicize_message":"","jetpack_publicize_feature_enabled":true,"jetpack_social_post_already_shared":true,"jetpack_social_options":{"image_generator_settings":{"template":"highway","default_image_id":0,"font":"","enabled":false},"version":2},"jetpack_post_was_ever_published":false},"categories":[40],"tags":[],"class_list":["post-120579","post","type-post","status-publish","format-standard","hentry","category-municipios"],"yoast_head":"<!-- This site is optimized with the Yoast SEO plugin v28.3 - https:\/\/yoast.com\/product\/yoast-seo-wordpress\/ -->\n<title>Trabajan DIF Los Cabos y SEDIF BCS, en acciones que garanticen el m\u00e1ximo aprovechamiento de los desayunadores escolares - NBCS Noticias<\/title>\n<meta name=\"robots\" content=\"index, follow, max-snippet:-1, max-image-preview:large, max-video-preview:-1\" \/>\n<link rel=\"canonical\" href=\"https:\/\/nbcs.mx\/?p=120579\" \/>\n<meta property=\"og:locale\" content=\"es_ES\" \/>\n<meta property=\"og:type\" content=\"article\" \/>\n<meta property=\"og:title\" content=\"Trabajan DIF Los Cabos y SEDIF BCS, en acciones que garanticen el m\u00e1ximo aprovechamiento de los desayunadores escolares - NBCS Noticias\" \/>\n<meta property=\"og:description\" content=\"Teniendo como meta que este 2023, los ni\u00f1os, ni\u00f1as y adolescentes de los grupos de atenci\u00f3n prioritaria tengan un m\u00e1ximo\" \/>\n<meta property=\"og:url\" content=\"https:\/\/nbcs.mx\/?p=120579\" \/>\n<meta property=\"og:site_name\" content=\"NBCS Noticias\" \/>\n<meta property=\"article:publisher\" content=\"https:\/\/www.facebook.com\/NBCSnoticias\" \/>\n<meta property=\"article:author\" content=\"https:\/\/www.facebook.com\/NBCSnoticias\" \/>\n<meta property=\"article:published_time\" content=\"2023-01-19T04:27:21+00:00\" \/>\n<meta property=\"og:image\" content=\"https:\/\/nbcs.mx\/wp-content\/uploads\/2023\/01\/08-Trabajan-DIF-Los-Cabos-y-SEDIF-BCS-en-acciones-que-garanticen-el-maximo-aprovechamiento-de-los-desayunadores-escolares-5-738x492.jpg\" \/>\n<meta name=\"author\" content=\"NBCS Noticias\" \/>\n<meta name=\"twitter:card\" content=\"summary_large_image\" \/>\n<meta name=\"twitter:creator\" content=\"@https:\/\/twitter.com\/NBCSnoticias\" \/>\n<meta name=\"twitter:site\" content=\"@NBCSnoticias\" \/>\n<meta name=\"twitter:label1\" content=\"Escrito por\" \/>\n\t<meta name=\"twitter:data1\" content=\"NBCS Noticias\" \/>\n\t<meta name=\"twitter:label2\" content=\"Tiempo de lectura\" \/>\n\t<meta name=\"twitter:data2\" content=\"2 minutos\" \/>\n<script type=\"application\/ld+json\" class=\"yoast-schema-graph\">{\"@context\":\"https:\\\/\\\/schema.org\",\"@graph\":[{\"@type\":\"Article\",\"@id\":\"https:\\\/\\\/nbcs.mx\\\/?p=120579#article\",\"isPartOf\":{\"@id\":\"https:\\\/\\\/nbcs.mx\\\/?p=120579\"},\"author\":{\"name\":\"NBCS Noticias\",\"@id\":\"https:\\\/\\\/nbcs.mx\\\/#\\\/schema\\\/person\\\/ece58bab9a7c1e87a4d28ec9ecd79ff4\"},\"headline\":\"Trabajan DIF Los Cabos y SEDIF BCS, en acciones que garanticen el m\u00e1ximo aprovechamiento de los desayunadores escolares\",\"datePublished\":\"2023-01-19T04:27:21+00:00\",\"mainEntityOfPage\":{\"@id\":\"https:\\\/\\\/nbcs.mx\\\/?p=120579\"},\"wordCount\":486,\"commentCount\":0,\"publisher\":{\"@id\":\"https:\\\/\\\/nbcs.mx\\\/#organization\"},\"image\":{\"@id\":\"https:\\\/\\\/nbcs.mx\\\/?p=120579#primaryimage\"},\"thumbnailUrl\":\"https:\\\/\\\/nbcs.mx\\\/wp-content\\\/uploads\\\/2023\\\/01\\\/08-Trabajan-DIF-Los-Cabos-y-SEDIF-BCS-en-acciones-que-garanticen-el-maximo-aprovechamiento-de-los-desayunadores-escolares-5-738x492.jpg\",\"articleSection\":[\"Municipios\"],\"inLanguage\":\"es\",\"potentialAction\":[{\"@type\":\"CommentAction\",\"name\":\"Comment\",\"target\":[\"https:\\\/\\\/nbcs.mx\\\/?p=120579#respond\"]}]},{\"@type\":\"WebPage\",\"@id\":\"https:\\\/\\\/nbcs.mx\\\/?p=120579\",\"url\":\"https:\\\/\\\/nbcs.mx\\\/?p=120579\",\"name\":\"Trabajan DIF Los Cabos y SEDIF BCS, en acciones que garanticen el m\u00e1ximo aprovechamiento de los desayunadores escolares - NBCS Noticias\",\"isPartOf\":{\"@id\":\"https:\\\/\\\/nbcs.mx\\\/#website\"},\"primaryImageOfPage\":{\"@id\":\"https:\\\/\\\/nbcs.mx\\\/?p=120579#primaryimage\"},\"image\":{\"@id\":\"https:\\\/\\\/nbcs.mx\\\/?p=120579#primaryimage\"},\"thumbnailUrl\":\"https:\\\/\\\/nbcs.mx\\\/wp-content\\\/uploads\\\/2023\\\/01\\\/08-Trabajan-DIF-Los-Cabos-y-SEDIF-BCS-en-acciones-que-garanticen-el-maximo-aprovechamiento-de-los-desayunadores-escolares-5-738x492.jpg\",\"datePublished\":\"2023-01-19T04:27:21+00:00\",\"breadcrumb\":{\"@id\":\"https:\\\/\\\/nbcs.mx\\\/?p=120579#breadcrumb\"},\"inLanguage\":\"es\",\"potentialAction\":[{\"@type\":\"ReadAction\",\"target\":[\"https:\\\/\\\/nbcs.mx\\\/?p=120579\"]}]},{\"@type\":\"ImageObject\",\"inLanguage\":\"es\",\"@id\":\"https:\\\/\\\/nbcs.mx\\\/?p=120579#primaryimage\",\"url\":\"https:\\\/\\\/nbcs.mx\\\/wp-content\\\/uploads\\\/2023\\\/01\\\/08-Trabajan-DIF-Los-Cabos-y-SEDIF-BCS-en-acciones-que-garanticen-el-maximo-aprovechamiento-de-los-desayunadores-escolares-5-738x492.jpg\",\"contentUrl\":\"https:\\\/\\\/nbcs.mx\\\/wp-content\\\/uploads\\\/2023\\\/01\\\/08-Trabajan-DIF-Los-Cabos-y-SEDIF-BCS-en-acciones-que-garanticen-el-maximo-aprovechamiento-de-los-desayunadores-escolares-5-738x492.jpg\"},{\"@type\":\"BreadcrumbList\",\"@id\":\"https:\\\/\\\/nbcs.mx\\\/?p=120579#breadcrumb\",\"itemListElement\":[{\"@type\":\"ListItem\",\"position\":1,\"name\":\"Portada\",\"item\":\"https:\\\/\\\/nbcs.mx\\\/\"},{\"@type\":\"ListItem\",\"position\":2,\"name\":\"Trabajan DIF Los Cabos y SEDIF BCS, en acciones que garanticen el m\u00e1ximo aprovechamiento de los desayunadores escolares\"}]},{\"@type\":\"WebSite\",\"@id\":\"https:\\\/\\\/nbcs.mx\\\/#website\",\"url\":\"https:\\\/\\\/nbcs.mx\\\/\",\"name\":\"NBCS Noticias\",\"description\":\"Sitio web de noticias en Baja California Sur\",\"publisher\":{\"@id\":\"https:\\\/\\\/nbcs.mx\\\/#organization\"},\"potentialAction\":[{\"@type\":\"SearchAction\",\"target\":{\"@type\":\"EntryPoint\",\"urlTemplate\":\"https:\\\/\\\/nbcs.mx\\\/?s={search_term_string}\"},\"query-input\":{\"@type\":\"PropertyValueSpecification\",\"valueRequired\":true,\"valueName\":\"search_term_string\"}}],\"inLanguage\":\"es\"},{\"@type\":\"Organization\",\"@id\":\"https:\\\/\\\/nbcs.mx\\\/#organization\",\"name\":\"NBCS Noticias\",\"url\":\"https:\\\/\\\/nbcs.mx\\\/\",\"logo\":{\"@type\":\"ImageObject\",\"inLanguage\":\"es\",\"@id\":\"https:\\\/\\\/nbcs.mx\\\/#\\\/schema\\\/logo\\\/image\\\/\",\"url\":\"https:\\\/\\\/nbcs.mx\\\/wp-content\\\/uploads\\\/2018\\\/09\\\/057b69485e93575a5c2b1c1dde2dd297.jpeg\",\"contentUrl\":\"https:\\\/\\\/nbcs.mx\\\/wp-content\\\/uploads\\\/2018\\\/09\\\/057b69485e93575a5c2b1c1dde2dd297.jpeg\",\"width\":64,\"height\":64,\"caption\":\"NBCS Noticias\"},\"image\":{\"@id\":\"https:\\\/\\\/nbcs.mx\\\/#\\\/schema\\\/logo\\\/image\\\/\"},\"sameAs\":[\"https:\\\/\\\/www.facebook.com\\\/NBCSnoticias\",\"https:\\\/\\\/x.com\\\/NBCSnoticias\"]},{\"@type\":\"Person\",\"@id\":\"https:\\\/\\\/nbcs.mx\\\/#\\\/schema\\\/person\\\/ece58bab9a7c1e87a4d28ec9ecd79ff4\",\"name\":\"NBCS Noticias\",\"image\":{\"@type\":\"ImageObject\",\"inLanguage\":\"es\",\"@id\":\"https:\\\/\\\/secure.gravatar.com\\\/avatar\\\/4e52110cad1c4054b43271a0d14bbe9e2ea76aecd0e1097edfc670798d9ca1d4?s=96&d=blank&r=g\",\"url\":\"https:\\\/\\\/secure.gravatar.com\\\/avatar\\\/4e52110cad1c4054b43271a0d14bbe9e2ea76aecd0e1097edfc670798d9ca1d4?s=96&d=blank&r=g\",\"contentUrl\":\"https:\\\/\\\/secure.gravatar.com\\\/avatar\\\/4e52110cad1c4054b43271a0d14bbe9e2ea76aecd0e1097edfc670798d9ca1d4?s=96&d=blank&r=g\",\"caption\":\"NBCS Noticias\"},\"description\":\"\u00bfTienes fotos o video de alg\u00fan acto de posible negligencia, corrupci\u00f3n y abuso de autoridad? M\u00e1ndalo al WhatsApp de NBCS Noticias: 612 141 98 08\",\"sameAs\":[\"https:\\\/\\\/www.nbcs.mx\",\"https:\\\/\\\/www.facebook.com\\\/NBCSnoticias\",\"https:\\\/\\\/www.instagram.com\\\/nbcsnoticias\\\/\",\"https:\\\/\\\/x.com\\\/https:\\\/\\\/twitter.com\\\/NBCSnoticias\"]}]}<\/script>\n<!-- \/ Yoast SEO plugin. -->","yoast_head_json":{"title":"Trabajan DIF Los Cabos y SEDIF BCS, en acciones que garanticen el m\u00e1ximo aprovechamiento de los desayunadores escolares - NBCS Noticias","robots":{"index":"index","follow":"follow","max-snippet":"max-snippet:-1","max-image-preview":"max-image-preview:large","max-video-preview":"max-video-preview:-1"},"canonical":"https:\/\/nbcs.mx\/?p=120579","og_locale":"es_ES","og_type":"article","og_title":"Trabajan DIF Los Cabos y SEDIF BCS, en acciones que garanticen el m\u00e1ximo aprovechamiento de los desayunadores escolares - NBCS Noticias","og_description":"Teniendo como meta que este 2023, los ni\u00f1os, ni\u00f1as y adolescentes de los grupos de atenci\u00f3n prioritaria tengan un m\u00e1ximo","og_url":"https:\/\/nbcs.mx\/?p=120579","og_site_name":"NBCS Noticias","article_publisher":"https:\/\/www.facebook.com\/NBCSnoticias","article_author":"https:\/\/www.facebook.com\/NBCSnoticias","article_published_time":"2023-01-19T04:27:21+00:00","og_image":[{"url":"https:\/\/nbcs.mx\/wp-content\/uploads\/2023\/01\/08-Trabajan-DIF-Los-Cabos-y-SEDIF-BCS-en-acciones-que-garanticen-el-maximo-aprovechamiento-de-los-desayunadores-escolares-5-738x492.jpg","type":"","width":"","height":""}],"author":"NBCS Noticias","twitter_card":"summary_large_image","twitter_creator":"@https:\/\/twitter.com\/NBCSnoticias","twitter_site":"@NBCSnoticias","twitter_misc":{"Escrito por":"NBCS Noticias","Tiempo de lectura":"2 minutos"},"schema":{"@context":"https:\/\/schema.org","@graph":[{"@type":"Article","@id":"https:\/\/nbcs.mx\/?p=120579#article","isPartOf":{"@id":"https:\/\/nbcs.mx\/?p=120579"},"author":{"name":"NBCS Noticias","@id":"https:\/\/nbcs.mx\/#\/schema\/person\/ece58bab9a7c1e87a4d28ec9ecd79ff4"},"headline":"Trabajan DIF Los Cabos y SEDIF BCS, en acciones que garanticen el m\u00e1ximo aprovechamiento de los desayunadores escolares","datePublished":"2023-01-19T04:27:21+00:00","mainEntityOfPage":{"@id":"https:\/\/nbcs.mx\/?p=120579"},"wordCount":486,"commentCount":0,"publisher":{"@id":"https:\/\/nbcs.mx\/#organization"},"image":{"@id":"https:\/\/nbcs.mx\/?p=120579#primaryimage"},"thumbnailUrl":"https:\/\/nbcs.mx\/wp-content\/uploads\/2023\/01\/08-Trabajan-DIF-Los-Cabos-y-SEDIF-BCS-en-acciones-que-garanticen-el-maximo-aprovechamiento-de-los-desayunadores-escolares-5-738x492.jpg","articleSection":["Municipios"],"inLanguage":"es","potentialAction":[{"@type":"CommentAction","name":"Comment","target":["https:\/\/nbcs.mx\/?p=120579#respond"]}]},{"@type":"WebPage","@id":"https:\/\/nbcs.mx\/?p=120579","url":"https:\/\/nbcs.mx\/?p=120579","name":"Trabajan DIF Los Cabos y SEDIF BCS, en acciones que garanticen el m\u00e1ximo aprovechamiento de los desayunadores escolares - NBCS Noticias","isPartOf":{"@id":"https:\/\/nbcs.mx\/#website"},"primaryImageOfPage":{"@id":"https:\/\/nbcs.mx\/?p=120579#primaryimage"},"image":{"@id":"https:\/\/nbcs.mx\/?p=120579#primaryimage"},"thumbnailUrl":"https:\/\/nbcs.mx\/wp-content\/uploads\/2023\/01\/08-Trabajan-DIF-Los-Cabos-y-SEDIF-BCS-en-acciones-que-garanticen-el-maximo-aprovechamiento-de-los-desayunadores-escolares-5-738x492.jpg","datePublished":"2023-01-19T04:27:21+00:00","breadcrumb":{"@id":"https:\/\/nbcs.mx\/?p=120579#breadcrumb"},"inLanguage":"es","potentialAction":[{"@type":"ReadAction","target":["https:\/\/nbcs.mx\/?p=120579"]}]},{"@type":"ImageObject","inLanguage":"es","@id":"https:\/\/nbcs.mx\/?p=120579#primaryimage","url":"https:\/\/nbcs.mx\/wp-content\/uploads\/2023\/01\/08-Trabajan-DIF-Los-Cabos-y-SEDIF-BCS-en-acciones-que-garanticen-el-maximo-aprovechamiento-de-los-desayunadores-escolares-5-738x492.jpg","contentUrl":"https:\/\/nbcs.mx\/wp-content\/uploads\/2023\/01\/08-Trabajan-DIF-Los-Cabos-y-SEDIF-BCS-en-acciones-que-garanticen-el-maximo-aprovechamiento-de-los-desayunadores-escolares-5-738x492.jpg"},{"@type":"BreadcrumbList","@id":"https:\/\/nbcs.mx\/?p=120579#breadcrumb","itemListElement":[{"@type":"ListItem","position":1,"name":"Portada","item":"https:\/\/nbcs.mx\/"},{"@type":"ListItem","position":2,"name":"Trabajan DIF Los Cabos y SEDIF BCS, en acciones que garanticen el m\u00e1ximo aprovechamiento de los desayunadores escolares"}]},{"@type":"WebSite","@id":"https:\/\/nbcs.mx\/#website","url":"https:\/\/nbcs.mx\/","name":"NBCS Noticias","description":"Sitio web de noticias en Baja California Sur","publisher":{"@id":"https:\/\/nbcs.mx\/#organization"},"potentialAction":[{"@type":"SearchAction","target":{"@type":"EntryPoint","urlTemplate":"https:\/\/nbcs.mx\/?s={search_term_string}"},"query-input":{"@type":"PropertyValueSpecification","valueRequired":true,"valueName":"search_term_string"}}],"inLanguage":"es"},{"@type":"Organization","@id":"https:\/\/nbcs.mx\/#organization","name":"NBCS Noticias","url":"https:\/\/nbcs.mx\/","logo":{"@type":"ImageObject","inLanguage":"es","@id":"https:\/\/nbcs.mx\/#\/schema\/logo\/image\/","url":"https:\/\/nbcs.mx\/wp-content\/uploads\/2018\/09\/057b69485e93575a5c2b1c1dde2dd297.jpeg","contentUrl":"https:\/\/nbcs.mx\/wp-content\/uploads\/2018\/09\/057b69485e93575a5c2b1c1dde2dd297.jpeg","width":64,"height":64,"caption":"NBCS Noticias"},"image":{"@id":"https:\/\/nbcs.mx\/#\/schema\/logo\/image\/"},"sameAs":["https:\/\/www.facebook.com\/NBCSnoticias","https:\/\/x.com\/NBCSnoticias"]},{"@type":"Person","@id":"https:\/\/nbcs.mx\/#\/schema\/person\/ece58bab9a7c1e87a4d28ec9ecd79ff4","name":"NBCS Noticias","image":{"@type":"ImageObject","inLanguage":"es","@id":"https:\/\/secure.gravatar.com\/avatar\/4e52110cad1c4054b43271a0d14bbe9e2ea76aecd0e1097edfc670798d9ca1d4?s=96&d=blank&r=g","url":"https:\/\/secure.gravatar.com\/avatar\/4e52110cad1c4054b43271a0d14bbe9e2ea76aecd0e1097edfc670798d9ca1d4?s=96&d=blank&r=g","contentUrl":"https:\/\/secure.gravatar.com\/avatar\/4e52110cad1c4054b43271a0d14bbe9e2ea76aecd0e1097edfc670798d9ca1d4?s=96&d=blank&r=g","caption":"NBCS Noticias"},"description":"\u00bfTienes fotos o video de alg\u00fan acto de posible negligencia, corrupci\u00f3n y abuso de autoridad? M\u00e1ndalo al WhatsApp de NBCS Noticias: 612 141 98 08","sameAs":["https:\/\/www.nbcs.mx","https:\/\/www.facebook.com\/NBCSnoticias","https:\/\/www.instagram.com\/nbcsnoticias\/","https:\/\/x.com\/https:\/\/twitter.com\/NBCSnoticias"]}]}},"jetpack_publicize_connections":[],"jetpack_sharing_enabled":true,"jetpack_featured_media_url":"","_links":{"self":[{"href":"https:\/\/nbcs.mx\/index.php?rest_route=\/wp\/v2\/posts\/120579","targetHints":{"allow":["GET"]}}],"collection":[{"href":"https:\/\/nbcs.mx\/index.php?rest_route=\/wp\/v2\/posts"}],"about":[{"href":"https:\/\/nbcs.mx\/index.php?rest_route=\/wp\/v2\/types\/post"}],"author":[{"embeddable":true,"href":"https:\/\/nbcs.mx\/index.php?rest_route=\/wp\/v2\/users\/1"}],"replies":[{"embeddable":true,"href":"https:\/\/nbcs.mx\/index.php?rest_route=%2Fwp%2Fv2%2Fcomments&post=120579"}],"version-history":[{"count":1,"href":"https:\/\/nbcs.mx\/index.php?rest_route=\/wp\/v2\/posts\/120579\/revisions"}],"predecessor-version":[{"id":120581,"href":"https:\/\/nbcs.mx\/index.php?rest_route=\/wp\/v2\/posts\/120579\/revisions\/120581"}],"wp:attachment":[{"href":"https:\/\/nbcs.mx\/index.php?rest_route=%2Fwp%2Fv2%2Fmedia&parent=120579"}],"wp:term":[{"taxonomy":"category","embeddable":true,"href":"https:\/\/nbcs.mx\/index.php?rest_route=%2Fwp%2Fv2%2Fcategories&post=120579"},{"taxonomy":"post_tag","embeddable":true,"href":"https:\/\/nbcs.mx\/index.php?rest_route=%2Fwp%2Fv2%2Ftags&post=120579"}],"curies":[{"name":"wp","href":"https:\/\/api.w.org\/{rel}","templated":true}]}}