{"id":120695,"date":"2023-01-22T13:14:12","date_gmt":"2023-01-22T20:14:12","guid":{"rendered":"https:\/\/nbcs.mx\/?p=120695"},"modified":"2023-01-22T13:14:12","modified_gmt":"2023-01-22T20:14:12","slug":"implementa-gobierno-de-los-cabos-operativos-interinstitucionales-para-regular-la-operacion-de-vehiculos-de-carga","status":"publish","type":"post","link":"https:\/\/nbcs.mx\/?p=120695","title":{"rendered":"Implementa Gobierno de Los Cabos operativos interinstitucionales para regular la operaci\u00f3n de veh\u00edculos de carga"},"content":{"rendered":"<div>\n<p class=\"paragraph\" style=\"text-align: justify;\"><img loading=\"lazy\" decoding=\"async\" class=\" wp-image-120696 alignleft\" src=\"https:\/\/nbcs.mx\/wp-content\/uploads\/2023\/01\/02-Nadie-por-encima-de-la-ley_-implementa-Gobierno-de-Los-Cabos-operativos-interinstitucionales-para-regular-la-operacioin-de-vehiiculos-de-carga2-755x425.jpeg\" alt=\"\" width=\"363\" height=\"204\" \/>Con el objetivo de dar cumplimiento a las normas legales en materia ambiental y regular el tr\u00e1nsito de camiones de carga pesada, el Gobierno de Los Cabos que preside Oscar Leggs Castro a trav\u00e9s de la Direcci\u00f3n Municipal de Transporte, desarrolla operativos interinstitucionales en diversos puntos del municipio.<\/p>\n<\/div>\n<div style=\"text-align: justify;\">\n<p class=\"paragraph\">Como parte de estas acciones se verifica que las personas operadoras de unidades dedicadas al \u00a0acarreo de residuos de demolici\u00f3n o desechos s\u00f3lidos urbanos, ejecuten la disposici\u00f3n final de los materiales y estos no sean arrojados en predios bald\u00edos, cauces de arroyos o \u00e1reas p\u00fablicas, lo que garantiza el cumplimiento al Reglamento Municipal de Tr\u00e1nsito y lineamientos ambientales.<\/p>\n<\/div>\n<div style=\"text-align: justify;\">\n<p class=\"paragraph\">Asimismo, se inspecciona que los ch\u00f3feres cuenten con su documentaci\u00f3n en regla, que los camiones de carga est\u00e9n operando con la concesi\u00f3n correspondiente y que los recorridos se realicen por las vialidades apropiadas para ello. En caso de que se infrinja la normativa se elaborar\u00e1 la respectiva sanci\u00f3n.<\/p>\n<\/div>\n<div style=\"text-align: justify;\">\n<p class=\"paragraph\">Cabe destacar que en estos operativos participa personal de la Direci\u00f3n Municipal Transporte, Direcci\u00f3n General de Seguridad P\u00fablica, Polic\u00eda Preventiva y Tr\u00e1nsito Municipal (DGSPPPTM), Direccci\u00f3n General de Ecolog\u00eda y Medio Ambiente, as\u00ed como personal de la Secretar\u00eda de Marina.<\/p>\n<\/div>\n<div style=\"text-align: justify;\">\n<p class=\"paragraph\">De esta manera, el XIV Ayuntamiento de Los Cabos que preside el alcalde Oscar Leggs Castro refrenda el compromiso de hacer cumplir las disposiciones que reglamentan las diferentes \u00e1reas de competencia municipal, bajo una visi\u00f3n de responsabilidad y eficiencia.<\/p>\n<\/div>\n<div>\n<p class=\"paragraph\" style=\"text-align: justify;\">\n<\/div>\n","protected":false},"excerpt":{"rendered":"<p>Con el objetivo de dar cumplimiento a las normas legales en materia ambiental y regular el tr\u00e1nsito de camiones de<\/p>\n","protected":false},"author":1,"featured_media":0,"comment_status":"open","ping_status":"closed","sticky":false,"template":"","format":"standard","meta":{"colormag_page_container_layout":"default_layout","colormag_page_sidebar_layout":"default_layout","_jetpack_memberships_contains_paid_content":false,"footnotes":"","jetpack_publicize_message":"","jetpack_publicize_feature_enabled":true,"jetpack_social_post_already_shared":true,"jetpack_social_options":{"image_generator_settings":{"template":"highway","default_image_id":0,"font":"","enabled":false},"version":2}},"categories":[40],"tags":[],"class_list":["post-120695","post","type-post","status-publish","format-standard","hentry","category-municipios"],"yoast_head":"<!-- This site is optimized with the Yoast SEO plugin v27.5 - https:\/\/yoast.com\/product\/yoast-seo-wordpress\/ -->\n<title>Implementa Gobierno de Los Cabos operativos interinstitucionales para regular la operaci\u00f3n de veh\u00edculos de carga - NBCS Noticias<\/title>\n<meta name=\"robots\" content=\"index, follow, max-snippet:-1, max-image-preview:large, max-video-preview:-1\" \/>\n<link rel=\"canonical\" href=\"https:\/\/nbcs.mx\/?p=120695\" \/>\n<meta property=\"og:locale\" content=\"es_ES\" \/>\n<meta property=\"og:type\" content=\"article\" \/>\n<meta property=\"og:title\" content=\"Implementa Gobierno de Los Cabos operativos interinstitucionales para regular la operaci\u00f3n de veh\u00edculos de carga - NBCS Noticias\" \/>\n<meta property=\"og:description\" content=\"Con el objetivo de dar cumplimiento a las normas legales en materia ambiental y regular el tr\u00e1nsito de camiones de\" \/>\n<meta property=\"og:url\" content=\"https:\/\/nbcs.mx\/?p=120695\" \/>\n<meta property=\"og:site_name\" content=\"NBCS Noticias\" \/>\n<meta property=\"article:publisher\" content=\"https:\/\/www.facebook.com\/NBCSnoticias\" \/>\n<meta property=\"article:author\" content=\"https:\/\/www.facebook.com\/NBCSnoticias\" \/>\n<meta property=\"article:published_time\" content=\"2023-01-22T20:14:12+00:00\" \/>\n<meta property=\"og:image\" content=\"https:\/\/nbcs.mx\/wp-content\/uploads\/2023\/01\/02-Nadie-por-encima-de-la-ley_-implementa-Gobierno-de-Los-Cabos-operativos-interinstitucionales-para-regular-la-operacioin-de-vehiiculos-de-carga2-755x425.jpeg\" \/>\n<meta name=\"author\" content=\"NBCS Noticias\" \/>\n<meta name=\"twitter:card\" content=\"summary_large_image\" \/>\n<meta name=\"twitter:creator\" content=\"@https:\/\/twitter.com\/NBCSnoticias\" \/>\n<meta name=\"twitter:site\" content=\"@NBCSnoticias\" \/>\n<meta name=\"twitter:label1\" content=\"Escrito por\" \/>\n\t<meta name=\"twitter:data1\" content=\"NBCS Noticias\" \/>\n\t<meta name=\"twitter:label2\" content=\"Tiempo de lectura\" \/>\n\t<meta name=\"twitter:data2\" content=\"1 minuto\" \/>\n<script type=\"application\/ld+json\" class=\"yoast-schema-graph\">{\"@context\":\"https:\\\/\\\/schema.org\",\"@graph\":[{\"@type\":\"Article\",\"@id\":\"https:\\\/\\\/nbcs.mx\\\/?p=120695#article\",\"isPartOf\":{\"@id\":\"https:\\\/\\\/nbcs.mx\\\/?p=120695\"},\"author\":{\"name\":\"NBCS Noticias\",\"@id\":\"https:\\\/\\\/nbcs.mx\\\/#\\\/schema\\\/person\\\/ece58bab9a7c1e87a4d28ec9ecd79ff4\"},\"headline\":\"Implementa Gobierno de Los Cabos operativos interinstitucionales para regular la operaci\u00f3n de veh\u00edculos de carga\",\"datePublished\":\"2023-01-22T20:14:12+00:00\",\"mainEntityOfPage\":{\"@id\":\"https:\\\/\\\/nbcs.mx\\\/?p=120695\"},\"wordCount\":272,\"commentCount\":0,\"publisher\":{\"@id\":\"https:\\\/\\\/nbcs.mx\\\/#organization\"},\"image\":{\"@id\":\"https:\\\/\\\/nbcs.mx\\\/?p=120695#primaryimage\"},\"thumbnailUrl\":\"https:\\\/\\\/nbcs.mx\\\/wp-content\\\/uploads\\\/2023\\\/01\\\/02-Nadie-por-encima-de-la-ley_-implementa-Gobierno-de-Los-Cabos-operativos-interinstitucionales-para-regular-la-operacioin-de-vehiiculos-de-carga2-755x425.jpeg\",\"articleSection\":[\"Municipios\"],\"inLanguage\":\"es\",\"potentialAction\":[{\"@type\":\"CommentAction\",\"name\":\"Comment\",\"target\":[\"https:\\\/\\\/nbcs.mx\\\/?p=120695#respond\"]}]},{\"@type\":\"WebPage\",\"@id\":\"https:\\\/\\\/nbcs.mx\\\/?p=120695\",\"url\":\"https:\\\/\\\/nbcs.mx\\\/?p=120695\",\"name\":\"Implementa Gobierno de Los Cabos operativos interinstitucionales para regular la operaci\u00f3n de veh\u00edculos de carga - NBCS Noticias\",\"isPartOf\":{\"@id\":\"https:\\\/\\\/nbcs.mx\\\/#website\"},\"primaryImageOfPage\":{\"@id\":\"https:\\\/\\\/nbcs.mx\\\/?p=120695#primaryimage\"},\"image\":{\"@id\":\"https:\\\/\\\/nbcs.mx\\\/?p=120695#primaryimage\"},\"thumbnailUrl\":\"https:\\\/\\\/nbcs.mx\\\/wp-content\\\/uploads\\\/2023\\\/01\\\/02-Nadie-por-encima-de-la-ley_-implementa-Gobierno-de-Los-Cabos-operativos-interinstitucionales-para-regular-la-operacioin-de-vehiiculos-de-carga2-755x425.jpeg\",\"datePublished\":\"2023-01-22T20:14:12+00:00\",\"breadcrumb\":{\"@id\":\"https:\\\/\\\/nbcs.mx\\\/?p=120695#breadcrumb\"},\"inLanguage\":\"es\",\"potentialAction\":[{\"@type\":\"ReadAction\",\"target\":[\"https:\\\/\\\/nbcs.mx\\\/?p=120695\"]}]},{\"@type\":\"ImageObject\",\"inLanguage\":\"es\",\"@id\":\"https:\\\/\\\/nbcs.mx\\\/?p=120695#primaryimage\",\"url\":\"https:\\\/\\\/nbcs.mx\\\/wp-content\\\/uploads\\\/2023\\\/01\\\/02-Nadie-por-encima-de-la-ley_-implementa-Gobierno-de-Los-Cabos-operativos-interinstitucionales-para-regular-la-operacioin-de-vehiiculos-de-carga2-755x425.jpeg\",\"contentUrl\":\"https:\\\/\\\/nbcs.mx\\\/wp-content\\\/uploads\\\/2023\\\/01\\\/02-Nadie-por-encima-de-la-ley_-implementa-Gobierno-de-Los-Cabos-operativos-interinstitucionales-para-regular-la-operacioin-de-vehiiculos-de-carga2-755x425.jpeg\"},{\"@type\":\"BreadcrumbList\",\"@id\":\"https:\\\/\\\/nbcs.mx\\\/?p=120695#breadcrumb\",\"itemListElement\":[{\"@type\":\"ListItem\",\"position\":1,\"name\":\"Portada\",\"item\":\"https:\\\/\\\/nbcs.mx\\\/\"},{\"@type\":\"ListItem\",\"position\":2,\"name\":\"Implementa Gobierno de Los Cabos operativos interinstitucionales para regular la operaci\u00f3n de veh\u00edculos de carga\"}]},{\"@type\":\"WebSite\",\"@id\":\"https:\\\/\\\/nbcs.mx\\\/#website\",\"url\":\"https:\\\/\\\/nbcs.mx\\\/\",\"name\":\"NBCS Noticias\",\"description\":\"Sitio web de noticias en Baja California Sur\",\"publisher\":{\"@id\":\"https:\\\/\\\/nbcs.mx\\\/#organization\"},\"potentialAction\":[{\"@type\":\"SearchAction\",\"target\":{\"@type\":\"EntryPoint\",\"urlTemplate\":\"https:\\\/\\\/nbcs.mx\\\/?s={search_term_string}\"},\"query-input\":{\"@type\":\"PropertyValueSpecification\",\"valueRequired\":true,\"valueName\":\"search_term_string\"}}],\"inLanguage\":\"es\"},{\"@type\":\"Organization\",\"@id\":\"https:\\\/\\\/nbcs.mx\\\/#organization\",\"name\":\"NBCS Noticias\",\"url\":\"https:\\\/\\\/nbcs.mx\\\/\",\"logo\":{\"@type\":\"ImageObject\",\"inLanguage\":\"es\",\"@id\":\"https:\\\/\\\/nbcs.mx\\\/#\\\/schema\\\/logo\\\/image\\\/\",\"url\":\"https:\\\/\\\/nbcs.mx\\\/wp-content\\\/uploads\\\/2018\\\/09\\\/057b69485e93575a5c2b1c1dde2dd297.jpeg\",\"contentUrl\":\"https:\\\/\\\/nbcs.mx\\\/wp-content\\\/uploads\\\/2018\\\/09\\\/057b69485e93575a5c2b1c1dde2dd297.jpeg\",\"width\":64,\"height\":64,\"caption\":\"NBCS Noticias\"},\"image\":{\"@id\":\"https:\\\/\\\/nbcs.mx\\\/#\\\/schema\\\/logo\\\/image\\\/\"},\"sameAs\":[\"https:\\\/\\\/www.facebook.com\\\/NBCSnoticias\",\"https:\\\/\\\/x.com\\\/NBCSnoticias\"]},{\"@type\":\"Person\",\"@id\":\"https:\\\/\\\/nbcs.mx\\\/#\\\/schema\\\/person\\\/ece58bab9a7c1e87a4d28ec9ecd79ff4\",\"name\":\"NBCS Noticias\",\"image\":{\"@type\":\"ImageObject\",\"inLanguage\":\"es\",\"@id\":\"https:\\\/\\\/secure.gravatar.com\\\/avatar\\\/4e52110cad1c4054b43271a0d14bbe9e2ea76aecd0e1097edfc670798d9ca1d4?s=96&d=blank&r=g\",\"url\":\"https:\\\/\\\/secure.gravatar.com\\\/avatar\\\/4e52110cad1c4054b43271a0d14bbe9e2ea76aecd0e1097edfc670798d9ca1d4?s=96&d=blank&r=g\",\"contentUrl\":\"https:\\\/\\\/secure.gravatar.com\\\/avatar\\\/4e52110cad1c4054b43271a0d14bbe9e2ea76aecd0e1097edfc670798d9ca1d4?s=96&d=blank&r=g\",\"caption\":\"NBCS Noticias\"},\"description\":\"\u00bfTienes fotos o video de alg\u00fan acto de posible negligencia, corrupci\u00f3n y abuso de autoridad? M\u00e1ndalo al WhatsApp de NBCS Noticias: 612 141 98 08\",\"sameAs\":[\"https:\\\/\\\/www.nbcs.mx\",\"https:\\\/\\\/www.facebook.com\\\/NBCSnoticias\",\"https:\\\/\\\/www.instagram.com\\\/nbcsnoticias\\\/\",\"https:\\\/\\\/x.com\\\/https:\\\/\\\/twitter.com\\\/NBCSnoticias\"]}]}<\/script>\n<!-- \/ Yoast SEO plugin. -->","yoast_head_json":{"title":"Implementa Gobierno de Los Cabos operativos interinstitucionales para regular la operaci\u00f3n de veh\u00edculos de carga - NBCS Noticias","robots":{"index":"index","follow":"follow","max-snippet":"max-snippet:-1","max-image-preview":"max-image-preview:large","max-video-preview":"max-video-preview:-1"},"canonical":"https:\/\/nbcs.mx\/?p=120695","og_locale":"es_ES","og_type":"article","og_title":"Implementa Gobierno de Los Cabos operativos interinstitucionales para regular la operaci\u00f3n de veh\u00edculos de carga - NBCS Noticias","og_description":"Con el objetivo de dar cumplimiento a las normas legales en materia ambiental y regular el tr\u00e1nsito de camiones de","og_url":"https:\/\/nbcs.mx\/?p=120695","og_site_name":"NBCS Noticias","article_publisher":"https:\/\/www.facebook.com\/NBCSnoticias","article_author":"https:\/\/www.facebook.com\/NBCSnoticias","article_published_time":"2023-01-22T20:14:12+00:00","og_image":[{"url":"https:\/\/nbcs.mx\/wp-content\/uploads\/2023\/01\/02-Nadie-por-encima-de-la-ley_-implementa-Gobierno-de-Los-Cabos-operativos-interinstitucionales-para-regular-la-operacioin-de-vehiiculos-de-carga2-755x425.jpeg","type":"","width":"","height":""}],"author":"NBCS Noticias","twitter_card":"summary_large_image","twitter_creator":"@https:\/\/twitter.com\/NBCSnoticias","twitter_site":"@NBCSnoticias","twitter_misc":{"Escrito por":"NBCS Noticias","Tiempo de lectura":"1 minuto"},"schema":{"@context":"https:\/\/schema.org","@graph":[{"@type":"Article","@id":"https:\/\/nbcs.mx\/?p=120695#article","isPartOf":{"@id":"https:\/\/nbcs.mx\/?p=120695"},"author":{"name":"NBCS Noticias","@id":"https:\/\/nbcs.mx\/#\/schema\/person\/ece58bab9a7c1e87a4d28ec9ecd79ff4"},"headline":"Implementa Gobierno de Los Cabos operativos interinstitucionales para regular la operaci\u00f3n de veh\u00edculos de carga","datePublished":"2023-01-22T20:14:12+00:00","mainEntityOfPage":{"@id":"https:\/\/nbcs.mx\/?p=120695"},"wordCount":272,"commentCount":0,"publisher":{"@id":"https:\/\/nbcs.mx\/#organization"},"image":{"@id":"https:\/\/nbcs.mx\/?p=120695#primaryimage"},"thumbnailUrl":"https:\/\/nbcs.mx\/wp-content\/uploads\/2023\/01\/02-Nadie-por-encima-de-la-ley_-implementa-Gobierno-de-Los-Cabos-operativos-interinstitucionales-para-regular-la-operacioin-de-vehiiculos-de-carga2-755x425.jpeg","articleSection":["Municipios"],"inLanguage":"es","potentialAction":[{"@type":"CommentAction","name":"Comment","target":["https:\/\/nbcs.mx\/?p=120695#respond"]}]},{"@type":"WebPage","@id":"https:\/\/nbcs.mx\/?p=120695","url":"https:\/\/nbcs.mx\/?p=120695","name":"Implementa Gobierno de Los Cabos operativos interinstitucionales para regular la operaci\u00f3n de veh\u00edculos de carga - NBCS Noticias","isPartOf":{"@id":"https:\/\/nbcs.mx\/#website"},"primaryImageOfPage":{"@id":"https:\/\/nbcs.mx\/?p=120695#primaryimage"},"image":{"@id":"https:\/\/nbcs.mx\/?p=120695#primaryimage"},"thumbnailUrl":"https:\/\/nbcs.mx\/wp-content\/uploads\/2023\/01\/02-Nadie-por-encima-de-la-ley_-implementa-Gobierno-de-Los-Cabos-operativos-interinstitucionales-para-regular-la-operacioin-de-vehiiculos-de-carga2-755x425.jpeg","datePublished":"2023-01-22T20:14:12+00:00","breadcrumb":{"@id":"https:\/\/nbcs.mx\/?p=120695#breadcrumb"},"inLanguage":"es","potentialAction":[{"@type":"ReadAction","target":["https:\/\/nbcs.mx\/?p=120695"]}]},{"@type":"ImageObject","inLanguage":"es","@id":"https:\/\/nbcs.mx\/?p=120695#primaryimage","url":"https:\/\/nbcs.mx\/wp-content\/uploads\/2023\/01\/02-Nadie-por-encima-de-la-ley_-implementa-Gobierno-de-Los-Cabos-operativos-interinstitucionales-para-regular-la-operacioin-de-vehiiculos-de-carga2-755x425.jpeg","contentUrl":"https:\/\/nbcs.mx\/wp-content\/uploads\/2023\/01\/02-Nadie-por-encima-de-la-ley_-implementa-Gobierno-de-Los-Cabos-operativos-interinstitucionales-para-regular-la-operacioin-de-vehiiculos-de-carga2-755x425.jpeg"},{"@type":"BreadcrumbList","@id":"https:\/\/nbcs.mx\/?p=120695#breadcrumb","itemListElement":[{"@type":"ListItem","position":1,"name":"Portada","item":"https:\/\/nbcs.mx\/"},{"@type":"ListItem","position":2,"name":"Implementa Gobierno de Los Cabos operativos interinstitucionales para regular la operaci\u00f3n de veh\u00edculos de carga"}]},{"@type":"WebSite","@id":"https:\/\/nbcs.mx\/#website","url":"https:\/\/nbcs.mx\/","name":"NBCS Noticias","description":"Sitio web de noticias en Baja California Sur","publisher":{"@id":"https:\/\/nbcs.mx\/#organization"},"potentialAction":[{"@type":"SearchAction","target":{"@type":"EntryPoint","urlTemplate":"https:\/\/nbcs.mx\/?s={search_term_string}"},"query-input":{"@type":"PropertyValueSpecification","valueRequired":true,"valueName":"search_term_string"}}],"inLanguage":"es"},{"@type":"Organization","@id":"https:\/\/nbcs.mx\/#organization","name":"NBCS Noticias","url":"https:\/\/nbcs.mx\/","logo":{"@type":"ImageObject","inLanguage":"es","@id":"https:\/\/nbcs.mx\/#\/schema\/logo\/image\/","url":"https:\/\/nbcs.mx\/wp-content\/uploads\/2018\/09\/057b69485e93575a5c2b1c1dde2dd297.jpeg","contentUrl":"https:\/\/nbcs.mx\/wp-content\/uploads\/2018\/09\/057b69485e93575a5c2b1c1dde2dd297.jpeg","width":64,"height":64,"caption":"NBCS Noticias"},"image":{"@id":"https:\/\/nbcs.mx\/#\/schema\/logo\/image\/"},"sameAs":["https:\/\/www.facebook.com\/NBCSnoticias","https:\/\/x.com\/NBCSnoticias"]},{"@type":"Person","@id":"https:\/\/nbcs.mx\/#\/schema\/person\/ece58bab9a7c1e87a4d28ec9ecd79ff4","name":"NBCS Noticias","image":{"@type":"ImageObject","inLanguage":"es","@id":"https:\/\/secure.gravatar.com\/avatar\/4e52110cad1c4054b43271a0d14bbe9e2ea76aecd0e1097edfc670798d9ca1d4?s=96&d=blank&r=g","url":"https:\/\/secure.gravatar.com\/avatar\/4e52110cad1c4054b43271a0d14bbe9e2ea76aecd0e1097edfc670798d9ca1d4?s=96&d=blank&r=g","contentUrl":"https:\/\/secure.gravatar.com\/avatar\/4e52110cad1c4054b43271a0d14bbe9e2ea76aecd0e1097edfc670798d9ca1d4?s=96&d=blank&r=g","caption":"NBCS Noticias"},"description":"\u00bfTienes fotos o video de alg\u00fan acto de posible negligencia, corrupci\u00f3n y abuso de autoridad? M\u00e1ndalo al WhatsApp de NBCS Noticias: 612 141 98 08","sameAs":["https:\/\/www.nbcs.mx","https:\/\/www.facebook.com\/NBCSnoticias","https:\/\/www.instagram.com\/nbcsnoticias\/","https:\/\/x.com\/https:\/\/twitter.com\/NBCSnoticias"]}]}},"jetpack_publicize_connections":[],"jetpack_featured_media_url":"","jetpack_sharing_enabled":true,"_links":{"self":[{"href":"https:\/\/nbcs.mx\/index.php?rest_route=\/wp\/v2\/posts\/120695","targetHints":{"allow":["GET"]}}],"collection":[{"href":"https:\/\/nbcs.mx\/index.php?rest_route=\/wp\/v2\/posts"}],"about":[{"href":"https:\/\/nbcs.mx\/index.php?rest_route=\/wp\/v2\/types\/post"}],"author":[{"embeddable":true,"href":"https:\/\/nbcs.mx\/index.php?rest_route=\/wp\/v2\/users\/1"}],"replies":[{"embeddable":true,"href":"https:\/\/nbcs.mx\/index.php?rest_route=%2Fwp%2Fv2%2Fcomments&post=120695"}],"version-history":[{"count":1,"href":"https:\/\/nbcs.mx\/index.php?rest_route=\/wp\/v2\/posts\/120695\/revisions"}],"predecessor-version":[{"id":120697,"href":"https:\/\/nbcs.mx\/index.php?rest_route=\/wp\/v2\/posts\/120695\/revisions\/120697"}],"wp:attachment":[{"href":"https:\/\/nbcs.mx\/index.php?rest_route=%2Fwp%2Fv2%2Fmedia&parent=120695"}],"wp:term":[{"taxonomy":"category","embeddable":true,"href":"https:\/\/nbcs.mx\/index.php?rest_route=%2Fwp%2Fv2%2Fcategories&post=120695"},{"taxonomy":"post_tag","embeddable":true,"href":"https:\/\/nbcs.mx\/index.php?rest_route=%2Fwp%2Fv2%2Ftags&post=120695"}],"curies":[{"name":"wp","href":"https:\/\/api.w.org\/{rel}","templated":true}]}}