{"id":120754,"date":"2023-01-23T21:20:58","date_gmt":"2023-01-24T04:20:58","guid":{"rendered":"https:\/\/nbcs.mx\/?p=120754"},"modified":"2023-01-23T21:20:58","modified_gmt":"2023-01-24T04:20:58","slug":"encabeza-edith-aguilar-reunion-del-subcomite-de-pesca-de-la-zona-sur-del-golfo","status":"publish","type":"post","link":"https:\/\/nbcs.mx\/?p=120754","title":{"rendered":"Encabeza Edith Aguilar reuni\u00f3n del Subcomit\u00e9 de Pesca de la zona sur del golfo"},"content":{"rendered":"<p style=\"font-weight: 400; text-align: justify;\"><img loading=\"lazy\" decoding=\"async\" class=\" wp-image-120755 alignleft\" src=\"https:\/\/nbcs.mx\/wp-content\/uploads\/2023\/01\/Foto-3-1-738x492.jpg\" alt=\"\" width=\"308\" height=\"205\" \/>La alcaldesa de Muleg\u00e9, Edith Aguilar Villavicencio, acompa\u00f1ada de autoridades de los tres niveles de gobierno, encabez\u00f3 la tercera reuni\u00f3n de trabajo del Subcomit\u00e9 de Pesca Zona Sur del Golfo, misma que tuvo lugar en la Casa de la Cultura \u201cFederico Galaz Ram\u00edrez\u201d de Santa Rosal\u00eda.<\/p>\n<p style=\"font-weight: 400; text-align: justify;\">Durante este encuentro con pescadores y productores del corredor Santa Rosal\u00eda \u2013 Heroica Muleg\u00e9, las autoridades presentes abrieron un espacio de di\u00e1logo para escuchar e identificar las necesidades m\u00e1s apremiantes y analizar estrategias que beneficien al sector pesquero de la localidad.<\/p>\n<p style=\"font-weight: 400; text-align: justify;\">En este sentido, Edith Aguilar reiter\u00f3 el soporte del H. XVII Ayuntamiento de Muleg\u00e9 al sector primario y se comprometi\u00f3 a dar seguimiento a sus requerimientos ante autoridades estatales y federales; ejemplo de ello, ser\u00e1 la gesti\u00f3n de una c\u00e1mara hiperb\u00e1rica para la atenci\u00f3n inmediata de pescadores que sufran accidentes en el ejercicio de sus labores.<\/p>\n<p style=\"font-weight: 400; text-align: justify;\">\u201cNos llevamos tareas y compromisos tan importantes y delicados como la gesti\u00f3n de una c\u00e1mara hiperb\u00e1rica que podr\u00eda salvar muchas vidas de pescadores descompresionados. Hoy, nos toca hacer equipo, municipio, congreso, Gobierno del Estado y Federaci\u00f3n, va por nuestras familias que dependen de la pesca como sustento\u201d, destac\u00f3 la presidenta municipal.<\/p>\n<p style=\"font-weight: 400; text-align: justify;\">Durante este encuentro estuvieron Paz Ochoa, diputada presidenta de la Comisi\u00f3n de Pesca y Acuacultura del Congreso del Estado; Marcelo Armenta, Subsecretario de Pesca y Acuacultura en el Estado; Armando Patr\u00f3n, representante del gobierno estatal en el municipio de Muleg\u00e9; Luis Alberto Hern\u00e1ndez, Director General de Desarrollo Social y Econ\u00f3mico Municipal; Michel Alfredo Fuerte, Director de Pesca y Acuacultura del Ayuntamiento de Muleg\u00e9; los regidores Roberto Lujan y Luis Sandez, presidente de la Comisi\u00f3n de Pesca y Acuacultura del cabildo y el Pil. Nav. Felipe de Jes\u00fas Vallecio Gonz\u00e1lez, Capit\u00e1n de Puerto en Santa Rosal\u00eda.<\/p>\n<p style=\"font-weight: 400; text-align: justify;\">Asimismo, destac\u00f3 la participaci\u00f3n de las y los representantes de dependencias federales: Viridiana Yalitzin Zepeda, Jefa del Centro Regional de Investigaciones Acu\u00edcolas y Pesqueras; Francisco Javier Burgoin Ceja, representante de FONMAR; Ram\u00f3n Enrique Laguna, encargado de las oficinas de la Comisi\u00f3n Nacional de Pesca, as\u00ed como representantes del Instituto Nacional\u00a0de\u00a0Pesca.<\/p>\n","protected":false},"excerpt":{"rendered":"<p>La alcaldesa de Muleg\u00e9, Edith Aguilar Villavicencio, acompa\u00f1ada de autoridades de los tres niveles de gobierno, encabez\u00f3 la tercera reuni\u00f3n<\/p>\n","protected":false},"author":1,"featured_media":0,"comment_status":"open","ping_status":"closed","sticky":false,"template":"","format":"standard","meta":{"colormag_page_container_layout":"default_layout","colormag_page_sidebar_layout":"default_layout","_jetpack_newsletter_access":"","_jetpack_dont_email_post_to_subs":false,"_jetpack_newsletter_tier_id":0,"_jetpack_memberships_contains_paywalled_content":false,"_jetpack_feature_clip_id":0,"_jetpack_memberships_contains_paid_content":false,"footnotes":"","jetpack_publicize_message":"","jetpack_publicize_feature_enabled":true,"jetpack_social_post_already_shared":true,"jetpack_social_options":{"image_generator_settings":{"template":"highway","default_image_id":0,"font":"","enabled":false},"version":2},"jetpack_post_was_ever_published":false},"categories":[40],"tags":[],"class_list":["post-120754","post","type-post","status-publish","format-standard","hentry","category-municipios"],"yoast_head":"<!-- This site is optimized with the Yoast SEO plugin v28.4 - https:\/\/yoast.com\/product\/yoast-seo-wordpress\/ -->\n<title>Encabeza Edith Aguilar reuni\u00f3n del Subcomit\u00e9 de Pesca de la zona sur del golfo - NBCS Noticias<\/title>\n<meta name=\"robots\" content=\"index, follow, max-snippet:-1, max-image-preview:large, max-video-preview:-1\" \/>\n<link rel=\"canonical\" href=\"https:\/\/nbcs.mx\/?p=120754\" \/>\n<meta property=\"og:locale\" content=\"es_ES\" \/>\n<meta property=\"og:type\" content=\"article\" \/>\n<meta property=\"og:title\" content=\"Encabeza Edith Aguilar reuni\u00f3n del Subcomit\u00e9 de Pesca de la zona sur del golfo - NBCS Noticias\" \/>\n<meta property=\"og:description\" content=\"La alcaldesa de Muleg\u00e9, Edith Aguilar Villavicencio, acompa\u00f1ada de autoridades de los tres niveles de gobierno, encabez\u00f3 la tercera reuni\u00f3n\" \/>\n<meta property=\"og:url\" content=\"https:\/\/nbcs.mx\/?p=120754\" \/>\n<meta property=\"og:site_name\" content=\"NBCS Noticias\" \/>\n<meta property=\"article:publisher\" content=\"https:\/\/www.facebook.com\/NBCSnoticias\" \/>\n<meta property=\"article:author\" content=\"https:\/\/www.facebook.com\/NBCSnoticias\" \/>\n<meta property=\"article:published_time\" content=\"2023-01-24T04:20:58+00:00\" \/>\n<meta property=\"og:image\" content=\"https:\/\/nbcs.mx\/wp-content\/uploads\/2023\/01\/Foto-3-1-738x492.jpg\" \/>\n<meta name=\"author\" content=\"NBCS Noticias\" \/>\n<meta name=\"twitter:card\" content=\"summary_large_image\" \/>\n<meta name=\"twitter:creator\" content=\"@https:\/\/twitter.com\/NBCSnoticias\" \/>\n<meta name=\"twitter:site\" content=\"@NBCSnoticias\" \/>\n<meta name=\"twitter:label1\" content=\"Escrito por\" \/>\n\t<meta name=\"twitter:data1\" content=\"NBCS Noticias\" \/>\n\t<meta name=\"twitter:label2\" content=\"Tiempo de lectura\" \/>\n\t<meta name=\"twitter:data2\" content=\"2 minutos\" \/>\n<script type=\"application\/ld+json\" class=\"yoast-schema-graph\">{\"@context\":\"https:\\\/\\\/schema.org\",\"@graph\":[{\"@type\":\"Article\",\"@id\":\"https:\\\/\\\/nbcs.mx\\\/?p=120754#article\",\"isPartOf\":{\"@id\":\"https:\\\/\\\/nbcs.mx\\\/?p=120754\"},\"author\":{\"name\":\"NBCS Noticias\",\"@id\":\"https:\\\/\\\/nbcs.mx\\\/#\\\/schema\\\/person\\\/ece58bab9a7c1e87a4d28ec9ecd79ff4\"},\"headline\":\"Encabeza Edith Aguilar reuni\u00f3n del Subcomit\u00e9 de Pesca de la zona sur del golfo\",\"datePublished\":\"2023-01-24T04:20:58+00:00\",\"mainEntityOfPage\":{\"@id\":\"https:\\\/\\\/nbcs.mx\\\/?p=120754\"},\"wordCount\":384,\"commentCount\":0,\"publisher\":{\"@id\":\"https:\\\/\\\/nbcs.mx\\\/#organization\"},\"image\":{\"@id\":\"https:\\\/\\\/nbcs.mx\\\/?p=120754#primaryimage\"},\"thumbnailUrl\":\"https:\\\/\\\/nbcs.mx\\\/wp-content\\\/uploads\\\/2023\\\/01\\\/Foto-3-1-738x492.jpg\",\"articleSection\":[\"Municipios\"],\"inLanguage\":\"es\",\"potentialAction\":[{\"@type\":\"CommentAction\",\"name\":\"Comment\",\"target\":[\"https:\\\/\\\/nbcs.mx\\\/?p=120754#respond\"]}]},{\"@type\":\"WebPage\",\"@id\":\"https:\\\/\\\/nbcs.mx\\\/?p=120754\",\"url\":\"https:\\\/\\\/nbcs.mx\\\/?p=120754\",\"name\":\"Encabeza Edith Aguilar reuni\u00f3n del Subcomit\u00e9 de Pesca de la zona sur del golfo - NBCS Noticias\",\"isPartOf\":{\"@id\":\"https:\\\/\\\/nbcs.mx\\\/#website\"},\"primaryImageOfPage\":{\"@id\":\"https:\\\/\\\/nbcs.mx\\\/?p=120754#primaryimage\"},\"image\":{\"@id\":\"https:\\\/\\\/nbcs.mx\\\/?p=120754#primaryimage\"},\"thumbnailUrl\":\"https:\\\/\\\/nbcs.mx\\\/wp-content\\\/uploads\\\/2023\\\/01\\\/Foto-3-1-738x492.jpg\",\"datePublished\":\"2023-01-24T04:20:58+00:00\",\"breadcrumb\":{\"@id\":\"https:\\\/\\\/nbcs.mx\\\/?p=120754#breadcrumb\"},\"inLanguage\":\"es\",\"potentialAction\":[{\"@type\":\"ReadAction\",\"target\":[\"https:\\\/\\\/nbcs.mx\\\/?p=120754\"]}]},{\"@type\":\"ImageObject\",\"inLanguage\":\"es\",\"@id\":\"https:\\\/\\\/nbcs.mx\\\/?p=120754#primaryimage\",\"url\":\"https:\\\/\\\/nbcs.mx\\\/wp-content\\\/uploads\\\/2023\\\/01\\\/Foto-3-1-738x492.jpg\",\"contentUrl\":\"https:\\\/\\\/nbcs.mx\\\/wp-content\\\/uploads\\\/2023\\\/01\\\/Foto-3-1-738x492.jpg\"},{\"@type\":\"BreadcrumbList\",\"@id\":\"https:\\\/\\\/nbcs.mx\\\/?p=120754#breadcrumb\",\"itemListElement\":[{\"@type\":\"ListItem\",\"position\":1,\"name\":\"Portada\",\"item\":\"https:\\\/\\\/nbcs.mx\\\/\"},{\"@type\":\"ListItem\",\"position\":2,\"name\":\"Encabeza Edith Aguilar reuni\u00f3n del Subcomit\u00e9 de Pesca de la zona sur del golfo\"}]},{\"@type\":\"WebSite\",\"@id\":\"https:\\\/\\\/nbcs.mx\\\/#website\",\"url\":\"https:\\\/\\\/nbcs.mx\\\/\",\"name\":\"NBCS Noticias\",\"description\":\"Sitio web de noticias en Baja California Sur\",\"publisher\":{\"@id\":\"https:\\\/\\\/nbcs.mx\\\/#organization\"},\"potentialAction\":[{\"@type\":\"SearchAction\",\"target\":{\"@type\":\"EntryPoint\",\"urlTemplate\":\"https:\\\/\\\/nbcs.mx\\\/?s={search_term_string}\"},\"query-input\":{\"@type\":\"PropertyValueSpecification\",\"valueRequired\":true,\"valueName\":\"search_term_string\"}}],\"inLanguage\":\"es\"},{\"@type\":\"Organization\",\"@id\":\"https:\\\/\\\/nbcs.mx\\\/#organization\",\"name\":\"NBCS Noticias\",\"url\":\"https:\\\/\\\/nbcs.mx\\\/\",\"logo\":{\"@type\":\"ImageObject\",\"inLanguage\":\"es\",\"@id\":\"https:\\\/\\\/nbcs.mx\\\/#\\\/schema\\\/logo\\\/image\\\/\",\"url\":\"https:\\\/\\\/nbcs.mx\\\/wp-content\\\/uploads\\\/2018\\\/09\\\/057b69485e93575a5c2b1c1dde2dd297.jpeg\",\"contentUrl\":\"https:\\\/\\\/nbcs.mx\\\/wp-content\\\/uploads\\\/2018\\\/09\\\/057b69485e93575a5c2b1c1dde2dd297.jpeg\",\"width\":64,\"height\":64,\"caption\":\"NBCS Noticias\"},\"image\":{\"@id\":\"https:\\\/\\\/nbcs.mx\\\/#\\\/schema\\\/logo\\\/image\\\/\"},\"sameAs\":[\"https:\\\/\\\/www.facebook.com\\\/NBCSnoticias\",\"https:\\\/\\\/x.com\\\/NBCSnoticias\"]},{\"@type\":\"Person\",\"@id\":\"https:\\\/\\\/nbcs.mx\\\/#\\\/schema\\\/person\\\/ece58bab9a7c1e87a4d28ec9ecd79ff4\",\"name\":\"NBCS Noticias\",\"image\":{\"@type\":\"ImageObject\",\"inLanguage\":\"es\",\"@id\":\"https:\\\/\\\/secure.gravatar.com\\\/avatar\\\/4e52110cad1c4054b43271a0d14bbe9e2ea76aecd0e1097edfc670798d9ca1d4?s=96&d=blank&r=g\",\"url\":\"https:\\\/\\\/secure.gravatar.com\\\/avatar\\\/4e52110cad1c4054b43271a0d14bbe9e2ea76aecd0e1097edfc670798d9ca1d4?s=96&d=blank&r=g\",\"contentUrl\":\"https:\\\/\\\/secure.gravatar.com\\\/avatar\\\/4e52110cad1c4054b43271a0d14bbe9e2ea76aecd0e1097edfc670798d9ca1d4?s=96&d=blank&r=g\",\"caption\":\"NBCS Noticias\"},\"description\":\"\u00bfTienes fotos o video de alg\u00fan acto de posible negligencia, corrupci\u00f3n y abuso de autoridad? M\u00e1ndalo al WhatsApp de NBCS Noticias: 612 141 98 08\",\"sameAs\":[\"https:\\\/\\\/www.nbcs.mx\",\"https:\\\/\\\/www.facebook.com\\\/NBCSnoticias\",\"https:\\\/\\\/www.instagram.com\\\/nbcsnoticias\\\/\",\"https:\\\/\\\/x.com\\\/https:\\\/\\\/twitter.com\\\/NBCSnoticias\"]}]}<\/script>\n<!-- \/ Yoast SEO plugin. -->","yoast_head_json":{"title":"Encabeza Edith Aguilar reuni\u00f3n del Subcomit\u00e9 de Pesca de la zona sur del golfo - NBCS Noticias","robots":{"index":"index","follow":"follow","max-snippet":"max-snippet:-1","max-image-preview":"max-image-preview:large","max-video-preview":"max-video-preview:-1"},"canonical":"https:\/\/nbcs.mx\/?p=120754","og_locale":"es_ES","og_type":"article","og_title":"Encabeza Edith Aguilar reuni\u00f3n del Subcomit\u00e9 de Pesca de la zona sur del golfo - NBCS Noticias","og_description":"La alcaldesa de Muleg\u00e9, Edith Aguilar Villavicencio, acompa\u00f1ada de autoridades de los tres niveles de gobierno, encabez\u00f3 la tercera reuni\u00f3n","og_url":"https:\/\/nbcs.mx\/?p=120754","og_site_name":"NBCS Noticias","article_publisher":"https:\/\/www.facebook.com\/NBCSnoticias","article_author":"https:\/\/www.facebook.com\/NBCSnoticias","article_published_time":"2023-01-24T04:20:58+00:00","og_image":[{"url":"https:\/\/nbcs.mx\/wp-content\/uploads\/2023\/01\/Foto-3-1-738x492.jpg","type":"","width":"","height":""}],"author":"NBCS Noticias","twitter_card":"summary_large_image","twitter_creator":"@https:\/\/twitter.com\/NBCSnoticias","twitter_site":"@NBCSnoticias","twitter_misc":{"Escrito por":"NBCS Noticias","Tiempo de lectura":"2 minutos"},"schema":{"@context":"https:\/\/schema.org","@graph":[{"@type":"Article","@id":"https:\/\/nbcs.mx\/?p=120754#article","isPartOf":{"@id":"https:\/\/nbcs.mx\/?p=120754"},"author":{"name":"NBCS Noticias","@id":"https:\/\/nbcs.mx\/#\/schema\/person\/ece58bab9a7c1e87a4d28ec9ecd79ff4"},"headline":"Encabeza Edith Aguilar reuni\u00f3n del Subcomit\u00e9 de Pesca de la zona sur del golfo","datePublished":"2023-01-24T04:20:58+00:00","mainEntityOfPage":{"@id":"https:\/\/nbcs.mx\/?p=120754"},"wordCount":384,"commentCount":0,"publisher":{"@id":"https:\/\/nbcs.mx\/#organization"},"image":{"@id":"https:\/\/nbcs.mx\/?p=120754#primaryimage"},"thumbnailUrl":"https:\/\/nbcs.mx\/wp-content\/uploads\/2023\/01\/Foto-3-1-738x492.jpg","articleSection":["Municipios"],"inLanguage":"es","potentialAction":[{"@type":"CommentAction","name":"Comment","target":["https:\/\/nbcs.mx\/?p=120754#respond"]}]},{"@type":"WebPage","@id":"https:\/\/nbcs.mx\/?p=120754","url":"https:\/\/nbcs.mx\/?p=120754","name":"Encabeza Edith Aguilar reuni\u00f3n del Subcomit\u00e9 de Pesca de la zona sur del golfo - NBCS Noticias","isPartOf":{"@id":"https:\/\/nbcs.mx\/#website"},"primaryImageOfPage":{"@id":"https:\/\/nbcs.mx\/?p=120754#primaryimage"},"image":{"@id":"https:\/\/nbcs.mx\/?p=120754#primaryimage"},"thumbnailUrl":"https:\/\/nbcs.mx\/wp-content\/uploads\/2023\/01\/Foto-3-1-738x492.jpg","datePublished":"2023-01-24T04:20:58+00:00","breadcrumb":{"@id":"https:\/\/nbcs.mx\/?p=120754#breadcrumb"},"inLanguage":"es","potentialAction":[{"@type":"ReadAction","target":["https:\/\/nbcs.mx\/?p=120754"]}]},{"@type":"ImageObject","inLanguage":"es","@id":"https:\/\/nbcs.mx\/?p=120754#primaryimage","url":"https:\/\/nbcs.mx\/wp-content\/uploads\/2023\/01\/Foto-3-1-738x492.jpg","contentUrl":"https:\/\/nbcs.mx\/wp-content\/uploads\/2023\/01\/Foto-3-1-738x492.jpg"},{"@type":"BreadcrumbList","@id":"https:\/\/nbcs.mx\/?p=120754#breadcrumb","itemListElement":[{"@type":"ListItem","position":1,"name":"Portada","item":"https:\/\/nbcs.mx\/"},{"@type":"ListItem","position":2,"name":"Encabeza Edith Aguilar reuni\u00f3n del Subcomit\u00e9 de Pesca de la zona sur del golfo"}]},{"@type":"WebSite","@id":"https:\/\/nbcs.mx\/#website","url":"https:\/\/nbcs.mx\/","name":"NBCS Noticias","description":"Sitio web de noticias en Baja California Sur","publisher":{"@id":"https:\/\/nbcs.mx\/#organization"},"potentialAction":[{"@type":"SearchAction","target":{"@type":"EntryPoint","urlTemplate":"https:\/\/nbcs.mx\/?s={search_term_string}"},"query-input":{"@type":"PropertyValueSpecification","valueRequired":true,"valueName":"search_term_string"}}],"inLanguage":"es"},{"@type":"Organization","@id":"https:\/\/nbcs.mx\/#organization","name":"NBCS Noticias","url":"https:\/\/nbcs.mx\/","logo":{"@type":"ImageObject","inLanguage":"es","@id":"https:\/\/nbcs.mx\/#\/schema\/logo\/image\/","url":"https:\/\/nbcs.mx\/wp-content\/uploads\/2018\/09\/057b69485e93575a5c2b1c1dde2dd297.jpeg","contentUrl":"https:\/\/nbcs.mx\/wp-content\/uploads\/2018\/09\/057b69485e93575a5c2b1c1dde2dd297.jpeg","width":64,"height":64,"caption":"NBCS Noticias"},"image":{"@id":"https:\/\/nbcs.mx\/#\/schema\/logo\/image\/"},"sameAs":["https:\/\/www.facebook.com\/NBCSnoticias","https:\/\/x.com\/NBCSnoticias"]},{"@type":"Person","@id":"https:\/\/nbcs.mx\/#\/schema\/person\/ece58bab9a7c1e87a4d28ec9ecd79ff4","name":"NBCS Noticias","image":{"@type":"ImageObject","inLanguage":"es","@id":"https:\/\/secure.gravatar.com\/avatar\/4e52110cad1c4054b43271a0d14bbe9e2ea76aecd0e1097edfc670798d9ca1d4?s=96&d=blank&r=g","url":"https:\/\/secure.gravatar.com\/avatar\/4e52110cad1c4054b43271a0d14bbe9e2ea76aecd0e1097edfc670798d9ca1d4?s=96&d=blank&r=g","contentUrl":"https:\/\/secure.gravatar.com\/avatar\/4e52110cad1c4054b43271a0d14bbe9e2ea76aecd0e1097edfc670798d9ca1d4?s=96&d=blank&r=g","caption":"NBCS Noticias"},"description":"\u00bfTienes fotos o video de alg\u00fan acto de posible negligencia, corrupci\u00f3n y abuso de autoridad? M\u00e1ndalo al WhatsApp de NBCS Noticias: 612 141 98 08","sameAs":["https:\/\/www.nbcs.mx","https:\/\/www.facebook.com\/NBCSnoticias","https:\/\/www.instagram.com\/nbcsnoticias\/","https:\/\/x.com\/https:\/\/twitter.com\/NBCSnoticias"]}]}},"jetpack_publicize_connections":[],"jetpack_sharing_enabled":true,"jetpack_featured_media_url":"","_links":{"self":[{"href":"https:\/\/nbcs.mx\/index.php?rest_route=\/wp\/v2\/posts\/120754","targetHints":{"allow":["GET"]}}],"collection":[{"href":"https:\/\/nbcs.mx\/index.php?rest_route=\/wp\/v2\/posts"}],"about":[{"href":"https:\/\/nbcs.mx\/index.php?rest_route=\/wp\/v2\/types\/post"}],"author":[{"embeddable":true,"href":"https:\/\/nbcs.mx\/index.php?rest_route=\/wp\/v2\/users\/1"}],"replies":[{"embeddable":true,"href":"https:\/\/nbcs.mx\/index.php?rest_route=%2Fwp%2Fv2%2Fcomments&post=120754"}],"version-history":[{"count":1,"href":"https:\/\/nbcs.mx\/index.php?rest_route=\/wp\/v2\/posts\/120754\/revisions"}],"predecessor-version":[{"id":120756,"href":"https:\/\/nbcs.mx\/index.php?rest_route=\/wp\/v2\/posts\/120754\/revisions\/120756"}],"wp:attachment":[{"href":"https:\/\/nbcs.mx\/index.php?rest_route=%2Fwp%2Fv2%2Fmedia&parent=120754"}],"wp:term":[{"taxonomy":"category","embeddable":true,"href":"https:\/\/nbcs.mx\/index.php?rest_route=%2Fwp%2Fv2%2Fcategories&post=120754"},{"taxonomy":"post_tag","embeddable":true,"href":"https:\/\/nbcs.mx\/index.php?rest_route=%2Fwp%2Fv2%2Ftags&post=120754"}],"curies":[{"name":"wp","href":"https:\/\/api.w.org\/{rel}","templated":true}]}}