{"id":120945,"date":"2023-01-28T19:39:17","date_gmt":"2023-01-29T02:39:17","guid":{"rendered":"https:\/\/nbcs.mx\/?p=120945"},"modified":"2023-01-28T19:39:17","modified_gmt":"2023-01-29T02:39:17","slug":"sera-en-este-2023-cuando-finalmente-se-pavimente-la-avenida-nicolas-tamaral-en-cabo-san-lucas-oscar-legg","status":"publish","type":"post","link":"https:\/\/nbcs.mx\/?p=120945","title":{"rendered":"\u201cSer\u00e1 en este 2023 cuando finalmente se pavimente la avenida Nicol\u00e1s Tamaral en Cabo San Lucas\u201d: Oscar Legg"},"content":{"rendered":"<p style=\"font-weight: 400; text-align: justify;\"><img loading=\"lazy\" decoding=\"async\" class=\" wp-image-88339 alignleft\" src=\"https:\/\/nbcs.mx\/wp-content\/uploads\/2021\/05\/01-El-XIII-Ayuntamiento-de-Los-Cabos-trabaja-en-el-mantenimiento-de-la-avenida-Nicolas-Tamaral-en-CSL-1-656x492.jpg\" alt=\"\" width=\"328\" height=\"246\" srcset=\"https:\/\/nbcs.mx\/wp-content\/uploads\/2021\/05\/01-El-XIII-Ayuntamiento-de-Los-Cabos-trabaja-en-el-mantenimiento-de-la-avenida-Nicolas-Tamaral-en-CSL-1-656x492.jpg 656w, https:\/\/nbcs.mx\/wp-content\/uploads\/2021\/05\/01-El-XIII-Ayuntamiento-de-Los-Cabos-trabaja-en-el-mantenimiento-de-la-avenida-Nicolas-Tamaral-en-CSL-1-1024x768.jpg 1024w, https:\/\/nbcs.mx\/wp-content\/uploads\/2021\/05\/01-El-XIII-Ayuntamiento-de-Los-Cabos-trabaja-en-el-mantenimiento-de-la-avenida-Nicolas-Tamaral-en-CSL-1-150x113.jpg 150w, https:\/\/nbcs.mx\/wp-content\/uploads\/2021\/05\/01-El-XIII-Ayuntamiento-de-Los-Cabos-trabaja-en-el-mantenimiento-de-la-avenida-Nicolas-Tamaral-en-CSL-1-768x576.jpg 768w, https:\/\/nbcs.mx\/wp-content\/uploads\/2021\/05\/01-El-XIII-Ayuntamiento-de-Los-Cabos-trabaja-en-el-mantenimiento-de-la-avenida-Nicolas-Tamaral-en-CSL-1-1536x1152.jpg 1536w, https:\/\/nbcs.mx\/wp-content\/uploads\/2021\/05\/01-El-XIII-Ayuntamiento-de-Los-Cabos-trabaja-en-el-mantenimiento-de-la-avenida-Nicolas-Tamaral-en-CSL-1.jpg 1600w\" sizes=\"auto, (max-width: 328px) 100vw, 328px\" \/>En conferencia de prensa para medios de comunicaci\u00f3n de Los Cabos y Baja California Sur previo al 4\u00ba informe de la senadora Lucia Trasvi\u00f1a Waldenrath, el presidente municipal de Los Cabos Oscar Leggs Castro, acompa\u00f1ado de los senadores Ricardo Monreal \u00c1vila, Mar\u00eda Merced Gonz\u00e1lez Gonz\u00e1lez, Ricardo Vel\u00e1zquez Meza, Sergio P\u00e9rez Flores y Eli Eduardo Cervantes Rojas, dio a conocer que tras una larga serie de tr\u00e1mites burocr\u00e1ticos, ya se tiene previsto que durante 2023, el compromiso del presidente de la rep\u00fablica Andr\u00e9s Manuel L\u00f3pez Obrador se cumpla al pavimentar la avenida Nicol\u00e1s Tamaral de Cabo San Lucas.<\/p>\n<p style=\"font-weight: 400; text-align: justify;\">\n<p style=\"font-weight: 400; text-align: justify;\">\u201cHace unos d\u00edas de visita a la ciudad de M\u00e9xico visit\u00e9 a mi amigo Ricardo Monreal para replantearle la preocupaci\u00f3n que tenemos en Los Cabos con respecto a la avenida Nicol\u00e1s Tamaral porque no hay avance en la pavimentaci\u00f3n que se ten\u00eda comprometida para el ejercicio fiscal 2022, por lo que se dio a la tarea de realizar los exhortos pertinentes y hoy me da la sorpresa de que ya se autoriz\u00f3\u201d, expres\u00f3 Oscar Leggs.<\/p>\n<p style=\"font-weight: 400; text-align: justify;\">\n<p style=\"font-weight: 400; text-align: justify;\">En ese sentido, el alcalde cabe\u00f1o explic\u00f3 que tras la noticia del senador Ricardo Monreal, ser\u00e1 el d\u00eda lunes 30 de enero, -en gira de trabajo con el gobernador del estado V\u00edctor Castro Cos\u00edo por el municipio de Los Cabos-, cuando oficialmente se den a conocer los pormenores de la inversi\u00f3n, as\u00ed como los fechas previstas para iniciar, concluir y hacer entrega de la obra.<\/p>\n<p style=\"font-weight: 400; text-align: justify;\">\n<p style=\"font-weight: 400; text-align: justify;\">\u201cGracias senador Ricardo Monreal por ese compromiso, porque viene ya la firma y ya se va a pavimentar en ese a\u00f1o a trav\u00e9s del Gobierno del Estado y la direcci\u00f3n de la SEDATU, siendo nosotros muy vigilantes de que las cosas se den de la mejor manera posible. Por esa raz\u00f3n y mucho m\u00e1s, considero que aqu\u00ed tenemos al pr\u00f3ximo presidente de M\u00e9xico\u201d, sentenci\u00f3 el alcalde de Los Cabos Oscar Leggs Castro.<\/p>\n","protected":false},"excerpt":{"rendered":"<p>En conferencia de prensa para medios de comunicaci\u00f3n de Los Cabos y Baja California Sur previo al 4\u00ba informe de<\/p>\n","protected":false},"author":1,"featured_media":88339,"comment_status":"open","ping_status":"closed","sticky":false,"template":"","format":"standard","meta":{"colormag_page_container_layout":"default_layout","colormag_page_sidebar_layout":"default_layout","_jetpack_memberships_contains_paid_content":false,"footnotes":"","jetpack_publicize_message":"","jetpack_publicize_feature_enabled":true,"jetpack_social_post_already_shared":true,"jetpack_social_options":{"image_generator_settings":{"template":"highway","default_image_id":0,"font":"","enabled":false},"version":2}},"categories":[40],"tags":[],"class_list":["post-120945","post","type-post","status-publish","format-standard","has-post-thumbnail","hentry","category-municipios"],"yoast_head":"<!-- This site is optimized with the Yoast SEO plugin v27.5 - https:\/\/yoast.com\/product\/yoast-seo-wordpress\/ -->\n<title>\u201cSer\u00e1 en este 2023 cuando finalmente se pavimente la avenida Nicol\u00e1s Tamaral en Cabo San Lucas\u201d: Oscar Legg - NBCS Noticias<\/title>\n<meta name=\"robots\" content=\"index, follow, max-snippet:-1, max-image-preview:large, max-video-preview:-1\" \/>\n<link rel=\"canonical\" href=\"https:\/\/nbcs.mx\/?p=120945\" \/>\n<meta property=\"og:locale\" content=\"es_ES\" \/>\n<meta property=\"og:type\" content=\"article\" \/>\n<meta property=\"og:title\" content=\"\u201cSer\u00e1 en este 2023 cuando finalmente se pavimente la avenida Nicol\u00e1s Tamaral en Cabo San Lucas\u201d: Oscar Legg - NBCS Noticias\" \/>\n<meta property=\"og:description\" content=\"En conferencia de prensa para medios de comunicaci\u00f3n de Los Cabos y Baja California Sur previo al 4\u00ba informe de\" \/>\n<meta property=\"og:url\" content=\"https:\/\/nbcs.mx\/?p=120945\" \/>\n<meta property=\"og:site_name\" content=\"NBCS Noticias\" \/>\n<meta property=\"article:publisher\" content=\"https:\/\/www.facebook.com\/NBCSnoticias\" \/>\n<meta property=\"article:author\" content=\"https:\/\/www.facebook.com\/NBCSnoticias\" \/>\n<meta property=\"article:published_time\" content=\"2023-01-29T02:39:17+00:00\" \/>\n<meta property=\"og:image\" content=\"https:\/\/nbcs.mx\/wp-content\/uploads\/2021\/05\/01-El-XIII-Ayuntamiento-de-Los-Cabos-trabaja-en-el-mantenimiento-de-la-avenida-Nicolas-Tamaral-en-CSL-1.jpg\" \/>\n\t<meta property=\"og:image:width\" content=\"1600\" \/>\n\t<meta property=\"og:image:height\" content=\"1200\" \/>\n\t<meta property=\"og:image:type\" content=\"image\/jpeg\" \/>\n<meta name=\"author\" content=\"NBCS Noticias\" \/>\n<meta name=\"twitter:card\" content=\"summary_large_image\" \/>\n<meta name=\"twitter:creator\" content=\"@https:\/\/twitter.com\/NBCSnoticias\" \/>\n<meta name=\"twitter:site\" content=\"@NBCSnoticias\" \/>\n<meta name=\"twitter:label1\" content=\"Escrito por\" \/>\n\t<meta name=\"twitter:data1\" content=\"NBCS Noticias\" \/>\n\t<meta name=\"twitter:label2\" content=\"Tiempo de lectura\" \/>\n\t<meta name=\"twitter:data2\" content=\"2 minutos\" \/>\n<script type=\"application\/ld+json\" class=\"yoast-schema-graph\">{\"@context\":\"https:\\\/\\\/schema.org\",\"@graph\":[{\"@type\":\"Article\",\"@id\":\"https:\\\/\\\/nbcs.mx\\\/?p=120945#article\",\"isPartOf\":{\"@id\":\"https:\\\/\\\/nbcs.mx\\\/?p=120945\"},\"author\":{\"name\":\"NBCS Noticias\",\"@id\":\"https:\\\/\\\/nbcs.mx\\\/#\\\/schema\\\/person\\\/ece58bab9a7c1e87a4d28ec9ecd79ff4\"},\"headline\":\"\u201cSer\u00e1 en este 2023 cuando finalmente se pavimente la avenida Nicol\u00e1s Tamaral en Cabo San Lucas\u201d: Oscar Legg\",\"datePublished\":\"2023-01-29T02:39:17+00:00\",\"mainEntityOfPage\":{\"@id\":\"https:\\\/\\\/nbcs.mx\\\/?p=120945\"},\"wordCount\":355,\"commentCount\":0,\"publisher\":{\"@id\":\"https:\\\/\\\/nbcs.mx\\\/#organization\"},\"image\":{\"@id\":\"https:\\\/\\\/nbcs.mx\\\/?p=120945#primaryimage\"},\"thumbnailUrl\":\"https:\\\/\\\/nbcs.mx\\\/wp-content\\\/uploads\\\/2021\\\/05\\\/01-El-XIII-Ayuntamiento-de-Los-Cabos-trabaja-en-el-mantenimiento-de-la-avenida-Nicolas-Tamaral-en-CSL-1.jpg\",\"articleSection\":[\"Municipios\"],\"inLanguage\":\"es\",\"potentialAction\":[{\"@type\":\"CommentAction\",\"name\":\"Comment\",\"target\":[\"https:\\\/\\\/nbcs.mx\\\/?p=120945#respond\"]}]},{\"@type\":\"WebPage\",\"@id\":\"https:\\\/\\\/nbcs.mx\\\/?p=120945\",\"url\":\"https:\\\/\\\/nbcs.mx\\\/?p=120945\",\"name\":\"\u201cSer\u00e1 en este 2023 cuando finalmente se pavimente la avenida Nicol\u00e1s Tamaral en Cabo San Lucas\u201d: Oscar Legg - NBCS Noticias\",\"isPartOf\":{\"@id\":\"https:\\\/\\\/nbcs.mx\\\/#website\"},\"primaryImageOfPage\":{\"@id\":\"https:\\\/\\\/nbcs.mx\\\/?p=120945#primaryimage\"},\"image\":{\"@id\":\"https:\\\/\\\/nbcs.mx\\\/?p=120945#primaryimage\"},\"thumbnailUrl\":\"https:\\\/\\\/nbcs.mx\\\/wp-content\\\/uploads\\\/2021\\\/05\\\/01-El-XIII-Ayuntamiento-de-Los-Cabos-trabaja-en-el-mantenimiento-de-la-avenida-Nicolas-Tamaral-en-CSL-1.jpg\",\"datePublished\":\"2023-01-29T02:39:17+00:00\",\"breadcrumb\":{\"@id\":\"https:\\\/\\\/nbcs.mx\\\/?p=120945#breadcrumb\"},\"inLanguage\":\"es\",\"potentialAction\":[{\"@type\":\"ReadAction\",\"target\":[\"https:\\\/\\\/nbcs.mx\\\/?p=120945\"]}]},{\"@type\":\"ImageObject\",\"inLanguage\":\"es\",\"@id\":\"https:\\\/\\\/nbcs.mx\\\/?p=120945#primaryimage\",\"url\":\"https:\\\/\\\/nbcs.mx\\\/wp-content\\\/uploads\\\/2021\\\/05\\\/01-El-XIII-Ayuntamiento-de-Los-Cabos-trabaja-en-el-mantenimiento-de-la-avenida-Nicolas-Tamaral-en-CSL-1.jpg\",\"contentUrl\":\"https:\\\/\\\/nbcs.mx\\\/wp-content\\\/uploads\\\/2021\\\/05\\\/01-El-XIII-Ayuntamiento-de-Los-Cabos-trabaja-en-el-mantenimiento-de-la-avenida-Nicolas-Tamaral-en-CSL-1.jpg\",\"width\":1600,\"height\":1200},{\"@type\":\"BreadcrumbList\",\"@id\":\"https:\\\/\\\/nbcs.mx\\\/?p=120945#breadcrumb\",\"itemListElement\":[{\"@type\":\"ListItem\",\"position\":1,\"name\":\"Portada\",\"item\":\"https:\\\/\\\/nbcs.mx\\\/\"},{\"@type\":\"ListItem\",\"position\":2,\"name\":\"\u201cSer\u00e1 en este 2023 cuando finalmente se pavimente la avenida Nicol\u00e1s Tamaral en Cabo San Lucas\u201d: Oscar Legg\"}]},{\"@type\":\"WebSite\",\"@id\":\"https:\\\/\\\/nbcs.mx\\\/#website\",\"url\":\"https:\\\/\\\/nbcs.mx\\\/\",\"name\":\"NBCS Noticias\",\"description\":\"Sitio web de noticias en Baja California Sur\",\"publisher\":{\"@id\":\"https:\\\/\\\/nbcs.mx\\\/#organization\"},\"potentialAction\":[{\"@type\":\"SearchAction\",\"target\":{\"@type\":\"EntryPoint\",\"urlTemplate\":\"https:\\\/\\\/nbcs.mx\\\/?s={search_term_string}\"},\"query-input\":{\"@type\":\"PropertyValueSpecification\",\"valueRequired\":true,\"valueName\":\"search_term_string\"}}],\"inLanguage\":\"es\"},{\"@type\":\"Organization\",\"@id\":\"https:\\\/\\\/nbcs.mx\\\/#organization\",\"name\":\"NBCS Noticias\",\"url\":\"https:\\\/\\\/nbcs.mx\\\/\",\"logo\":{\"@type\":\"ImageObject\",\"inLanguage\":\"es\",\"@id\":\"https:\\\/\\\/nbcs.mx\\\/#\\\/schema\\\/logo\\\/image\\\/\",\"url\":\"https:\\\/\\\/nbcs.mx\\\/wp-content\\\/uploads\\\/2018\\\/09\\\/057b69485e93575a5c2b1c1dde2dd297.jpeg\",\"contentUrl\":\"https:\\\/\\\/nbcs.mx\\\/wp-content\\\/uploads\\\/2018\\\/09\\\/057b69485e93575a5c2b1c1dde2dd297.jpeg\",\"width\":64,\"height\":64,\"caption\":\"NBCS Noticias\"},\"image\":{\"@id\":\"https:\\\/\\\/nbcs.mx\\\/#\\\/schema\\\/logo\\\/image\\\/\"},\"sameAs\":[\"https:\\\/\\\/www.facebook.com\\\/NBCSnoticias\",\"https:\\\/\\\/x.com\\\/NBCSnoticias\"]},{\"@type\":\"Person\",\"@id\":\"https:\\\/\\\/nbcs.mx\\\/#\\\/schema\\\/person\\\/ece58bab9a7c1e87a4d28ec9ecd79ff4\",\"name\":\"NBCS Noticias\",\"image\":{\"@type\":\"ImageObject\",\"inLanguage\":\"es\",\"@id\":\"https:\\\/\\\/secure.gravatar.com\\\/avatar\\\/4e52110cad1c4054b43271a0d14bbe9e2ea76aecd0e1097edfc670798d9ca1d4?s=96&d=blank&r=g\",\"url\":\"https:\\\/\\\/secure.gravatar.com\\\/avatar\\\/4e52110cad1c4054b43271a0d14bbe9e2ea76aecd0e1097edfc670798d9ca1d4?s=96&d=blank&r=g\",\"contentUrl\":\"https:\\\/\\\/secure.gravatar.com\\\/avatar\\\/4e52110cad1c4054b43271a0d14bbe9e2ea76aecd0e1097edfc670798d9ca1d4?s=96&d=blank&r=g\",\"caption\":\"NBCS Noticias\"},\"description\":\"\u00bfTienes fotos o video de alg\u00fan acto de posible negligencia, corrupci\u00f3n y abuso de autoridad? M\u00e1ndalo al WhatsApp de NBCS Noticias: 612 141 98 08\",\"sameAs\":[\"https:\\\/\\\/www.nbcs.mx\",\"https:\\\/\\\/www.facebook.com\\\/NBCSnoticias\",\"https:\\\/\\\/www.instagram.com\\\/nbcsnoticias\\\/\",\"https:\\\/\\\/x.com\\\/https:\\\/\\\/twitter.com\\\/NBCSnoticias\"]}]}<\/script>\n<!-- \/ Yoast SEO plugin. -->","yoast_head_json":{"title":"\u201cSer\u00e1 en este 2023 cuando finalmente se pavimente la avenida Nicol\u00e1s Tamaral en Cabo San Lucas\u201d: Oscar Legg - NBCS Noticias","robots":{"index":"index","follow":"follow","max-snippet":"max-snippet:-1","max-image-preview":"max-image-preview:large","max-video-preview":"max-video-preview:-1"},"canonical":"https:\/\/nbcs.mx\/?p=120945","og_locale":"es_ES","og_type":"article","og_title":"\u201cSer\u00e1 en este 2023 cuando finalmente se pavimente la avenida Nicol\u00e1s Tamaral en Cabo San Lucas\u201d: Oscar Legg - NBCS Noticias","og_description":"En conferencia de prensa para medios de comunicaci\u00f3n de Los Cabos y Baja California Sur previo al 4\u00ba informe de","og_url":"https:\/\/nbcs.mx\/?p=120945","og_site_name":"NBCS Noticias","article_publisher":"https:\/\/www.facebook.com\/NBCSnoticias","article_author":"https:\/\/www.facebook.com\/NBCSnoticias","article_published_time":"2023-01-29T02:39:17+00:00","og_image":[{"width":1600,"height":1200,"url":"https:\/\/nbcs.mx\/wp-content\/uploads\/2021\/05\/01-El-XIII-Ayuntamiento-de-Los-Cabos-trabaja-en-el-mantenimiento-de-la-avenida-Nicolas-Tamaral-en-CSL-1.jpg","type":"image\/jpeg"}],"author":"NBCS Noticias","twitter_card":"summary_large_image","twitter_creator":"@https:\/\/twitter.com\/NBCSnoticias","twitter_site":"@NBCSnoticias","twitter_misc":{"Escrito por":"NBCS Noticias","Tiempo de lectura":"2 minutos"},"schema":{"@context":"https:\/\/schema.org","@graph":[{"@type":"Article","@id":"https:\/\/nbcs.mx\/?p=120945#article","isPartOf":{"@id":"https:\/\/nbcs.mx\/?p=120945"},"author":{"name":"NBCS Noticias","@id":"https:\/\/nbcs.mx\/#\/schema\/person\/ece58bab9a7c1e87a4d28ec9ecd79ff4"},"headline":"\u201cSer\u00e1 en este 2023 cuando finalmente se pavimente la avenida Nicol\u00e1s Tamaral en Cabo San Lucas\u201d: Oscar Legg","datePublished":"2023-01-29T02:39:17+00:00","mainEntityOfPage":{"@id":"https:\/\/nbcs.mx\/?p=120945"},"wordCount":355,"commentCount":0,"publisher":{"@id":"https:\/\/nbcs.mx\/#organization"},"image":{"@id":"https:\/\/nbcs.mx\/?p=120945#primaryimage"},"thumbnailUrl":"https:\/\/nbcs.mx\/wp-content\/uploads\/2021\/05\/01-El-XIII-Ayuntamiento-de-Los-Cabos-trabaja-en-el-mantenimiento-de-la-avenida-Nicolas-Tamaral-en-CSL-1.jpg","articleSection":["Municipios"],"inLanguage":"es","potentialAction":[{"@type":"CommentAction","name":"Comment","target":["https:\/\/nbcs.mx\/?p=120945#respond"]}]},{"@type":"WebPage","@id":"https:\/\/nbcs.mx\/?p=120945","url":"https:\/\/nbcs.mx\/?p=120945","name":"\u201cSer\u00e1 en este 2023 cuando finalmente se pavimente la avenida Nicol\u00e1s Tamaral en Cabo San Lucas\u201d: Oscar Legg - NBCS Noticias","isPartOf":{"@id":"https:\/\/nbcs.mx\/#website"},"primaryImageOfPage":{"@id":"https:\/\/nbcs.mx\/?p=120945#primaryimage"},"image":{"@id":"https:\/\/nbcs.mx\/?p=120945#primaryimage"},"thumbnailUrl":"https:\/\/nbcs.mx\/wp-content\/uploads\/2021\/05\/01-El-XIII-Ayuntamiento-de-Los-Cabos-trabaja-en-el-mantenimiento-de-la-avenida-Nicolas-Tamaral-en-CSL-1.jpg","datePublished":"2023-01-29T02:39:17+00:00","breadcrumb":{"@id":"https:\/\/nbcs.mx\/?p=120945#breadcrumb"},"inLanguage":"es","potentialAction":[{"@type":"ReadAction","target":["https:\/\/nbcs.mx\/?p=120945"]}]},{"@type":"ImageObject","inLanguage":"es","@id":"https:\/\/nbcs.mx\/?p=120945#primaryimage","url":"https:\/\/nbcs.mx\/wp-content\/uploads\/2021\/05\/01-El-XIII-Ayuntamiento-de-Los-Cabos-trabaja-en-el-mantenimiento-de-la-avenida-Nicolas-Tamaral-en-CSL-1.jpg","contentUrl":"https:\/\/nbcs.mx\/wp-content\/uploads\/2021\/05\/01-El-XIII-Ayuntamiento-de-Los-Cabos-trabaja-en-el-mantenimiento-de-la-avenida-Nicolas-Tamaral-en-CSL-1.jpg","width":1600,"height":1200},{"@type":"BreadcrumbList","@id":"https:\/\/nbcs.mx\/?p=120945#breadcrumb","itemListElement":[{"@type":"ListItem","position":1,"name":"Portada","item":"https:\/\/nbcs.mx\/"},{"@type":"ListItem","position":2,"name":"\u201cSer\u00e1 en este 2023 cuando finalmente se pavimente la avenida Nicol\u00e1s Tamaral en Cabo San Lucas\u201d: Oscar Legg"}]},{"@type":"WebSite","@id":"https:\/\/nbcs.mx\/#website","url":"https:\/\/nbcs.mx\/","name":"NBCS Noticias","description":"Sitio web de noticias en Baja California Sur","publisher":{"@id":"https:\/\/nbcs.mx\/#organization"},"potentialAction":[{"@type":"SearchAction","target":{"@type":"EntryPoint","urlTemplate":"https:\/\/nbcs.mx\/?s={search_term_string}"},"query-input":{"@type":"PropertyValueSpecification","valueRequired":true,"valueName":"search_term_string"}}],"inLanguage":"es"},{"@type":"Organization","@id":"https:\/\/nbcs.mx\/#organization","name":"NBCS Noticias","url":"https:\/\/nbcs.mx\/","logo":{"@type":"ImageObject","inLanguage":"es","@id":"https:\/\/nbcs.mx\/#\/schema\/logo\/image\/","url":"https:\/\/nbcs.mx\/wp-content\/uploads\/2018\/09\/057b69485e93575a5c2b1c1dde2dd297.jpeg","contentUrl":"https:\/\/nbcs.mx\/wp-content\/uploads\/2018\/09\/057b69485e93575a5c2b1c1dde2dd297.jpeg","width":64,"height":64,"caption":"NBCS Noticias"},"image":{"@id":"https:\/\/nbcs.mx\/#\/schema\/logo\/image\/"},"sameAs":["https:\/\/www.facebook.com\/NBCSnoticias","https:\/\/x.com\/NBCSnoticias"]},{"@type":"Person","@id":"https:\/\/nbcs.mx\/#\/schema\/person\/ece58bab9a7c1e87a4d28ec9ecd79ff4","name":"NBCS Noticias","image":{"@type":"ImageObject","inLanguage":"es","@id":"https:\/\/secure.gravatar.com\/avatar\/4e52110cad1c4054b43271a0d14bbe9e2ea76aecd0e1097edfc670798d9ca1d4?s=96&d=blank&r=g","url":"https:\/\/secure.gravatar.com\/avatar\/4e52110cad1c4054b43271a0d14bbe9e2ea76aecd0e1097edfc670798d9ca1d4?s=96&d=blank&r=g","contentUrl":"https:\/\/secure.gravatar.com\/avatar\/4e52110cad1c4054b43271a0d14bbe9e2ea76aecd0e1097edfc670798d9ca1d4?s=96&d=blank&r=g","caption":"NBCS Noticias"},"description":"\u00bfTienes fotos o video de alg\u00fan acto de posible negligencia, corrupci\u00f3n y abuso de autoridad? M\u00e1ndalo al WhatsApp de NBCS Noticias: 612 141 98 08","sameAs":["https:\/\/www.nbcs.mx","https:\/\/www.facebook.com\/NBCSnoticias","https:\/\/www.instagram.com\/nbcsnoticias\/","https:\/\/x.com\/https:\/\/twitter.com\/NBCSnoticias"]}]}},"jetpack_publicize_connections":[],"jetpack_featured_media_url":"https:\/\/nbcs.mx\/wp-content\/uploads\/2021\/05\/01-El-XIII-Ayuntamiento-de-Los-Cabos-trabaja-en-el-mantenimiento-de-la-avenida-Nicolas-Tamaral-en-CSL-1.jpg","jetpack_sharing_enabled":true,"_links":{"self":[{"href":"https:\/\/nbcs.mx\/index.php?rest_route=\/wp\/v2\/posts\/120945","targetHints":{"allow":["GET"]}}],"collection":[{"href":"https:\/\/nbcs.mx\/index.php?rest_route=\/wp\/v2\/posts"}],"about":[{"href":"https:\/\/nbcs.mx\/index.php?rest_route=\/wp\/v2\/types\/post"}],"author":[{"embeddable":true,"href":"https:\/\/nbcs.mx\/index.php?rest_route=\/wp\/v2\/users\/1"}],"replies":[{"embeddable":true,"href":"https:\/\/nbcs.mx\/index.php?rest_route=%2Fwp%2Fv2%2Fcomments&post=120945"}],"version-history":[{"count":1,"href":"https:\/\/nbcs.mx\/index.php?rest_route=\/wp\/v2\/posts\/120945\/revisions"}],"predecessor-version":[{"id":120946,"href":"https:\/\/nbcs.mx\/index.php?rest_route=\/wp\/v2\/posts\/120945\/revisions\/120946"}],"wp:featuredmedia":[{"embeddable":true,"href":"https:\/\/nbcs.mx\/index.php?rest_route=\/wp\/v2\/media\/88339"}],"wp:attachment":[{"href":"https:\/\/nbcs.mx\/index.php?rest_route=%2Fwp%2Fv2%2Fmedia&parent=120945"}],"wp:term":[{"taxonomy":"category","embeddable":true,"href":"https:\/\/nbcs.mx\/index.php?rest_route=%2Fwp%2Fv2%2Fcategories&post=120945"},{"taxonomy":"post_tag","embeddable":true,"href":"https:\/\/nbcs.mx\/index.php?rest_route=%2Fwp%2Fv2%2Ftags&post=120945"}],"curies":[{"name":"wp","href":"https:\/\/api.w.org\/{rel}","templated":true}]}}