{"id":121112,"date":"2023-02-02T21:04:56","date_gmt":"2023-02-03T04:04:56","guid":{"rendered":"https:\/\/nbcs.mx\/?p=121112"},"modified":"2023-02-02T21:04:56","modified_gmt":"2023-02-03T04:04:56","slug":"reiteran-uso-obligatorio-de-cubrebocas-en-sitios-cerrados","status":"publish","type":"post","link":"https:\/\/nbcs.mx\/?p=121112","title":{"rendered":"Reiteran uso obligatorio de cubrebocas en sitios cerrados"},"content":{"rendered":"<p style=\"font-weight: 400; text-align: justify;\"><img loading=\"lazy\" decoding=\"async\" class=\" wp-image-121113 alignleft\" src=\"https:\/\/nbcs.mx\/wp-content\/uploads\/2023\/02\/FOTO-BOLETIN-SSA-USO-CUBREBOCAS-738x492.jpg\" alt=\"\" width=\"335\" height=\"223\" srcset=\"https:\/\/nbcs.mx\/wp-content\/uploads\/2023\/02\/FOTO-BOLETIN-SSA-USO-CUBREBOCAS-738x492.jpg 738w, https:\/\/nbcs.mx\/wp-content\/uploads\/2023\/02\/FOTO-BOLETIN-SSA-USO-CUBREBOCAS-150x100.jpg 150w, https:\/\/nbcs.mx\/wp-content\/uploads\/2023\/02\/FOTO-BOLETIN-SSA-USO-CUBREBOCAS-768x512.jpg 768w, https:\/\/nbcs.mx\/wp-content\/uploads\/2023\/02\/FOTO-BOLETIN-SSA-USO-CUBREBOCAS.jpg 800w\" sizes=\"auto, (max-width: 335px) 100vw, 335px\" \/>Por decisi\u00f3n un\u00e1nime, el Comit\u00e9 Estatal para la Seguridad en Salud determin\u00f3 que el uso obligatorio de cubrebocas se mantenga en sitios cerrados, en recintos escolares y de salud, as\u00ed como en unidades del transporte p\u00fablico, con la expectativa de que se consolide la estabilizaci\u00f3n de casos por infecciones respiratorias agudas que presenta Baja California Sur en las \u00faltimas semanas.<\/p>\n<p style=\"font-weight: 400; text-align: justify;\">\n<p style=\"font-weight: 400; text-align: justify;\">Se tom\u00f3 el acuerdo de preservar la aplicaci\u00f3n de esta medida que permite reducir riesgos para las personas que pueden ser m\u00e1s vulnerables ante el efecto de los pat\u00f3genos causantes de estos padecimientos, ya que sea porque son mayores de 60 a\u00f1os, por no contar con esquema de vacunaci\u00f3n o por tener debilitado su sistema inmunitario al registrar otras enfermedades, dijo la titular del ramo, Zazil Flores Aldape.<\/p>\n<p style=\"font-weight: 400; text-align: justify;\">\n<p style=\"font-weight: 400; text-align: justify;\">Al t\u00e9rmino de esta sesi\u00f3n a la que acudieron autoridades de todas las instituciones p\u00fablicas de salud en la entidad, as\u00ed como los representantes de los gobiernos municipales, la m\u00e9dica se\u00f1al\u00f3 que, en lo que va de 2023, la incidencia por Covid-19 se ha mantenido entre los 280 y 230 casos activos, en tanto que las hospitalizaciones por esta causa han fluctuado entre los siete y nueve pacientes, de ah\u00ed la relevancia en conservar la utilizaci\u00f3n obligatoria de mascarilla en interiores, donde se eleva el riesgo de contagio por la acumulaci\u00f3n de part\u00edculas respiratorias que pueden estar contaminadas con el virus.<\/p>\n<p style=\"font-weight: 400; text-align: justify;\">\n<p style=\"font-weight: 400; text-align: justify;\">La servidora p\u00fablica agreg\u00f3 que en las primeras cuatro semanas de este a\u00f1o se presentaron ya cinco defunciones asociadas al coronavirus, ocurridas en personas de m\u00e1s de 60 a\u00f1os sin antecedentes de vacunaci\u00f3n o que solo contaban con una dosis, en su mayor\u00eda con presencia de comorbilidades, por lo que resalt\u00f3 la relevancia de que las y los ciudadanos completen sus esquemas conforme las convocatorias que emite la delegaci\u00f3n estatal de la Secretar\u00eda de Bienestar.<\/p>\n<p style=\"font-weight: 400; text-align: justify;\">\n<p style=\"font-weight: 400; text-align: justify;\">El llamado es para que sigamos implementando las recomendaciones sanitarias, entre las que destaca la ventilaci\u00f3n de espacios y el lavado frecuente de manos. Priorizar el resguardo domiciliario cuando presentemos s\u00edntomas respiratorios y acudamos a consulta para recibir una valoraci\u00f3n profesional, conscientes de que con esto coadyuvamos a cortar cadenas de transmisi\u00f3n, concluy\u00f3.<\/p>\n","protected":false},"excerpt":{"rendered":"<p>Por decisi\u00f3n un\u00e1nime, el Comit\u00e9 Estatal para la Seguridad en Salud determin\u00f3 que el uso obligatorio de cubrebocas se mantenga<\/p>\n","protected":false},"author":1,"featured_media":121113,"comment_status":"open","ping_status":"closed","sticky":false,"template":"","format":"standard","meta":{"colormag_page_container_layout":"default_layout","colormag_page_sidebar_layout":"default_layout","_jetpack_memberships_contains_paid_content":false,"footnotes":"","jetpack_publicize_message":"","jetpack_publicize_feature_enabled":true,"jetpack_social_post_already_shared":true,"jetpack_social_options":{"image_generator_settings":{"template":"highway","default_image_id":0,"font":"","enabled":false},"version":2}},"categories":[1],"tags":[],"class_list":["post-121112","post","type-post","status-publish","format-standard","has-post-thumbnail","hentry","category-noticias"],"yoast_head":"<!-- This site is optimized with the Yoast SEO plugin v27.5 - https:\/\/yoast.com\/product\/yoast-seo-wordpress\/ -->\n<title>Reiteran uso obligatorio de cubrebocas en sitios cerrados - NBCS Noticias<\/title>\n<meta name=\"robots\" content=\"index, follow, max-snippet:-1, max-image-preview:large, max-video-preview:-1\" \/>\n<link rel=\"canonical\" href=\"https:\/\/nbcs.mx\/?p=121112\" \/>\n<meta property=\"og:locale\" content=\"es_ES\" \/>\n<meta property=\"og:type\" content=\"article\" \/>\n<meta property=\"og:title\" content=\"Reiteran uso obligatorio de cubrebocas en sitios cerrados - NBCS Noticias\" \/>\n<meta property=\"og:description\" content=\"Por decisi\u00f3n un\u00e1nime, el Comit\u00e9 Estatal para la Seguridad en Salud determin\u00f3 que el uso obligatorio de cubrebocas se mantenga\" \/>\n<meta property=\"og:url\" content=\"https:\/\/nbcs.mx\/?p=121112\" \/>\n<meta property=\"og:site_name\" content=\"NBCS Noticias\" \/>\n<meta property=\"article:publisher\" content=\"https:\/\/www.facebook.com\/NBCSnoticias\" \/>\n<meta property=\"article:author\" content=\"https:\/\/www.facebook.com\/NBCSnoticias\" \/>\n<meta property=\"article:published_time\" content=\"2023-02-03T04:04:56+00:00\" \/>\n<meta property=\"og:image\" content=\"https:\/\/nbcs.mx\/wp-content\/uploads\/2023\/02\/FOTO-BOLETIN-SSA-USO-CUBREBOCAS.jpg\" \/>\n\t<meta property=\"og:image:width\" content=\"800\" \/>\n\t<meta property=\"og:image:height\" content=\"533\" \/>\n\t<meta property=\"og:image:type\" content=\"image\/jpeg\" \/>\n<meta name=\"author\" content=\"NBCS Noticias\" \/>\n<meta name=\"twitter:card\" content=\"summary_large_image\" \/>\n<meta name=\"twitter:creator\" content=\"@https:\/\/twitter.com\/NBCSnoticias\" \/>\n<meta name=\"twitter:site\" content=\"@NBCSnoticias\" \/>\n<meta name=\"twitter:label1\" content=\"Escrito por\" \/>\n\t<meta name=\"twitter:data1\" content=\"NBCS Noticias\" \/>\n\t<meta name=\"twitter:label2\" content=\"Tiempo de lectura\" \/>\n\t<meta name=\"twitter:data2\" content=\"2 minutos\" \/>\n<script type=\"application\/ld+json\" class=\"yoast-schema-graph\">{\"@context\":\"https:\\\/\\\/schema.org\",\"@graph\":[{\"@type\":\"Article\",\"@id\":\"https:\\\/\\\/nbcs.mx\\\/?p=121112#article\",\"isPartOf\":{\"@id\":\"https:\\\/\\\/nbcs.mx\\\/?p=121112\"},\"author\":{\"name\":\"NBCS Noticias\",\"@id\":\"https:\\\/\\\/nbcs.mx\\\/#\\\/schema\\\/person\\\/ece58bab9a7c1e87a4d28ec9ecd79ff4\"},\"headline\":\"Reiteran uso obligatorio de cubrebocas en sitios cerrados\",\"datePublished\":\"2023-02-03T04:04:56+00:00\",\"mainEntityOfPage\":{\"@id\":\"https:\\\/\\\/nbcs.mx\\\/?p=121112\"},\"wordCount\":389,\"commentCount\":0,\"publisher\":{\"@id\":\"https:\\\/\\\/nbcs.mx\\\/#organization\"},\"image\":{\"@id\":\"https:\\\/\\\/nbcs.mx\\\/?p=121112#primaryimage\"},\"thumbnailUrl\":\"https:\\\/\\\/nbcs.mx\\\/wp-content\\\/uploads\\\/2023\\\/02\\\/FOTO-BOLETIN-SSA-USO-CUBREBOCAS.jpg\",\"articleSection\":[\"Noticias\"],\"inLanguage\":\"es\",\"potentialAction\":[{\"@type\":\"CommentAction\",\"name\":\"Comment\",\"target\":[\"https:\\\/\\\/nbcs.mx\\\/?p=121112#respond\"]}]},{\"@type\":\"WebPage\",\"@id\":\"https:\\\/\\\/nbcs.mx\\\/?p=121112\",\"url\":\"https:\\\/\\\/nbcs.mx\\\/?p=121112\",\"name\":\"Reiteran uso obligatorio de cubrebocas en sitios cerrados - NBCS Noticias\",\"isPartOf\":{\"@id\":\"https:\\\/\\\/nbcs.mx\\\/#website\"},\"primaryImageOfPage\":{\"@id\":\"https:\\\/\\\/nbcs.mx\\\/?p=121112#primaryimage\"},\"image\":{\"@id\":\"https:\\\/\\\/nbcs.mx\\\/?p=121112#primaryimage\"},\"thumbnailUrl\":\"https:\\\/\\\/nbcs.mx\\\/wp-content\\\/uploads\\\/2023\\\/02\\\/FOTO-BOLETIN-SSA-USO-CUBREBOCAS.jpg\",\"datePublished\":\"2023-02-03T04:04:56+00:00\",\"breadcrumb\":{\"@id\":\"https:\\\/\\\/nbcs.mx\\\/?p=121112#breadcrumb\"},\"inLanguage\":\"es\",\"potentialAction\":[{\"@type\":\"ReadAction\",\"target\":[\"https:\\\/\\\/nbcs.mx\\\/?p=121112\"]}]},{\"@type\":\"ImageObject\",\"inLanguage\":\"es\",\"@id\":\"https:\\\/\\\/nbcs.mx\\\/?p=121112#primaryimage\",\"url\":\"https:\\\/\\\/nbcs.mx\\\/wp-content\\\/uploads\\\/2023\\\/02\\\/FOTO-BOLETIN-SSA-USO-CUBREBOCAS.jpg\",\"contentUrl\":\"https:\\\/\\\/nbcs.mx\\\/wp-content\\\/uploads\\\/2023\\\/02\\\/FOTO-BOLETIN-SSA-USO-CUBREBOCAS.jpg\",\"width\":800,\"height\":533},{\"@type\":\"BreadcrumbList\",\"@id\":\"https:\\\/\\\/nbcs.mx\\\/?p=121112#breadcrumb\",\"itemListElement\":[{\"@type\":\"ListItem\",\"position\":1,\"name\":\"Portada\",\"item\":\"https:\\\/\\\/nbcs.mx\\\/\"},{\"@type\":\"ListItem\",\"position\":2,\"name\":\"Reiteran uso obligatorio de cubrebocas en sitios cerrados\"}]},{\"@type\":\"WebSite\",\"@id\":\"https:\\\/\\\/nbcs.mx\\\/#website\",\"url\":\"https:\\\/\\\/nbcs.mx\\\/\",\"name\":\"NBCS Noticias\",\"description\":\"Sitio web de noticias en Baja California Sur\",\"publisher\":{\"@id\":\"https:\\\/\\\/nbcs.mx\\\/#organization\"},\"potentialAction\":[{\"@type\":\"SearchAction\",\"target\":{\"@type\":\"EntryPoint\",\"urlTemplate\":\"https:\\\/\\\/nbcs.mx\\\/?s={search_term_string}\"},\"query-input\":{\"@type\":\"PropertyValueSpecification\",\"valueRequired\":true,\"valueName\":\"search_term_string\"}}],\"inLanguage\":\"es\"},{\"@type\":\"Organization\",\"@id\":\"https:\\\/\\\/nbcs.mx\\\/#organization\",\"name\":\"NBCS Noticias\",\"url\":\"https:\\\/\\\/nbcs.mx\\\/\",\"logo\":{\"@type\":\"ImageObject\",\"inLanguage\":\"es\",\"@id\":\"https:\\\/\\\/nbcs.mx\\\/#\\\/schema\\\/logo\\\/image\\\/\",\"url\":\"https:\\\/\\\/nbcs.mx\\\/wp-content\\\/uploads\\\/2018\\\/09\\\/057b69485e93575a5c2b1c1dde2dd297.jpeg\",\"contentUrl\":\"https:\\\/\\\/nbcs.mx\\\/wp-content\\\/uploads\\\/2018\\\/09\\\/057b69485e93575a5c2b1c1dde2dd297.jpeg\",\"width\":64,\"height\":64,\"caption\":\"NBCS Noticias\"},\"image\":{\"@id\":\"https:\\\/\\\/nbcs.mx\\\/#\\\/schema\\\/logo\\\/image\\\/\"},\"sameAs\":[\"https:\\\/\\\/www.facebook.com\\\/NBCSnoticias\",\"https:\\\/\\\/x.com\\\/NBCSnoticias\"]},{\"@type\":\"Person\",\"@id\":\"https:\\\/\\\/nbcs.mx\\\/#\\\/schema\\\/person\\\/ece58bab9a7c1e87a4d28ec9ecd79ff4\",\"name\":\"NBCS Noticias\",\"image\":{\"@type\":\"ImageObject\",\"inLanguage\":\"es\",\"@id\":\"https:\\\/\\\/secure.gravatar.com\\\/avatar\\\/4e52110cad1c4054b43271a0d14bbe9e2ea76aecd0e1097edfc670798d9ca1d4?s=96&d=blank&r=g\",\"url\":\"https:\\\/\\\/secure.gravatar.com\\\/avatar\\\/4e52110cad1c4054b43271a0d14bbe9e2ea76aecd0e1097edfc670798d9ca1d4?s=96&d=blank&r=g\",\"contentUrl\":\"https:\\\/\\\/secure.gravatar.com\\\/avatar\\\/4e52110cad1c4054b43271a0d14bbe9e2ea76aecd0e1097edfc670798d9ca1d4?s=96&d=blank&r=g\",\"caption\":\"NBCS Noticias\"},\"description\":\"\u00bfTienes fotos o video de alg\u00fan acto de posible negligencia, corrupci\u00f3n y abuso de autoridad? M\u00e1ndalo al WhatsApp de NBCS Noticias: 612 141 98 08\",\"sameAs\":[\"https:\\\/\\\/www.nbcs.mx\",\"https:\\\/\\\/www.facebook.com\\\/NBCSnoticias\",\"https:\\\/\\\/www.instagram.com\\\/nbcsnoticias\\\/\",\"https:\\\/\\\/x.com\\\/https:\\\/\\\/twitter.com\\\/NBCSnoticias\"]}]}<\/script>\n<!-- \/ Yoast SEO plugin. -->","yoast_head_json":{"title":"Reiteran uso obligatorio de cubrebocas en sitios cerrados - NBCS Noticias","robots":{"index":"index","follow":"follow","max-snippet":"max-snippet:-1","max-image-preview":"max-image-preview:large","max-video-preview":"max-video-preview:-1"},"canonical":"https:\/\/nbcs.mx\/?p=121112","og_locale":"es_ES","og_type":"article","og_title":"Reiteran uso obligatorio de cubrebocas en sitios cerrados - NBCS Noticias","og_description":"Por decisi\u00f3n un\u00e1nime, el Comit\u00e9 Estatal para la Seguridad en Salud determin\u00f3 que el uso obligatorio de cubrebocas se mantenga","og_url":"https:\/\/nbcs.mx\/?p=121112","og_site_name":"NBCS Noticias","article_publisher":"https:\/\/www.facebook.com\/NBCSnoticias","article_author":"https:\/\/www.facebook.com\/NBCSnoticias","article_published_time":"2023-02-03T04:04:56+00:00","og_image":[{"width":800,"height":533,"url":"https:\/\/nbcs.mx\/wp-content\/uploads\/2023\/02\/FOTO-BOLETIN-SSA-USO-CUBREBOCAS.jpg","type":"image\/jpeg"}],"author":"NBCS Noticias","twitter_card":"summary_large_image","twitter_creator":"@https:\/\/twitter.com\/NBCSnoticias","twitter_site":"@NBCSnoticias","twitter_misc":{"Escrito por":"NBCS Noticias","Tiempo de lectura":"2 minutos"},"schema":{"@context":"https:\/\/schema.org","@graph":[{"@type":"Article","@id":"https:\/\/nbcs.mx\/?p=121112#article","isPartOf":{"@id":"https:\/\/nbcs.mx\/?p=121112"},"author":{"name":"NBCS Noticias","@id":"https:\/\/nbcs.mx\/#\/schema\/person\/ece58bab9a7c1e87a4d28ec9ecd79ff4"},"headline":"Reiteran uso obligatorio de cubrebocas en sitios cerrados","datePublished":"2023-02-03T04:04:56+00:00","mainEntityOfPage":{"@id":"https:\/\/nbcs.mx\/?p=121112"},"wordCount":389,"commentCount":0,"publisher":{"@id":"https:\/\/nbcs.mx\/#organization"},"image":{"@id":"https:\/\/nbcs.mx\/?p=121112#primaryimage"},"thumbnailUrl":"https:\/\/nbcs.mx\/wp-content\/uploads\/2023\/02\/FOTO-BOLETIN-SSA-USO-CUBREBOCAS.jpg","articleSection":["Noticias"],"inLanguage":"es","potentialAction":[{"@type":"CommentAction","name":"Comment","target":["https:\/\/nbcs.mx\/?p=121112#respond"]}]},{"@type":"WebPage","@id":"https:\/\/nbcs.mx\/?p=121112","url":"https:\/\/nbcs.mx\/?p=121112","name":"Reiteran uso obligatorio de cubrebocas en sitios cerrados - NBCS Noticias","isPartOf":{"@id":"https:\/\/nbcs.mx\/#website"},"primaryImageOfPage":{"@id":"https:\/\/nbcs.mx\/?p=121112#primaryimage"},"image":{"@id":"https:\/\/nbcs.mx\/?p=121112#primaryimage"},"thumbnailUrl":"https:\/\/nbcs.mx\/wp-content\/uploads\/2023\/02\/FOTO-BOLETIN-SSA-USO-CUBREBOCAS.jpg","datePublished":"2023-02-03T04:04:56+00:00","breadcrumb":{"@id":"https:\/\/nbcs.mx\/?p=121112#breadcrumb"},"inLanguage":"es","potentialAction":[{"@type":"ReadAction","target":["https:\/\/nbcs.mx\/?p=121112"]}]},{"@type":"ImageObject","inLanguage":"es","@id":"https:\/\/nbcs.mx\/?p=121112#primaryimage","url":"https:\/\/nbcs.mx\/wp-content\/uploads\/2023\/02\/FOTO-BOLETIN-SSA-USO-CUBREBOCAS.jpg","contentUrl":"https:\/\/nbcs.mx\/wp-content\/uploads\/2023\/02\/FOTO-BOLETIN-SSA-USO-CUBREBOCAS.jpg","width":800,"height":533},{"@type":"BreadcrumbList","@id":"https:\/\/nbcs.mx\/?p=121112#breadcrumb","itemListElement":[{"@type":"ListItem","position":1,"name":"Portada","item":"https:\/\/nbcs.mx\/"},{"@type":"ListItem","position":2,"name":"Reiteran uso obligatorio de cubrebocas en sitios cerrados"}]},{"@type":"WebSite","@id":"https:\/\/nbcs.mx\/#website","url":"https:\/\/nbcs.mx\/","name":"NBCS Noticias","description":"Sitio web de noticias en Baja California Sur","publisher":{"@id":"https:\/\/nbcs.mx\/#organization"},"potentialAction":[{"@type":"SearchAction","target":{"@type":"EntryPoint","urlTemplate":"https:\/\/nbcs.mx\/?s={search_term_string}"},"query-input":{"@type":"PropertyValueSpecification","valueRequired":true,"valueName":"search_term_string"}}],"inLanguage":"es"},{"@type":"Organization","@id":"https:\/\/nbcs.mx\/#organization","name":"NBCS Noticias","url":"https:\/\/nbcs.mx\/","logo":{"@type":"ImageObject","inLanguage":"es","@id":"https:\/\/nbcs.mx\/#\/schema\/logo\/image\/","url":"https:\/\/nbcs.mx\/wp-content\/uploads\/2018\/09\/057b69485e93575a5c2b1c1dde2dd297.jpeg","contentUrl":"https:\/\/nbcs.mx\/wp-content\/uploads\/2018\/09\/057b69485e93575a5c2b1c1dde2dd297.jpeg","width":64,"height":64,"caption":"NBCS Noticias"},"image":{"@id":"https:\/\/nbcs.mx\/#\/schema\/logo\/image\/"},"sameAs":["https:\/\/www.facebook.com\/NBCSnoticias","https:\/\/x.com\/NBCSnoticias"]},{"@type":"Person","@id":"https:\/\/nbcs.mx\/#\/schema\/person\/ece58bab9a7c1e87a4d28ec9ecd79ff4","name":"NBCS Noticias","image":{"@type":"ImageObject","inLanguage":"es","@id":"https:\/\/secure.gravatar.com\/avatar\/4e52110cad1c4054b43271a0d14bbe9e2ea76aecd0e1097edfc670798d9ca1d4?s=96&d=blank&r=g","url":"https:\/\/secure.gravatar.com\/avatar\/4e52110cad1c4054b43271a0d14bbe9e2ea76aecd0e1097edfc670798d9ca1d4?s=96&d=blank&r=g","contentUrl":"https:\/\/secure.gravatar.com\/avatar\/4e52110cad1c4054b43271a0d14bbe9e2ea76aecd0e1097edfc670798d9ca1d4?s=96&d=blank&r=g","caption":"NBCS Noticias"},"description":"\u00bfTienes fotos o video de alg\u00fan acto de posible negligencia, corrupci\u00f3n y abuso de autoridad? M\u00e1ndalo al WhatsApp de NBCS Noticias: 612 141 98 08","sameAs":["https:\/\/www.nbcs.mx","https:\/\/www.facebook.com\/NBCSnoticias","https:\/\/www.instagram.com\/nbcsnoticias\/","https:\/\/x.com\/https:\/\/twitter.com\/NBCSnoticias"]}]}},"jetpack_publicize_connections":[],"jetpack_featured_media_url":"https:\/\/nbcs.mx\/wp-content\/uploads\/2023\/02\/FOTO-BOLETIN-SSA-USO-CUBREBOCAS.jpg","jetpack_sharing_enabled":true,"_links":{"self":[{"href":"https:\/\/nbcs.mx\/index.php?rest_route=\/wp\/v2\/posts\/121112","targetHints":{"allow":["GET"]}}],"collection":[{"href":"https:\/\/nbcs.mx\/index.php?rest_route=\/wp\/v2\/posts"}],"about":[{"href":"https:\/\/nbcs.mx\/index.php?rest_route=\/wp\/v2\/types\/post"}],"author":[{"embeddable":true,"href":"https:\/\/nbcs.mx\/index.php?rest_route=\/wp\/v2\/users\/1"}],"replies":[{"embeddable":true,"href":"https:\/\/nbcs.mx\/index.php?rest_route=%2Fwp%2Fv2%2Fcomments&post=121112"}],"version-history":[{"count":1,"href":"https:\/\/nbcs.mx\/index.php?rest_route=\/wp\/v2\/posts\/121112\/revisions"}],"predecessor-version":[{"id":121114,"href":"https:\/\/nbcs.mx\/index.php?rest_route=\/wp\/v2\/posts\/121112\/revisions\/121114"}],"wp:featuredmedia":[{"embeddable":true,"href":"https:\/\/nbcs.mx\/index.php?rest_route=\/wp\/v2\/media\/121113"}],"wp:attachment":[{"href":"https:\/\/nbcs.mx\/index.php?rest_route=%2Fwp%2Fv2%2Fmedia&parent=121112"}],"wp:term":[{"taxonomy":"category","embeddable":true,"href":"https:\/\/nbcs.mx\/index.php?rest_route=%2Fwp%2Fv2%2Fcategories&post=121112"},{"taxonomy":"post_tag","embeddable":true,"href":"https:\/\/nbcs.mx\/index.php?rest_route=%2Fwp%2Fv2%2Ftags&post=121112"}],"curies":[{"name":"wp","href":"https:\/\/api.w.org\/{rel}","templated":true}]}}