{"id":121115,"date":"2023-02-02T21:07:04","date_gmt":"2023-02-03T04:07:04","guid":{"rendered":"https:\/\/nbcs.mx\/?p=121115"},"modified":"2023-02-02T21:17:31","modified_gmt":"2023-02-03T04:17:31","slug":"invitan-al-festival-internacional-de-la-ballena-gris-en-lopez-mateos","status":"publish","type":"post","link":"https:\/\/nbcs.mx\/?p=121115","title":{"rendered":"Invitan al Festival Internacional de la Ballena Gris en L\u00f3pez Mateos"},"content":{"rendered":"<p><img loading=\"lazy\" decoding=\"async\" class=\"wp-image-121116 alignleft\" src=\"https:\/\/nbcs.mx\/wp-content\/uploads\/2023\/02\/FOTO-BOLETIN-SETUE-BALLENA-GRIS-755x479.jpg\" alt=\"\" width=\"326\" height=\"207\" srcset=\"https:\/\/nbcs.mx\/wp-content\/uploads\/2023\/02\/FOTO-BOLETIN-SETUE-BALLENA-GRIS-755x479.jpg 755w, https:\/\/nbcs.mx\/wp-content\/uploads\/2023\/02\/FOTO-BOLETIN-SETUE-BALLENA-GRIS-150x95.jpg 150w, https:\/\/nbcs.mx\/wp-content\/uploads\/2023\/02\/FOTO-BOLETIN-SETUE-BALLENA-GRIS-768x487.jpg 768w, https:\/\/nbcs.mx\/wp-content\/uploads\/2023\/02\/FOTO-BOLETIN-SETUE-BALLENA-GRIS.jpg 1024w\" sizes=\"auto, (max-width: 326px) 100vw, 326px\" \/><\/p>\n<p style=\"font-weight: 400; text-align: justify;\">Puerto Adolfo L\u00f3pez Mateos, en el municipio de Comond\u00fa, se encuentra listo para el Festival Internacional de la Ballena Gris 2023, mismo que se realizar\u00e1 del 03 al 05 de febrero, inform\u00f3 Thalia Ag\u00fandez, directora de Promoci\u00f3n Tur\u00edstica de la Secretar\u00eda de Turismo y Econom\u00eda (SETUE).<\/p>\n<p style=\"font-weight: 400; text-align: justify;\">Al respecto, destac\u00f3 que el Gobierno del Estado suma esfuerzos con prestadores del ramo e instituciones, a fin de promover esta actividad a nivel internacional, para que ello se traduzca en mayor cantidad de visitantes, alza en derrama econ\u00f3mica y m\u00e1s beneficios para el sector y las familias que de \u00e9l dependen.<\/p>\n<p style=\"font-weight: 400; text-align: justify;\">\u201cEl festival de la ballena gris de L\u00f3pez Mateos, es un evento que promueve a la entidad a nivel nacional e internacional, ya que cada a\u00f1o se reciben visitantes de diferentes partes del mundo que se dan cita para vivir esta experiencia. Asimismo, se incentiva el turismo local, puesto que familias que viven en la entidad ven como una tradici\u00f3n el festival\u201d, expres\u00f3.<\/p>\n<p style=\"font-weight: 400; text-align: justify;\">En ese sentido, Thalia Ag\u00fandez resalt\u00f3 la importancia de que los sudcalifornianos conozcan las bellezas naturales que posee la entidad, ya que, dijo, son los principales embajadores de las maravillas que tiene BCS para conquistar a los viajeros de cualquier parte del mundo, por lo que invit\u00f3 a los ciudadanos a no perderse este extraordinario espect\u00e1culo natural.<\/p>\n<p style=\"font-weight: 400; text-align: justify;\">Finalmente, se\u00f1al\u00f3 que los asistentes podr\u00e1n disfrutar de actividades recreativas, deportivas y culturales, entre los que destacan un torneo de pesca de orilla, la presentaci\u00f3n de la Misi\u00f3n cultural n\u00famero 16, as\u00ed como grupos locales de m\u00fasica popular.<\/p>\n<p style=\"font-weight: 400; text-align: justify;\">\n","protected":false},"excerpt":{"rendered":"<p>Puerto Adolfo L\u00f3pez Mateos, en el municipio de Comond\u00fa, se encuentra listo para el Festival Internacional de la Ballena Gris<\/p>\n","protected":false},"author":1,"featured_media":121116,"comment_status":"open","ping_status":"closed","sticky":false,"template":"","format":"standard","meta":{"colormag_page_container_layout":"default_layout","colormag_page_sidebar_layout":"default_layout","_jetpack_memberships_contains_paid_content":false,"footnotes":"","jetpack_publicize_message":"","jetpack_publicize_feature_enabled":true,"jetpack_social_post_already_shared":true,"jetpack_social_options":{"image_generator_settings":{"template":"highway","default_image_id":0,"font":"","enabled":false},"version":2}},"categories":[1],"tags":[],"class_list":["post-121115","post","type-post","status-publish","format-standard","has-post-thumbnail","hentry","category-noticias"],"yoast_head":"<!-- This site is optimized with the Yoast SEO plugin v27.5 - https:\/\/yoast.com\/product\/yoast-seo-wordpress\/ -->\n<title>Invitan al Festival Internacional de la Ballena Gris en L\u00f3pez Mateos - NBCS Noticias<\/title>\n<meta name=\"robots\" content=\"index, follow, max-snippet:-1, max-image-preview:large, max-video-preview:-1\" \/>\n<link rel=\"canonical\" href=\"https:\/\/nbcs.mx\/?p=121115\" \/>\n<meta property=\"og:locale\" content=\"es_ES\" \/>\n<meta property=\"og:type\" content=\"article\" \/>\n<meta property=\"og:title\" content=\"Invitan al Festival Internacional de la Ballena Gris en L\u00f3pez Mateos - NBCS Noticias\" \/>\n<meta property=\"og:description\" content=\"Puerto Adolfo L\u00f3pez Mateos, en el municipio de Comond\u00fa, se encuentra listo para el Festival Internacional de la Ballena Gris\" \/>\n<meta property=\"og:url\" content=\"https:\/\/nbcs.mx\/?p=121115\" \/>\n<meta property=\"og:site_name\" content=\"NBCS Noticias\" \/>\n<meta property=\"article:publisher\" content=\"https:\/\/www.facebook.com\/NBCSnoticias\" \/>\n<meta property=\"article:author\" content=\"https:\/\/www.facebook.com\/NBCSnoticias\" \/>\n<meta property=\"article:published_time\" content=\"2023-02-03T04:07:04+00:00\" \/>\n<meta property=\"article:modified_time\" content=\"2023-02-03T04:17:31+00:00\" \/>\n<meta property=\"og:image\" content=\"https:\/\/nbcs.mx\/wp-content\/uploads\/2023\/02\/FOTO-BOLETIN-SETUE-BALLENA-GRIS.jpg\" \/>\n\t<meta property=\"og:image:width\" content=\"1024\" \/>\n\t<meta property=\"og:image:height\" content=\"649\" \/>\n\t<meta property=\"og:image:type\" content=\"image\/jpeg\" \/>\n<meta name=\"author\" content=\"NBCS Noticias\" \/>\n<meta name=\"twitter:card\" content=\"summary_large_image\" \/>\n<meta name=\"twitter:creator\" content=\"@https:\/\/twitter.com\/NBCSnoticias\" \/>\n<meta name=\"twitter:site\" content=\"@NBCSnoticias\" \/>\n<meta name=\"twitter:label1\" content=\"Escrito por\" \/>\n\t<meta name=\"twitter:data1\" content=\"NBCS Noticias\" \/>\n\t<meta name=\"twitter:label2\" content=\"Tiempo de lectura\" \/>\n\t<meta name=\"twitter:data2\" content=\"1 minuto\" \/>\n<script type=\"application\/ld+json\" class=\"yoast-schema-graph\">{\"@context\":\"https:\\\/\\\/schema.org\",\"@graph\":[{\"@type\":\"Article\",\"@id\":\"https:\\\/\\\/nbcs.mx\\\/?p=121115#article\",\"isPartOf\":{\"@id\":\"https:\\\/\\\/nbcs.mx\\\/?p=121115\"},\"author\":{\"name\":\"NBCS Noticias\",\"@id\":\"https:\\\/\\\/nbcs.mx\\\/#\\\/schema\\\/person\\\/ece58bab9a7c1e87a4d28ec9ecd79ff4\"},\"headline\":\"Invitan al Festival Internacional de la Ballena Gris en L\u00f3pez Mateos\",\"datePublished\":\"2023-02-03T04:07:04+00:00\",\"dateModified\":\"2023-02-03T04:17:31+00:00\",\"mainEntityOfPage\":{\"@id\":\"https:\\\/\\\/nbcs.mx\\\/?p=121115\"},\"wordCount\":283,\"commentCount\":0,\"publisher\":{\"@id\":\"https:\\\/\\\/nbcs.mx\\\/#organization\"},\"image\":{\"@id\":\"https:\\\/\\\/nbcs.mx\\\/?p=121115#primaryimage\"},\"thumbnailUrl\":\"https:\\\/\\\/nbcs.mx\\\/wp-content\\\/uploads\\\/2023\\\/02\\\/FOTO-BOLETIN-SETUE-BALLENA-GRIS.jpg\",\"articleSection\":[\"Noticias\"],\"inLanguage\":\"es\",\"potentialAction\":[{\"@type\":\"CommentAction\",\"name\":\"Comment\",\"target\":[\"https:\\\/\\\/nbcs.mx\\\/?p=121115#respond\"]}]},{\"@type\":\"WebPage\",\"@id\":\"https:\\\/\\\/nbcs.mx\\\/?p=121115\",\"url\":\"https:\\\/\\\/nbcs.mx\\\/?p=121115\",\"name\":\"Invitan al Festival Internacional de la Ballena Gris en L\u00f3pez Mateos - NBCS Noticias\",\"isPartOf\":{\"@id\":\"https:\\\/\\\/nbcs.mx\\\/#website\"},\"primaryImageOfPage\":{\"@id\":\"https:\\\/\\\/nbcs.mx\\\/?p=121115#primaryimage\"},\"image\":{\"@id\":\"https:\\\/\\\/nbcs.mx\\\/?p=121115#primaryimage\"},\"thumbnailUrl\":\"https:\\\/\\\/nbcs.mx\\\/wp-content\\\/uploads\\\/2023\\\/02\\\/FOTO-BOLETIN-SETUE-BALLENA-GRIS.jpg\",\"datePublished\":\"2023-02-03T04:07:04+00:00\",\"dateModified\":\"2023-02-03T04:17:31+00:00\",\"breadcrumb\":{\"@id\":\"https:\\\/\\\/nbcs.mx\\\/?p=121115#breadcrumb\"},\"inLanguage\":\"es\",\"potentialAction\":[{\"@type\":\"ReadAction\",\"target\":[\"https:\\\/\\\/nbcs.mx\\\/?p=121115\"]}]},{\"@type\":\"ImageObject\",\"inLanguage\":\"es\",\"@id\":\"https:\\\/\\\/nbcs.mx\\\/?p=121115#primaryimage\",\"url\":\"https:\\\/\\\/nbcs.mx\\\/wp-content\\\/uploads\\\/2023\\\/02\\\/FOTO-BOLETIN-SETUE-BALLENA-GRIS.jpg\",\"contentUrl\":\"https:\\\/\\\/nbcs.mx\\\/wp-content\\\/uploads\\\/2023\\\/02\\\/FOTO-BOLETIN-SETUE-BALLENA-GRIS.jpg\",\"width\":1024,\"height\":649,\"caption\":\"DCIM100MEDIADJI_0098.JPG\"},{\"@type\":\"BreadcrumbList\",\"@id\":\"https:\\\/\\\/nbcs.mx\\\/?p=121115#breadcrumb\",\"itemListElement\":[{\"@type\":\"ListItem\",\"position\":1,\"name\":\"Portada\",\"item\":\"https:\\\/\\\/nbcs.mx\\\/\"},{\"@type\":\"ListItem\",\"position\":2,\"name\":\"Invitan al Festival Internacional de la Ballena Gris en L\u00f3pez Mateos\"}]},{\"@type\":\"WebSite\",\"@id\":\"https:\\\/\\\/nbcs.mx\\\/#website\",\"url\":\"https:\\\/\\\/nbcs.mx\\\/\",\"name\":\"NBCS Noticias\",\"description\":\"Sitio web de noticias en Baja California Sur\",\"publisher\":{\"@id\":\"https:\\\/\\\/nbcs.mx\\\/#organization\"},\"potentialAction\":[{\"@type\":\"SearchAction\",\"target\":{\"@type\":\"EntryPoint\",\"urlTemplate\":\"https:\\\/\\\/nbcs.mx\\\/?s={search_term_string}\"},\"query-input\":{\"@type\":\"PropertyValueSpecification\",\"valueRequired\":true,\"valueName\":\"search_term_string\"}}],\"inLanguage\":\"es\"},{\"@type\":\"Organization\",\"@id\":\"https:\\\/\\\/nbcs.mx\\\/#organization\",\"name\":\"NBCS Noticias\",\"url\":\"https:\\\/\\\/nbcs.mx\\\/\",\"logo\":{\"@type\":\"ImageObject\",\"inLanguage\":\"es\",\"@id\":\"https:\\\/\\\/nbcs.mx\\\/#\\\/schema\\\/logo\\\/image\\\/\",\"url\":\"https:\\\/\\\/nbcs.mx\\\/wp-content\\\/uploads\\\/2018\\\/09\\\/057b69485e93575a5c2b1c1dde2dd297.jpeg\",\"contentUrl\":\"https:\\\/\\\/nbcs.mx\\\/wp-content\\\/uploads\\\/2018\\\/09\\\/057b69485e93575a5c2b1c1dde2dd297.jpeg\",\"width\":64,\"height\":64,\"caption\":\"NBCS Noticias\"},\"image\":{\"@id\":\"https:\\\/\\\/nbcs.mx\\\/#\\\/schema\\\/logo\\\/image\\\/\"},\"sameAs\":[\"https:\\\/\\\/www.facebook.com\\\/NBCSnoticias\",\"https:\\\/\\\/x.com\\\/NBCSnoticias\"]},{\"@type\":\"Person\",\"@id\":\"https:\\\/\\\/nbcs.mx\\\/#\\\/schema\\\/person\\\/ece58bab9a7c1e87a4d28ec9ecd79ff4\",\"name\":\"NBCS Noticias\",\"image\":{\"@type\":\"ImageObject\",\"inLanguage\":\"es\",\"@id\":\"https:\\\/\\\/secure.gravatar.com\\\/avatar\\\/4e52110cad1c4054b43271a0d14bbe9e2ea76aecd0e1097edfc670798d9ca1d4?s=96&d=blank&r=g\",\"url\":\"https:\\\/\\\/secure.gravatar.com\\\/avatar\\\/4e52110cad1c4054b43271a0d14bbe9e2ea76aecd0e1097edfc670798d9ca1d4?s=96&d=blank&r=g\",\"contentUrl\":\"https:\\\/\\\/secure.gravatar.com\\\/avatar\\\/4e52110cad1c4054b43271a0d14bbe9e2ea76aecd0e1097edfc670798d9ca1d4?s=96&d=blank&r=g\",\"caption\":\"NBCS Noticias\"},\"description\":\"\u00bfTienes fotos o video de alg\u00fan acto de posible negligencia, corrupci\u00f3n y abuso de autoridad? M\u00e1ndalo al WhatsApp de NBCS Noticias: 612 141 98 08\",\"sameAs\":[\"https:\\\/\\\/www.nbcs.mx\",\"https:\\\/\\\/www.facebook.com\\\/NBCSnoticias\",\"https:\\\/\\\/www.instagram.com\\\/nbcsnoticias\\\/\",\"https:\\\/\\\/x.com\\\/https:\\\/\\\/twitter.com\\\/NBCSnoticias\"]}]}<\/script>\n<!-- \/ Yoast SEO plugin. -->","yoast_head_json":{"title":"Invitan al Festival Internacional de la Ballena Gris en L\u00f3pez Mateos - NBCS Noticias","robots":{"index":"index","follow":"follow","max-snippet":"max-snippet:-1","max-image-preview":"max-image-preview:large","max-video-preview":"max-video-preview:-1"},"canonical":"https:\/\/nbcs.mx\/?p=121115","og_locale":"es_ES","og_type":"article","og_title":"Invitan al Festival Internacional de la Ballena Gris en L\u00f3pez Mateos - NBCS Noticias","og_description":"Puerto Adolfo L\u00f3pez Mateos, en el municipio de Comond\u00fa, se encuentra listo para el Festival Internacional de la Ballena Gris","og_url":"https:\/\/nbcs.mx\/?p=121115","og_site_name":"NBCS Noticias","article_publisher":"https:\/\/www.facebook.com\/NBCSnoticias","article_author":"https:\/\/www.facebook.com\/NBCSnoticias","article_published_time":"2023-02-03T04:07:04+00:00","article_modified_time":"2023-02-03T04:17:31+00:00","og_image":[{"width":1024,"height":649,"url":"https:\/\/nbcs.mx\/wp-content\/uploads\/2023\/02\/FOTO-BOLETIN-SETUE-BALLENA-GRIS.jpg","type":"image\/jpeg"}],"author":"NBCS Noticias","twitter_card":"summary_large_image","twitter_creator":"@https:\/\/twitter.com\/NBCSnoticias","twitter_site":"@NBCSnoticias","twitter_misc":{"Escrito por":"NBCS Noticias","Tiempo de lectura":"1 minuto"},"schema":{"@context":"https:\/\/schema.org","@graph":[{"@type":"Article","@id":"https:\/\/nbcs.mx\/?p=121115#article","isPartOf":{"@id":"https:\/\/nbcs.mx\/?p=121115"},"author":{"name":"NBCS Noticias","@id":"https:\/\/nbcs.mx\/#\/schema\/person\/ece58bab9a7c1e87a4d28ec9ecd79ff4"},"headline":"Invitan al Festival Internacional de la Ballena Gris en L\u00f3pez Mateos","datePublished":"2023-02-03T04:07:04+00:00","dateModified":"2023-02-03T04:17:31+00:00","mainEntityOfPage":{"@id":"https:\/\/nbcs.mx\/?p=121115"},"wordCount":283,"commentCount":0,"publisher":{"@id":"https:\/\/nbcs.mx\/#organization"},"image":{"@id":"https:\/\/nbcs.mx\/?p=121115#primaryimage"},"thumbnailUrl":"https:\/\/nbcs.mx\/wp-content\/uploads\/2023\/02\/FOTO-BOLETIN-SETUE-BALLENA-GRIS.jpg","articleSection":["Noticias"],"inLanguage":"es","potentialAction":[{"@type":"CommentAction","name":"Comment","target":["https:\/\/nbcs.mx\/?p=121115#respond"]}]},{"@type":"WebPage","@id":"https:\/\/nbcs.mx\/?p=121115","url":"https:\/\/nbcs.mx\/?p=121115","name":"Invitan al Festival Internacional de la Ballena Gris en L\u00f3pez Mateos - NBCS Noticias","isPartOf":{"@id":"https:\/\/nbcs.mx\/#website"},"primaryImageOfPage":{"@id":"https:\/\/nbcs.mx\/?p=121115#primaryimage"},"image":{"@id":"https:\/\/nbcs.mx\/?p=121115#primaryimage"},"thumbnailUrl":"https:\/\/nbcs.mx\/wp-content\/uploads\/2023\/02\/FOTO-BOLETIN-SETUE-BALLENA-GRIS.jpg","datePublished":"2023-02-03T04:07:04+00:00","dateModified":"2023-02-03T04:17:31+00:00","breadcrumb":{"@id":"https:\/\/nbcs.mx\/?p=121115#breadcrumb"},"inLanguage":"es","potentialAction":[{"@type":"ReadAction","target":["https:\/\/nbcs.mx\/?p=121115"]}]},{"@type":"ImageObject","inLanguage":"es","@id":"https:\/\/nbcs.mx\/?p=121115#primaryimage","url":"https:\/\/nbcs.mx\/wp-content\/uploads\/2023\/02\/FOTO-BOLETIN-SETUE-BALLENA-GRIS.jpg","contentUrl":"https:\/\/nbcs.mx\/wp-content\/uploads\/2023\/02\/FOTO-BOLETIN-SETUE-BALLENA-GRIS.jpg","width":1024,"height":649,"caption":"DCIM100MEDIADJI_0098.JPG"},{"@type":"BreadcrumbList","@id":"https:\/\/nbcs.mx\/?p=121115#breadcrumb","itemListElement":[{"@type":"ListItem","position":1,"name":"Portada","item":"https:\/\/nbcs.mx\/"},{"@type":"ListItem","position":2,"name":"Invitan al Festival Internacional de la Ballena Gris en L\u00f3pez Mateos"}]},{"@type":"WebSite","@id":"https:\/\/nbcs.mx\/#website","url":"https:\/\/nbcs.mx\/","name":"NBCS Noticias","description":"Sitio web de noticias en Baja California Sur","publisher":{"@id":"https:\/\/nbcs.mx\/#organization"},"potentialAction":[{"@type":"SearchAction","target":{"@type":"EntryPoint","urlTemplate":"https:\/\/nbcs.mx\/?s={search_term_string}"},"query-input":{"@type":"PropertyValueSpecification","valueRequired":true,"valueName":"search_term_string"}}],"inLanguage":"es"},{"@type":"Organization","@id":"https:\/\/nbcs.mx\/#organization","name":"NBCS Noticias","url":"https:\/\/nbcs.mx\/","logo":{"@type":"ImageObject","inLanguage":"es","@id":"https:\/\/nbcs.mx\/#\/schema\/logo\/image\/","url":"https:\/\/nbcs.mx\/wp-content\/uploads\/2018\/09\/057b69485e93575a5c2b1c1dde2dd297.jpeg","contentUrl":"https:\/\/nbcs.mx\/wp-content\/uploads\/2018\/09\/057b69485e93575a5c2b1c1dde2dd297.jpeg","width":64,"height":64,"caption":"NBCS Noticias"},"image":{"@id":"https:\/\/nbcs.mx\/#\/schema\/logo\/image\/"},"sameAs":["https:\/\/www.facebook.com\/NBCSnoticias","https:\/\/x.com\/NBCSnoticias"]},{"@type":"Person","@id":"https:\/\/nbcs.mx\/#\/schema\/person\/ece58bab9a7c1e87a4d28ec9ecd79ff4","name":"NBCS Noticias","image":{"@type":"ImageObject","inLanguage":"es","@id":"https:\/\/secure.gravatar.com\/avatar\/4e52110cad1c4054b43271a0d14bbe9e2ea76aecd0e1097edfc670798d9ca1d4?s=96&d=blank&r=g","url":"https:\/\/secure.gravatar.com\/avatar\/4e52110cad1c4054b43271a0d14bbe9e2ea76aecd0e1097edfc670798d9ca1d4?s=96&d=blank&r=g","contentUrl":"https:\/\/secure.gravatar.com\/avatar\/4e52110cad1c4054b43271a0d14bbe9e2ea76aecd0e1097edfc670798d9ca1d4?s=96&d=blank&r=g","caption":"NBCS Noticias"},"description":"\u00bfTienes fotos o video de alg\u00fan acto de posible negligencia, corrupci\u00f3n y abuso de autoridad? M\u00e1ndalo al WhatsApp de NBCS Noticias: 612 141 98 08","sameAs":["https:\/\/www.nbcs.mx","https:\/\/www.facebook.com\/NBCSnoticias","https:\/\/www.instagram.com\/nbcsnoticias\/","https:\/\/x.com\/https:\/\/twitter.com\/NBCSnoticias"]}]}},"jetpack_publicize_connections":[],"jetpack_featured_media_url":"https:\/\/nbcs.mx\/wp-content\/uploads\/2023\/02\/FOTO-BOLETIN-SETUE-BALLENA-GRIS.jpg","jetpack_sharing_enabled":true,"_links":{"self":[{"href":"https:\/\/nbcs.mx\/index.php?rest_route=\/wp\/v2\/posts\/121115","targetHints":{"allow":["GET"]}}],"collection":[{"href":"https:\/\/nbcs.mx\/index.php?rest_route=\/wp\/v2\/posts"}],"about":[{"href":"https:\/\/nbcs.mx\/index.php?rest_route=\/wp\/v2\/types\/post"}],"author":[{"embeddable":true,"href":"https:\/\/nbcs.mx\/index.php?rest_route=\/wp\/v2\/users\/1"}],"replies":[{"embeddable":true,"href":"https:\/\/nbcs.mx\/index.php?rest_route=%2Fwp%2Fv2%2Fcomments&post=121115"}],"version-history":[{"count":3,"href":"https:\/\/nbcs.mx\/index.php?rest_route=\/wp\/v2\/posts\/121115\/revisions"}],"predecessor-version":[{"id":121128,"href":"https:\/\/nbcs.mx\/index.php?rest_route=\/wp\/v2\/posts\/121115\/revisions\/121128"}],"wp:featuredmedia":[{"embeddable":true,"href":"https:\/\/nbcs.mx\/index.php?rest_route=\/wp\/v2\/media\/121116"}],"wp:attachment":[{"href":"https:\/\/nbcs.mx\/index.php?rest_route=%2Fwp%2Fv2%2Fmedia&parent=121115"}],"wp:term":[{"taxonomy":"category","embeddable":true,"href":"https:\/\/nbcs.mx\/index.php?rest_route=%2Fwp%2Fv2%2Fcategories&post=121115"},{"taxonomy":"post_tag","embeddable":true,"href":"https:\/\/nbcs.mx\/index.php?rest_route=%2Fwp%2Fv2%2Ftags&post=121115"}],"curies":[{"name":"wp","href":"https:\/\/api.w.org\/{rel}","templated":true}]}}