{"id":121325,"date":"2023-02-08T06:53:56","date_gmt":"2023-02-08T13:53:56","guid":{"rendered":"https:\/\/nbcs.mx\/?p=121325"},"modified":"2023-02-08T06:53:56","modified_gmt":"2023-02-08T13:53:56","slug":"micropolis-la-terna-y-la-encuesta-en-la-paz","status":"publish","type":"post","link":"https:\/\/nbcs.mx\/?p=121325","title":{"rendered":"MICR\u00d3POLIS \/ La terna y la encuesta, en La Paz"},"content":{"rendered":"<p style=\"font-weight: 400; text-align: justify;\"><strong><img loading=\"lazy\" decoding=\"async\" class=\"size-medium wp-image-121326 aligncenter\" src=\"https:\/\/nbcs.mx\/wp-content\/uploads\/2023\/02\/01-micropolis-2-755x264.jpg\" alt=\"\" width=\"755\" height=\"264\" srcset=\"https:\/\/nbcs.mx\/wp-content\/uploads\/2023\/02\/01-micropolis-2-755x264.jpg 755w, https:\/\/nbcs.mx\/wp-content\/uploads\/2023\/02\/01-micropolis-2-1024x358.jpg 1024w, https:\/\/nbcs.mx\/wp-content\/uploads\/2023\/02\/01-micropolis-2-150x52.jpg 150w, https:\/\/nbcs.mx\/wp-content\/uploads\/2023\/02\/01-micropolis-2-768x268.jpg 768w, https:\/\/nbcs.mx\/wp-content\/uploads\/2023\/02\/01-micropolis-2-1536x537.jpg 1536w, https:\/\/nbcs.mx\/wp-content\/uploads\/2023\/02\/01-micropolis-2-2048x715.jpg 2048w\" sizes=\"auto, (max-width: 755px) 100vw, 755px\" \/><\/strong><\/p>\n<p style=\"font-weight: 400; text-align: justify;\"><strong>Por Bertoldo Velasco Silva<\/strong><\/p>\n<p style=\"font-weight: 400; text-align: justify;\"><strong>\u00a0<\/strong><\/p>\n<p style=\"font-weight: 400; text-align: justify;\">A los pol\u00edticos, les gusta jugar al misterio y a la espera de lo que especulen los dem\u00e1s, para conocer sus reacciones. Es decir, lanzan \u201csu borrego\u201d para saber que tan hondo cal\u00f3 o de plano fracas\u00f3 la idea de mover la imagen del personaje al que se busca posicionar. Cuando menos, en Morena, para el caso de La Paz, donde por el momento nos centraremos, cuenta con perfiles definidos. Para respetar la equidad de g\u00e9nero, tienen a Fernanda Villarreal, actual directora del INVI como al diputado Eduardo Van Wormer Castro, y por el Partido Verde Ecologista, aliado, se encuentra Manuel Cota C\u00e1rdenas, y uno de ellos tres, posiblemente sea el candidato a la alcald\u00eda pace\u00f1a, esperando que no salte \u201cla liebre\u201d por otro lado.<\/p>\n<p style=\"font-weight: 400; text-align: justify;\">Anda m\u00e1s caliente el asunto de la elecci\u00f3n de qui\u00e9n ser\u00e1 \u00e9l o la representante de Morena para la elecci\u00f3n de la alcald\u00eda pace\u00f1a que lo que pueda ofrecer la oposici\u00f3n, d\u00f3nde solo se asoma el aliancista, el diputado Rigoberto Mares Aguilar, quien no tiene enfrente qui\u00e9m le pueda quitar el sue\u00f1o, pues no en el PRI ni el PRD, alguien se asoma para disputarle la candidatura al michoacano.<\/p>\n<p style=\"font-weight: 400; text-align: justify;\">En entrega anterior, hab\u00edamos analizado en este mismo espacio, esa fotograf\u00eda que lanzaron a trav\u00e9s de redes sociales, donde observamos qui\u00e9nes aparec\u00edan en ella, y que nuestras primeras deducciones fueron de que el Partido Verde Ecologista de M\u00e9xico, ir\u00eda solo en las pr\u00f3ximas elecciones del 2024 a nivel estatal. Pero result\u00f3 todo lo contrario, y ahora sabemos que si van en alianza Morena-PT-PVEM, pero en este caso, el verde enviar\u00e1 a la elecci\u00f3n interna, que ser\u00e1 por encuesta a su gallo Manuel Cota C\u00e1rdenas, contra quien surja por Morena y hasta del mismo Partido del Trabajo.<\/p>\n<p style=\"font-weight: 400; text-align: justify;\">Hay que aclarar que hasta el momento, son estos tres personajes los que est\u00e1n a la vista de todos en la disputa por la candidatura de la alianza Morena-PT-PVEM, aun y cuando por ah\u00ed busca asomarse Omar Zavala Ag\u00fandez, actual secretario del Trabajo, Bienestar y Desarrollo Social, lo que pondr\u00eda m\u00e1s caliente el asunto.<\/p>\n<p style=\"font-weight: 400; text-align: justify;\">Cuando menos en lo que se refiere a los tres primeros Fernanda, Manuel y Eduardo, estos dos \u00faltimos no han dejado de trabajar buscando las simpat\u00edas de los morenistas, a la hora de que en julio pr\u00f3ximo, se realice la primera de tres encuestas para elegir al candidato de esta alianza.<\/p>\n<p style=\"font-weight: 400; text-align: justify;\">En cuanto a Fernanda Villarreal, lo sabemos, es una mujer que no deja de luchar, es entrona y ser\u00eda una buena candidata. As\u00ed la vimos trabajando y operando en las elecciones del 2021, cuando era aspirante a una diputaci\u00f3n local, con la diferencia de que ahora, su abanico de amistades y relaciones con la ciudadan\u00eda, se ha extendido.<\/p>\n<p style=\"font-weight: 400; text-align: justify;\">Del diputado Eduardo Van Wormer, quien empez\u00f3 lento en su carrera pol\u00edtica, ya como legislador, a aprovechado este tiempo para ventanearse y placearse por todo el municipio, en la b\u00fasqueda de los liderazgos sociales, porque sabe que, en caso de ser el candidato tendr\u00e1 que trabajarle duro para sumarle adeptos al que surja como candidato al senado como a las disputaciones federales (en este \u00faltimo caso, porque La Paz se divide en dos, una parte para el Distrito electoral federal 01 y otra para el 02 distrito electoral federal), pero de ellos, ya hablaremos en posteriores entregas.<\/p>\n<p style=\"font-weight: 400; text-align: justify;\">Lo que si es un hecho, es que estos dos personajes, Fernanda y Eduardo, trabajar\u00edan para el candidato al senado que surja de la alianza Morena-PT, porque en el caso del Verde, tal parece que lanzar\u00e1 a su propio candidato al senado, como a las diputaciones federales, de los que tambi\u00e9n, ya escribiremos en posteriores entregas.<\/p>\n<p style=\"font-weight: 400; text-align: justify;\">Por lo que se refiere al hijo del ex gobernador Leonel Cota Monta\u00f1o, lo hemos visto trabajando, tratando de convencer a los liderazgos sociales (l\u00edderes de colonias populares), donde \u00e9l ya hab\u00eda operado en el pasado proceso para elegir candidatos a la alcald\u00eda del 2021, pero que no le alcanz\u00f3 para ser el ungido.<\/p>\n<p style=\"font-weight: 400; text-align: justify;\">Este, apenas es un esbozo de la lucha por la candidatura a la alcald\u00eda de La Paz, porque como dice el dicho, nadie sabe para quien trabaja, porque al final, los que no resulten con las mejores preferencias en las encuestas que se realizar\u00e1n en las fechas previstas, tendr\u00e1n que sumarse al que obtenga los mejores resultados.<\/p>\n<p style=\"font-weight: 400; text-align: justify;\">Por lo que se refiere a la alianza PAN-PRI-PRD, tal parece que el candidato surgir\u00e1 de las filas azules, porque dudamos que vuelvan a imponer al eterno candidato perdedor el priista Ricardo Barroso Agramont, y se imponga el diputado Rigoberto Mares Aguilar, pues en ese escenario, no visualizamos a nadie m\u00e1s.<\/p>\n<p style=\"font-weight: 400; text-align: justify;\">Del resto de los partidos minoritarios, no les vero esperanza alguna, tampoco visualizamos ahora, la participaci\u00f3n de candidatos independientes, dada la dificultad que estos tienen para imponerse a tantos requisitos y candados que les impone la ley electoral, de la que por cierto, apenas se estar\u00e1 cocinando en el Congreso del estado a partir de marzo pr\u00f3ximo. Y del que dudamos, se legisle para darles una mayor apertura a la participaci\u00f3n de candidaturas independientes.<\/p>\n<p style=\"font-weight: 400; text-align: justify;\">Por el lado de Morena-PT-PVEM, cuentan con m\u00e1s aspirantes, tan solo en La Paz, mientras que por la oposici\u00f3n PAN-PRI-PORD, la caballada est\u00e1 fam\u00e9lica.<\/p>\n<p style=\"font-weight: 400; text-align: justify;\">\n<p style=\"font-weight: 400; text-align: justify;\">\n<p style=\"font-weight: 400; text-align: justify;\">\n<p style=\"font-weight: 400; text-align: justify;\">\n<p style=\"font-weight: 400; text-align: justify;\">\n","protected":false},"excerpt":{"rendered":"<p>Por Bertoldo Velasco Silva \u00a0 A los pol\u00edticos, les gusta jugar al misterio y a la espera de lo que<\/p>\n","protected":false},"author":1,"featured_media":121327,"comment_status":"open","ping_status":"closed","sticky":false,"template":"","format":"standard","meta":{"colormag_page_container_layout":"default_layout","colormag_page_sidebar_layout":"default_layout","_jetpack_memberships_contains_paid_content":false,"footnotes":"","jetpack_publicize_message":"","jetpack_publicize_feature_enabled":true,"jetpack_social_post_already_shared":true,"jetpack_social_options":{"image_generator_settings":{"template":"highway","default_image_id":0,"font":"","enabled":false},"version":2}},"categories":[41],"tags":[],"class_list":["post-121325","post","type-post","status-publish","format-standard","has-post-thumbnail","hentry","category-las-columnas"],"yoast_head":"<!-- This site is optimized with the Yoast SEO plugin v27.5 - https:\/\/yoast.com\/product\/yoast-seo-wordpress\/ -->\n<title>MICR\u00d3POLIS \/ La terna y la encuesta, en La Paz - NBCS Noticias<\/title>\n<meta name=\"robots\" content=\"index, follow, max-snippet:-1, max-image-preview:large, max-video-preview:-1\" \/>\n<link rel=\"canonical\" href=\"https:\/\/nbcs.mx\/?p=121325\" \/>\n<meta property=\"og:locale\" content=\"es_ES\" \/>\n<meta property=\"og:type\" content=\"article\" \/>\n<meta property=\"og:title\" content=\"MICR\u00d3POLIS \/ La terna y la encuesta, en La Paz - NBCS Noticias\" \/>\n<meta property=\"og:description\" content=\"Por Bertoldo Velasco Silva \u00a0 A los pol\u00edticos, les gusta jugar al misterio y a la espera de lo que\" \/>\n<meta property=\"og:url\" content=\"https:\/\/nbcs.mx\/?p=121325\" \/>\n<meta property=\"og:site_name\" content=\"NBCS Noticias\" \/>\n<meta property=\"article:publisher\" content=\"https:\/\/www.facebook.com\/NBCSnoticias\" \/>\n<meta property=\"article:author\" content=\"https:\/\/www.facebook.com\/NBCSnoticias\" \/>\n<meta property=\"article:published_time\" content=\"2023-02-08T13:53:56+00:00\" \/>\n<meta property=\"og:image\" content=\"https:\/\/nbcs.mx\/wp-content\/uploads\/2023\/02\/corcholatas.jpg\" \/>\n\t<meta property=\"og:image:width\" content=\"1024\" \/>\n\t<meta property=\"og:image:height\" content=\"640\" \/>\n\t<meta property=\"og:image:type\" content=\"image\/jpeg\" \/>\n<meta name=\"author\" content=\"NBCS Noticias\" \/>\n<meta name=\"twitter:card\" content=\"summary_large_image\" \/>\n<meta name=\"twitter:creator\" content=\"@https:\/\/twitter.com\/NBCSnoticias\" \/>\n<meta name=\"twitter:site\" content=\"@NBCSnoticias\" \/>\n<meta name=\"twitter:label1\" content=\"Escrito por\" \/>\n\t<meta name=\"twitter:data1\" content=\"NBCS Noticias\" \/>\n\t<meta name=\"twitter:label2\" content=\"Tiempo de lectura\" \/>\n\t<meta name=\"twitter:data2\" content=\"5 minutos\" \/>\n<script type=\"application\/ld+json\" class=\"yoast-schema-graph\">{\"@context\":\"https:\\\/\\\/schema.org\",\"@graph\":[{\"@type\":\"Article\",\"@id\":\"https:\\\/\\\/nbcs.mx\\\/?p=121325#article\",\"isPartOf\":{\"@id\":\"https:\\\/\\\/nbcs.mx\\\/?p=121325\"},\"author\":{\"name\":\"NBCS Noticias\",\"@id\":\"https:\\\/\\\/nbcs.mx\\\/#\\\/schema\\\/person\\\/ece58bab9a7c1e87a4d28ec9ecd79ff4\"},\"headline\":\"MICR\u00d3POLIS \\\/ La terna y la encuesta, en La Paz\",\"datePublished\":\"2023-02-08T13:53:56+00:00\",\"mainEntityOfPage\":{\"@id\":\"https:\\\/\\\/nbcs.mx\\\/?p=121325\"},\"wordCount\":928,\"commentCount\":0,\"publisher\":{\"@id\":\"https:\\\/\\\/nbcs.mx\\\/#organization\"},\"image\":{\"@id\":\"https:\\\/\\\/nbcs.mx\\\/?p=121325#primaryimage\"},\"thumbnailUrl\":\"https:\\\/\\\/nbcs.mx\\\/wp-content\\\/uploads\\\/2023\\\/02\\\/corcholatas.jpg\",\"articleSection\":[\"Las Columnas\"],\"inLanguage\":\"es\",\"potentialAction\":[{\"@type\":\"CommentAction\",\"name\":\"Comment\",\"target\":[\"https:\\\/\\\/nbcs.mx\\\/?p=121325#respond\"]}]},{\"@type\":\"WebPage\",\"@id\":\"https:\\\/\\\/nbcs.mx\\\/?p=121325\",\"url\":\"https:\\\/\\\/nbcs.mx\\\/?p=121325\",\"name\":\"MICR\u00d3POLIS \\\/ La terna y la encuesta, en La Paz - NBCS Noticias\",\"isPartOf\":{\"@id\":\"https:\\\/\\\/nbcs.mx\\\/#website\"},\"primaryImageOfPage\":{\"@id\":\"https:\\\/\\\/nbcs.mx\\\/?p=121325#primaryimage\"},\"image\":{\"@id\":\"https:\\\/\\\/nbcs.mx\\\/?p=121325#primaryimage\"},\"thumbnailUrl\":\"https:\\\/\\\/nbcs.mx\\\/wp-content\\\/uploads\\\/2023\\\/02\\\/corcholatas.jpg\",\"datePublished\":\"2023-02-08T13:53:56+00:00\",\"breadcrumb\":{\"@id\":\"https:\\\/\\\/nbcs.mx\\\/?p=121325#breadcrumb\"},\"inLanguage\":\"es\",\"potentialAction\":[{\"@type\":\"ReadAction\",\"target\":[\"https:\\\/\\\/nbcs.mx\\\/?p=121325\"]}]},{\"@type\":\"ImageObject\",\"inLanguage\":\"es\",\"@id\":\"https:\\\/\\\/nbcs.mx\\\/?p=121325#primaryimage\",\"url\":\"https:\\\/\\\/nbcs.mx\\\/wp-content\\\/uploads\\\/2023\\\/02\\\/corcholatas.jpg\",\"contentUrl\":\"https:\\\/\\\/nbcs.mx\\\/wp-content\\\/uploads\\\/2023\\\/02\\\/corcholatas.jpg\",\"width\":1024,\"height\":640},{\"@type\":\"BreadcrumbList\",\"@id\":\"https:\\\/\\\/nbcs.mx\\\/?p=121325#breadcrumb\",\"itemListElement\":[{\"@type\":\"ListItem\",\"position\":1,\"name\":\"Portada\",\"item\":\"https:\\\/\\\/nbcs.mx\\\/\"},{\"@type\":\"ListItem\",\"position\":2,\"name\":\"MICR\u00d3POLIS \\\/ La terna y la encuesta, en La Paz\"}]},{\"@type\":\"WebSite\",\"@id\":\"https:\\\/\\\/nbcs.mx\\\/#website\",\"url\":\"https:\\\/\\\/nbcs.mx\\\/\",\"name\":\"NBCS Noticias\",\"description\":\"Sitio web de noticias en Baja California Sur\",\"publisher\":{\"@id\":\"https:\\\/\\\/nbcs.mx\\\/#organization\"},\"potentialAction\":[{\"@type\":\"SearchAction\",\"target\":{\"@type\":\"EntryPoint\",\"urlTemplate\":\"https:\\\/\\\/nbcs.mx\\\/?s={search_term_string}\"},\"query-input\":{\"@type\":\"PropertyValueSpecification\",\"valueRequired\":true,\"valueName\":\"search_term_string\"}}],\"inLanguage\":\"es\"},{\"@type\":\"Organization\",\"@id\":\"https:\\\/\\\/nbcs.mx\\\/#organization\",\"name\":\"NBCS Noticias\",\"url\":\"https:\\\/\\\/nbcs.mx\\\/\",\"logo\":{\"@type\":\"ImageObject\",\"inLanguage\":\"es\",\"@id\":\"https:\\\/\\\/nbcs.mx\\\/#\\\/schema\\\/logo\\\/image\\\/\",\"url\":\"https:\\\/\\\/nbcs.mx\\\/wp-content\\\/uploads\\\/2018\\\/09\\\/057b69485e93575a5c2b1c1dde2dd297.jpeg\",\"contentUrl\":\"https:\\\/\\\/nbcs.mx\\\/wp-content\\\/uploads\\\/2018\\\/09\\\/057b69485e93575a5c2b1c1dde2dd297.jpeg\",\"width\":64,\"height\":64,\"caption\":\"NBCS Noticias\"},\"image\":{\"@id\":\"https:\\\/\\\/nbcs.mx\\\/#\\\/schema\\\/logo\\\/image\\\/\"},\"sameAs\":[\"https:\\\/\\\/www.facebook.com\\\/NBCSnoticias\",\"https:\\\/\\\/x.com\\\/NBCSnoticias\"]},{\"@type\":\"Person\",\"@id\":\"https:\\\/\\\/nbcs.mx\\\/#\\\/schema\\\/person\\\/ece58bab9a7c1e87a4d28ec9ecd79ff4\",\"name\":\"NBCS Noticias\",\"image\":{\"@type\":\"ImageObject\",\"inLanguage\":\"es\",\"@id\":\"https:\\\/\\\/secure.gravatar.com\\\/avatar\\\/4e52110cad1c4054b43271a0d14bbe9e2ea76aecd0e1097edfc670798d9ca1d4?s=96&d=blank&r=g\",\"url\":\"https:\\\/\\\/secure.gravatar.com\\\/avatar\\\/4e52110cad1c4054b43271a0d14bbe9e2ea76aecd0e1097edfc670798d9ca1d4?s=96&d=blank&r=g\",\"contentUrl\":\"https:\\\/\\\/secure.gravatar.com\\\/avatar\\\/4e52110cad1c4054b43271a0d14bbe9e2ea76aecd0e1097edfc670798d9ca1d4?s=96&d=blank&r=g\",\"caption\":\"NBCS Noticias\"},\"description\":\"\u00bfTienes fotos o video de alg\u00fan acto de posible negligencia, corrupci\u00f3n y abuso de autoridad? M\u00e1ndalo al WhatsApp de NBCS Noticias: 612 141 98 08\",\"sameAs\":[\"https:\\\/\\\/www.nbcs.mx\",\"https:\\\/\\\/www.facebook.com\\\/NBCSnoticias\",\"https:\\\/\\\/www.instagram.com\\\/nbcsnoticias\\\/\",\"https:\\\/\\\/x.com\\\/https:\\\/\\\/twitter.com\\\/NBCSnoticias\"]}]}<\/script>\n<!-- \/ Yoast SEO plugin. -->","yoast_head_json":{"title":"MICR\u00d3POLIS \/ La terna y la encuesta, en La Paz - NBCS Noticias","robots":{"index":"index","follow":"follow","max-snippet":"max-snippet:-1","max-image-preview":"max-image-preview:large","max-video-preview":"max-video-preview:-1"},"canonical":"https:\/\/nbcs.mx\/?p=121325","og_locale":"es_ES","og_type":"article","og_title":"MICR\u00d3POLIS \/ La terna y la encuesta, en La Paz - NBCS Noticias","og_description":"Por Bertoldo Velasco Silva \u00a0 A los pol\u00edticos, les gusta jugar al misterio y a la espera de lo que","og_url":"https:\/\/nbcs.mx\/?p=121325","og_site_name":"NBCS Noticias","article_publisher":"https:\/\/www.facebook.com\/NBCSnoticias","article_author":"https:\/\/www.facebook.com\/NBCSnoticias","article_published_time":"2023-02-08T13:53:56+00:00","og_image":[{"width":1024,"height":640,"url":"https:\/\/nbcs.mx\/wp-content\/uploads\/2023\/02\/corcholatas.jpg","type":"image\/jpeg"}],"author":"NBCS Noticias","twitter_card":"summary_large_image","twitter_creator":"@https:\/\/twitter.com\/NBCSnoticias","twitter_site":"@NBCSnoticias","twitter_misc":{"Escrito por":"NBCS Noticias","Tiempo de lectura":"5 minutos"},"schema":{"@context":"https:\/\/schema.org","@graph":[{"@type":"Article","@id":"https:\/\/nbcs.mx\/?p=121325#article","isPartOf":{"@id":"https:\/\/nbcs.mx\/?p=121325"},"author":{"name":"NBCS Noticias","@id":"https:\/\/nbcs.mx\/#\/schema\/person\/ece58bab9a7c1e87a4d28ec9ecd79ff4"},"headline":"MICR\u00d3POLIS \/ La terna y la encuesta, en La Paz","datePublished":"2023-02-08T13:53:56+00:00","mainEntityOfPage":{"@id":"https:\/\/nbcs.mx\/?p=121325"},"wordCount":928,"commentCount":0,"publisher":{"@id":"https:\/\/nbcs.mx\/#organization"},"image":{"@id":"https:\/\/nbcs.mx\/?p=121325#primaryimage"},"thumbnailUrl":"https:\/\/nbcs.mx\/wp-content\/uploads\/2023\/02\/corcholatas.jpg","articleSection":["Las Columnas"],"inLanguage":"es","potentialAction":[{"@type":"CommentAction","name":"Comment","target":["https:\/\/nbcs.mx\/?p=121325#respond"]}]},{"@type":"WebPage","@id":"https:\/\/nbcs.mx\/?p=121325","url":"https:\/\/nbcs.mx\/?p=121325","name":"MICR\u00d3POLIS \/ La terna y la encuesta, en La Paz - NBCS Noticias","isPartOf":{"@id":"https:\/\/nbcs.mx\/#website"},"primaryImageOfPage":{"@id":"https:\/\/nbcs.mx\/?p=121325#primaryimage"},"image":{"@id":"https:\/\/nbcs.mx\/?p=121325#primaryimage"},"thumbnailUrl":"https:\/\/nbcs.mx\/wp-content\/uploads\/2023\/02\/corcholatas.jpg","datePublished":"2023-02-08T13:53:56+00:00","breadcrumb":{"@id":"https:\/\/nbcs.mx\/?p=121325#breadcrumb"},"inLanguage":"es","potentialAction":[{"@type":"ReadAction","target":["https:\/\/nbcs.mx\/?p=121325"]}]},{"@type":"ImageObject","inLanguage":"es","@id":"https:\/\/nbcs.mx\/?p=121325#primaryimage","url":"https:\/\/nbcs.mx\/wp-content\/uploads\/2023\/02\/corcholatas.jpg","contentUrl":"https:\/\/nbcs.mx\/wp-content\/uploads\/2023\/02\/corcholatas.jpg","width":1024,"height":640},{"@type":"BreadcrumbList","@id":"https:\/\/nbcs.mx\/?p=121325#breadcrumb","itemListElement":[{"@type":"ListItem","position":1,"name":"Portada","item":"https:\/\/nbcs.mx\/"},{"@type":"ListItem","position":2,"name":"MICR\u00d3POLIS \/ La terna y la encuesta, en La Paz"}]},{"@type":"WebSite","@id":"https:\/\/nbcs.mx\/#website","url":"https:\/\/nbcs.mx\/","name":"NBCS Noticias","description":"Sitio web de noticias en Baja California Sur","publisher":{"@id":"https:\/\/nbcs.mx\/#organization"},"potentialAction":[{"@type":"SearchAction","target":{"@type":"EntryPoint","urlTemplate":"https:\/\/nbcs.mx\/?s={search_term_string}"},"query-input":{"@type":"PropertyValueSpecification","valueRequired":true,"valueName":"search_term_string"}}],"inLanguage":"es"},{"@type":"Organization","@id":"https:\/\/nbcs.mx\/#organization","name":"NBCS Noticias","url":"https:\/\/nbcs.mx\/","logo":{"@type":"ImageObject","inLanguage":"es","@id":"https:\/\/nbcs.mx\/#\/schema\/logo\/image\/","url":"https:\/\/nbcs.mx\/wp-content\/uploads\/2018\/09\/057b69485e93575a5c2b1c1dde2dd297.jpeg","contentUrl":"https:\/\/nbcs.mx\/wp-content\/uploads\/2018\/09\/057b69485e93575a5c2b1c1dde2dd297.jpeg","width":64,"height":64,"caption":"NBCS Noticias"},"image":{"@id":"https:\/\/nbcs.mx\/#\/schema\/logo\/image\/"},"sameAs":["https:\/\/www.facebook.com\/NBCSnoticias","https:\/\/x.com\/NBCSnoticias"]},{"@type":"Person","@id":"https:\/\/nbcs.mx\/#\/schema\/person\/ece58bab9a7c1e87a4d28ec9ecd79ff4","name":"NBCS Noticias","image":{"@type":"ImageObject","inLanguage":"es","@id":"https:\/\/secure.gravatar.com\/avatar\/4e52110cad1c4054b43271a0d14bbe9e2ea76aecd0e1097edfc670798d9ca1d4?s=96&d=blank&r=g","url":"https:\/\/secure.gravatar.com\/avatar\/4e52110cad1c4054b43271a0d14bbe9e2ea76aecd0e1097edfc670798d9ca1d4?s=96&d=blank&r=g","contentUrl":"https:\/\/secure.gravatar.com\/avatar\/4e52110cad1c4054b43271a0d14bbe9e2ea76aecd0e1097edfc670798d9ca1d4?s=96&d=blank&r=g","caption":"NBCS Noticias"},"description":"\u00bfTienes fotos o video de alg\u00fan acto de posible negligencia, corrupci\u00f3n y abuso de autoridad? M\u00e1ndalo al WhatsApp de NBCS Noticias: 612 141 98 08","sameAs":["https:\/\/www.nbcs.mx","https:\/\/www.facebook.com\/NBCSnoticias","https:\/\/www.instagram.com\/nbcsnoticias\/","https:\/\/x.com\/https:\/\/twitter.com\/NBCSnoticias"]}]}},"jetpack_publicize_connections":[],"jetpack_featured_media_url":"https:\/\/nbcs.mx\/wp-content\/uploads\/2023\/02\/corcholatas.jpg","jetpack_sharing_enabled":true,"_links":{"self":[{"href":"https:\/\/nbcs.mx\/index.php?rest_route=\/wp\/v2\/posts\/121325","targetHints":{"allow":["GET"]}}],"collection":[{"href":"https:\/\/nbcs.mx\/index.php?rest_route=\/wp\/v2\/posts"}],"about":[{"href":"https:\/\/nbcs.mx\/index.php?rest_route=\/wp\/v2\/types\/post"}],"author":[{"embeddable":true,"href":"https:\/\/nbcs.mx\/index.php?rest_route=\/wp\/v2\/users\/1"}],"replies":[{"embeddable":true,"href":"https:\/\/nbcs.mx\/index.php?rest_route=%2Fwp%2Fv2%2Fcomments&post=121325"}],"version-history":[{"count":1,"href":"https:\/\/nbcs.mx\/index.php?rest_route=\/wp\/v2\/posts\/121325\/revisions"}],"predecessor-version":[{"id":121328,"href":"https:\/\/nbcs.mx\/index.php?rest_route=\/wp\/v2\/posts\/121325\/revisions\/121328"}],"wp:featuredmedia":[{"embeddable":true,"href":"https:\/\/nbcs.mx\/index.php?rest_route=\/wp\/v2\/media\/121327"}],"wp:attachment":[{"href":"https:\/\/nbcs.mx\/index.php?rest_route=%2Fwp%2Fv2%2Fmedia&parent=121325"}],"wp:term":[{"taxonomy":"category","embeddable":true,"href":"https:\/\/nbcs.mx\/index.php?rest_route=%2Fwp%2Fv2%2Fcategories&post=121325"},{"taxonomy":"post_tag","embeddable":true,"href":"https:\/\/nbcs.mx\/index.php?rest_route=%2Fwp%2Fv2%2Ftags&post=121325"}],"curies":[{"name":"wp","href":"https:\/\/api.w.org\/{rel}","templated":true}]}}