{"id":121477,"date":"2023-02-12T13:16:16","date_gmt":"2023-02-12T20:16:16","guid":{"rendered":"https:\/\/nbcs.mx\/?p=121477"},"modified":"2023-02-12T13:16:16","modified_gmt":"2023-02-12T20:16:16","slug":"este-mes-de-febrero-uabcs-celebrara-su-primera-graduacion-del-ano","status":"publish","type":"post","link":"https:\/\/nbcs.mx\/?p=121477","title":{"rendered":"Este mes de febrero, UABCS celebrar\u00e1 su primera graduaci\u00f3n del a\u00f1o"},"content":{"rendered":"<p style=\"font-weight: 400; text-align: justify;\"><img loading=\"lazy\" decoding=\"async\" class=\" wp-image-121478 alignleft\" src=\"https:\/\/nbcs.mx\/wp-content\/uploads\/2023\/02\/graduacion-uabcs-2023-2-739x492.jpg\" alt=\"\" width=\"342\" height=\"228\" srcset=\"https:\/\/nbcs.mx\/wp-content\/uploads\/2023\/02\/graduacion-uabcs-2023-2-739x492.jpg 739w, https:\/\/nbcs.mx\/wp-content\/uploads\/2023\/02\/graduacion-uabcs-2023-2-150x100.jpg 150w, https:\/\/nbcs.mx\/wp-content\/uploads\/2023\/02\/graduacion-uabcs-2023-2-768x512.jpg 768w, https:\/\/nbcs.mx\/wp-content\/uploads\/2023\/02\/graduacion-uabcs-2023-2.jpg 1024w\" sizes=\"auto, (max-width: 342px) 100vw, 342px\" \/>En este mes, la Universidad Aut\u00f3noma de Baja California Sur (UABCS) tendr\u00e1 su primera ceremonia de graduaci\u00f3n del a\u00f1o en curso, donde har\u00e1 entrega de documentos oficiales a alumnado de la generaci\u00f3n 2018-2022\u00a0que culmin\u00f3 de forma satisfactoria sus estudios y requisitos de egreso de licenciatura en el Campus La Paz.<\/p>\n<p style=\"font-weight: 400; text-align: justify;\">El acto protocolario tendr\u00e1 verificativo el pr\u00f3ximo viernes 24 de febrero en las instalaciones del Poliforo Cultural Universitario \u201cLic. \u00c1ngel C\u00e9sar Mendoza Ar\u00e1mburo\u201d, y estar\u00e1 dividido en tres bloques, siendo el primero a las 9:00 horas, el segundo a las 12:00 y el tercero a las 18:00.<\/p>\n<p style=\"font-weight: 400; text-align: justify;\">En total son 285 egresados y egresadas quienes se grad\u00faan en esta ceremonia 2023, de los programas educativos de Agronom\u00eda, Administraci\u00f3n de Agronegocios, Acuacultura, Biolog\u00eda Marina, Fuentes de Energ\u00eda Renovable, Pesquer\u00edas, Prevenci\u00f3n de Desastres\u00a0 Protecci\u00f3n Civil, Desarrollo de Software, Tecnolog\u00eda Computacional, Administraci\u00f3n de Tecnolog\u00edas de la Informaci\u00f3n y Derecho.<\/p>\n<p style=\"font-weight: 400; text-align: justify;\">Al ser de manera presencial, el aforo para cada bloque ser\u00e1 limitado, y quienes asistan, deber\u00e1n cumplir con las medidas sanitarias que a\u00fan se mantienen al interior de la instituci\u00f3n para evitar riesgos de contagio por el Covid-19, entre ellas, el uso de cubrebocas.<\/p>\n<p style=\"font-weight: 400; text-align: justify;\">As\u00ed lo indic\u00f3 el Lic. Emanuel Loria Ojeda, jefe del Departamento de Difusi\u00f3n Cultural e integrante del Comit\u00e9 Organizador, detallando que la universidad ya ha hecho llegar todo lo referente a la ceremonia a quienes estar\u00e1n recibiendo su documentaci\u00f3n, as\u00ed como del ensayo general que habr\u00e1 en los d\u00edas previos.<\/p>\n<p style=\"font-weight: 400; text-align: justify;\">Aun as\u00ed, aprovech\u00f3 la ocasi\u00f3n para recordar a los pr\u00f3ximos egresados y egresadas que antes de iniciado el acto protocolario es necesario que hagan un registro, el cual, para fines pr\u00e1cticos, se abrir\u00e1 con una hora de antelaci\u00f3n con miras a que tengan tiempo suficiente de hacerlo.<\/p>\n<p style=\"font-weight: 400; text-align: justify;\">A nombre del Comit\u00e9 Organizador felicit\u00f3 a esta nueva generaci\u00f3n de \u201cGatos Salvajes\u201d, a quienes tambi\u00e9n conmin\u00f3 a continuar con la siguiente etapa, que es la obtenci\u00f3n del t\u00edtulo profesional.<\/p>\n<p style=\"font-weight: 400; text-align: justify;\">Igualmente, les exhort\u00f3 a que se sigan preparando acad\u00e9micamente y a que sean grandes embajadores de la UABCS, poniendo siempre en alto su nombre y reflejando en todo momento los valores que le caracterizan como m\u00e1xima casa de estudios en el estado.<\/p>\n<p style=\"font-weight: 400; text-align: justify;\">De acuerdo con datos oficiales de la Direcci\u00f3n de Servicios Escolares, el egreso hist\u00f3rico de la universidad en sus casi 47 a\u00f1os de vida acad\u00e9mica es de 18,791 estudiantes. En el caso del rectorado del Dr. Dante Salgado Gonz\u00e1lez, la cifra es 3,822.<\/p>\n","protected":false},"excerpt":{"rendered":"<p>En este mes, la Universidad Aut\u00f3noma de Baja California Sur (UABCS) tendr\u00e1 su primera ceremonia de graduaci\u00f3n del a\u00f1o en<\/p>\n","protected":false},"author":1,"featured_media":121478,"comment_status":"open","ping_status":"closed","sticky":false,"template":"","format":"standard","meta":{"colormag_page_container_layout":"default_layout","colormag_page_sidebar_layout":"default_layout","_jetpack_memberships_contains_paid_content":false,"footnotes":"","jetpack_publicize_message":"","jetpack_publicize_feature_enabled":true,"jetpack_social_post_already_shared":true,"jetpack_social_options":{"image_generator_settings":{"template":"highway","default_image_id":0,"font":"","enabled":false},"version":2}},"categories":[1],"tags":[],"class_list":["post-121477","post","type-post","status-publish","format-standard","has-post-thumbnail","hentry","category-noticias"],"yoast_head":"<!-- This site is optimized with the Yoast SEO plugin v27.5 - https:\/\/yoast.com\/product\/yoast-seo-wordpress\/ -->\n<title>Este mes de febrero, UABCS celebrar\u00e1 su primera graduaci\u00f3n del a\u00f1o - NBCS Noticias<\/title>\n<meta name=\"robots\" content=\"index, follow, max-snippet:-1, max-image-preview:large, max-video-preview:-1\" \/>\n<link rel=\"canonical\" href=\"https:\/\/nbcs.mx\/?p=121477\" \/>\n<meta property=\"og:locale\" content=\"es_ES\" \/>\n<meta property=\"og:type\" content=\"article\" \/>\n<meta property=\"og:title\" content=\"Este mes de febrero, UABCS celebrar\u00e1 su primera graduaci\u00f3n del a\u00f1o - NBCS Noticias\" \/>\n<meta property=\"og:description\" content=\"En este mes, la Universidad Aut\u00f3noma de Baja California Sur (UABCS) tendr\u00e1 su primera ceremonia de graduaci\u00f3n del a\u00f1o en\" \/>\n<meta property=\"og:url\" content=\"https:\/\/nbcs.mx\/?p=121477\" \/>\n<meta property=\"og:site_name\" content=\"NBCS Noticias\" \/>\n<meta property=\"article:publisher\" content=\"https:\/\/www.facebook.com\/NBCSnoticias\" \/>\n<meta property=\"article:author\" content=\"https:\/\/www.facebook.com\/NBCSnoticias\" \/>\n<meta property=\"article:published_time\" content=\"2023-02-12T20:16:16+00:00\" \/>\n<meta property=\"og:image\" content=\"https:\/\/nbcs.mx\/wp-content\/uploads\/2023\/02\/graduacion-uabcs-2023-2.jpg\" \/>\n\t<meta property=\"og:image:width\" content=\"1024\" \/>\n\t<meta property=\"og:image:height\" content=\"682\" \/>\n\t<meta property=\"og:image:type\" content=\"image\/jpeg\" \/>\n<meta name=\"author\" content=\"NBCS Noticias\" \/>\n<meta name=\"twitter:card\" content=\"summary_large_image\" \/>\n<meta name=\"twitter:creator\" content=\"@https:\/\/twitter.com\/NBCSnoticias\" \/>\n<meta name=\"twitter:site\" content=\"@NBCSnoticias\" \/>\n<meta name=\"twitter:label1\" content=\"Escrito por\" \/>\n\t<meta name=\"twitter:data1\" content=\"NBCS Noticias\" \/>\n\t<meta name=\"twitter:label2\" content=\"Tiempo de lectura\" \/>\n\t<meta name=\"twitter:data2\" content=\"2 minutos\" \/>\n<script type=\"application\/ld+json\" class=\"yoast-schema-graph\">{\"@context\":\"https:\\\/\\\/schema.org\",\"@graph\":[{\"@type\":\"Article\",\"@id\":\"https:\\\/\\\/nbcs.mx\\\/?p=121477#article\",\"isPartOf\":{\"@id\":\"https:\\\/\\\/nbcs.mx\\\/?p=121477\"},\"author\":{\"name\":\"NBCS Noticias\",\"@id\":\"https:\\\/\\\/nbcs.mx\\\/#\\\/schema\\\/person\\\/ece58bab9a7c1e87a4d28ec9ecd79ff4\"},\"headline\":\"Este mes de febrero, UABCS celebrar\u00e1 su primera graduaci\u00f3n del a\u00f1o\",\"datePublished\":\"2023-02-12T20:16:16+00:00\",\"mainEntityOfPage\":{\"@id\":\"https:\\\/\\\/nbcs.mx\\\/?p=121477\"},\"wordCount\":448,\"commentCount\":0,\"publisher\":{\"@id\":\"https:\\\/\\\/nbcs.mx\\\/#organization\"},\"image\":{\"@id\":\"https:\\\/\\\/nbcs.mx\\\/?p=121477#primaryimage\"},\"thumbnailUrl\":\"https:\\\/\\\/nbcs.mx\\\/wp-content\\\/uploads\\\/2023\\\/02\\\/graduacion-uabcs-2023-2.jpg\",\"articleSection\":[\"Noticias\"],\"inLanguage\":\"es\",\"potentialAction\":[{\"@type\":\"CommentAction\",\"name\":\"Comment\",\"target\":[\"https:\\\/\\\/nbcs.mx\\\/?p=121477#respond\"]}]},{\"@type\":\"WebPage\",\"@id\":\"https:\\\/\\\/nbcs.mx\\\/?p=121477\",\"url\":\"https:\\\/\\\/nbcs.mx\\\/?p=121477\",\"name\":\"Este mes de febrero, UABCS celebrar\u00e1 su primera graduaci\u00f3n del a\u00f1o - NBCS Noticias\",\"isPartOf\":{\"@id\":\"https:\\\/\\\/nbcs.mx\\\/#website\"},\"primaryImageOfPage\":{\"@id\":\"https:\\\/\\\/nbcs.mx\\\/?p=121477#primaryimage\"},\"image\":{\"@id\":\"https:\\\/\\\/nbcs.mx\\\/?p=121477#primaryimage\"},\"thumbnailUrl\":\"https:\\\/\\\/nbcs.mx\\\/wp-content\\\/uploads\\\/2023\\\/02\\\/graduacion-uabcs-2023-2.jpg\",\"datePublished\":\"2023-02-12T20:16:16+00:00\",\"breadcrumb\":{\"@id\":\"https:\\\/\\\/nbcs.mx\\\/?p=121477#breadcrumb\"},\"inLanguage\":\"es\",\"potentialAction\":[{\"@type\":\"ReadAction\",\"target\":[\"https:\\\/\\\/nbcs.mx\\\/?p=121477\"]}]},{\"@type\":\"ImageObject\",\"inLanguage\":\"es\",\"@id\":\"https:\\\/\\\/nbcs.mx\\\/?p=121477#primaryimage\",\"url\":\"https:\\\/\\\/nbcs.mx\\\/wp-content\\\/uploads\\\/2023\\\/02\\\/graduacion-uabcs-2023-2.jpg\",\"contentUrl\":\"https:\\\/\\\/nbcs.mx\\\/wp-content\\\/uploads\\\/2023\\\/02\\\/graduacion-uabcs-2023-2.jpg\",\"width\":1024,\"height\":682},{\"@type\":\"BreadcrumbList\",\"@id\":\"https:\\\/\\\/nbcs.mx\\\/?p=121477#breadcrumb\",\"itemListElement\":[{\"@type\":\"ListItem\",\"position\":1,\"name\":\"Portada\",\"item\":\"https:\\\/\\\/nbcs.mx\\\/\"},{\"@type\":\"ListItem\",\"position\":2,\"name\":\"Este mes de febrero, UABCS celebrar\u00e1 su primera graduaci\u00f3n del a\u00f1o\"}]},{\"@type\":\"WebSite\",\"@id\":\"https:\\\/\\\/nbcs.mx\\\/#website\",\"url\":\"https:\\\/\\\/nbcs.mx\\\/\",\"name\":\"NBCS Noticias\",\"description\":\"Sitio web de noticias en Baja California Sur\",\"publisher\":{\"@id\":\"https:\\\/\\\/nbcs.mx\\\/#organization\"},\"potentialAction\":[{\"@type\":\"SearchAction\",\"target\":{\"@type\":\"EntryPoint\",\"urlTemplate\":\"https:\\\/\\\/nbcs.mx\\\/?s={search_term_string}\"},\"query-input\":{\"@type\":\"PropertyValueSpecification\",\"valueRequired\":true,\"valueName\":\"search_term_string\"}}],\"inLanguage\":\"es\"},{\"@type\":\"Organization\",\"@id\":\"https:\\\/\\\/nbcs.mx\\\/#organization\",\"name\":\"NBCS Noticias\",\"url\":\"https:\\\/\\\/nbcs.mx\\\/\",\"logo\":{\"@type\":\"ImageObject\",\"inLanguage\":\"es\",\"@id\":\"https:\\\/\\\/nbcs.mx\\\/#\\\/schema\\\/logo\\\/image\\\/\",\"url\":\"https:\\\/\\\/nbcs.mx\\\/wp-content\\\/uploads\\\/2018\\\/09\\\/057b69485e93575a5c2b1c1dde2dd297.jpeg\",\"contentUrl\":\"https:\\\/\\\/nbcs.mx\\\/wp-content\\\/uploads\\\/2018\\\/09\\\/057b69485e93575a5c2b1c1dde2dd297.jpeg\",\"width\":64,\"height\":64,\"caption\":\"NBCS Noticias\"},\"image\":{\"@id\":\"https:\\\/\\\/nbcs.mx\\\/#\\\/schema\\\/logo\\\/image\\\/\"},\"sameAs\":[\"https:\\\/\\\/www.facebook.com\\\/NBCSnoticias\",\"https:\\\/\\\/x.com\\\/NBCSnoticias\"]},{\"@type\":\"Person\",\"@id\":\"https:\\\/\\\/nbcs.mx\\\/#\\\/schema\\\/person\\\/ece58bab9a7c1e87a4d28ec9ecd79ff4\",\"name\":\"NBCS Noticias\",\"image\":{\"@type\":\"ImageObject\",\"inLanguage\":\"es\",\"@id\":\"https:\\\/\\\/secure.gravatar.com\\\/avatar\\\/4e52110cad1c4054b43271a0d14bbe9e2ea76aecd0e1097edfc670798d9ca1d4?s=96&d=blank&r=g\",\"url\":\"https:\\\/\\\/secure.gravatar.com\\\/avatar\\\/4e52110cad1c4054b43271a0d14bbe9e2ea76aecd0e1097edfc670798d9ca1d4?s=96&d=blank&r=g\",\"contentUrl\":\"https:\\\/\\\/secure.gravatar.com\\\/avatar\\\/4e52110cad1c4054b43271a0d14bbe9e2ea76aecd0e1097edfc670798d9ca1d4?s=96&d=blank&r=g\",\"caption\":\"NBCS Noticias\"},\"description\":\"\u00bfTienes fotos o video de alg\u00fan acto de posible negligencia, corrupci\u00f3n y abuso de autoridad? M\u00e1ndalo al WhatsApp de NBCS Noticias: 612 141 98 08\",\"sameAs\":[\"https:\\\/\\\/www.nbcs.mx\",\"https:\\\/\\\/www.facebook.com\\\/NBCSnoticias\",\"https:\\\/\\\/www.instagram.com\\\/nbcsnoticias\\\/\",\"https:\\\/\\\/x.com\\\/https:\\\/\\\/twitter.com\\\/NBCSnoticias\"]}]}<\/script>\n<!-- \/ Yoast SEO plugin. -->","yoast_head_json":{"title":"Este mes de febrero, UABCS celebrar\u00e1 su primera graduaci\u00f3n del a\u00f1o - NBCS Noticias","robots":{"index":"index","follow":"follow","max-snippet":"max-snippet:-1","max-image-preview":"max-image-preview:large","max-video-preview":"max-video-preview:-1"},"canonical":"https:\/\/nbcs.mx\/?p=121477","og_locale":"es_ES","og_type":"article","og_title":"Este mes de febrero, UABCS celebrar\u00e1 su primera graduaci\u00f3n del a\u00f1o - NBCS Noticias","og_description":"En este mes, la Universidad Aut\u00f3noma de Baja California Sur (UABCS) tendr\u00e1 su primera ceremonia de graduaci\u00f3n del a\u00f1o en","og_url":"https:\/\/nbcs.mx\/?p=121477","og_site_name":"NBCS Noticias","article_publisher":"https:\/\/www.facebook.com\/NBCSnoticias","article_author":"https:\/\/www.facebook.com\/NBCSnoticias","article_published_time":"2023-02-12T20:16:16+00:00","og_image":[{"width":1024,"height":682,"url":"https:\/\/nbcs.mx\/wp-content\/uploads\/2023\/02\/graduacion-uabcs-2023-2.jpg","type":"image\/jpeg"}],"author":"NBCS Noticias","twitter_card":"summary_large_image","twitter_creator":"@https:\/\/twitter.com\/NBCSnoticias","twitter_site":"@NBCSnoticias","twitter_misc":{"Escrito por":"NBCS Noticias","Tiempo de lectura":"2 minutos"},"schema":{"@context":"https:\/\/schema.org","@graph":[{"@type":"Article","@id":"https:\/\/nbcs.mx\/?p=121477#article","isPartOf":{"@id":"https:\/\/nbcs.mx\/?p=121477"},"author":{"name":"NBCS Noticias","@id":"https:\/\/nbcs.mx\/#\/schema\/person\/ece58bab9a7c1e87a4d28ec9ecd79ff4"},"headline":"Este mes de febrero, UABCS celebrar\u00e1 su primera graduaci\u00f3n del a\u00f1o","datePublished":"2023-02-12T20:16:16+00:00","mainEntityOfPage":{"@id":"https:\/\/nbcs.mx\/?p=121477"},"wordCount":448,"commentCount":0,"publisher":{"@id":"https:\/\/nbcs.mx\/#organization"},"image":{"@id":"https:\/\/nbcs.mx\/?p=121477#primaryimage"},"thumbnailUrl":"https:\/\/nbcs.mx\/wp-content\/uploads\/2023\/02\/graduacion-uabcs-2023-2.jpg","articleSection":["Noticias"],"inLanguage":"es","potentialAction":[{"@type":"CommentAction","name":"Comment","target":["https:\/\/nbcs.mx\/?p=121477#respond"]}]},{"@type":"WebPage","@id":"https:\/\/nbcs.mx\/?p=121477","url":"https:\/\/nbcs.mx\/?p=121477","name":"Este mes de febrero, UABCS celebrar\u00e1 su primera graduaci\u00f3n del a\u00f1o - NBCS Noticias","isPartOf":{"@id":"https:\/\/nbcs.mx\/#website"},"primaryImageOfPage":{"@id":"https:\/\/nbcs.mx\/?p=121477#primaryimage"},"image":{"@id":"https:\/\/nbcs.mx\/?p=121477#primaryimage"},"thumbnailUrl":"https:\/\/nbcs.mx\/wp-content\/uploads\/2023\/02\/graduacion-uabcs-2023-2.jpg","datePublished":"2023-02-12T20:16:16+00:00","breadcrumb":{"@id":"https:\/\/nbcs.mx\/?p=121477#breadcrumb"},"inLanguage":"es","potentialAction":[{"@type":"ReadAction","target":["https:\/\/nbcs.mx\/?p=121477"]}]},{"@type":"ImageObject","inLanguage":"es","@id":"https:\/\/nbcs.mx\/?p=121477#primaryimage","url":"https:\/\/nbcs.mx\/wp-content\/uploads\/2023\/02\/graduacion-uabcs-2023-2.jpg","contentUrl":"https:\/\/nbcs.mx\/wp-content\/uploads\/2023\/02\/graduacion-uabcs-2023-2.jpg","width":1024,"height":682},{"@type":"BreadcrumbList","@id":"https:\/\/nbcs.mx\/?p=121477#breadcrumb","itemListElement":[{"@type":"ListItem","position":1,"name":"Portada","item":"https:\/\/nbcs.mx\/"},{"@type":"ListItem","position":2,"name":"Este mes de febrero, UABCS celebrar\u00e1 su primera graduaci\u00f3n del a\u00f1o"}]},{"@type":"WebSite","@id":"https:\/\/nbcs.mx\/#website","url":"https:\/\/nbcs.mx\/","name":"NBCS Noticias","description":"Sitio web de noticias en Baja California Sur","publisher":{"@id":"https:\/\/nbcs.mx\/#organization"},"potentialAction":[{"@type":"SearchAction","target":{"@type":"EntryPoint","urlTemplate":"https:\/\/nbcs.mx\/?s={search_term_string}"},"query-input":{"@type":"PropertyValueSpecification","valueRequired":true,"valueName":"search_term_string"}}],"inLanguage":"es"},{"@type":"Organization","@id":"https:\/\/nbcs.mx\/#organization","name":"NBCS Noticias","url":"https:\/\/nbcs.mx\/","logo":{"@type":"ImageObject","inLanguage":"es","@id":"https:\/\/nbcs.mx\/#\/schema\/logo\/image\/","url":"https:\/\/nbcs.mx\/wp-content\/uploads\/2018\/09\/057b69485e93575a5c2b1c1dde2dd297.jpeg","contentUrl":"https:\/\/nbcs.mx\/wp-content\/uploads\/2018\/09\/057b69485e93575a5c2b1c1dde2dd297.jpeg","width":64,"height":64,"caption":"NBCS Noticias"},"image":{"@id":"https:\/\/nbcs.mx\/#\/schema\/logo\/image\/"},"sameAs":["https:\/\/www.facebook.com\/NBCSnoticias","https:\/\/x.com\/NBCSnoticias"]},{"@type":"Person","@id":"https:\/\/nbcs.mx\/#\/schema\/person\/ece58bab9a7c1e87a4d28ec9ecd79ff4","name":"NBCS Noticias","image":{"@type":"ImageObject","inLanguage":"es","@id":"https:\/\/secure.gravatar.com\/avatar\/4e52110cad1c4054b43271a0d14bbe9e2ea76aecd0e1097edfc670798d9ca1d4?s=96&d=blank&r=g","url":"https:\/\/secure.gravatar.com\/avatar\/4e52110cad1c4054b43271a0d14bbe9e2ea76aecd0e1097edfc670798d9ca1d4?s=96&d=blank&r=g","contentUrl":"https:\/\/secure.gravatar.com\/avatar\/4e52110cad1c4054b43271a0d14bbe9e2ea76aecd0e1097edfc670798d9ca1d4?s=96&d=blank&r=g","caption":"NBCS Noticias"},"description":"\u00bfTienes fotos o video de alg\u00fan acto de posible negligencia, corrupci\u00f3n y abuso de autoridad? M\u00e1ndalo al WhatsApp de NBCS Noticias: 612 141 98 08","sameAs":["https:\/\/www.nbcs.mx","https:\/\/www.facebook.com\/NBCSnoticias","https:\/\/www.instagram.com\/nbcsnoticias\/","https:\/\/x.com\/https:\/\/twitter.com\/NBCSnoticias"]}]}},"jetpack_publicize_connections":[],"jetpack_featured_media_url":"https:\/\/nbcs.mx\/wp-content\/uploads\/2023\/02\/graduacion-uabcs-2023-2.jpg","jetpack_sharing_enabled":true,"_links":{"self":[{"href":"https:\/\/nbcs.mx\/index.php?rest_route=\/wp\/v2\/posts\/121477","targetHints":{"allow":["GET"]}}],"collection":[{"href":"https:\/\/nbcs.mx\/index.php?rest_route=\/wp\/v2\/posts"}],"about":[{"href":"https:\/\/nbcs.mx\/index.php?rest_route=\/wp\/v2\/types\/post"}],"author":[{"embeddable":true,"href":"https:\/\/nbcs.mx\/index.php?rest_route=\/wp\/v2\/users\/1"}],"replies":[{"embeddable":true,"href":"https:\/\/nbcs.mx\/index.php?rest_route=%2Fwp%2Fv2%2Fcomments&post=121477"}],"version-history":[{"count":1,"href":"https:\/\/nbcs.mx\/index.php?rest_route=\/wp\/v2\/posts\/121477\/revisions"}],"predecessor-version":[{"id":121479,"href":"https:\/\/nbcs.mx\/index.php?rest_route=\/wp\/v2\/posts\/121477\/revisions\/121479"}],"wp:featuredmedia":[{"embeddable":true,"href":"https:\/\/nbcs.mx\/index.php?rest_route=\/wp\/v2\/media\/121478"}],"wp:attachment":[{"href":"https:\/\/nbcs.mx\/index.php?rest_route=%2Fwp%2Fv2%2Fmedia&parent=121477"}],"wp:term":[{"taxonomy":"category","embeddable":true,"href":"https:\/\/nbcs.mx\/index.php?rest_route=%2Fwp%2Fv2%2Fcategories&post=121477"},{"taxonomy":"post_tag","embeddable":true,"href":"https:\/\/nbcs.mx\/index.php?rest_route=%2Fwp%2Fv2%2Ftags&post=121477"}],"curies":[{"name":"wp","href":"https:\/\/api.w.org\/{rel}","templated":true}]}}