{"id":122004,"date":"2023-02-28T21:34:52","date_gmt":"2023-03-01T04:34:52","guid":{"rendered":"https:\/\/nbcs.mx\/?p=122004"},"modified":"2023-02-28T21:34:52","modified_gmt":"2023-03-01T04:34:52","slug":"participaran-en-campana-parale-a-la-violencia-150-mil-alumnos-de-educacion-basica","status":"publish","type":"post","link":"https:\/\/nbcs.mx\/?p=122004","title":{"rendered":"Participar\u00e1n en Campa\u00f1a \u201cP\u00e1rale a la Violencia\u201d 150 mil alumnos de Educaci\u00f3n B\u00e1sica"},"content":{"rendered":"<p style=\"font-weight: 400; text-align: justify;\"><img loading=\"lazy\" decoding=\"async\" class=\" wp-image-122005 alignleft\" src=\"https:\/\/nbcs.mx\/wp-content\/uploads\/2023\/02\/FOTO-BOLETIN-SEP-PARALE-VIOLENCIA-738x492.jpg\" alt=\"\" width=\"338\" height=\"225\" \/>La secretaria de Educaci\u00f3n P\u00fablica, Alicia Meza Osuna, al presentar ante supervisores y directores de escuelas de la ciudad de La Paz el programa did\u00e1ctico en apoyo a la campa\u00f1a \u201cP\u00e1rale a la Violencia\u201d, anunci\u00f3 que m\u00e1s de 150 mil estudiantes y 9 mil maestras y maestros llevar\u00e1n a cabo de manera simult\u00e1nea una marcha y realizar\u00e1n actividades acad\u00e9micas, deportivas y art\u00edsticas.<\/p>\n<p style=\"font-weight: 400; text-align: justify;\">Ante m\u00e1s de 220 figuras educativas, incluidos asesores t\u00e9cnico pedag\u00f3gicos, la servidora p\u00fablica destac\u00f3 en el encuentro de este lunes que el prop\u00f3sito de la cruzada en el sector educativo es promover escuelas, familias y comunidades pac\u00edficas.<\/p>\n<p style=\"font-weight: 400; text-align: justify;\">Expres\u00f3 que las actividades del proyecto, programadas del 6 al 10 de marzo, incluir\u00e1n conferencias, talleres, cert\u00e1menes art\u00edsticos y, en el marco del D\u00eda Internacional de la Mujer, marchas en todas las regiones sudcalifornianas a las que se sumar\u00e1n mil centros escolares incluyendo a los media superior y superior.<\/p>\n<p style=\"font-weight: 400; text-align: justify;\">La maestra Meza Osuna destac\u00f3 que la iniciativa del gobernador V\u00edctor Manuel Castro Cos\u00edo es una respuesta a los altos \u00edndices de violencia registrados en a\u00f1os recientes, tanto en el pa\u00eds como en nuestro estado, lo cual requiere la suma de todos los sectores, principalmente del educativo, para disminuir los casos en que las ni\u00f1as y mujeres son v\u00edctimas de este tipo de delitos.<\/p>\n<p style=\"font-weight: 400; text-align: justify;\">\n","protected":false},"excerpt":{"rendered":"<p>La secretaria de Educaci\u00f3n P\u00fablica, Alicia Meza Osuna, al presentar ante supervisores y directores de escuelas de la ciudad de<\/p>\n","protected":false},"author":1,"featured_media":0,"comment_status":"open","ping_status":"closed","sticky":false,"template":"","format":"standard","meta":{"colormag_page_container_layout":"default_layout","colormag_page_sidebar_layout":"default_layout","_jetpack_newsletter_access":"","_jetpack_dont_email_post_to_subs":false,"_jetpack_newsletter_tier_id":0,"_jetpack_memberships_contains_paywalled_content":false,"_jetpack_feature_clip_id":0,"_jetpack_memberships_contains_paid_content":false,"footnotes":"","jetpack_publicize_message":"","jetpack_publicize_feature_enabled":true,"jetpack_social_post_already_shared":true,"jetpack_social_options":{"image_generator_settings":{"template":"highway","default_image_id":0,"font":"","enabled":false},"version":2},"jetpack_post_was_ever_published":false},"categories":[1],"tags":[],"class_list":["post-122004","post","type-post","status-publish","format-standard","hentry","category-noticias"],"yoast_head":"<!-- This site is optimized with the Yoast SEO plugin v28.4 - https:\/\/yoast.com\/product\/yoast-seo-wordpress\/ -->\n<title>Participar\u00e1n en Campa\u00f1a \u201cP\u00e1rale a la Violencia\u201d 150 mil alumnos de Educaci\u00f3n B\u00e1sica - NBCS Noticias<\/title>\n<meta name=\"robots\" content=\"index, follow, max-snippet:-1, max-image-preview:large, max-video-preview:-1\" \/>\n<link rel=\"canonical\" href=\"https:\/\/nbcs.mx\/?p=122004\" \/>\n<meta property=\"og:locale\" content=\"es_ES\" \/>\n<meta property=\"og:type\" content=\"article\" \/>\n<meta property=\"og:title\" content=\"Participar\u00e1n en Campa\u00f1a \u201cP\u00e1rale a la Violencia\u201d 150 mil alumnos de Educaci\u00f3n B\u00e1sica - NBCS Noticias\" \/>\n<meta property=\"og:description\" content=\"La secretaria de Educaci\u00f3n P\u00fablica, Alicia Meza Osuna, al presentar ante supervisores y directores de escuelas de la ciudad de\" \/>\n<meta property=\"og:url\" content=\"https:\/\/nbcs.mx\/?p=122004\" \/>\n<meta property=\"og:site_name\" content=\"NBCS Noticias\" \/>\n<meta property=\"article:publisher\" content=\"https:\/\/www.facebook.com\/NBCSnoticias\" \/>\n<meta property=\"article:author\" content=\"https:\/\/www.facebook.com\/NBCSnoticias\" \/>\n<meta property=\"article:published_time\" content=\"2023-03-01T04:34:52+00:00\" \/>\n<meta property=\"og:image\" content=\"https:\/\/nbcs.mx\/wp-content\/uploads\/2023\/02\/FOTO-BOLETIN-SEP-PARALE-VIOLENCIA-738x492.jpg\" \/>\n<meta name=\"author\" content=\"NBCS Noticias\" \/>\n<meta name=\"twitter:card\" content=\"summary_large_image\" \/>\n<meta name=\"twitter:creator\" content=\"@https:\/\/twitter.com\/NBCSnoticias\" \/>\n<meta name=\"twitter:site\" content=\"@NBCSnoticias\" \/>\n<meta name=\"twitter:label1\" content=\"Escrito por\" \/>\n\t<meta name=\"twitter:data1\" content=\"NBCS Noticias\" \/>\n\t<meta name=\"twitter:label2\" content=\"Tiempo de lectura\" \/>\n\t<meta name=\"twitter:data2\" content=\"1 minuto\" \/>\n<script type=\"application\/ld+json\" class=\"yoast-schema-graph\">{\"@context\":\"https:\\\/\\\/schema.org\",\"@graph\":[{\"@type\":\"Article\",\"@id\":\"https:\\\/\\\/nbcs.mx\\\/?p=122004#article\",\"isPartOf\":{\"@id\":\"https:\\\/\\\/nbcs.mx\\\/?p=122004\"},\"author\":{\"name\":\"NBCS Noticias\",\"@id\":\"https:\\\/\\\/nbcs.mx\\\/#\\\/schema\\\/person\\\/ece58bab9a7c1e87a4d28ec9ecd79ff4\"},\"headline\":\"Participar\u00e1n en Campa\u00f1a \u201cP\u00e1rale a la Violencia\u201d 150 mil alumnos de Educaci\u00f3n B\u00e1sica\",\"datePublished\":\"2023-03-01T04:34:52+00:00\",\"mainEntityOfPage\":{\"@id\":\"https:\\\/\\\/nbcs.mx\\\/?p=122004\"},\"wordCount\":252,\"commentCount\":0,\"publisher\":{\"@id\":\"https:\\\/\\\/nbcs.mx\\\/#organization\"},\"image\":{\"@id\":\"https:\\\/\\\/nbcs.mx\\\/?p=122004#primaryimage\"},\"thumbnailUrl\":\"https:\\\/\\\/nbcs.mx\\\/wp-content\\\/uploads\\\/2023\\\/02\\\/FOTO-BOLETIN-SEP-PARALE-VIOLENCIA-738x492.jpg\",\"articleSection\":[\"Noticias\"],\"inLanguage\":\"es\",\"potentialAction\":[{\"@type\":\"CommentAction\",\"name\":\"Comment\",\"target\":[\"https:\\\/\\\/nbcs.mx\\\/?p=122004#respond\"]}]},{\"@type\":\"WebPage\",\"@id\":\"https:\\\/\\\/nbcs.mx\\\/?p=122004\",\"url\":\"https:\\\/\\\/nbcs.mx\\\/?p=122004\",\"name\":\"Participar\u00e1n en Campa\u00f1a \u201cP\u00e1rale a la Violencia\u201d 150 mil alumnos de Educaci\u00f3n B\u00e1sica - NBCS Noticias\",\"isPartOf\":{\"@id\":\"https:\\\/\\\/nbcs.mx\\\/#website\"},\"primaryImageOfPage\":{\"@id\":\"https:\\\/\\\/nbcs.mx\\\/?p=122004#primaryimage\"},\"image\":{\"@id\":\"https:\\\/\\\/nbcs.mx\\\/?p=122004#primaryimage\"},\"thumbnailUrl\":\"https:\\\/\\\/nbcs.mx\\\/wp-content\\\/uploads\\\/2023\\\/02\\\/FOTO-BOLETIN-SEP-PARALE-VIOLENCIA-738x492.jpg\",\"datePublished\":\"2023-03-01T04:34:52+00:00\",\"breadcrumb\":{\"@id\":\"https:\\\/\\\/nbcs.mx\\\/?p=122004#breadcrumb\"},\"inLanguage\":\"es\",\"potentialAction\":[{\"@type\":\"ReadAction\",\"target\":[\"https:\\\/\\\/nbcs.mx\\\/?p=122004\"]}]},{\"@type\":\"ImageObject\",\"inLanguage\":\"es\",\"@id\":\"https:\\\/\\\/nbcs.mx\\\/?p=122004#primaryimage\",\"url\":\"https:\\\/\\\/nbcs.mx\\\/wp-content\\\/uploads\\\/2023\\\/02\\\/FOTO-BOLETIN-SEP-PARALE-VIOLENCIA-738x492.jpg\",\"contentUrl\":\"https:\\\/\\\/nbcs.mx\\\/wp-content\\\/uploads\\\/2023\\\/02\\\/FOTO-BOLETIN-SEP-PARALE-VIOLENCIA-738x492.jpg\"},{\"@type\":\"BreadcrumbList\",\"@id\":\"https:\\\/\\\/nbcs.mx\\\/?p=122004#breadcrumb\",\"itemListElement\":[{\"@type\":\"ListItem\",\"position\":1,\"name\":\"Portada\",\"item\":\"https:\\\/\\\/nbcs.mx\\\/\"},{\"@type\":\"ListItem\",\"position\":2,\"name\":\"Participar\u00e1n en Campa\u00f1a \u201cP\u00e1rale a la Violencia\u201d 150 mil alumnos de Educaci\u00f3n B\u00e1sica\"}]},{\"@type\":\"WebSite\",\"@id\":\"https:\\\/\\\/nbcs.mx\\\/#website\",\"url\":\"https:\\\/\\\/nbcs.mx\\\/\",\"name\":\"NBCS Noticias\",\"description\":\"Sitio web de noticias en Baja California Sur\",\"publisher\":{\"@id\":\"https:\\\/\\\/nbcs.mx\\\/#organization\"},\"potentialAction\":[{\"@type\":\"SearchAction\",\"target\":{\"@type\":\"EntryPoint\",\"urlTemplate\":\"https:\\\/\\\/nbcs.mx\\\/?s={search_term_string}\"},\"query-input\":{\"@type\":\"PropertyValueSpecification\",\"valueRequired\":true,\"valueName\":\"search_term_string\"}}],\"inLanguage\":\"es\"},{\"@type\":\"Organization\",\"@id\":\"https:\\\/\\\/nbcs.mx\\\/#organization\",\"name\":\"NBCS Noticias\",\"url\":\"https:\\\/\\\/nbcs.mx\\\/\",\"logo\":{\"@type\":\"ImageObject\",\"inLanguage\":\"es\",\"@id\":\"https:\\\/\\\/nbcs.mx\\\/#\\\/schema\\\/logo\\\/image\\\/\",\"url\":\"https:\\\/\\\/nbcs.mx\\\/wp-content\\\/uploads\\\/2018\\\/09\\\/057b69485e93575a5c2b1c1dde2dd297.jpeg\",\"contentUrl\":\"https:\\\/\\\/nbcs.mx\\\/wp-content\\\/uploads\\\/2018\\\/09\\\/057b69485e93575a5c2b1c1dde2dd297.jpeg\",\"width\":64,\"height\":64,\"caption\":\"NBCS Noticias\"},\"image\":{\"@id\":\"https:\\\/\\\/nbcs.mx\\\/#\\\/schema\\\/logo\\\/image\\\/\"},\"sameAs\":[\"https:\\\/\\\/www.facebook.com\\\/NBCSnoticias\",\"https:\\\/\\\/x.com\\\/NBCSnoticias\"]},{\"@type\":\"Person\",\"@id\":\"https:\\\/\\\/nbcs.mx\\\/#\\\/schema\\\/person\\\/ece58bab9a7c1e87a4d28ec9ecd79ff4\",\"name\":\"NBCS Noticias\",\"image\":{\"@type\":\"ImageObject\",\"inLanguage\":\"es\",\"@id\":\"https:\\\/\\\/secure.gravatar.com\\\/avatar\\\/4e52110cad1c4054b43271a0d14bbe9e2ea76aecd0e1097edfc670798d9ca1d4?s=96&d=blank&r=g\",\"url\":\"https:\\\/\\\/secure.gravatar.com\\\/avatar\\\/4e52110cad1c4054b43271a0d14bbe9e2ea76aecd0e1097edfc670798d9ca1d4?s=96&d=blank&r=g\",\"contentUrl\":\"https:\\\/\\\/secure.gravatar.com\\\/avatar\\\/4e52110cad1c4054b43271a0d14bbe9e2ea76aecd0e1097edfc670798d9ca1d4?s=96&d=blank&r=g\",\"caption\":\"NBCS Noticias\"},\"description\":\"\u00bfTienes fotos o video de alg\u00fan acto de posible negligencia, corrupci\u00f3n y abuso de autoridad? M\u00e1ndalo al WhatsApp de NBCS Noticias: 612 141 98 08\",\"sameAs\":[\"https:\\\/\\\/www.nbcs.mx\",\"https:\\\/\\\/www.facebook.com\\\/NBCSnoticias\",\"https:\\\/\\\/www.instagram.com\\\/nbcsnoticias\\\/\",\"https:\\\/\\\/x.com\\\/https:\\\/\\\/twitter.com\\\/NBCSnoticias\"]}]}<\/script>\n<!-- \/ Yoast SEO plugin. -->","yoast_head_json":{"title":"Participar\u00e1n en Campa\u00f1a \u201cP\u00e1rale a la Violencia\u201d 150 mil alumnos de Educaci\u00f3n B\u00e1sica - NBCS Noticias","robots":{"index":"index","follow":"follow","max-snippet":"max-snippet:-1","max-image-preview":"max-image-preview:large","max-video-preview":"max-video-preview:-1"},"canonical":"https:\/\/nbcs.mx\/?p=122004","og_locale":"es_ES","og_type":"article","og_title":"Participar\u00e1n en Campa\u00f1a \u201cP\u00e1rale a la Violencia\u201d 150 mil alumnos de Educaci\u00f3n B\u00e1sica - NBCS Noticias","og_description":"La secretaria de Educaci\u00f3n P\u00fablica, Alicia Meza Osuna, al presentar ante supervisores y directores de escuelas de la ciudad de","og_url":"https:\/\/nbcs.mx\/?p=122004","og_site_name":"NBCS Noticias","article_publisher":"https:\/\/www.facebook.com\/NBCSnoticias","article_author":"https:\/\/www.facebook.com\/NBCSnoticias","article_published_time":"2023-03-01T04:34:52+00:00","og_image":[{"url":"https:\/\/nbcs.mx\/wp-content\/uploads\/2023\/02\/FOTO-BOLETIN-SEP-PARALE-VIOLENCIA-738x492.jpg","type":"","width":"","height":""}],"author":"NBCS Noticias","twitter_card":"summary_large_image","twitter_creator":"@https:\/\/twitter.com\/NBCSnoticias","twitter_site":"@NBCSnoticias","twitter_misc":{"Escrito por":"NBCS Noticias","Tiempo de lectura":"1 minuto"},"schema":{"@context":"https:\/\/schema.org","@graph":[{"@type":"Article","@id":"https:\/\/nbcs.mx\/?p=122004#article","isPartOf":{"@id":"https:\/\/nbcs.mx\/?p=122004"},"author":{"name":"NBCS Noticias","@id":"https:\/\/nbcs.mx\/#\/schema\/person\/ece58bab9a7c1e87a4d28ec9ecd79ff4"},"headline":"Participar\u00e1n en Campa\u00f1a \u201cP\u00e1rale a la Violencia\u201d 150 mil alumnos de Educaci\u00f3n B\u00e1sica","datePublished":"2023-03-01T04:34:52+00:00","mainEntityOfPage":{"@id":"https:\/\/nbcs.mx\/?p=122004"},"wordCount":252,"commentCount":0,"publisher":{"@id":"https:\/\/nbcs.mx\/#organization"},"image":{"@id":"https:\/\/nbcs.mx\/?p=122004#primaryimage"},"thumbnailUrl":"https:\/\/nbcs.mx\/wp-content\/uploads\/2023\/02\/FOTO-BOLETIN-SEP-PARALE-VIOLENCIA-738x492.jpg","articleSection":["Noticias"],"inLanguage":"es","potentialAction":[{"@type":"CommentAction","name":"Comment","target":["https:\/\/nbcs.mx\/?p=122004#respond"]}]},{"@type":"WebPage","@id":"https:\/\/nbcs.mx\/?p=122004","url":"https:\/\/nbcs.mx\/?p=122004","name":"Participar\u00e1n en Campa\u00f1a \u201cP\u00e1rale a la Violencia\u201d 150 mil alumnos de Educaci\u00f3n B\u00e1sica - NBCS Noticias","isPartOf":{"@id":"https:\/\/nbcs.mx\/#website"},"primaryImageOfPage":{"@id":"https:\/\/nbcs.mx\/?p=122004#primaryimage"},"image":{"@id":"https:\/\/nbcs.mx\/?p=122004#primaryimage"},"thumbnailUrl":"https:\/\/nbcs.mx\/wp-content\/uploads\/2023\/02\/FOTO-BOLETIN-SEP-PARALE-VIOLENCIA-738x492.jpg","datePublished":"2023-03-01T04:34:52+00:00","breadcrumb":{"@id":"https:\/\/nbcs.mx\/?p=122004#breadcrumb"},"inLanguage":"es","potentialAction":[{"@type":"ReadAction","target":["https:\/\/nbcs.mx\/?p=122004"]}]},{"@type":"ImageObject","inLanguage":"es","@id":"https:\/\/nbcs.mx\/?p=122004#primaryimage","url":"https:\/\/nbcs.mx\/wp-content\/uploads\/2023\/02\/FOTO-BOLETIN-SEP-PARALE-VIOLENCIA-738x492.jpg","contentUrl":"https:\/\/nbcs.mx\/wp-content\/uploads\/2023\/02\/FOTO-BOLETIN-SEP-PARALE-VIOLENCIA-738x492.jpg"},{"@type":"BreadcrumbList","@id":"https:\/\/nbcs.mx\/?p=122004#breadcrumb","itemListElement":[{"@type":"ListItem","position":1,"name":"Portada","item":"https:\/\/nbcs.mx\/"},{"@type":"ListItem","position":2,"name":"Participar\u00e1n en Campa\u00f1a \u201cP\u00e1rale a la Violencia\u201d 150 mil alumnos de Educaci\u00f3n B\u00e1sica"}]},{"@type":"WebSite","@id":"https:\/\/nbcs.mx\/#website","url":"https:\/\/nbcs.mx\/","name":"NBCS Noticias","description":"Sitio web de noticias en Baja California Sur","publisher":{"@id":"https:\/\/nbcs.mx\/#organization"},"potentialAction":[{"@type":"SearchAction","target":{"@type":"EntryPoint","urlTemplate":"https:\/\/nbcs.mx\/?s={search_term_string}"},"query-input":{"@type":"PropertyValueSpecification","valueRequired":true,"valueName":"search_term_string"}}],"inLanguage":"es"},{"@type":"Organization","@id":"https:\/\/nbcs.mx\/#organization","name":"NBCS Noticias","url":"https:\/\/nbcs.mx\/","logo":{"@type":"ImageObject","inLanguage":"es","@id":"https:\/\/nbcs.mx\/#\/schema\/logo\/image\/","url":"https:\/\/nbcs.mx\/wp-content\/uploads\/2018\/09\/057b69485e93575a5c2b1c1dde2dd297.jpeg","contentUrl":"https:\/\/nbcs.mx\/wp-content\/uploads\/2018\/09\/057b69485e93575a5c2b1c1dde2dd297.jpeg","width":64,"height":64,"caption":"NBCS Noticias"},"image":{"@id":"https:\/\/nbcs.mx\/#\/schema\/logo\/image\/"},"sameAs":["https:\/\/www.facebook.com\/NBCSnoticias","https:\/\/x.com\/NBCSnoticias"]},{"@type":"Person","@id":"https:\/\/nbcs.mx\/#\/schema\/person\/ece58bab9a7c1e87a4d28ec9ecd79ff4","name":"NBCS Noticias","image":{"@type":"ImageObject","inLanguage":"es","@id":"https:\/\/secure.gravatar.com\/avatar\/4e52110cad1c4054b43271a0d14bbe9e2ea76aecd0e1097edfc670798d9ca1d4?s=96&d=blank&r=g","url":"https:\/\/secure.gravatar.com\/avatar\/4e52110cad1c4054b43271a0d14bbe9e2ea76aecd0e1097edfc670798d9ca1d4?s=96&d=blank&r=g","contentUrl":"https:\/\/secure.gravatar.com\/avatar\/4e52110cad1c4054b43271a0d14bbe9e2ea76aecd0e1097edfc670798d9ca1d4?s=96&d=blank&r=g","caption":"NBCS Noticias"},"description":"\u00bfTienes fotos o video de alg\u00fan acto de posible negligencia, corrupci\u00f3n y abuso de autoridad? M\u00e1ndalo al WhatsApp de NBCS Noticias: 612 141 98 08","sameAs":["https:\/\/www.nbcs.mx","https:\/\/www.facebook.com\/NBCSnoticias","https:\/\/www.instagram.com\/nbcsnoticias\/","https:\/\/x.com\/https:\/\/twitter.com\/NBCSnoticias"]}]}},"jetpack_publicize_connections":[],"jetpack_sharing_enabled":true,"jetpack_featured_media_url":"","_links":{"self":[{"href":"https:\/\/nbcs.mx\/index.php?rest_route=\/wp\/v2\/posts\/122004","targetHints":{"allow":["GET"]}}],"collection":[{"href":"https:\/\/nbcs.mx\/index.php?rest_route=\/wp\/v2\/posts"}],"about":[{"href":"https:\/\/nbcs.mx\/index.php?rest_route=\/wp\/v2\/types\/post"}],"author":[{"embeddable":true,"href":"https:\/\/nbcs.mx\/index.php?rest_route=\/wp\/v2\/users\/1"}],"replies":[{"embeddable":true,"href":"https:\/\/nbcs.mx\/index.php?rest_route=%2Fwp%2Fv2%2Fcomments&post=122004"}],"version-history":[{"count":1,"href":"https:\/\/nbcs.mx\/index.php?rest_route=\/wp\/v2\/posts\/122004\/revisions"}],"predecessor-version":[{"id":122006,"href":"https:\/\/nbcs.mx\/index.php?rest_route=\/wp\/v2\/posts\/122004\/revisions\/122006"}],"wp:attachment":[{"href":"https:\/\/nbcs.mx\/index.php?rest_route=%2Fwp%2Fv2%2Fmedia&parent=122004"}],"wp:term":[{"taxonomy":"category","embeddable":true,"href":"https:\/\/nbcs.mx\/index.php?rest_route=%2Fwp%2Fv2%2Fcategories&post=122004"},{"taxonomy":"post_tag","embeddable":true,"href":"https:\/\/nbcs.mx\/index.php?rest_route=%2Fwp%2Fv2%2Ftags&post=122004"}],"curies":[{"name":"wp","href":"https:\/\/api.w.org\/{rel}","templated":true}]}}